









{"id":7307,"date":"2019-02-05T13:24:52","date_gmt":"2019-02-05T11:24:52","guid":{"rendered":"http:\/\/www.peoplesphere.be\/fr\/?p=7307"},"modified":"2019-02-05T13:24:52","modified_gmt":"2019-02-05T11:24:52","slug":"millenials-travail-fantasme-mediatique-revolution-ineluctable","status":"publish","type":"post","link":"https:\/\/peoplesphere.be\/fr\/millenials-travail-fantasme-mediatique-revolution-ineluctable\/","title":{"rendered":"E-book en t\u00e9l\u00e9chargement gratuit: \u00ab\u00a0Les millenials et le travail : fantasme m\u00e9diatique ou r\u00e9volution in\u00e9luctable?\u00a0\u00bb"},"content":{"rendered":"<p><img decoding=\"async\" class=\"cover\" src=\"http:\/\/www.peoplesphere.be\/img\/digifiles\/digifile-gymlib-4.jpg\" alt=\"\" \/><\/p>\n<h2 class=\"title\"><a href=\"http:\/\/www.peoplesphere.be\/fr\/millenials-travail-fantasme-mediatique-revolution-ineluctable\/\">E-book en t\u00e9l\u00e9chargement gratuit: \u00ab\u00a0Les millenials et le travail : fantasme m\u00e9diatique ou r\u00e9volution in\u00e9luctable?\u00a0\u00bb<\/a><\/h2>\n<p>En 2020, les Millenials repr\u00e9senteront la moiti\u00e9 de la force de travail \u00e0 l&rsquo;\u00e9chelle globale. Cette g\u00e9n\u00e9ration n\u00e9e entre le d\u00e9but des ann\u00e9es 80 et la fin des ann\u00e9es 90 semble profond\u00e9ment ancr\u00e9e dans une culture de l&rsquo;imm\u00e9diat. Nos organisations ont-elles pris toute la port\u00e9e des attentes qu&rsquo;elle manifeste vis-\u00e0-vis du monde du travail? Gymlib nous propose une synth\u00e8se in\u00e9dite des enjeux et d\u00e9fis \u00e0 relever face aux exigences des Millenials. A t\u00e9l\u00e9charger sans tarder!<!--more--><\/p>\n<p><img decoding=\"async\" loading=\"lazy\" class=\"photo\" src=\"http:\/\/www.peoplesphere.be\/media\/img\/others\/digifile-gymlib-banner-4.jpg\" alt=\"\" width=\"550\" height=\"auto\" \/><\/p>\n\n<div class=\"wpcf7 no-js\" id=\"wpcf7-f7284-o1\" lang=\"fr-FR\" dir=\"ltr\">\n<div class=\"screen-reader-response\"><p role=\"status\" aria-live=\"polite\" aria-atomic=\"true\"><\/p> <ul><\/ul><\/div>\n<form action=\"\/fr\/wp-json\/wp\/v2\/posts\/7307#wpcf7-f7284-o1\" method=\"post\" class=\"wpcf7-form init\" aria-label=\"Formulaire de contact\" novalidate=\"novalidate\" data-status=\"init\">\n<div style=\"display: none;\">\n<input type=\"hidden\" name=\"_wpcf7\" value=\"7284\" \/>\n<input type=\"hidden\" name=\"_wpcf7_version\" value=\"5.7.7\" \/>\n<input type=\"hidden\" name=\"_wpcf7_locale\" value=\"fr_FR\" \/>\n<input type=\"hidden\" name=\"_wpcf7_unit_tag\" value=\"wpcf7-f7284-o1\" \/>\n<input type=\"hidden\" name=\"_wpcf7_container_post\" value=\"0\" \/>\n<input type=\"hidden\" name=\"_wpcf7_posted_data_hash\" value=\"\" \/>\n<\/div>\n<p><label> Nom<br \/>\n<span class=\"wpcf7-form-control-wrap\" data-name=\"your-name\"><input size=\"40\" class=\"wpcf7-form-control wpcf7-text wpcf7-validates-as-required\" aria-required=\"true\" aria-invalid=\"false\" value=\"\" type=\"text\" name=\"your-name\" \/><\/span> <\/label>\n<\/p>\n<p><label> Pr\u00e9nom<br \/>\n<span class=\"wpcf7-form-control-wrap\" data-name=\"your-firstname\"><input size=\"40\" class=\"wpcf7-form-control wpcf7-text wpcf7-validates-as-required\" aria-required=\"true\" aria-invalid=\"false\" value=\"\" type=\"text\" name=\"your-firstname\" \/><\/span> <\/label>\n<\/p>\n<p><label> Fonction<br \/>\n<span class=\"wpcf7-form-control-wrap\" data-name=\"your-function\"><input size=\"40\" class=\"wpcf7-form-control wpcf7-text\" aria-invalid=\"false\" value=\"\" type=\"text\" name=\"your-function\" \/><\/span> <\/label>\n<\/p>\n<p><label> Soci\u00e9t\u00e9<br \/>\n<span class=\"wpcf7-form-control-wrap\" data-name=\"your-company\"><input size=\"40\" class=\"wpcf7-form-control wpcf7-text\" aria-invalid=\"false\" value=\"\" type=\"text\" name=\"your-company\" \/><\/span> <\/label>\n<\/p>\n<p><label> T\u00e9l\u00e9phone<br \/>\n<span class=\"wpcf7-form-control-wrap\" data-name=\"your-phone\"><input size=\"40\" class=\"wpcf7-form-control wpcf7-text\" aria-invalid=\"false\" value=\"\" type=\"text\" name=\"your-phone\" \/><\/span> <\/label>\n<\/p>\n<p><label> E-mail<br \/>\n<span class=\"wpcf7-form-control-wrap\" data-name=\"your-email\"><input size=\"40\" class=\"wpcf7-form-control wpcf7-text wpcf7-email wpcf7-validates-as-required wpcf7-validates-as-email\" aria-required=\"true\" aria-invalid=\"false\" value=\"\" type=\"email\" name=\"your-email\" \/><\/span> <\/label>\n<\/p>\n<p><input class=\"wpcf7-form-control has-spinner wpcf7-submit\" type=\"submit\" value=\"T\u00e9l\u00e9charger\" \/>\n<\/p><p style=\"display: none !important;\"><label>&#916;<textarea name=\"_wpcf7_ak_hp_textarea\" cols=\"45\" rows=\"8\" maxlength=\"100\"><\/textarea><\/label><input type=\"hidden\" id=\"ak_js_1\" name=\"_wpcf7_ak_js\" value=\"239\"\/><script>document.getElementById( \"ak_js_1\" ).setAttribute( \"value\", ( new Date() ).getTime() );<\/script><\/p><div class=\"wpcf7-response-output\" aria-hidden=\"true\"><\/div>\n<\/form>\n<\/div>\n\n","protected":false},"excerpt":{"rendered":"<p>E-book en t\u00e9l\u00e9chargement gratuit: \u00ab\u00a0Les millenials et le travail : fantasme m\u00e9diatique ou r\u00e9volution in\u00e9luctable?\u00a0\u00bb En 2020, les Millenials repr\u00e9senteront la moiti\u00e9 de la force de travail \u00e0 l&rsquo;\u00e9chelle globale. Cette g\u00e9n\u00e9ration n\u00e9e entre le d\u00e9but des ann\u00e9es 80 et [&hellip;]<\/p>\n","protected":false},"author":1,"featured_media":0,"comment_status":"closed","ping_status":"open","sticky":false,"template":"","format":"standard","meta":[],"categories":[64,10],"tags":[646,1953,362,232,461,445],"yoast_head":"<!-- This site is optimized with the Yoast SEO plugin v21.0 - https:\/\/yoast.com\/wordpress\/plugins\/seo\/ -->\n<title>E-book en t\u00e9l\u00e9chargement gratuit: &quot;Les millenials et le travail : fantasme m\u00e9diatique ou r\u00e9volution in\u00e9luctable?&quot; - Peoplesphere<\/title>\n<meta name=\"robots\" content=\"index, follow, max-snippet:-1, max-image-preview:large, max-video-preview:-1\" \/>\n<link rel=\"canonical\" href=\"https:\/\/peoplesphere.be\/fr\/millenials-travail-fantasme-mediatique-revolution-ineluctable\/\" \/>\n<meta property=\"og:locale\" content=\"fr_FR\" \/>\n<meta property=\"og:type\" content=\"article\" \/>\n<meta property=\"og:title\" content=\"E-book en t\u00e9l\u00e9chargement gratuit: &quot;Les millenials et le travail : fantasme m\u00e9diatique ou r\u00e9volution in\u00e9luctable?&quot; - Peoplesphere\" \/>\n<meta property=\"og:description\" content=\"E-book en t\u00e9l\u00e9chargement gratuit: \u00ab\u00a0Les millenials et le travail : fantasme m\u00e9diatique ou r\u00e9volution in\u00e9luctable?\u00a0\u00bb En 2020, les Millenials repr\u00e9senteront la moiti\u00e9 de la force de travail \u00e0 l&rsquo;\u00e9chelle globale. Cette g\u00e9n\u00e9ration n\u00e9e entre le d\u00e9but des ann\u00e9es 80 et [&hellip;]\" \/>\n<meta property=\"og:url\" content=\"https:\/\/peoplesphere.be\/fr\/millenials-travail-fantasme-mediatique-revolution-ineluctable\/\" \/>\n<meta property=\"og:site_name\" content=\"Peoplesphere\" \/>\n<meta property=\"article:publisher\" content=\"https:\/\/www.facebook.com\/peoplesphere\" \/>\n<meta property=\"article:published_time\" content=\"2019-02-05T11:24:52+00:00\" \/>\n<meta property=\"og:image\" content=\"http:\/\/www.peoplesphere.be\/img\/digifiles\/digifile-gymlib-4.jpg\" \/>\n<meta name=\"author\" content=\"admin\" \/>\n<meta name=\"twitter:card\" content=\"summary_large_image\" \/>\n<meta name=\"twitter:creator\" content=\"@PeoplesphereMag\" \/>\n<meta name=\"twitter:site\" content=\"@PeoplesphereMag\" \/>\n<meta name=\"twitter:label1\" content=\"\u00c9crit par\" \/>\n\t<meta name=\"twitter:data1\" content=\"admin\" \/>\n\t<meta name=\"twitter:label2\" content=\"Dur\u00e9e de lecture estim\u00e9e\" \/>\n\t<meta name=\"twitter:data2\" content=\"1 minute\" \/>\n<script type=\"application\/ld+json\" class=\"yoast-schema-graph\">{\"@context\":\"https:\/\/schema.org\",\"@graph\":[{\"@type\":\"Article\",\"@id\":\"https:\/\/peoplesphere.be\/fr\/millenials-travail-fantasme-mediatique-revolution-ineluctable\/#article\",\"isPartOf\":{\"@id\":\"https:\/\/peoplesphere.be\/fr\/millenials-travail-fantasme-mediatique-revolution-ineluctable\/\"},\"author\":{\"name\":\"admin\",\"@id\":\"https:\/\/peoplesphere.be\/fr\/#\/schema\/person\/31e983479d7c6c2adc52372e64a85ae6\"},\"headline\":\"E-book en t\u00e9l\u00e9chargement gratuit: \u00ab\u00a0Les millenials et le travail : fantasme m\u00e9diatique ou r\u00e9volution in\u00e9luctable?\u00a0\u00bb\",\"datePublished\":\"2019-02-05T11:24:52+00:00\",\"dateModified\":\"2019-02-05T11:24:52+00:00\",\"mainEntityOfPage\":{\"@id\":\"https:\/\/peoplesphere.be\/fr\/millenials-travail-fantasme-mediatique-revolution-ineluctable\/\"},\"wordCount\":137,\"publisher\":{\"@id\":\"https:\/\/peoplesphere.be\/fr\/#organization\"},\"keywords\":[\"g\u00e9n\u00e9rations\",\"gymlib\",\"millenials\",\"people management\",\"RH\",\"talent management\"],\"articleSection\":[\"Digifiles\",\"Digital\"],\"inLanguage\":\"fr-FR\"},{\"@type\":\"WebPage\",\"@id\":\"https:\/\/peoplesphere.be\/fr\/millenials-travail-fantasme-mediatique-revolution-ineluctable\/\",\"url\":\"https:\/\/peoplesphere.be\/fr\/millenials-travail-fantasme-mediatique-revolution-ineluctable\/\",\"name\":\"E-book en t\u00e9l\u00e9chargement gratuit: \\\"Les millenials et le travail : fantasme m\u00e9diatique ou r\u00e9volution in\u00e9luctable?\\\" - Peoplesphere\",\"isPartOf\":{\"@id\":\"https:\/\/peoplesphere.be\/fr\/#website\"},\"datePublished\":\"2019-02-05T11:24:52+00:00\",\"dateModified\":\"2019-02-05T11:24:52+00:00\",\"breadcrumb\":{\"@id\":\"https:\/\/peoplesphere.be\/fr\/millenials-travail-fantasme-mediatique-revolution-ineluctable\/#breadcrumb\"},\"inLanguage\":\"fr-FR\",\"potentialAction\":[{\"@type\":\"ReadAction\",\"target\":[\"https:\/\/peoplesphere.be\/fr\/millenials-travail-fantasme-mediatique-revolution-ineluctable\/\"]}]},{\"@type\":\"BreadcrumbList\",\"@id\":\"https:\/\/peoplesphere.be\/fr\/millenials-travail-fantasme-mediatique-revolution-ineluctable\/#breadcrumb\",\"itemListElement\":[{\"@type\":\"ListItem\",\"position\":1,\"name\":\"Accueil\",\"item\":\"https:\/\/peoplesphere.be\/fr\/\"},{\"@type\":\"ListItem\",\"position\":2,\"name\":\"E-book en t\u00e9l\u00e9chargement gratuit: \u00ab\u00a0Les millenials et le travail : fantasme m\u00e9diatique ou r\u00e9volution in\u00e9luctable?\u00a0\u00bb\"}]},{\"@type\":\"WebSite\",\"@id\":\"https:\/\/peoplesphere.be\/fr\/#website\",\"url\":\"https:\/\/peoplesphere.be\/fr\/\",\"name\":\"Peoplesphere\",\"description\":\"The People Managers Magazine\",\"publisher\":{\"@id\":\"https:\/\/peoplesphere.be\/fr\/#organization\"},\"potentialAction\":[{\"@type\":\"SearchAction\",\"target\":{\"@type\":\"EntryPoint\",\"urlTemplate\":\"https:\/\/peoplesphere.be\/fr\/?s={search_term_string}\"},\"query-input\":\"required name=search_term_string\"}],\"inLanguage\":\"fr-FR\"},{\"@type\":\"Organization\",\"@id\":\"https:\/\/peoplesphere.be\/fr\/#organization\",\"name\":\"Peoplesphere Company srl\",\"url\":\"https:\/\/peoplesphere.be\/fr\/\",\"logo\":{\"@type\":\"ImageObject\",\"inLanguage\":\"fr-FR\",\"@id\":\"https:\/\/peoplesphere.be\/fr\/#\/schema\/logo\/image\/\",\"url\":\"https:\/\/peoplesphere.be\/fr\/wp-content\/uploads\/2023\/07\/peoplesphere-lgo-new-generik.jpg\",\"contentUrl\":\"https:\/\/peoplesphere.be\/fr\/wp-content\/uploads\/2023\/07\/peoplesphere-lgo-new-generik.jpg\",\"width\":1031,\"height\":1479,\"caption\":\"Peoplesphere Company srl\"},\"image\":{\"@id\":\"https:\/\/peoplesphere.be\/fr\/#\/schema\/logo\/image\/\"},\"sameAs\":[\"https:\/\/www.facebook.com\/peoplesphere\",\"https:\/\/twitter.com\/PeoplesphereMag\",\"https:\/\/www.linkedin.com\/company\/7587361?trk\",\"http:\/\/youtube.com\/peoplesphere\"]},{\"@type\":\"Person\",\"@id\":\"https:\/\/peoplesphere.be\/fr\/#\/schema\/person\/31e983479d7c6c2adc52372e64a85ae6\",\"name\":\"admin\",\"image\":{\"@type\":\"ImageObject\",\"inLanguage\":\"fr-FR\",\"@id\":\"https:\/\/peoplesphere.be\/fr\/#\/schema\/person\/image\/\",\"url\":\"https:\/\/secure.gravatar.com\/avatar\/d20f4a44ec8508c3a90cb5021a329512?s=96&d=mm&r=g\",\"contentUrl\":\"https:\/\/secure.gravatar.com\/avatar\/d20f4a44ec8508c3a90cb5021a329512?s=96&d=mm&r=g\",\"caption\":\"admin\"},\"url\":\"https:\/\/peoplesphere.be\/fr\/author\/admin\/\"}]}<\/script>\n<!-- \/ Yoast SEO plugin. -->","yoast_head_json":{"title":"E-book en t\u00e9l\u00e9chargement gratuit: \"Les millenials et le travail : fantasme m\u00e9diatique ou r\u00e9volution in\u00e9luctable?\" - Peoplesphere","robots":{"index":"index","follow":"follow","max-snippet":"max-snippet:-1","max-image-preview":"max-image-preview:large","max-video-preview":"max-video-preview:-1"},"canonical":"https:\/\/peoplesphere.be\/fr\/millenials-travail-fantasme-mediatique-revolution-ineluctable\/","og_locale":"fr_FR","og_type":"article","og_title":"E-book en t\u00e9l\u00e9chargement gratuit: \"Les millenials et le travail : fantasme m\u00e9diatique ou r\u00e9volution in\u00e9luctable?\" - Peoplesphere","og_description":"E-book en t\u00e9l\u00e9chargement gratuit: \u00ab\u00a0Les millenials et le travail : fantasme m\u00e9diatique ou r\u00e9volution in\u00e9luctable?\u00a0\u00bb En 2020, les Millenials repr\u00e9senteront la moiti\u00e9 de la force de travail \u00e0 l&rsquo;\u00e9chelle globale. Cette g\u00e9n\u00e9ration n\u00e9e entre le d\u00e9but des ann\u00e9es 80 et [&hellip;]","og_url":"https:\/\/peoplesphere.be\/fr\/millenials-travail-fantasme-mediatique-revolution-ineluctable\/","og_site_name":"Peoplesphere","article_publisher":"https:\/\/www.facebook.com\/peoplesphere","article_published_time":"2019-02-05T11:24:52+00:00","og_image":[{"url":"http:\/\/www.peoplesphere.be\/img\/digifiles\/digifile-gymlib-4.jpg"}],"author":"admin","twitter_card":"summary_large_image","twitter_creator":"@PeoplesphereMag","twitter_site":"@PeoplesphereMag","twitter_misc":{"\u00c9crit par":"admin","Dur\u00e9e de lecture estim\u00e9e":"1 minute"},"schema":{"@context":"https:\/\/schema.org","@graph":[{"@type":"Article","@id":"https:\/\/peoplesphere.be\/fr\/millenials-travail-fantasme-mediatique-revolution-ineluctable\/#article","isPartOf":{"@id":"https:\/\/peoplesphere.be\/fr\/millenials-travail-fantasme-mediatique-revolution-ineluctable\/"},"author":{"name":"admin","@id":"https:\/\/peoplesphere.be\/fr\/#\/schema\/person\/31e983479d7c6c2adc52372e64a85ae6"},"headline":"E-book en t\u00e9l\u00e9chargement gratuit: \u00ab\u00a0Les millenials et le travail : fantasme m\u00e9diatique ou r\u00e9volution in\u00e9luctable?\u00a0\u00bb","datePublished":"2019-02-05T11:24:52+00:00","dateModified":"2019-02-05T11:24:52+00:00","mainEntityOfPage":{"@id":"https:\/\/peoplesphere.be\/fr\/millenials-travail-fantasme-mediatique-revolution-ineluctable\/"},"wordCount":137,"publisher":{"@id":"https:\/\/peoplesphere.be\/fr\/#organization"},"keywords":["g\u00e9n\u00e9rations","gymlib","millenials","people management","RH","talent management"],"articleSection":["Digifiles","Digital"],"inLanguage":"fr-FR"},{"@type":"WebPage","@id":"https:\/\/peoplesphere.be\/fr\/millenials-travail-fantasme-mediatique-revolution-ineluctable\/","url":"https:\/\/peoplesphere.be\/fr\/millenials-travail-fantasme-mediatique-revolution-ineluctable\/","name":"E-book en t\u00e9l\u00e9chargement gratuit: \"Les millenials et le travail : fantasme m\u00e9diatique ou r\u00e9volution in\u00e9luctable?\" - Peoplesphere","isPartOf":{"@id":"https:\/\/peoplesphere.be\/fr\/#website"},"datePublished":"2019-02-05T11:24:52+00:00","dateModified":"2019-02-05T11:24:52+00:00","breadcrumb":{"@id":"https:\/\/peoplesphere.be\/fr\/millenials-travail-fantasme-mediatique-revolution-ineluctable\/#breadcrumb"},"inLanguage":"fr-FR","potentialAction":[{"@type":"ReadAction","target":["https:\/\/peoplesphere.be\/fr\/millenials-travail-fantasme-mediatique-revolution-ineluctable\/"]}]},{"@type":"BreadcrumbList","@id":"https:\/\/peoplesphere.be\/fr\/millenials-travail-fantasme-mediatique-revolution-ineluctable\/#breadcrumb","itemListElement":[{"@type":"ListItem","position":1,"name":"Accueil","item":"https:\/\/peoplesphere.be\/fr\/"},{"@type":"ListItem","position":2,"name":"E-book en t\u00e9l\u00e9chargement gratuit: \u00ab\u00a0Les millenials et le travail : fantasme m\u00e9diatique ou r\u00e9volution in\u00e9luctable?\u00a0\u00bb"}]},{"@type":"WebSite","@id":"https:\/\/peoplesphere.be\/fr\/#website","url":"https:\/\/peoplesphere.be\/fr\/","name":"Peoplesphere","description":"The People Managers Magazine","publisher":{"@id":"https:\/\/peoplesphere.be\/fr\/#organization"},"potentialAction":[{"@type":"SearchAction","target":{"@type":"EntryPoint","urlTemplate":"https:\/\/peoplesphere.be\/fr\/?s={search_term_string}"},"query-input":"required name=search_term_string"}],"inLanguage":"fr-FR"},{"@type":"Organization","@id":"https:\/\/peoplesphere.be\/fr\/#organization","name":"Peoplesphere Company srl","url":"https:\/\/peoplesphere.be\/fr\/","logo":{"@type":"ImageObject","inLanguage":"fr-FR","@id":"https:\/\/peoplesphere.be\/fr\/#\/schema\/logo\/image\/","url":"https:\/\/peoplesphere.be\/fr\/wp-content\/uploads\/2023\/07\/peoplesphere-lgo-new-generik.jpg","contentUrl":"https:\/\/peoplesphere.be\/fr\/wp-content\/uploads\/2023\/07\/peoplesphere-lgo-new-generik.jpg","width":1031,"height":1479,"caption":"Peoplesphere Company srl"},"image":{"@id":"https:\/\/peoplesphere.be\/fr\/#\/schema\/logo\/image\/"},"sameAs":["https:\/\/www.facebook.com\/peoplesphere","https:\/\/twitter.com\/PeoplesphereMag","https:\/\/www.linkedin.com\/company\/7587361?trk","http:\/\/youtube.com\/peoplesphere"]},{"@type":"Person","@id":"https:\/\/peoplesphere.be\/fr\/#\/schema\/person\/31e983479d7c6c2adc52372e64a85ae6","name":"admin","image":{"@type":"ImageObject","inLanguage":"fr-FR","@id":"https:\/\/peoplesphere.be\/fr\/#\/schema\/person\/image\/","url":"https:\/\/secure.gravatar.com\/avatar\/d20f4a44ec8508c3a90cb5021a329512?s=96&d=mm&r=g","contentUrl":"https:\/\/secure.gravatar.com\/avatar\/d20f4a44ec8508c3a90cb5021a329512?s=96&d=mm&r=g","caption":"admin"},"url":"https:\/\/peoplesphere.be\/fr\/author\/admin\/"}]}},"_links":{"self":[{"href":"https:\/\/peoplesphere.be\/fr\/wp-json\/wp\/v2\/posts\/7307"}],"collection":[{"href":"https:\/\/peoplesphere.be\/fr\/wp-json\/wp\/v2\/posts"}],"about":[{"href":"https:\/\/peoplesphere.be\/fr\/wp-json\/wp\/v2\/types\/post"}],"author":[{"embeddable":true,"href":"https:\/\/peoplesphere.be\/fr\/wp-json\/wp\/v2\/users\/1"}],"replies":[{"embeddable":true,"href":"https:\/\/peoplesphere.be\/fr\/wp-json\/wp\/v2\/comments?post=7307"}],"version-history":[{"count":1,"href":"https:\/\/peoplesphere.be\/fr\/wp-json\/wp\/v2\/posts\/7307\/revisions"}],"predecessor-version":[{"id":7308,"href":"https:\/\/peoplesphere.be\/fr\/wp-json\/wp\/v2\/posts\/7307\/revisions\/7308"}],"wp:attachment":[{"href":"https:\/\/peoplesphere.be\/fr\/wp-json\/wp\/v2\/media?parent=7307"}],"wp:term":[{"taxonomy":"category","embeddable":true,"href":"https:\/\/peoplesphere.be\/fr\/wp-json\/wp\/v2\/categories?post=7307"},{"taxonomy":"post_tag","embeddable":true,"href":"https:\/\/peoplesphere.be\/fr\/wp-json\/wp\/v2\/tags?post=7307"}],"curies":[{"name":"wp","href":"https:\/\/api.w.org\/{rel}","templated":true}]}}