









{"id":7375,"date":"2019-02-19T18:07:51","date_gmt":"2019-02-19T16:07:51","guid":{"rendered":"http:\/\/www.peoplesphere.be\/fr\/?p=7375"},"modified":"2019-02-19T18:07:51","modified_gmt":"2019-02-19T16:07:51","slug":"amelioration-statut-independant-suppression-delai-de-carence-huitieme-jour-dabsence","status":"publish","type":"post","link":"https:\/\/peoplesphere.be\/fr\/amelioration-statut-independant-suppression-delai-de-carence-huitieme-jour-dabsence\/","title":{"rendered":"Am\u00e9lioration du statut ind\u00e9pendant avec la suppression du d\u00e9lai de carence d\u00e8s le huiti\u00e8me jour d&rsquo;absence."},"content":{"rendered":"<p>Le processus d&rsquo;alignement du statut des travailleurs ind\u00e9pendants sur celui des salari\u00e9s se poursuit. La Commission de l&rsquo;\u00e9conomie de la Chambre a vot\u00e9 ce mardi, \u00e0 l&rsquo;unanimit\u00e9, une proposition de loi qui am\u00e9liore fortement la situation des ind\u00e9pendants malades. L&rsquo;indemnit\u00e9 journali\u00e8re (59,85 euros pour un chef de m\u00e9nage ; 47,89 euros pour un isol\u00e9 ; 36,47 euros pour un cohabitant) sera vers\u00e9e d\u00e8s le premier jour d&rsquo;absence si l&rsquo;incapacit\u00e9 est de huit jours ou plus. C&rsquo;est donc la fin des quatorze jours non indemnis\u00e9s en vigueur actuellement.<!--more--><\/p>\n<p>En cas de maladie, les ind\u00e9pendants doivent attendre le quinzi\u00e8me jour avant de toucher une indemnit\u00e9 journali\u00e8re de 47,89 euros (taux isol\u00e9). Ce \u00ab\u00a0d\u00e9lai de carence\u00a0\u00bb va \u00eatre supprim\u00e9 si le certificat m\u00e9dical impose une absence de huit jours ou plus. Dans ce cas, le calcul de l&rsquo;indemnisation commencera d\u00e8s le premier jour.<\/p>\n<p>La suppression du d\u00e9lai de carence, qui n&rsquo;existe plus depuis longtemps pour les salari\u00e9s, \u00e9tait une demande des ind\u00e9pendants. Elle est d\u00e9sormais pr\u00e9vue au 1er juillet. Pr\u00e9voir une indemnisation d\u00e8s le premier jour d&rsquo;absence sans aucune r\u00e9serve aurait cependant pos\u00e9 de gros probl\u00e8mes, en particulier une explosion des co\u00fbts et une quasi-impossibilit\u00e9 de contr\u00f4ler l&rsquo;absence effective.<\/p>\n<p>C&rsquo;est pourquoi l&rsquo;UCM et son \u00e9quivalent flamand l&rsquo;Unizo avaient recommand\u00e9 une formule plus sage et praticable, couvrant la maladie d\u00e8s le premier jour \u00e0 condition que l&rsquo;absence soit d&rsquo;une certaine dur\u00e9e.<\/p>\n<p>Selon l&rsquo;UCM, la couverture maladie devra encore \u00eatre am\u00e9lior\u00e9e sur deux points. <em>\u00ab\u00a0L&rsquo;indemnit\u00e9 forfaitaire journali\u00e8re \u2013 qui n&rsquo;est pas vers\u00e9e le dimanche \u2013 est tr\u00e8s faible en cas de maladie de moyenne ou longue dur\u00e9e. Une proportionnalit\u00e9 au revenu perdu sera n\u00e9cessaire. Il faudra aussi mettre en \u0153uvre un cong\u00e9 de maladie \u00e0 mi-temps pour permettre aux ind\u00e9pendants en traitement de garder ou de remettre un pied dans l&rsquo;entreprise.\u00a0\u00bb<\/em><\/p>\n<p><em>Source : UCM<\/em><\/p>\n","protected":false},"excerpt":{"rendered":"<p>Le processus d&rsquo;alignement du statut des travailleurs ind\u00e9pendants sur celui des salari\u00e9s se poursuit. La Commission de l&rsquo;\u00e9conomie de la Chambre a vot\u00e9 ce mardi, \u00e0 l&rsquo;unanimit\u00e9, une proposition de loi qui am\u00e9liore fortement la situation des ind\u00e9pendants malades. L&rsquo;indemnit\u00e9 [&hellip;]<\/p>\n","protected":false},"author":2,"featured_media":0,"comment_status":"closed","ping_status":"open","sticky":false,"template":"","format":"standard","meta":[],"categories":[65,10],"tags":[2432,16,2342,1350,249],"yoast_head":"<!-- This site is optimized with the Yoast SEO plugin v21.0 - https:\/\/yoast.com\/wordpress\/plugins\/seo\/ -->\n<title>Am\u00e9lioration du statut ind\u00e9pendant avec la suppression du d\u00e9lai de carence d\u00e8s le huiti\u00e8me jour d&#039;absence. - Peoplesphere<\/title>\n<meta name=\"robots\" content=\"index, follow, max-snippet:-1, max-image-preview:large, max-video-preview:-1\" \/>\n<link rel=\"canonical\" href=\"https:\/\/peoplesphere.be\/fr\/amelioration-statut-independant-suppression-delai-de-carence-huitieme-jour-dabsence\/\" \/>\n<meta property=\"og:locale\" content=\"fr_FR\" \/>\n<meta property=\"og:type\" content=\"article\" \/>\n<meta property=\"og:title\" content=\"Am\u00e9lioration du statut ind\u00e9pendant avec la suppression du d\u00e9lai de carence d\u00e8s le huiti\u00e8me jour d&#039;absence. - Peoplesphere\" \/>\n<meta property=\"og:description\" content=\"Le processus d&rsquo;alignement du statut des travailleurs ind\u00e9pendants sur celui des salari\u00e9s se poursuit. La Commission de l&rsquo;\u00e9conomie de la Chambre a vot\u00e9 ce mardi, \u00e0 l&rsquo;unanimit\u00e9, une proposition de loi qui am\u00e9liore fortement la situation des ind\u00e9pendants malades. L&rsquo;indemnit\u00e9 [&hellip;]\" \/>\n<meta property=\"og:url\" content=\"https:\/\/peoplesphere.be\/fr\/amelioration-statut-independant-suppression-delai-de-carence-huitieme-jour-dabsence\/\" \/>\n<meta property=\"og:site_name\" content=\"Peoplesphere\" \/>\n<meta property=\"article:publisher\" content=\"https:\/\/www.facebook.com\/peoplesphere\" \/>\n<meta property=\"article:published_time\" content=\"2019-02-19T16:07:51+00:00\" \/>\n<meta property=\"og:image\" content=\"http:\/\/www.peoplesphere.be\/fr\/wp-content\/uploads\/2016\/07\/facebook-default-posting-1200x628px.jpg\" \/>\n<meta name=\"author\" content=\"Jean-Paul Erhard\" \/>\n<meta name=\"twitter:card\" content=\"summary_large_image\" \/>\n<meta name=\"twitter:creator\" content=\"@PeoplesphereMag\" \/>\n<meta name=\"twitter:site\" content=\"@PeoplesphereMag\" \/>\n<meta name=\"twitter:label1\" content=\"\u00c9crit par\" \/>\n\t<meta name=\"twitter:data1\" content=\"Jean-Paul Erhard\" \/>\n\t<meta name=\"twitter:label2\" content=\"Dur\u00e9e de lecture estim\u00e9e\" \/>\n\t<meta name=\"twitter:data2\" content=\"2 minutes\" \/>\n<script type=\"application\/ld+json\" class=\"yoast-schema-graph\">{\"@context\":\"https:\/\/schema.org\",\"@graph\":[{\"@type\":\"Article\",\"@id\":\"https:\/\/peoplesphere.be\/fr\/amelioration-statut-independant-suppression-delai-de-carence-huitieme-jour-dabsence\/#article\",\"isPartOf\":{\"@id\":\"https:\/\/peoplesphere.be\/fr\/amelioration-statut-independant-suppression-delai-de-carence-huitieme-jour-dabsence\/\"},\"author\":{\"name\":\"Jean-Paul Erhard\",\"@id\":\"https:\/\/peoplesphere.be\/fr\/#\/schema\/person\/7976225ff17988604334abb7b3536a7e\"},\"headline\":\"Am\u00e9lioration du statut ind\u00e9pendant avec la suppression du d\u00e9lai de carence d\u00e8s le huiti\u00e8me jour d&rsquo;absence.\",\"datePublished\":\"2019-02-19T16:07:51+00:00\",\"dateModified\":\"2019-02-19T16:07:51+00:00\",\"mainEntityOfPage\":{\"@id\":\"https:\/\/peoplesphere.be\/fr\/amelioration-statut-independant-suppression-delai-de-carence-huitieme-jour-dabsence\/\"},\"wordCount\":345,\"publisher\":{\"@id\":\"https:\/\/peoplesphere.be\/fr\/#organization\"},\"keywords\":[\"d\u00e9lai de carence\",\"Maladie\",\"statut ind\u00e9pendant\",\"ucm\",\"unizo\"],\"articleSection\":[\"Actualit\u00e9s\",\"Digital\"],\"inLanguage\":\"fr-FR\"},{\"@type\":\"WebPage\",\"@id\":\"https:\/\/peoplesphere.be\/fr\/amelioration-statut-independant-suppression-delai-de-carence-huitieme-jour-dabsence\/\",\"url\":\"https:\/\/peoplesphere.be\/fr\/amelioration-statut-independant-suppression-delai-de-carence-huitieme-jour-dabsence\/\",\"name\":\"Am\u00e9lioration du statut ind\u00e9pendant avec la suppression du d\u00e9lai de carence d\u00e8s le huiti\u00e8me jour d'absence. - Peoplesphere\",\"isPartOf\":{\"@id\":\"https:\/\/peoplesphere.be\/fr\/#website\"},\"datePublished\":\"2019-02-19T16:07:51+00:00\",\"dateModified\":\"2019-02-19T16:07:51+00:00\",\"breadcrumb\":{\"@id\":\"https:\/\/peoplesphere.be\/fr\/amelioration-statut-independant-suppression-delai-de-carence-huitieme-jour-dabsence\/#breadcrumb\"},\"inLanguage\":\"fr-FR\",\"potentialAction\":[{\"@type\":\"ReadAction\",\"target\":[\"https:\/\/peoplesphere.be\/fr\/amelioration-statut-independant-suppression-delai-de-carence-huitieme-jour-dabsence\/\"]}]},{\"@type\":\"BreadcrumbList\",\"@id\":\"https:\/\/peoplesphere.be\/fr\/amelioration-statut-independant-suppression-delai-de-carence-huitieme-jour-dabsence\/#breadcrumb\",\"itemListElement\":[{\"@type\":\"ListItem\",\"position\":1,\"name\":\"Accueil\",\"item\":\"https:\/\/peoplesphere.be\/fr\/\"},{\"@type\":\"ListItem\",\"position\":2,\"name\":\"Am\u00e9lioration du statut ind\u00e9pendant avec la suppression du d\u00e9lai de carence d\u00e8s le huiti\u00e8me jour d&rsquo;absence.\"}]},{\"@type\":\"WebSite\",\"@id\":\"https:\/\/peoplesphere.be\/fr\/#website\",\"url\":\"https:\/\/peoplesphere.be\/fr\/\",\"name\":\"Peoplesphere\",\"description\":\"The People Managers Magazine\",\"publisher\":{\"@id\":\"https:\/\/peoplesphere.be\/fr\/#organization\"},\"potentialAction\":[{\"@type\":\"SearchAction\",\"target\":{\"@type\":\"EntryPoint\",\"urlTemplate\":\"https:\/\/peoplesphere.be\/fr\/?s={search_term_string}\"},\"query-input\":\"required name=search_term_string\"}],\"inLanguage\":\"fr-FR\"},{\"@type\":\"Organization\",\"@id\":\"https:\/\/peoplesphere.be\/fr\/#organization\",\"name\":\"Peoplesphere Company srl\",\"url\":\"https:\/\/peoplesphere.be\/fr\/\",\"logo\":{\"@type\":\"ImageObject\",\"inLanguage\":\"fr-FR\",\"@id\":\"https:\/\/peoplesphere.be\/fr\/#\/schema\/logo\/image\/\",\"url\":\"https:\/\/peoplesphere.be\/fr\/wp-content\/uploads\/2023\/07\/peoplesphere-lgo-new-generik.jpg\",\"contentUrl\":\"https:\/\/peoplesphere.be\/fr\/wp-content\/uploads\/2023\/07\/peoplesphere-lgo-new-generik.jpg\",\"width\":1031,\"height\":1479,\"caption\":\"Peoplesphere Company srl\"},\"image\":{\"@id\":\"https:\/\/peoplesphere.be\/fr\/#\/schema\/logo\/image\/\"},\"sameAs\":[\"https:\/\/www.facebook.com\/peoplesphere\",\"https:\/\/twitter.com\/PeoplesphereMag\",\"https:\/\/www.linkedin.com\/company\/7587361?trk\",\"http:\/\/youtube.com\/peoplesphere\"]},{\"@type\":\"Person\",\"@id\":\"https:\/\/peoplesphere.be\/fr\/#\/schema\/person\/7976225ff17988604334abb7b3536a7e\",\"name\":\"Jean-Paul Erhard\",\"image\":{\"@type\":\"ImageObject\",\"inLanguage\":\"fr-FR\",\"@id\":\"https:\/\/peoplesphere.be\/fr\/#\/schema\/person\/image\/\",\"url\":\"https:\/\/secure.gravatar.com\/avatar\/f941e681460179738071629a51574930?s=96&d=mm&r=g\",\"contentUrl\":\"https:\/\/secure.gravatar.com\/avatar\/f941e681460179738071629a51574930?s=96&d=mm&r=g\",\"caption\":\"Jean-Paul Erhard\"},\"url\":\"https:\/\/peoplesphere.be\/fr\/author\/jpe\/\"}]}<\/script>\n<!-- \/ Yoast SEO plugin. -->","yoast_head_json":{"title":"Am\u00e9lioration du statut ind\u00e9pendant avec la suppression du d\u00e9lai de carence d\u00e8s le huiti\u00e8me jour d'absence. - Peoplesphere","robots":{"index":"index","follow":"follow","max-snippet":"max-snippet:-1","max-image-preview":"max-image-preview:large","max-video-preview":"max-video-preview:-1"},"canonical":"https:\/\/peoplesphere.be\/fr\/amelioration-statut-independant-suppression-delai-de-carence-huitieme-jour-dabsence\/","og_locale":"fr_FR","og_type":"article","og_title":"Am\u00e9lioration du statut ind\u00e9pendant avec la suppression du d\u00e9lai de carence d\u00e8s le huiti\u00e8me jour d'absence. - Peoplesphere","og_description":"Le processus d&rsquo;alignement du statut des travailleurs ind\u00e9pendants sur celui des salari\u00e9s se poursuit. La Commission de l&rsquo;\u00e9conomie de la Chambre a vot\u00e9 ce mardi, \u00e0 l&rsquo;unanimit\u00e9, une proposition de loi qui am\u00e9liore fortement la situation des ind\u00e9pendants malades. L&rsquo;indemnit\u00e9 [&hellip;]","og_url":"https:\/\/peoplesphere.be\/fr\/amelioration-statut-independant-suppression-delai-de-carence-huitieme-jour-dabsence\/","og_site_name":"Peoplesphere","article_publisher":"https:\/\/www.facebook.com\/peoplesphere","article_published_time":"2019-02-19T16:07:51+00:00","og_image":[{"url":"http:\/\/www.peoplesphere.be\/fr\/wp-content\/uploads\/2016\/07\/facebook-default-posting-1200x628px.jpg"}],"author":"Jean-Paul Erhard","twitter_card":"summary_large_image","twitter_creator":"@PeoplesphereMag","twitter_site":"@PeoplesphereMag","twitter_misc":{"\u00c9crit par":"Jean-Paul Erhard","Dur\u00e9e de lecture estim\u00e9e":"2 minutes"},"schema":{"@context":"https:\/\/schema.org","@graph":[{"@type":"Article","@id":"https:\/\/peoplesphere.be\/fr\/amelioration-statut-independant-suppression-delai-de-carence-huitieme-jour-dabsence\/#article","isPartOf":{"@id":"https:\/\/peoplesphere.be\/fr\/amelioration-statut-independant-suppression-delai-de-carence-huitieme-jour-dabsence\/"},"author":{"name":"Jean-Paul Erhard","@id":"https:\/\/peoplesphere.be\/fr\/#\/schema\/person\/7976225ff17988604334abb7b3536a7e"},"headline":"Am\u00e9lioration du statut ind\u00e9pendant avec la suppression du d\u00e9lai de carence d\u00e8s le huiti\u00e8me jour d&rsquo;absence.","datePublished":"2019-02-19T16:07:51+00:00","dateModified":"2019-02-19T16:07:51+00:00","mainEntityOfPage":{"@id":"https:\/\/peoplesphere.be\/fr\/amelioration-statut-independant-suppression-delai-de-carence-huitieme-jour-dabsence\/"},"wordCount":345,"publisher":{"@id":"https:\/\/peoplesphere.be\/fr\/#organization"},"keywords":["d\u00e9lai de carence","Maladie","statut ind\u00e9pendant","ucm","unizo"],"articleSection":["Actualit\u00e9s","Digital"],"inLanguage":"fr-FR"},{"@type":"WebPage","@id":"https:\/\/peoplesphere.be\/fr\/amelioration-statut-independant-suppression-delai-de-carence-huitieme-jour-dabsence\/","url":"https:\/\/peoplesphere.be\/fr\/amelioration-statut-independant-suppression-delai-de-carence-huitieme-jour-dabsence\/","name":"Am\u00e9lioration du statut ind\u00e9pendant avec la suppression du d\u00e9lai de carence d\u00e8s le huiti\u00e8me jour d'absence. - Peoplesphere","isPartOf":{"@id":"https:\/\/peoplesphere.be\/fr\/#website"},"datePublished":"2019-02-19T16:07:51+00:00","dateModified":"2019-02-19T16:07:51+00:00","breadcrumb":{"@id":"https:\/\/peoplesphere.be\/fr\/amelioration-statut-independant-suppression-delai-de-carence-huitieme-jour-dabsence\/#breadcrumb"},"inLanguage":"fr-FR","potentialAction":[{"@type":"ReadAction","target":["https:\/\/peoplesphere.be\/fr\/amelioration-statut-independant-suppression-delai-de-carence-huitieme-jour-dabsence\/"]}]},{"@type":"BreadcrumbList","@id":"https:\/\/peoplesphere.be\/fr\/amelioration-statut-independant-suppression-delai-de-carence-huitieme-jour-dabsence\/#breadcrumb","itemListElement":[{"@type":"ListItem","position":1,"name":"Accueil","item":"https:\/\/peoplesphere.be\/fr\/"},{"@type":"ListItem","position":2,"name":"Am\u00e9lioration du statut ind\u00e9pendant avec la suppression du d\u00e9lai de carence d\u00e8s le huiti\u00e8me jour d&rsquo;absence."}]},{"@type":"WebSite","@id":"https:\/\/peoplesphere.be\/fr\/#website","url":"https:\/\/peoplesphere.be\/fr\/","name":"Peoplesphere","description":"The People Managers Magazine","publisher":{"@id":"https:\/\/peoplesphere.be\/fr\/#organization"},"potentialAction":[{"@type":"SearchAction","target":{"@type":"EntryPoint","urlTemplate":"https:\/\/peoplesphere.be\/fr\/?s={search_term_string}"},"query-input":"required name=search_term_string"}],"inLanguage":"fr-FR"},{"@type":"Organization","@id":"https:\/\/peoplesphere.be\/fr\/#organization","name":"Peoplesphere Company srl","url":"https:\/\/peoplesphere.be\/fr\/","logo":{"@type":"ImageObject","inLanguage":"fr-FR","@id":"https:\/\/peoplesphere.be\/fr\/#\/schema\/logo\/image\/","url":"https:\/\/peoplesphere.be\/fr\/wp-content\/uploads\/2023\/07\/peoplesphere-lgo-new-generik.jpg","contentUrl":"https:\/\/peoplesphere.be\/fr\/wp-content\/uploads\/2023\/07\/peoplesphere-lgo-new-generik.jpg","width":1031,"height":1479,"caption":"Peoplesphere Company srl"},"image":{"@id":"https:\/\/peoplesphere.be\/fr\/#\/schema\/logo\/image\/"},"sameAs":["https:\/\/www.facebook.com\/peoplesphere","https:\/\/twitter.com\/PeoplesphereMag","https:\/\/www.linkedin.com\/company\/7587361?trk","http:\/\/youtube.com\/peoplesphere"]},{"@type":"Person","@id":"https:\/\/peoplesphere.be\/fr\/#\/schema\/person\/7976225ff17988604334abb7b3536a7e","name":"Jean-Paul Erhard","image":{"@type":"ImageObject","inLanguage":"fr-FR","@id":"https:\/\/peoplesphere.be\/fr\/#\/schema\/person\/image\/","url":"https:\/\/secure.gravatar.com\/avatar\/f941e681460179738071629a51574930?s=96&d=mm&r=g","contentUrl":"https:\/\/secure.gravatar.com\/avatar\/f941e681460179738071629a51574930?s=96&d=mm&r=g","caption":"Jean-Paul Erhard"},"url":"https:\/\/peoplesphere.be\/fr\/author\/jpe\/"}]}},"_links":{"self":[{"href":"https:\/\/peoplesphere.be\/fr\/wp-json\/wp\/v2\/posts\/7375"}],"collection":[{"href":"https:\/\/peoplesphere.be\/fr\/wp-json\/wp\/v2\/posts"}],"about":[{"href":"https:\/\/peoplesphere.be\/fr\/wp-json\/wp\/v2\/types\/post"}],"author":[{"embeddable":true,"href":"https:\/\/peoplesphere.be\/fr\/wp-json\/wp\/v2\/users\/2"}],"replies":[{"embeddable":true,"href":"https:\/\/peoplesphere.be\/fr\/wp-json\/wp\/v2\/comments?post=7375"}],"version-history":[{"count":1,"href":"https:\/\/peoplesphere.be\/fr\/wp-json\/wp\/v2\/posts\/7375\/revisions"}],"predecessor-version":[{"id":7376,"href":"https:\/\/peoplesphere.be\/fr\/wp-json\/wp\/v2\/posts\/7375\/revisions\/7376"}],"wp:attachment":[{"href":"https:\/\/peoplesphere.be\/fr\/wp-json\/wp\/v2\/media?parent=7375"}],"wp:term":[{"taxonomy":"category","embeddable":true,"href":"https:\/\/peoplesphere.be\/fr\/wp-json\/wp\/v2\/categories?post=7375"},{"taxonomy":"post_tag","embeddable":true,"href":"https:\/\/peoplesphere.be\/fr\/wp-json\/wp\/v2\/tags?post=7375"}],"curies":[{"name":"wp","href":"https:\/\/api.w.org\/{rel}","templated":true}]}}