









{"id":7451,"date":"2019-03-04T17:20:36","date_gmt":"2019-03-04T15:20:36","guid":{"rendered":"http:\/\/www.peoplesphere.be\/fr\/?p=7451"},"modified":"2019-03-04T17:20:36","modified_gmt":"2019-03-04T15:20:36","slug":"limmobilier-dentreprise-belgique-marque-regionalisation-percee-coworking-a-bruxelles","status":"publish","type":"post","link":"https:\/\/peoplesphere.be\/fr\/limmobilier-dentreprise-belgique-marque-regionalisation-percee-coworking-a-bruxelles\/","title":{"rendered":"L&rsquo;immobilier d&rsquo;entreprise en Belgique marqu\u00e9 par la r\u00e9gionalisation et la perc\u00e9e du coworking \u00e0 Bruxelles."},"content":{"rendered":"<p>Un record historique a \u00e9t\u00e9 \u00e9tabli sur les march\u00e9s des bureaux r\u00e9gionaux belges en 2018. On note \u00e9galement que dans le secteur des bureaux, les espaces de travail collaboratif effectuent une forte perc\u00e9e \u00e0 Bruxelles. Ceux-ci envahissent litt\u00e9ralement la capitale europ\u00e9enne. \u00c0 Bruxelles, le loyer le plus \u00e9lev\u00e9 pay\u00e9 pour les meilleurs bureaux est par ailleurs pass\u00e9 \u00e0 315 \u20ac\/m\u00b2\/an. Enfin, le secteur logistique en Wallonie a connu un bel essor avec l\u2019arriv\u00e9e d\u2019Alibaba. C\u2019est ce qui ressort du rapport annuel Marketbeat du consultant en immobilier Cushman &amp; Wakefield Belgium.\u00a0<!--more--><\/p>\n<p><em>\u00ab L\u2019ann\u00e9e derni\u00e8re, les espaces de coworking se sont adjug\u00e9s un cinqui\u00e8me de l\u2019occupation totale \u00e0 Bruxelles,\u00a0\u00bb<\/em> explique Nigel Beller, Research Analyst chez Cushman &amp; Wakefield Belgium. <em>\u00ab\u00a0Bruxelles suit ainsi la tendance observ\u00e9e \u00e9galement dans d\u2019autres m\u00e9tropoles europ\u00e9ennes comme Munich, Amsterdam et Paris. \u00bb<\/em><\/p>\n<p><em><strong>Alibaba attire les acteurs internationaux en Wallonie!<\/strong><\/em><\/p>\n<p>La venue \u00e0 Li\u00e8ge de Cainiao, le partenaire logistique d\u2019Alibaba, est une v\u00e9ritable aubaine pour le secteur logistique belge. La Wallonie peut ainsi faire l\u2019objet d\u2019une attention sensiblement accrue de la part des autres acteurs internationaux de l\u2019e-commerce. <em>\u00abPar le pass\u00e9, la Belgique voyait ces contrats lui \u00e9chapper au profit de ses voisins n\u00e9erlandais et allemands, mais cet effet Alibaba peut avoir de belles r\u00e9percussions dans les ann\u00e9es \u00e0 venir\u00bb<\/em>, d\u00e9clare Shane O\u2019Neill, Senior Research Analyst chez Cushman &amp; Wakefield Belgium.<\/p>\n<p>Le march\u00e9 logistique en Wallonie a connu globalement une bonne ann\u00e9e, et pas seulement gr\u00e2ce \u00e0 Alibaba. Avec une croissance de pas moins de 178 % des contrats logistiques, la Wallonie se repositionne clairement dans le secteur. <em>\u00ab Le nombre de transactions avec de grandes superficies a toutefois baiss\u00e9 en Belgique.\u00a0C\u2019est d\u00fb \u00e0 la demande croissante d\u2019urban logistics et de high-bay warehousing. Le succ\u00e8s de l\u2019e-commerce pousse \u00e0 la hausse la demande de petits entrep\u00f4ts dans les centres-villes. Par ailleurs, l&rsquo;automatisation de la logistique entra\u00eene \u00e9galement un d\u00e9veloppement des constructions en hauteur. \u00bb<\/em><\/p>\n<p><strong><em>Les espaces de coworking fleurissent un peu partout \u00e0 Bruxelles<\/em><\/strong><\/p>\n<p>Le secteur du coworking a eu un grand impact sur les r\u00e9sultats du secteur belge des bureaux au cours de l\u2019ann\u00e9e \u00e9coul\u00e9e. Les espaces de coworking ont litt\u00e9ralement envahi le paysage bruxellois des bureaux en 2018. <em>\u00ab\u00a0Les espaces de coworking se sont adjug\u00e9s pas moins d\u2019un cinqui\u00e8me de l\u2019occupation bruxelloise totale l\u2019ann\u00e9e derni\u00e8re\u00a0\u00bb<\/em>, ajoute Nigel Beller.<\/p>\n<p>Par ailleurs, Bruxelles a enregistr\u00e9 son plus faible vacancy rate (7,98%) depuis 2001. Cela s\u2019explique par le fait que les bureaux modernes disponibles sont tr\u00e8s rapidement occup\u00e9s. En outre, l\u2019offre de nouveaux bureaux ne peut pas suivre la demande, ce qui se r\u00e9percute sur les loyers. En 2018, les entreprises ont pay\u00e9 les loyers les plus \u00e9lev\u00e9s jamais enregistr\u00e9s pour les meilleurs bureaux de la capitale, \u00e0 savoir 315 \u20ac\/m\u00b2\/an.<\/p>\n<p><em><strong>2018, ann\u00e9e record absolue pour le march\u00e9 r\u00e9gional belge\u00a0<\/strong><\/em><\/p>\n<p>Le march\u00e9 semi-industriel surprend avec un chiffre record \u00e9tourdissant. La superficie totale d\u00e9passe le seuil cl\u00e9 des 1 million de m\u00b2. Sur ce million de m\u00b2, la Flandre s\u2019adjuge 594 000 m\u00b2, la Wallonie 252 000 m\u00b2 et Bruxelles 162 000 m\u00b2. Parmi les chiffres les plus notables, \u00e9pinglons ceux-ci:<\/p>\n<p>Le nombre de transactions immobili\u00e8res dans le secteur (744) a pulv\u00e9ris\u00e9 le pr\u00e9c\u00e9dent record de 681, qui datait de 2015.\u00a0Au total, l\u2019ann\u00e9e derni\u00e8re, pas moins de 315 millions d\u2019euros ont \u00e9t\u00e9 investis dans le secteur industriel.\u00a0Les entreprises ont pay\u00e9 en moyenne 40 \u20ac\/m\u00b2\/an de loyer, une l\u00e9g\u00e8re baisse par rapport \u00e0 2017.<br \/>\nAvec 354.000 m\u00b2, les march\u00e9s r\u00e9gionaux des bureaux ont battu le record du si\u00e8cle. La Flandre a \u00e9tabli son propre record avec 290.000 m\u00b2, notamment gr\u00e2ce \u00e0 la prosp\u00e9rit\u00e9 du secteur des biosciences. Les r\u00e9sultats les plus notables sont les suivants:<\/p>\n<p>Au total 2,115 milliards d\u2019euros ont \u00e9t\u00e9 investis dans le secteur des bureaux en Belgique l\u2019ann\u00e9e derni\u00e8re, dont 215 millions d\u2019euros en r\u00e9gions.<\/p>\n<p>Le prime rent le plus \u00e9lev\u00e9 a \u00e9t\u00e9 \u00e9pingl\u00e9 \u00e0 Namur avec 160 \u20ac\/m\u00b2\/an, suivi de pr\u00e8s par Anvers avec 155 \u20ac\/m\u00b2\/an.\u00a0La Wallonie pr\u00e9sente un vacancy rate de 3,55%. En Flandre, il est de 5,2%. <em>\u00ab5% est un vacancy rate sain pour les march\u00e9s r\u00e9gionaux. Le vacancy rate est sensiblement plus bas en Wallonie. La Wallonie doit faire face \u2013 encore plus que la Flandre \u2013 \u00e0 une p\u00e9nurie de nouveaux bureaux. Les occupants potentiels sont d\u00e8s lors contraints de se tourner vers des b\u00e2timents de moins bonne qualit\u00e9.\u00bb<\/em><br \/>\n<em><br \/>\nSource : Cushman &amp; Wakefield<\/em><\/p>\n","protected":false},"excerpt":{"rendered":"<p>Un record historique a \u00e9t\u00e9 \u00e9tabli sur les march\u00e9s des bureaux r\u00e9gionaux belges en 2018. On note \u00e9galement que dans le secteur des bureaux, les espaces de travail collaboratif effectuent une forte perc\u00e9e \u00e0 Bruxelles. Ceux-ci envahissent litt\u00e9ralement la capitale [&hellip;]<\/p>\n","protected":false},"author":2,"featured_media":7454,"comment_status":"closed","ping_status":"open","sticky":false,"template":"","format":"standard","meta":[],"categories":[65,10],"tags":[2448,353,2449,2447],"yoast_head":"<!-- This site is optimized with the Yoast SEO plugin v21.0 - https:\/\/yoast.com\/wordpress\/plugins\/seo\/ -->\n<title>L&#039;immobilier d&#039;entreprise en Belgique marqu\u00e9 par la r\u00e9gionalisation et la perc\u00e9e du coworking \u00e0 Bruxelles. - Peoplesphere<\/title>\n<meta name=\"robots\" content=\"index, follow, max-snippet:-1, max-image-preview:large, max-video-preview:-1\" \/>\n<link rel=\"canonical\" href=\"https:\/\/peoplesphere.be\/fr\/limmobilier-dentreprise-belgique-marque-regionalisation-percee-coworking-a-bruxelles\/\" \/>\n<meta property=\"og:locale\" content=\"fr_FR\" \/>\n<meta property=\"og:type\" content=\"article\" \/>\n<meta property=\"og:title\" content=\"L&#039;immobilier d&#039;entreprise en Belgique marqu\u00e9 par la r\u00e9gionalisation et la perc\u00e9e du coworking \u00e0 Bruxelles. - Peoplesphere\" \/>\n<meta property=\"og:description\" content=\"Un record historique a \u00e9t\u00e9 \u00e9tabli sur les march\u00e9s des bureaux r\u00e9gionaux belges en 2018. On note \u00e9galement que dans le secteur des bureaux, les espaces de travail collaboratif effectuent une forte perc\u00e9e \u00e0 Bruxelles. Ceux-ci envahissent litt\u00e9ralement la capitale [&hellip;]\" \/>\n<meta property=\"og:url\" content=\"https:\/\/peoplesphere.be\/fr\/limmobilier-dentreprise-belgique-marque-regionalisation-percee-coworking-a-bruxelles\/\" \/>\n<meta property=\"og:site_name\" content=\"Peoplesphere\" \/>\n<meta property=\"article:publisher\" content=\"https:\/\/www.facebook.com\/peoplesphere\" \/>\n<meta property=\"article:published_time\" content=\"2019-03-04T15:20:36+00:00\" \/>\n<meta property=\"og:image\" content=\"https:\/\/peoplesphere.be\/fr\/wp-content\/uploads\/2019\/03\/img5c7d0da78f94b.jpg\" \/>\n\t<meta property=\"og:image:width\" content=\"1417\" \/>\n\t<meta property=\"og:image:height\" content=\"692\" \/>\n\t<meta property=\"og:image:type\" content=\"image\/jpeg\" \/>\n<meta name=\"author\" content=\"Jean-Paul Erhard\" \/>\n<meta name=\"twitter:card\" content=\"summary_large_image\" \/>\n<meta name=\"twitter:creator\" content=\"@PeoplesphereMag\" \/>\n<meta name=\"twitter:site\" content=\"@PeoplesphereMag\" \/>\n<meta name=\"twitter:label1\" content=\"\u00c9crit par\" \/>\n\t<meta name=\"twitter:data1\" content=\"Jean-Paul Erhard\" \/>\n\t<meta name=\"twitter:label2\" content=\"Dur\u00e9e de lecture estim\u00e9e\" \/>\n\t<meta name=\"twitter:data2\" content=\"4 minutes\" \/>\n<script type=\"application\/ld+json\" class=\"yoast-schema-graph\">{\"@context\":\"https:\/\/schema.org\",\"@graph\":[{\"@type\":\"Article\",\"@id\":\"https:\/\/peoplesphere.be\/fr\/limmobilier-dentreprise-belgique-marque-regionalisation-percee-coworking-a-bruxelles\/#article\",\"isPartOf\":{\"@id\":\"https:\/\/peoplesphere.be\/fr\/limmobilier-dentreprise-belgique-marque-regionalisation-percee-coworking-a-bruxelles\/\"},\"author\":{\"name\":\"Jean-Paul Erhard\",\"@id\":\"https:\/\/peoplesphere.be\/fr\/#\/schema\/person\/7976225ff17988604334abb7b3536a7e\"},\"headline\":\"L&rsquo;immobilier d&rsquo;entreprise en Belgique marqu\u00e9 par la r\u00e9gionalisation et la perc\u00e9e du coworking \u00e0 Bruxelles.\",\"datePublished\":\"2019-03-04T15:20:36+00:00\",\"dateModified\":\"2019-03-04T15:20:36+00:00\",\"mainEntityOfPage\":{\"@id\":\"https:\/\/peoplesphere.be\/fr\/limmobilier-dentreprise-belgique-marque-regionalisation-percee-coworking-a-bruxelles\/\"},\"wordCount\":782,\"publisher\":{\"@id\":\"https:\/\/peoplesphere.be\/fr\/#organization\"},\"keywords\":[\"am\u00e9nagement de bureaux\",\"coworking\",\"cushman wakefield\",\"immobilier\"],\"articleSection\":[\"Actualit\u00e9s\",\"Digital\"],\"inLanguage\":\"fr-FR\"},{\"@type\":\"WebPage\",\"@id\":\"https:\/\/peoplesphere.be\/fr\/limmobilier-dentreprise-belgique-marque-regionalisation-percee-coworking-a-bruxelles\/\",\"url\":\"https:\/\/peoplesphere.be\/fr\/limmobilier-dentreprise-belgique-marque-regionalisation-percee-coworking-a-bruxelles\/\",\"name\":\"L'immobilier d'entreprise en Belgique marqu\u00e9 par la r\u00e9gionalisation et la perc\u00e9e du coworking \u00e0 Bruxelles. - Peoplesphere\",\"isPartOf\":{\"@id\":\"https:\/\/peoplesphere.be\/fr\/#website\"},\"datePublished\":\"2019-03-04T15:20:36+00:00\",\"dateModified\":\"2019-03-04T15:20:36+00:00\",\"breadcrumb\":{\"@id\":\"https:\/\/peoplesphere.be\/fr\/limmobilier-dentreprise-belgique-marque-regionalisation-percee-coworking-a-bruxelles\/#breadcrumb\"},\"inLanguage\":\"fr-FR\",\"potentialAction\":[{\"@type\":\"ReadAction\",\"target\":[\"https:\/\/peoplesphere.be\/fr\/limmobilier-dentreprise-belgique-marque-regionalisation-percee-coworking-a-bruxelles\/\"]}]},{\"@type\":\"BreadcrumbList\",\"@id\":\"https:\/\/peoplesphere.be\/fr\/limmobilier-dentreprise-belgique-marque-regionalisation-percee-coworking-a-bruxelles\/#breadcrumb\",\"itemListElement\":[{\"@type\":\"ListItem\",\"position\":1,\"name\":\"Accueil\",\"item\":\"https:\/\/peoplesphere.be\/fr\/\"},{\"@type\":\"ListItem\",\"position\":2,\"name\":\"L&rsquo;immobilier d&rsquo;entreprise en Belgique marqu\u00e9 par la r\u00e9gionalisation et la perc\u00e9e du coworking \u00e0 Bruxelles.\"}]},{\"@type\":\"WebSite\",\"@id\":\"https:\/\/peoplesphere.be\/fr\/#website\",\"url\":\"https:\/\/peoplesphere.be\/fr\/\",\"name\":\"Peoplesphere\",\"description\":\"The People Managers Magazine\",\"publisher\":{\"@id\":\"https:\/\/peoplesphere.be\/fr\/#organization\"},\"potentialAction\":[{\"@type\":\"SearchAction\",\"target\":{\"@type\":\"EntryPoint\",\"urlTemplate\":\"https:\/\/peoplesphere.be\/fr\/?s={search_term_string}\"},\"query-input\":\"required name=search_term_string\"}],\"inLanguage\":\"fr-FR\"},{\"@type\":\"Organization\",\"@id\":\"https:\/\/peoplesphere.be\/fr\/#organization\",\"name\":\"Peoplesphere Company srl\",\"url\":\"https:\/\/peoplesphere.be\/fr\/\",\"logo\":{\"@type\":\"ImageObject\",\"inLanguage\":\"fr-FR\",\"@id\":\"https:\/\/peoplesphere.be\/fr\/#\/schema\/logo\/image\/\",\"url\":\"https:\/\/peoplesphere.be\/fr\/wp-content\/uploads\/2023\/07\/peoplesphere-lgo-new-generik.jpg\",\"contentUrl\":\"https:\/\/peoplesphere.be\/fr\/wp-content\/uploads\/2023\/07\/peoplesphere-lgo-new-generik.jpg\",\"width\":1031,\"height\":1479,\"caption\":\"Peoplesphere Company srl\"},\"image\":{\"@id\":\"https:\/\/peoplesphere.be\/fr\/#\/schema\/logo\/image\/\"},\"sameAs\":[\"https:\/\/www.facebook.com\/peoplesphere\",\"https:\/\/twitter.com\/PeoplesphereMag\",\"https:\/\/www.linkedin.com\/company\/7587361?trk\",\"http:\/\/youtube.com\/peoplesphere\"]},{\"@type\":\"Person\",\"@id\":\"https:\/\/peoplesphere.be\/fr\/#\/schema\/person\/7976225ff17988604334abb7b3536a7e\",\"name\":\"Jean-Paul Erhard\",\"image\":{\"@type\":\"ImageObject\",\"inLanguage\":\"fr-FR\",\"@id\":\"https:\/\/peoplesphere.be\/fr\/#\/schema\/person\/image\/\",\"url\":\"https:\/\/secure.gravatar.com\/avatar\/f941e681460179738071629a51574930?s=96&d=mm&r=g\",\"contentUrl\":\"https:\/\/secure.gravatar.com\/avatar\/f941e681460179738071629a51574930?s=96&d=mm&r=g\",\"caption\":\"Jean-Paul Erhard\"},\"url\":\"https:\/\/peoplesphere.be\/fr\/author\/jpe\/\"}]}<\/script>\n<!-- \/ Yoast SEO plugin. -->","yoast_head_json":{"title":"L'immobilier d'entreprise en Belgique marqu\u00e9 par la r\u00e9gionalisation et la perc\u00e9e du coworking \u00e0 Bruxelles. - Peoplesphere","robots":{"index":"index","follow":"follow","max-snippet":"max-snippet:-1","max-image-preview":"max-image-preview:large","max-video-preview":"max-video-preview:-1"},"canonical":"https:\/\/peoplesphere.be\/fr\/limmobilier-dentreprise-belgique-marque-regionalisation-percee-coworking-a-bruxelles\/","og_locale":"fr_FR","og_type":"article","og_title":"L'immobilier d'entreprise en Belgique marqu\u00e9 par la r\u00e9gionalisation et la perc\u00e9e du coworking \u00e0 Bruxelles. - Peoplesphere","og_description":"Un record historique a \u00e9t\u00e9 \u00e9tabli sur les march\u00e9s des bureaux r\u00e9gionaux belges en 2018. On note \u00e9galement que dans le secteur des bureaux, les espaces de travail collaboratif effectuent une forte perc\u00e9e \u00e0 Bruxelles. Ceux-ci envahissent litt\u00e9ralement la capitale [&hellip;]","og_url":"https:\/\/peoplesphere.be\/fr\/limmobilier-dentreprise-belgique-marque-regionalisation-percee-coworking-a-bruxelles\/","og_site_name":"Peoplesphere","article_publisher":"https:\/\/www.facebook.com\/peoplesphere","article_published_time":"2019-03-04T15:20:36+00:00","og_image":[{"width":1417,"height":692,"url":"https:\/\/peoplesphere.be\/fr\/wp-content\/uploads\/2019\/03\/img5c7d0da78f94b.jpg","type":"image\/jpeg"}],"author":"Jean-Paul Erhard","twitter_card":"summary_large_image","twitter_creator":"@PeoplesphereMag","twitter_site":"@PeoplesphereMag","twitter_misc":{"\u00c9crit par":"Jean-Paul Erhard","Dur\u00e9e de lecture estim\u00e9e":"4 minutes"},"schema":{"@context":"https:\/\/schema.org","@graph":[{"@type":"Article","@id":"https:\/\/peoplesphere.be\/fr\/limmobilier-dentreprise-belgique-marque-regionalisation-percee-coworking-a-bruxelles\/#article","isPartOf":{"@id":"https:\/\/peoplesphere.be\/fr\/limmobilier-dentreprise-belgique-marque-regionalisation-percee-coworking-a-bruxelles\/"},"author":{"name":"Jean-Paul Erhard","@id":"https:\/\/peoplesphere.be\/fr\/#\/schema\/person\/7976225ff17988604334abb7b3536a7e"},"headline":"L&rsquo;immobilier d&rsquo;entreprise en Belgique marqu\u00e9 par la r\u00e9gionalisation et la perc\u00e9e du coworking \u00e0 Bruxelles.","datePublished":"2019-03-04T15:20:36+00:00","dateModified":"2019-03-04T15:20:36+00:00","mainEntityOfPage":{"@id":"https:\/\/peoplesphere.be\/fr\/limmobilier-dentreprise-belgique-marque-regionalisation-percee-coworking-a-bruxelles\/"},"wordCount":782,"publisher":{"@id":"https:\/\/peoplesphere.be\/fr\/#organization"},"keywords":["am\u00e9nagement de bureaux","coworking","cushman wakefield","immobilier"],"articleSection":["Actualit\u00e9s","Digital"],"inLanguage":"fr-FR"},{"@type":"WebPage","@id":"https:\/\/peoplesphere.be\/fr\/limmobilier-dentreprise-belgique-marque-regionalisation-percee-coworking-a-bruxelles\/","url":"https:\/\/peoplesphere.be\/fr\/limmobilier-dentreprise-belgique-marque-regionalisation-percee-coworking-a-bruxelles\/","name":"L'immobilier d'entreprise en Belgique marqu\u00e9 par la r\u00e9gionalisation et la perc\u00e9e du coworking \u00e0 Bruxelles. - Peoplesphere","isPartOf":{"@id":"https:\/\/peoplesphere.be\/fr\/#website"},"datePublished":"2019-03-04T15:20:36+00:00","dateModified":"2019-03-04T15:20:36+00:00","breadcrumb":{"@id":"https:\/\/peoplesphere.be\/fr\/limmobilier-dentreprise-belgique-marque-regionalisation-percee-coworking-a-bruxelles\/#breadcrumb"},"inLanguage":"fr-FR","potentialAction":[{"@type":"ReadAction","target":["https:\/\/peoplesphere.be\/fr\/limmobilier-dentreprise-belgique-marque-regionalisation-percee-coworking-a-bruxelles\/"]}]},{"@type":"BreadcrumbList","@id":"https:\/\/peoplesphere.be\/fr\/limmobilier-dentreprise-belgique-marque-regionalisation-percee-coworking-a-bruxelles\/#breadcrumb","itemListElement":[{"@type":"ListItem","position":1,"name":"Accueil","item":"https:\/\/peoplesphere.be\/fr\/"},{"@type":"ListItem","position":2,"name":"L&rsquo;immobilier d&rsquo;entreprise en Belgique marqu\u00e9 par la r\u00e9gionalisation et la perc\u00e9e du coworking \u00e0 Bruxelles."}]},{"@type":"WebSite","@id":"https:\/\/peoplesphere.be\/fr\/#website","url":"https:\/\/peoplesphere.be\/fr\/","name":"Peoplesphere","description":"The People Managers Magazine","publisher":{"@id":"https:\/\/peoplesphere.be\/fr\/#organization"},"potentialAction":[{"@type":"SearchAction","target":{"@type":"EntryPoint","urlTemplate":"https:\/\/peoplesphere.be\/fr\/?s={search_term_string}"},"query-input":"required name=search_term_string"}],"inLanguage":"fr-FR"},{"@type":"Organization","@id":"https:\/\/peoplesphere.be\/fr\/#organization","name":"Peoplesphere Company srl","url":"https:\/\/peoplesphere.be\/fr\/","logo":{"@type":"ImageObject","inLanguage":"fr-FR","@id":"https:\/\/peoplesphere.be\/fr\/#\/schema\/logo\/image\/","url":"https:\/\/peoplesphere.be\/fr\/wp-content\/uploads\/2023\/07\/peoplesphere-lgo-new-generik.jpg","contentUrl":"https:\/\/peoplesphere.be\/fr\/wp-content\/uploads\/2023\/07\/peoplesphere-lgo-new-generik.jpg","width":1031,"height":1479,"caption":"Peoplesphere Company srl"},"image":{"@id":"https:\/\/peoplesphere.be\/fr\/#\/schema\/logo\/image\/"},"sameAs":["https:\/\/www.facebook.com\/peoplesphere","https:\/\/twitter.com\/PeoplesphereMag","https:\/\/www.linkedin.com\/company\/7587361?trk","http:\/\/youtube.com\/peoplesphere"]},{"@type":"Person","@id":"https:\/\/peoplesphere.be\/fr\/#\/schema\/person\/7976225ff17988604334abb7b3536a7e","name":"Jean-Paul Erhard","image":{"@type":"ImageObject","inLanguage":"fr-FR","@id":"https:\/\/peoplesphere.be\/fr\/#\/schema\/person\/image\/","url":"https:\/\/secure.gravatar.com\/avatar\/f941e681460179738071629a51574930?s=96&d=mm&r=g","contentUrl":"https:\/\/secure.gravatar.com\/avatar\/f941e681460179738071629a51574930?s=96&d=mm&r=g","caption":"Jean-Paul Erhard"},"url":"https:\/\/peoplesphere.be\/fr\/author\/jpe\/"}]}},"_links":{"self":[{"href":"https:\/\/peoplesphere.be\/fr\/wp-json\/wp\/v2\/posts\/7451"}],"collection":[{"href":"https:\/\/peoplesphere.be\/fr\/wp-json\/wp\/v2\/posts"}],"about":[{"href":"https:\/\/peoplesphere.be\/fr\/wp-json\/wp\/v2\/types\/post"}],"author":[{"embeddable":true,"href":"https:\/\/peoplesphere.be\/fr\/wp-json\/wp\/v2\/users\/2"}],"replies":[{"embeddable":true,"href":"https:\/\/peoplesphere.be\/fr\/wp-json\/wp\/v2\/comments?post=7451"}],"version-history":[{"count":1,"href":"https:\/\/peoplesphere.be\/fr\/wp-json\/wp\/v2\/posts\/7451\/revisions"}],"predecessor-version":[{"id":7455,"href":"https:\/\/peoplesphere.be\/fr\/wp-json\/wp\/v2\/posts\/7451\/revisions\/7455"}],"wp:featuredmedia":[{"embeddable":true,"href":"https:\/\/peoplesphere.be\/fr\/wp-json\/wp\/v2\/media\/7454"}],"wp:attachment":[{"href":"https:\/\/peoplesphere.be\/fr\/wp-json\/wp\/v2\/media?parent=7451"}],"wp:term":[{"taxonomy":"category","embeddable":true,"href":"https:\/\/peoplesphere.be\/fr\/wp-json\/wp\/v2\/categories?post=7451"},{"taxonomy":"post_tag","embeddable":true,"href":"https:\/\/peoplesphere.be\/fr\/wp-json\/wp\/v2\/tags?post=7451"}],"curies":[{"name":"wp","href":"https:\/\/api.w.org\/{rel}","templated":true}]}}