









{"id":7456,"date":"2019-03-05T16:12:32","date_gmt":"2019-03-05T14:12:32","guid":{"rendered":"http:\/\/www.peoplesphere.be\/fr\/?p=7456"},"modified":"2019-03-05T16:12:32","modified_gmt":"2019-03-05T14:12:32","slug":"lemploi-sest-ameliore-presque-partout-europe-malgre-de-grandes-disparites-regionales","status":"publish","type":"post","link":"https:\/\/peoplesphere.be\/fr\/lemploi-sest-ameliore-presque-partout-europe-malgre-de-grandes-disparites-regionales\/","title":{"rendered":"L&#8217;emploi s&rsquo;est am\u00e9lior\u00e9 (presque) partout en Europe, malgr\u00e9 de grandes disparit\u00e9s r\u00e9gionales."},"content":{"rendered":"<p>L\u2019emploi a augment\u00e9 dans 9 r\u00e9gions de l\u2019UE sur 10.\u00a0En 2017, 253 des r\u00e9gions de l\u2019UE (90%) ont vu leur taux d\u2019emploi augmenter. Le nombre de personnes occup\u00e9es a diminu\u00e9 dans 26 autres r\u00e9gions et est rest\u00e9 stable dans 2 autres r\u00e9gions.\u00a0Dans l\u2019ensemble de l\u2019UE, l\u2019emploi a augment\u00e9 de 1,6% en 2017.<!--more--><\/p>\n<p>Dans 19 r\u00e9gions de l\u2019UE, la croissance de l\u2019emploi \u00e9tait sup\u00e9rieure \u00e0 3%. Trois de chacune de ces r\u00e9gions \u00e9taient situ\u00e9es en Espagne, au Portugal et au Royaume-Uni, deux en Roumanie et une en Bulgarie, en Tch\u00e9quie, en France, \u00e0 Chypre, au Luxembourg, \u00e0 Malte, en Slov\u00e9nie et en Slovaquie.<\/p>\n<p>Dans 25 r\u00e9gions de l\u2019UE le nombre de personnes occup\u00e9es a recul\u00e9 en 2017. Dans 9 de ces r\u00e9gions, le nombre de personnes occup\u00e9es a diminu\u00e9 de plus de 1%. Cinq de ces r\u00e9gions \u00e9taient situ\u00e9es au Royaume-Uni, deux en Italie et une en Lituanie et en Pologne.<\/p>\n<p>La croissance de l\u2019emploi a fortement vari\u00e9 d\u2019une r\u00e9gion \u00e0 l\u2019autre de l\u2019UE et au sein des pays. Les taux de croissance de l\u2019emploi les plus \u00e9lev\u00e9s ont \u00e9t\u00e9 enregistr\u00e9s dans les r\u00e9gions de Mayotte en France (+7,7%), Malte, Algarve au Portugal et Boh\u00eame centrale en Tch\u00e9quie (+5,3% chacune), suivies de Herefordshire, Worcestershire et Warwickshire au Royaume-Uni (+4,7%), du Centre m\u00e9ridional en Bulgarie et de la Zone m\u00e9tropolitaine de Lisbonne au Portugal (+4,1% chacune).<\/p>\n<p>\u00c0 l\u2019inverse, les baisses les plus importantes de l\u2019emploi ont \u00e9t\u00e9 enregistr\u00e9es dans les r\u00e9gions de la Basilicate en Italie (-2,7%), Cumbria au Royaume-Uni (-2,4%), la R\u00e9gion centrale et occidentale en Lituanie (-2,1%), Yorkshire m\u00e9ridional au Royaume-Uni (-2,0%) et en Ligurie en Italie (-1.9%).<\/p>\n<p><em>Source : Eurostat &#8211; Ces donn\u00e9es sur l\u2019emploi r\u00e9gional, compil\u00e9es sur la base des comptes nationaux, sont publi\u00e9es par Eurostat, l\u2019Office statistique de l\u2019Union europ\u00e9enne.<\/em><\/p>\n","protected":false},"excerpt":{"rendered":"<p>L\u2019emploi a augment\u00e9 dans 9 r\u00e9gions de l\u2019UE sur 10.\u00a0En 2017, 253 des r\u00e9gions de l\u2019UE (90%) ont vu leur taux d\u2019emploi augmenter. Le nombre de personnes occup\u00e9es a diminu\u00e9 dans 26 autres r\u00e9gions et est rest\u00e9 stable dans 2 [&hellip;]<\/p>\n","protected":false},"author":2,"featured_media":0,"comment_status":"closed","ping_status":"open","sticky":false,"template":"","format":"standard","meta":[],"categories":[65,10],"tags":[11,305,1598],"yoast_head":"<!-- This site is optimized with the Yoast SEO plugin v21.0 - https:\/\/yoast.com\/wordpress\/plugins\/seo\/ -->\n<title>L&#039;emploi s&#039;est am\u00e9lior\u00e9 (presque) partout en Europe, malgr\u00e9 de grandes disparit\u00e9s r\u00e9gionales. - Peoplesphere<\/title>\n<meta name=\"robots\" content=\"index, follow, max-snippet:-1, max-image-preview:large, max-video-preview:-1\" \/>\n<link rel=\"canonical\" href=\"https:\/\/peoplesphere.be\/fr\/lemploi-sest-ameliore-presque-partout-europe-malgre-de-grandes-disparites-regionales\/\" \/>\n<meta property=\"og:locale\" content=\"fr_FR\" \/>\n<meta property=\"og:type\" content=\"article\" \/>\n<meta property=\"og:title\" content=\"L&#039;emploi s&#039;est am\u00e9lior\u00e9 (presque) partout en Europe, malgr\u00e9 de grandes disparit\u00e9s r\u00e9gionales. - Peoplesphere\" \/>\n<meta property=\"og:description\" content=\"L\u2019emploi a augment\u00e9 dans 9 r\u00e9gions de l\u2019UE sur 10.\u00a0En 2017, 253 des r\u00e9gions de l\u2019UE (90%) ont vu leur taux d\u2019emploi augmenter. Le nombre de personnes occup\u00e9es a diminu\u00e9 dans 26 autres r\u00e9gions et est rest\u00e9 stable dans 2 [&hellip;]\" \/>\n<meta property=\"og:url\" content=\"https:\/\/peoplesphere.be\/fr\/lemploi-sest-ameliore-presque-partout-europe-malgre-de-grandes-disparites-regionales\/\" \/>\n<meta property=\"og:site_name\" content=\"Peoplesphere\" \/>\n<meta property=\"article:publisher\" content=\"https:\/\/www.facebook.com\/peoplesphere\" \/>\n<meta property=\"article:published_time\" content=\"2019-03-05T14:12:32+00:00\" \/>\n<meta property=\"og:image\" content=\"http:\/\/www.peoplesphere.be\/fr\/wp-content\/uploads\/2016\/07\/facebook-default-posting-1200x628px.jpg\" \/>\n<meta name=\"author\" content=\"Jean-Paul Erhard\" \/>\n<meta name=\"twitter:card\" content=\"summary_large_image\" \/>\n<meta name=\"twitter:creator\" content=\"@PeoplesphereMag\" \/>\n<meta name=\"twitter:site\" content=\"@PeoplesphereMag\" \/>\n<meta name=\"twitter:label1\" content=\"\u00c9crit par\" \/>\n\t<meta name=\"twitter:data1\" content=\"Jean-Paul Erhard\" \/>\n\t<meta name=\"twitter:label2\" content=\"Dur\u00e9e de lecture estim\u00e9e\" \/>\n\t<meta name=\"twitter:data2\" content=\"2 minutes\" \/>\n<script type=\"application\/ld+json\" class=\"yoast-schema-graph\">{\"@context\":\"https:\/\/schema.org\",\"@graph\":[{\"@type\":\"Article\",\"@id\":\"https:\/\/peoplesphere.be\/fr\/lemploi-sest-ameliore-presque-partout-europe-malgre-de-grandes-disparites-regionales\/#article\",\"isPartOf\":{\"@id\":\"https:\/\/peoplesphere.be\/fr\/lemploi-sest-ameliore-presque-partout-europe-malgre-de-grandes-disparites-regionales\/\"},\"author\":{\"name\":\"Jean-Paul Erhard\",\"@id\":\"https:\/\/peoplesphere.be\/fr\/#\/schema\/person\/7976225ff17988604334abb7b3536a7e\"},\"headline\":\"L&#8217;emploi s&rsquo;est am\u00e9lior\u00e9 (presque) partout en Europe, malgr\u00e9 de grandes disparit\u00e9s r\u00e9gionales.\",\"datePublished\":\"2019-03-05T14:12:32+00:00\",\"dateModified\":\"2019-03-05T14:12:32+00:00\",\"mainEntityOfPage\":{\"@id\":\"https:\/\/peoplesphere.be\/fr\/lemploi-sest-ameliore-presque-partout-europe-malgre-de-grandes-disparites-regionales\/\"},\"wordCount\":339,\"publisher\":{\"@id\":\"https:\/\/peoplesphere.be\/fr\/#organization\"},\"keywords\":[\"emploi\",\"eurostat\",\"UE\"],\"articleSection\":[\"Actualit\u00e9s\",\"Digital\"],\"inLanguage\":\"fr-FR\"},{\"@type\":\"WebPage\",\"@id\":\"https:\/\/peoplesphere.be\/fr\/lemploi-sest-ameliore-presque-partout-europe-malgre-de-grandes-disparites-regionales\/\",\"url\":\"https:\/\/peoplesphere.be\/fr\/lemploi-sest-ameliore-presque-partout-europe-malgre-de-grandes-disparites-regionales\/\",\"name\":\"L'emploi s'est am\u00e9lior\u00e9 (presque) partout en Europe, malgr\u00e9 de grandes disparit\u00e9s r\u00e9gionales. - Peoplesphere\",\"isPartOf\":{\"@id\":\"https:\/\/peoplesphere.be\/fr\/#website\"},\"datePublished\":\"2019-03-05T14:12:32+00:00\",\"dateModified\":\"2019-03-05T14:12:32+00:00\",\"breadcrumb\":{\"@id\":\"https:\/\/peoplesphere.be\/fr\/lemploi-sest-ameliore-presque-partout-europe-malgre-de-grandes-disparites-regionales\/#breadcrumb\"},\"inLanguage\":\"fr-FR\",\"potentialAction\":[{\"@type\":\"ReadAction\",\"target\":[\"https:\/\/peoplesphere.be\/fr\/lemploi-sest-ameliore-presque-partout-europe-malgre-de-grandes-disparites-regionales\/\"]}]},{\"@type\":\"BreadcrumbList\",\"@id\":\"https:\/\/peoplesphere.be\/fr\/lemploi-sest-ameliore-presque-partout-europe-malgre-de-grandes-disparites-regionales\/#breadcrumb\",\"itemListElement\":[{\"@type\":\"ListItem\",\"position\":1,\"name\":\"Accueil\",\"item\":\"https:\/\/peoplesphere.be\/fr\/\"},{\"@type\":\"ListItem\",\"position\":2,\"name\":\"L&#8217;emploi s&rsquo;est am\u00e9lior\u00e9 (presque) partout en Europe, malgr\u00e9 de grandes disparit\u00e9s r\u00e9gionales.\"}]},{\"@type\":\"WebSite\",\"@id\":\"https:\/\/peoplesphere.be\/fr\/#website\",\"url\":\"https:\/\/peoplesphere.be\/fr\/\",\"name\":\"Peoplesphere\",\"description\":\"The People Managers Magazine\",\"publisher\":{\"@id\":\"https:\/\/peoplesphere.be\/fr\/#organization\"},\"potentialAction\":[{\"@type\":\"SearchAction\",\"target\":{\"@type\":\"EntryPoint\",\"urlTemplate\":\"https:\/\/peoplesphere.be\/fr\/?s={search_term_string}\"},\"query-input\":\"required name=search_term_string\"}],\"inLanguage\":\"fr-FR\"},{\"@type\":\"Organization\",\"@id\":\"https:\/\/peoplesphere.be\/fr\/#organization\",\"name\":\"Peoplesphere Company srl\",\"url\":\"https:\/\/peoplesphere.be\/fr\/\",\"logo\":{\"@type\":\"ImageObject\",\"inLanguage\":\"fr-FR\",\"@id\":\"https:\/\/peoplesphere.be\/fr\/#\/schema\/logo\/image\/\",\"url\":\"https:\/\/peoplesphere.be\/fr\/wp-content\/uploads\/2023\/07\/peoplesphere-lgo-new-generik.jpg\",\"contentUrl\":\"https:\/\/peoplesphere.be\/fr\/wp-content\/uploads\/2023\/07\/peoplesphere-lgo-new-generik.jpg\",\"width\":1031,\"height\":1479,\"caption\":\"Peoplesphere Company srl\"},\"image\":{\"@id\":\"https:\/\/peoplesphere.be\/fr\/#\/schema\/logo\/image\/\"},\"sameAs\":[\"https:\/\/www.facebook.com\/peoplesphere\",\"https:\/\/twitter.com\/PeoplesphereMag\",\"https:\/\/www.linkedin.com\/company\/7587361?trk\",\"http:\/\/youtube.com\/peoplesphere\"]},{\"@type\":\"Person\",\"@id\":\"https:\/\/peoplesphere.be\/fr\/#\/schema\/person\/7976225ff17988604334abb7b3536a7e\",\"name\":\"Jean-Paul Erhard\",\"image\":{\"@type\":\"ImageObject\",\"inLanguage\":\"fr-FR\",\"@id\":\"https:\/\/peoplesphere.be\/fr\/#\/schema\/person\/image\/\",\"url\":\"https:\/\/secure.gravatar.com\/avatar\/f941e681460179738071629a51574930?s=96&d=mm&r=g\",\"contentUrl\":\"https:\/\/secure.gravatar.com\/avatar\/f941e681460179738071629a51574930?s=96&d=mm&r=g\",\"caption\":\"Jean-Paul Erhard\"},\"url\":\"https:\/\/peoplesphere.be\/fr\/author\/jpe\/\"}]}<\/script>\n<!-- \/ Yoast SEO plugin. -->","yoast_head_json":{"title":"L'emploi s'est am\u00e9lior\u00e9 (presque) partout en Europe, malgr\u00e9 de grandes disparit\u00e9s r\u00e9gionales. - Peoplesphere","robots":{"index":"index","follow":"follow","max-snippet":"max-snippet:-1","max-image-preview":"max-image-preview:large","max-video-preview":"max-video-preview:-1"},"canonical":"https:\/\/peoplesphere.be\/fr\/lemploi-sest-ameliore-presque-partout-europe-malgre-de-grandes-disparites-regionales\/","og_locale":"fr_FR","og_type":"article","og_title":"L'emploi s'est am\u00e9lior\u00e9 (presque) partout en Europe, malgr\u00e9 de grandes disparit\u00e9s r\u00e9gionales. - Peoplesphere","og_description":"L\u2019emploi a augment\u00e9 dans 9 r\u00e9gions de l\u2019UE sur 10.\u00a0En 2017, 253 des r\u00e9gions de l\u2019UE (90%) ont vu leur taux d\u2019emploi augmenter. Le nombre de personnes occup\u00e9es a diminu\u00e9 dans 26 autres r\u00e9gions et est rest\u00e9 stable dans 2 [&hellip;]","og_url":"https:\/\/peoplesphere.be\/fr\/lemploi-sest-ameliore-presque-partout-europe-malgre-de-grandes-disparites-regionales\/","og_site_name":"Peoplesphere","article_publisher":"https:\/\/www.facebook.com\/peoplesphere","article_published_time":"2019-03-05T14:12:32+00:00","og_image":[{"url":"http:\/\/www.peoplesphere.be\/fr\/wp-content\/uploads\/2016\/07\/facebook-default-posting-1200x628px.jpg"}],"author":"Jean-Paul Erhard","twitter_card":"summary_large_image","twitter_creator":"@PeoplesphereMag","twitter_site":"@PeoplesphereMag","twitter_misc":{"\u00c9crit par":"Jean-Paul Erhard","Dur\u00e9e de lecture estim\u00e9e":"2 minutes"},"schema":{"@context":"https:\/\/schema.org","@graph":[{"@type":"Article","@id":"https:\/\/peoplesphere.be\/fr\/lemploi-sest-ameliore-presque-partout-europe-malgre-de-grandes-disparites-regionales\/#article","isPartOf":{"@id":"https:\/\/peoplesphere.be\/fr\/lemploi-sest-ameliore-presque-partout-europe-malgre-de-grandes-disparites-regionales\/"},"author":{"name":"Jean-Paul Erhard","@id":"https:\/\/peoplesphere.be\/fr\/#\/schema\/person\/7976225ff17988604334abb7b3536a7e"},"headline":"L&#8217;emploi s&rsquo;est am\u00e9lior\u00e9 (presque) partout en Europe, malgr\u00e9 de grandes disparit\u00e9s r\u00e9gionales.","datePublished":"2019-03-05T14:12:32+00:00","dateModified":"2019-03-05T14:12:32+00:00","mainEntityOfPage":{"@id":"https:\/\/peoplesphere.be\/fr\/lemploi-sest-ameliore-presque-partout-europe-malgre-de-grandes-disparites-regionales\/"},"wordCount":339,"publisher":{"@id":"https:\/\/peoplesphere.be\/fr\/#organization"},"keywords":["emploi","eurostat","UE"],"articleSection":["Actualit\u00e9s","Digital"],"inLanguage":"fr-FR"},{"@type":"WebPage","@id":"https:\/\/peoplesphere.be\/fr\/lemploi-sest-ameliore-presque-partout-europe-malgre-de-grandes-disparites-regionales\/","url":"https:\/\/peoplesphere.be\/fr\/lemploi-sest-ameliore-presque-partout-europe-malgre-de-grandes-disparites-regionales\/","name":"L'emploi s'est am\u00e9lior\u00e9 (presque) partout en Europe, malgr\u00e9 de grandes disparit\u00e9s r\u00e9gionales. - Peoplesphere","isPartOf":{"@id":"https:\/\/peoplesphere.be\/fr\/#website"},"datePublished":"2019-03-05T14:12:32+00:00","dateModified":"2019-03-05T14:12:32+00:00","breadcrumb":{"@id":"https:\/\/peoplesphere.be\/fr\/lemploi-sest-ameliore-presque-partout-europe-malgre-de-grandes-disparites-regionales\/#breadcrumb"},"inLanguage":"fr-FR","potentialAction":[{"@type":"ReadAction","target":["https:\/\/peoplesphere.be\/fr\/lemploi-sest-ameliore-presque-partout-europe-malgre-de-grandes-disparites-regionales\/"]}]},{"@type":"BreadcrumbList","@id":"https:\/\/peoplesphere.be\/fr\/lemploi-sest-ameliore-presque-partout-europe-malgre-de-grandes-disparites-regionales\/#breadcrumb","itemListElement":[{"@type":"ListItem","position":1,"name":"Accueil","item":"https:\/\/peoplesphere.be\/fr\/"},{"@type":"ListItem","position":2,"name":"L&#8217;emploi s&rsquo;est am\u00e9lior\u00e9 (presque) partout en Europe, malgr\u00e9 de grandes disparit\u00e9s r\u00e9gionales."}]},{"@type":"WebSite","@id":"https:\/\/peoplesphere.be\/fr\/#website","url":"https:\/\/peoplesphere.be\/fr\/","name":"Peoplesphere","description":"The People Managers Magazine","publisher":{"@id":"https:\/\/peoplesphere.be\/fr\/#organization"},"potentialAction":[{"@type":"SearchAction","target":{"@type":"EntryPoint","urlTemplate":"https:\/\/peoplesphere.be\/fr\/?s={search_term_string}"},"query-input":"required name=search_term_string"}],"inLanguage":"fr-FR"},{"@type":"Organization","@id":"https:\/\/peoplesphere.be\/fr\/#organization","name":"Peoplesphere Company srl","url":"https:\/\/peoplesphere.be\/fr\/","logo":{"@type":"ImageObject","inLanguage":"fr-FR","@id":"https:\/\/peoplesphere.be\/fr\/#\/schema\/logo\/image\/","url":"https:\/\/peoplesphere.be\/fr\/wp-content\/uploads\/2023\/07\/peoplesphere-lgo-new-generik.jpg","contentUrl":"https:\/\/peoplesphere.be\/fr\/wp-content\/uploads\/2023\/07\/peoplesphere-lgo-new-generik.jpg","width":1031,"height":1479,"caption":"Peoplesphere Company srl"},"image":{"@id":"https:\/\/peoplesphere.be\/fr\/#\/schema\/logo\/image\/"},"sameAs":["https:\/\/www.facebook.com\/peoplesphere","https:\/\/twitter.com\/PeoplesphereMag","https:\/\/www.linkedin.com\/company\/7587361?trk","http:\/\/youtube.com\/peoplesphere"]},{"@type":"Person","@id":"https:\/\/peoplesphere.be\/fr\/#\/schema\/person\/7976225ff17988604334abb7b3536a7e","name":"Jean-Paul Erhard","image":{"@type":"ImageObject","inLanguage":"fr-FR","@id":"https:\/\/peoplesphere.be\/fr\/#\/schema\/person\/image\/","url":"https:\/\/secure.gravatar.com\/avatar\/f941e681460179738071629a51574930?s=96&d=mm&r=g","contentUrl":"https:\/\/secure.gravatar.com\/avatar\/f941e681460179738071629a51574930?s=96&d=mm&r=g","caption":"Jean-Paul Erhard"},"url":"https:\/\/peoplesphere.be\/fr\/author\/jpe\/"}]}},"_links":{"self":[{"href":"https:\/\/peoplesphere.be\/fr\/wp-json\/wp\/v2\/posts\/7456"}],"collection":[{"href":"https:\/\/peoplesphere.be\/fr\/wp-json\/wp\/v2\/posts"}],"about":[{"href":"https:\/\/peoplesphere.be\/fr\/wp-json\/wp\/v2\/types\/post"}],"author":[{"embeddable":true,"href":"https:\/\/peoplesphere.be\/fr\/wp-json\/wp\/v2\/users\/2"}],"replies":[{"embeddable":true,"href":"https:\/\/peoplesphere.be\/fr\/wp-json\/wp\/v2\/comments?post=7456"}],"version-history":[{"count":1,"href":"https:\/\/peoplesphere.be\/fr\/wp-json\/wp\/v2\/posts\/7456\/revisions"}],"predecessor-version":[{"id":7457,"href":"https:\/\/peoplesphere.be\/fr\/wp-json\/wp\/v2\/posts\/7456\/revisions\/7457"}],"wp:attachment":[{"href":"https:\/\/peoplesphere.be\/fr\/wp-json\/wp\/v2\/media?parent=7456"}],"wp:term":[{"taxonomy":"category","embeddable":true,"href":"https:\/\/peoplesphere.be\/fr\/wp-json\/wp\/v2\/categories?post=7456"},{"taxonomy":"post_tag","embeddable":true,"href":"https:\/\/peoplesphere.be\/fr\/wp-json\/wp\/v2\/tags?post=7456"}],"curies":[{"name":"wp","href":"https:\/\/api.w.org\/{rel}","templated":true}]}}