









{"id":7495,"date":"2019-03-13T11:53:16","date_gmt":"2019-03-13T09:53:16","guid":{"rendered":"http:\/\/www.peoplesphere.be\/fr\/?p=7495"},"modified":"2019-03-13T11:53:16","modified_gmt":"2019-03-13T09:53:16","slug":"volume-de-lemploi-continue-de-progresser-nos-pme-seniors-semblent-trouver-cadre-favorable-a-poursuite-de-carriere","status":"publish","type":"post","link":"https:\/\/peoplesphere.be\/fr\/volume-de-lemploi-continue-de-progresser-nos-pme-seniors-semblent-trouver-cadre-favorable-a-poursuite-de-carriere\/","title":{"rendered":"Le volume de l&#8217;emploi continue de progresser dans nos PME, o\u00f9 les seniors semblent trouver un cadre favorable \u00e0 la poursuite de leur carri\u00e8re."},"content":{"rendered":"<p>L&#8217;emploi dans nos PME a de nouveau augment\u00e9 en 2018. Avec une augmentation de 0,4 % par rapport \u00e0 fin 2017, il atteint ainsi un nouveau record. 2018 s&rsquo;est termin\u00e9e par une croissance de l&#8217;emploi dans nos PME belges. Bruxelles reste en t\u00eate de l\u2019\u00e9volution annuelle. Toutefois, une forte baisse a \u00e9t\u00e9 enregistr\u00e9e aux Q3 et Q4, avec un recul d&rsquo;un point (115,4 points) par rapport au pic du mois de mai.\u00a0Il s&rsquo;agit de la\u00a0cinqui\u00e8me ann\u00e9e cons\u00e9cutive de croissance au sein de nos PME<!--more--><\/p>\n<p>L\u2019indice d\u2019occupation dans les PME de SD Worx suit depuis 2006 l\u2019\u00e9volution de l\u2019occupation structurelle dans les PME belges. 2018 s&rsquo;est cl\u00f4tur\u00e9e sur un indice sup\u00e9rieur de 0,3 point par rapport \u00e0 fin 2017, \u00e0 savoir 115,4. Ce chiffre signifie que fin 2018, nos PME employaient 15,4 % de travailleurs en plus qu&rsquo;en 2005, l&rsquo;ann\u00e9e de r\u00e9f\u00e9rence pour les calculs de cet indice.<br \/>\n\ufffc<br \/>\nL&#8217;emploi au sein des PME affiche une croissance pour la cinqui\u00e8me ann\u00e9e cons\u00e9cutive. Toutefois, une petite pr\u00e9cision s&rsquo;impose : la croissance est moins importante que les ann\u00e9es pr\u00e9c\u00e9dentes. En 2017, l&rsquo;indice emploi s&rsquo;est cl\u00f4tur\u00e9 \u00e0 115,1 points : l&rsquo;augmentation se chiffrait \u00e0 0,9 % par rapport l&rsquo;ann\u00e9e pr\u00e9c\u00e9dente (\u00e0 titre de comparaison, elle \u00e9tait de 1,86 % en 2016 et 1,05 % en 2015).<\/p>\n<p><em><strong>S\u00e9rieux ralentissement au dernier trimestre 2018.<\/strong><\/em><\/p>\n<p>L&#8217;emploi structurel au Q4 2018 est inf\u00e9rieur de 0,4 points par rapport au trimestre pr\u00e9c\u00e9dent, compar\u00e9 avec l&rsquo;ann\u00e9e pr\u00e9c\u00e9dente, qui affichait alors une baisse de 0,3 points. Vassilios Skarlidis, Directeur R\u00e9gional PME chez SD Worx, explique ce chiffre : <em>\u00ab Les fluctuations ne sont pas anormales, m\u00eame si le quatri\u00e8me trimestre avait bien d\u00e9but\u00e9. En octobre, nous avons observ\u00e9 une \u00e9volution positive dans toutes les r\u00e9gions, sur la lanc\u00e9e de septembre, mais ce bon d\u00e9part ne s&rsquo;est pas confirm\u00e9 lors des deux derniers mois de l&rsquo;ann\u00e9e. De plus, nous constatons la m\u00eame tendance pour toutes les entreprises, quelle que soit leur taille. Seule la Flandre occidentale a r\u00e9amorc\u00e9 une croissance positive dans les PME jusqu&rsquo;\u00e0 50 travailleurs, mais apr\u00e8s un solde n\u00e9gatif au troisi\u00e8me trimestre. \u00bb<\/em><\/p>\n<p>Sur l&rsquo;ensemble de la Belgique, nous constatons que l&rsquo;\u00e9volution annuelle est la plus marqu\u00e9e dans les organisations de 20 \u00e0 49 travailleurs, \u00e0 savoir +1,0 %. Cela est principalement d\u00fb \u00e0 la situation en Flandre, o\u00f9 le chiffre est de +1,3 %, et en Wallonie (+1,5%). En Flandre, les grandes PME ont \u00e9galement affich\u00e9 un bon r\u00e9sultat (0,9 %). Les choses sont tr\u00e8s diff\u00e9rentes \u00e0 Bruxelles: l\u00e0, les tr\u00e8s petites PME (jusqu&rsquo;\u00e0 20 travailleurs) sont la principale raison du solde positif.<\/p>\n<p><strong><em>Les travailleurs plus \u00e2g\u00e9s ne sont pas \u00ab out \u00bb dans les PME<\/em><\/strong><\/p>\n<p><em>\u00ab\u00a0Nous voyons un nombre croissant de travailleurs de plus de 55 ans dans les PME, m\u00eame si c&rsquo;est partiellement d\u00fb \u00e0 l&rsquo;\u00e9volution d\u00e9mographique. Leur pourcentage au niveau des emplois dans les PME augmente plus que pour les moins de 55 ans. M\u00eame s&rsquo;ils restent assez peu repr\u00e9sent\u00e9s au niveau de l&#8217;emploi total, leur nombre augmente plus que pour les moins de 55 ans. Le recrutement de travailleurs de plus de 60 ans est plus important dans les PME que les grandes organisations (1,75 % contre 1,13 %) et les d\u00e9parts sont moins nombreux (6,84 % contre 9,55 %). Par ailleurs, l&rsquo;occupation \u00e0 temps plein continue \u00e0 dominer, sauf \u00e0 Bruxelles o\u00f9 les temps partiels sont deux fois plus repr\u00e9sent\u00e9s dans le solde des recrutements et des d\u00e9parts. Le statut d&#8217;employ\u00e9 est le plus fr\u00e9quent.\u00a0\u00bb<\/em><br \/>\n\ufffc<br \/>\nLes secteurs qui se portent bien au niveau de l&#8217;emploi sont souvent li\u00e9s \u00e0 la prestation de services (ICT, information, gestion d&rsquo;entreprise, activit\u00e9s techniques) et aux soins de sant\u00e9 et recherchent souvent des profils hautement qualifi\u00e9s.<\/p>\n<p><em>Source -indice emploi PME du prestataire de services RH SD Worx qui suit depuis 2006 l\u2019\u00e9volution de l\u2019emploi structurel dans les PME (jusqu\u2019\u00e0 cent collaborateurs). Cet emploi structurel ne prend pas en compte les emplois temporaires, tels que l\u2019int\u00e9rim et les jobs d\u2019\u00e9tudiant. L\u2019indice est bas\u00e9 sur un \u00e9chantillon de 20.000 entreprises qui emploient ensemble plus de 200.000 personnes.<\/em><\/p>\n","protected":false},"excerpt":{"rendered":"<p>L&#8217;emploi dans nos PME a de nouveau augment\u00e9 en 2018. Avec une augmentation de 0,4 % par rapport \u00e0 fin 2017, il atteint ainsi un nouveau record. 2018 s&rsquo;est termin\u00e9e par une croissance de l&#8217;emploi dans nos PME belges. Bruxelles [&hellip;]<\/p>\n","protected":false},"author":2,"featured_media":0,"comment_status":"closed","ping_status":"open","sticky":false,"template":"","format":"standard","meta":[],"categories":[65,10],"tags":[11,27,72,671],"yoast_head":"<!-- This site is optimized with the Yoast SEO plugin v21.0 - https:\/\/yoast.com\/wordpress\/plugins\/seo\/ -->\n<title>Le volume de l&#039;emploi continue de progresser dans nos PME, o\u00f9 les seniors semblent trouver un cadre favorable \u00e0 la poursuite de leur carri\u00e8re. - Peoplesphere<\/title>\n<meta name=\"robots\" content=\"index, follow, max-snippet:-1, max-image-preview:large, max-video-preview:-1\" \/>\n<link rel=\"canonical\" href=\"https:\/\/peoplesphere.be\/fr\/volume-de-lemploi-continue-de-progresser-nos-pme-seniors-semblent-trouver-cadre-favorable-a-poursuite-de-carriere\/\" \/>\n<meta property=\"og:locale\" content=\"fr_FR\" \/>\n<meta property=\"og:type\" content=\"article\" \/>\n<meta property=\"og:title\" content=\"Le volume de l&#039;emploi continue de progresser dans nos PME, o\u00f9 les seniors semblent trouver un cadre favorable \u00e0 la poursuite de leur carri\u00e8re. - Peoplesphere\" \/>\n<meta property=\"og:description\" content=\"L&#8217;emploi dans nos PME a de nouveau augment\u00e9 en 2018. Avec une augmentation de 0,4 % par rapport \u00e0 fin 2017, il atteint ainsi un nouveau record. 2018 s&rsquo;est termin\u00e9e par une croissance de l&#8217;emploi dans nos PME belges. Bruxelles [&hellip;]\" \/>\n<meta property=\"og:url\" content=\"https:\/\/peoplesphere.be\/fr\/volume-de-lemploi-continue-de-progresser-nos-pme-seniors-semblent-trouver-cadre-favorable-a-poursuite-de-carriere\/\" \/>\n<meta property=\"og:site_name\" content=\"Peoplesphere\" \/>\n<meta property=\"article:publisher\" content=\"https:\/\/www.facebook.com\/peoplesphere\" \/>\n<meta property=\"article:published_time\" content=\"2019-03-13T09:53:16+00:00\" \/>\n<meta property=\"og:image\" content=\"http:\/\/www.peoplesphere.be\/fr\/wp-content\/uploads\/2016\/07\/facebook-default-posting-1200x628px.jpg\" \/>\n<meta name=\"author\" content=\"Jean-Paul Erhard\" \/>\n<meta name=\"twitter:card\" content=\"summary_large_image\" \/>\n<meta name=\"twitter:creator\" content=\"@PeoplesphereMag\" \/>\n<meta name=\"twitter:site\" content=\"@PeoplesphereMag\" \/>\n<meta name=\"twitter:label1\" content=\"\u00c9crit par\" \/>\n\t<meta name=\"twitter:data1\" content=\"Jean-Paul Erhard\" \/>\n\t<meta name=\"twitter:label2\" content=\"Dur\u00e9e de lecture estim\u00e9e\" \/>\n\t<meta name=\"twitter:data2\" content=\"3 minutes\" \/>\n<script type=\"application\/ld+json\" class=\"yoast-schema-graph\">{\"@context\":\"https:\/\/schema.org\",\"@graph\":[{\"@type\":\"Article\",\"@id\":\"https:\/\/peoplesphere.be\/fr\/volume-de-lemploi-continue-de-progresser-nos-pme-seniors-semblent-trouver-cadre-favorable-a-poursuite-de-carriere\/#article\",\"isPartOf\":{\"@id\":\"https:\/\/peoplesphere.be\/fr\/volume-de-lemploi-continue-de-progresser-nos-pme-seniors-semblent-trouver-cadre-favorable-a-poursuite-de-carriere\/\"},\"author\":{\"name\":\"Jean-Paul Erhard\",\"@id\":\"https:\/\/peoplesphere.be\/fr\/#\/schema\/person\/7976225ff17988604334abb7b3536a7e\"},\"headline\":\"Le volume de l&#8217;emploi continue de progresser dans nos PME, o\u00f9 les seniors semblent trouver un cadre favorable \u00e0 la poursuite de leur carri\u00e8re.\",\"datePublished\":\"2019-03-13T09:53:16+00:00\",\"dateModified\":\"2019-03-13T09:53:16+00:00\",\"mainEntityOfPage\":{\"@id\":\"https:\/\/peoplesphere.be\/fr\/volume-de-lemploi-continue-de-progresser-nos-pme-seniors-semblent-trouver-cadre-favorable-a-poursuite-de-carriere\/\"},\"wordCount\":690,\"publisher\":{\"@id\":\"https:\/\/peoplesphere.be\/fr\/#organization\"},\"keywords\":[\"emploi\",\"PME\",\"recrutement\",\"SD Worx\"],\"articleSection\":[\"Actualit\u00e9s\",\"Digital\"],\"inLanguage\":\"fr-FR\"},{\"@type\":\"WebPage\",\"@id\":\"https:\/\/peoplesphere.be\/fr\/volume-de-lemploi-continue-de-progresser-nos-pme-seniors-semblent-trouver-cadre-favorable-a-poursuite-de-carriere\/\",\"url\":\"https:\/\/peoplesphere.be\/fr\/volume-de-lemploi-continue-de-progresser-nos-pme-seniors-semblent-trouver-cadre-favorable-a-poursuite-de-carriere\/\",\"name\":\"Le volume de l'emploi continue de progresser dans nos PME, o\u00f9 les seniors semblent trouver un cadre favorable \u00e0 la poursuite de leur carri\u00e8re. - Peoplesphere\",\"isPartOf\":{\"@id\":\"https:\/\/peoplesphere.be\/fr\/#website\"},\"datePublished\":\"2019-03-13T09:53:16+00:00\",\"dateModified\":\"2019-03-13T09:53:16+00:00\",\"breadcrumb\":{\"@id\":\"https:\/\/peoplesphere.be\/fr\/volume-de-lemploi-continue-de-progresser-nos-pme-seniors-semblent-trouver-cadre-favorable-a-poursuite-de-carriere\/#breadcrumb\"},\"inLanguage\":\"fr-FR\",\"potentialAction\":[{\"@type\":\"ReadAction\",\"target\":[\"https:\/\/peoplesphere.be\/fr\/volume-de-lemploi-continue-de-progresser-nos-pme-seniors-semblent-trouver-cadre-favorable-a-poursuite-de-carriere\/\"]}]},{\"@type\":\"BreadcrumbList\",\"@id\":\"https:\/\/peoplesphere.be\/fr\/volume-de-lemploi-continue-de-progresser-nos-pme-seniors-semblent-trouver-cadre-favorable-a-poursuite-de-carriere\/#breadcrumb\",\"itemListElement\":[{\"@type\":\"ListItem\",\"position\":1,\"name\":\"Accueil\",\"item\":\"https:\/\/peoplesphere.be\/fr\/\"},{\"@type\":\"ListItem\",\"position\":2,\"name\":\"Le volume de l&#8217;emploi continue de progresser dans nos PME, o\u00f9 les seniors semblent trouver un cadre favorable \u00e0 la poursuite de leur carri\u00e8re.\"}]},{\"@type\":\"WebSite\",\"@id\":\"https:\/\/peoplesphere.be\/fr\/#website\",\"url\":\"https:\/\/peoplesphere.be\/fr\/\",\"name\":\"Peoplesphere\",\"description\":\"The People Managers Magazine\",\"publisher\":{\"@id\":\"https:\/\/peoplesphere.be\/fr\/#organization\"},\"potentialAction\":[{\"@type\":\"SearchAction\",\"target\":{\"@type\":\"EntryPoint\",\"urlTemplate\":\"https:\/\/peoplesphere.be\/fr\/?s={search_term_string}\"},\"query-input\":\"required name=search_term_string\"}],\"inLanguage\":\"fr-FR\"},{\"@type\":\"Organization\",\"@id\":\"https:\/\/peoplesphere.be\/fr\/#organization\",\"name\":\"Peoplesphere Company srl\",\"url\":\"https:\/\/peoplesphere.be\/fr\/\",\"logo\":{\"@type\":\"ImageObject\",\"inLanguage\":\"fr-FR\",\"@id\":\"https:\/\/peoplesphere.be\/fr\/#\/schema\/logo\/image\/\",\"url\":\"https:\/\/peoplesphere.be\/fr\/wp-content\/uploads\/2023\/07\/peoplesphere-lgo-new-generik.jpg\",\"contentUrl\":\"https:\/\/peoplesphere.be\/fr\/wp-content\/uploads\/2023\/07\/peoplesphere-lgo-new-generik.jpg\",\"width\":1031,\"height\":1479,\"caption\":\"Peoplesphere Company srl\"},\"image\":{\"@id\":\"https:\/\/peoplesphere.be\/fr\/#\/schema\/logo\/image\/\"},\"sameAs\":[\"https:\/\/www.facebook.com\/peoplesphere\",\"https:\/\/twitter.com\/PeoplesphereMag\",\"https:\/\/www.linkedin.com\/company\/7587361?trk\",\"http:\/\/youtube.com\/peoplesphere\"]},{\"@type\":\"Person\",\"@id\":\"https:\/\/peoplesphere.be\/fr\/#\/schema\/person\/7976225ff17988604334abb7b3536a7e\",\"name\":\"Jean-Paul Erhard\",\"image\":{\"@type\":\"ImageObject\",\"inLanguage\":\"fr-FR\",\"@id\":\"https:\/\/peoplesphere.be\/fr\/#\/schema\/person\/image\/\",\"url\":\"https:\/\/secure.gravatar.com\/avatar\/f941e681460179738071629a51574930?s=96&d=mm&r=g\",\"contentUrl\":\"https:\/\/secure.gravatar.com\/avatar\/f941e681460179738071629a51574930?s=96&d=mm&r=g\",\"caption\":\"Jean-Paul Erhard\"},\"url\":\"https:\/\/peoplesphere.be\/fr\/author\/jpe\/\"}]}<\/script>\n<!-- \/ Yoast SEO plugin. -->","yoast_head_json":{"title":"Le volume de l'emploi continue de progresser dans nos PME, o\u00f9 les seniors semblent trouver un cadre favorable \u00e0 la poursuite de leur carri\u00e8re. - Peoplesphere","robots":{"index":"index","follow":"follow","max-snippet":"max-snippet:-1","max-image-preview":"max-image-preview:large","max-video-preview":"max-video-preview:-1"},"canonical":"https:\/\/peoplesphere.be\/fr\/volume-de-lemploi-continue-de-progresser-nos-pme-seniors-semblent-trouver-cadre-favorable-a-poursuite-de-carriere\/","og_locale":"fr_FR","og_type":"article","og_title":"Le volume de l'emploi continue de progresser dans nos PME, o\u00f9 les seniors semblent trouver un cadre favorable \u00e0 la poursuite de leur carri\u00e8re. - Peoplesphere","og_description":"L&#8217;emploi dans nos PME a de nouveau augment\u00e9 en 2018. Avec une augmentation de 0,4 % par rapport \u00e0 fin 2017, il atteint ainsi un nouveau record. 2018 s&rsquo;est termin\u00e9e par une croissance de l&#8217;emploi dans nos PME belges. Bruxelles [&hellip;]","og_url":"https:\/\/peoplesphere.be\/fr\/volume-de-lemploi-continue-de-progresser-nos-pme-seniors-semblent-trouver-cadre-favorable-a-poursuite-de-carriere\/","og_site_name":"Peoplesphere","article_publisher":"https:\/\/www.facebook.com\/peoplesphere","article_published_time":"2019-03-13T09:53:16+00:00","og_image":[{"url":"http:\/\/www.peoplesphere.be\/fr\/wp-content\/uploads\/2016\/07\/facebook-default-posting-1200x628px.jpg"}],"author":"Jean-Paul Erhard","twitter_card":"summary_large_image","twitter_creator":"@PeoplesphereMag","twitter_site":"@PeoplesphereMag","twitter_misc":{"\u00c9crit par":"Jean-Paul Erhard","Dur\u00e9e de lecture estim\u00e9e":"3 minutes"},"schema":{"@context":"https:\/\/schema.org","@graph":[{"@type":"Article","@id":"https:\/\/peoplesphere.be\/fr\/volume-de-lemploi-continue-de-progresser-nos-pme-seniors-semblent-trouver-cadre-favorable-a-poursuite-de-carriere\/#article","isPartOf":{"@id":"https:\/\/peoplesphere.be\/fr\/volume-de-lemploi-continue-de-progresser-nos-pme-seniors-semblent-trouver-cadre-favorable-a-poursuite-de-carriere\/"},"author":{"name":"Jean-Paul Erhard","@id":"https:\/\/peoplesphere.be\/fr\/#\/schema\/person\/7976225ff17988604334abb7b3536a7e"},"headline":"Le volume de l&#8217;emploi continue de progresser dans nos PME, o\u00f9 les seniors semblent trouver un cadre favorable \u00e0 la poursuite de leur carri\u00e8re.","datePublished":"2019-03-13T09:53:16+00:00","dateModified":"2019-03-13T09:53:16+00:00","mainEntityOfPage":{"@id":"https:\/\/peoplesphere.be\/fr\/volume-de-lemploi-continue-de-progresser-nos-pme-seniors-semblent-trouver-cadre-favorable-a-poursuite-de-carriere\/"},"wordCount":690,"publisher":{"@id":"https:\/\/peoplesphere.be\/fr\/#organization"},"keywords":["emploi","PME","recrutement","SD Worx"],"articleSection":["Actualit\u00e9s","Digital"],"inLanguage":"fr-FR"},{"@type":"WebPage","@id":"https:\/\/peoplesphere.be\/fr\/volume-de-lemploi-continue-de-progresser-nos-pme-seniors-semblent-trouver-cadre-favorable-a-poursuite-de-carriere\/","url":"https:\/\/peoplesphere.be\/fr\/volume-de-lemploi-continue-de-progresser-nos-pme-seniors-semblent-trouver-cadre-favorable-a-poursuite-de-carriere\/","name":"Le volume de l'emploi continue de progresser dans nos PME, o\u00f9 les seniors semblent trouver un cadre favorable \u00e0 la poursuite de leur carri\u00e8re. - Peoplesphere","isPartOf":{"@id":"https:\/\/peoplesphere.be\/fr\/#website"},"datePublished":"2019-03-13T09:53:16+00:00","dateModified":"2019-03-13T09:53:16+00:00","breadcrumb":{"@id":"https:\/\/peoplesphere.be\/fr\/volume-de-lemploi-continue-de-progresser-nos-pme-seniors-semblent-trouver-cadre-favorable-a-poursuite-de-carriere\/#breadcrumb"},"inLanguage":"fr-FR","potentialAction":[{"@type":"ReadAction","target":["https:\/\/peoplesphere.be\/fr\/volume-de-lemploi-continue-de-progresser-nos-pme-seniors-semblent-trouver-cadre-favorable-a-poursuite-de-carriere\/"]}]},{"@type":"BreadcrumbList","@id":"https:\/\/peoplesphere.be\/fr\/volume-de-lemploi-continue-de-progresser-nos-pme-seniors-semblent-trouver-cadre-favorable-a-poursuite-de-carriere\/#breadcrumb","itemListElement":[{"@type":"ListItem","position":1,"name":"Accueil","item":"https:\/\/peoplesphere.be\/fr\/"},{"@type":"ListItem","position":2,"name":"Le volume de l&#8217;emploi continue de progresser dans nos PME, o\u00f9 les seniors semblent trouver un cadre favorable \u00e0 la poursuite de leur carri\u00e8re."}]},{"@type":"WebSite","@id":"https:\/\/peoplesphere.be\/fr\/#website","url":"https:\/\/peoplesphere.be\/fr\/","name":"Peoplesphere","description":"The People Managers Magazine","publisher":{"@id":"https:\/\/peoplesphere.be\/fr\/#organization"},"potentialAction":[{"@type":"SearchAction","target":{"@type":"EntryPoint","urlTemplate":"https:\/\/peoplesphere.be\/fr\/?s={search_term_string}"},"query-input":"required name=search_term_string"}],"inLanguage":"fr-FR"},{"@type":"Organization","@id":"https:\/\/peoplesphere.be\/fr\/#organization","name":"Peoplesphere Company srl","url":"https:\/\/peoplesphere.be\/fr\/","logo":{"@type":"ImageObject","inLanguage":"fr-FR","@id":"https:\/\/peoplesphere.be\/fr\/#\/schema\/logo\/image\/","url":"https:\/\/peoplesphere.be\/fr\/wp-content\/uploads\/2023\/07\/peoplesphere-lgo-new-generik.jpg","contentUrl":"https:\/\/peoplesphere.be\/fr\/wp-content\/uploads\/2023\/07\/peoplesphere-lgo-new-generik.jpg","width":1031,"height":1479,"caption":"Peoplesphere Company srl"},"image":{"@id":"https:\/\/peoplesphere.be\/fr\/#\/schema\/logo\/image\/"},"sameAs":["https:\/\/www.facebook.com\/peoplesphere","https:\/\/twitter.com\/PeoplesphereMag","https:\/\/www.linkedin.com\/company\/7587361?trk","http:\/\/youtube.com\/peoplesphere"]},{"@type":"Person","@id":"https:\/\/peoplesphere.be\/fr\/#\/schema\/person\/7976225ff17988604334abb7b3536a7e","name":"Jean-Paul Erhard","image":{"@type":"ImageObject","inLanguage":"fr-FR","@id":"https:\/\/peoplesphere.be\/fr\/#\/schema\/person\/image\/","url":"https:\/\/secure.gravatar.com\/avatar\/f941e681460179738071629a51574930?s=96&d=mm&r=g","contentUrl":"https:\/\/secure.gravatar.com\/avatar\/f941e681460179738071629a51574930?s=96&d=mm&r=g","caption":"Jean-Paul Erhard"},"url":"https:\/\/peoplesphere.be\/fr\/author\/jpe\/"}]}},"_links":{"self":[{"href":"https:\/\/peoplesphere.be\/fr\/wp-json\/wp\/v2\/posts\/7495"}],"collection":[{"href":"https:\/\/peoplesphere.be\/fr\/wp-json\/wp\/v2\/posts"}],"about":[{"href":"https:\/\/peoplesphere.be\/fr\/wp-json\/wp\/v2\/types\/post"}],"author":[{"embeddable":true,"href":"https:\/\/peoplesphere.be\/fr\/wp-json\/wp\/v2\/users\/2"}],"replies":[{"embeddable":true,"href":"https:\/\/peoplesphere.be\/fr\/wp-json\/wp\/v2\/comments?post=7495"}],"version-history":[{"count":1,"href":"https:\/\/peoplesphere.be\/fr\/wp-json\/wp\/v2\/posts\/7495\/revisions"}],"predecessor-version":[{"id":7496,"href":"https:\/\/peoplesphere.be\/fr\/wp-json\/wp\/v2\/posts\/7495\/revisions\/7496"}],"wp:attachment":[{"href":"https:\/\/peoplesphere.be\/fr\/wp-json\/wp\/v2\/media?parent=7495"}],"wp:term":[{"taxonomy":"category","embeddable":true,"href":"https:\/\/peoplesphere.be\/fr\/wp-json\/wp\/v2\/categories?post=7495"},{"taxonomy":"post_tag","embeddable":true,"href":"https:\/\/peoplesphere.be\/fr\/wp-json\/wp\/v2\/tags?post=7495"}],"curies":[{"name":"wp","href":"https:\/\/api.w.org\/{rel}","templated":true}]}}