









{"id":7509,"date":"2019-03-14T16:18:05","date_gmt":"2019-03-14T14:18:05","guid":{"rendered":"http:\/\/www.peoplesphere.be\/fr\/?p=7509"},"modified":"2019-03-14T16:18:05","modified_gmt":"2019-03-14T14:18:05","slug":"vers-systeme-europeen-unique-de-suivi-pensions","status":"publish","type":"post","link":"https:\/\/peoplesphere.be\/fr\/vers-systeme-europeen-unique-de-suivi-pensions\/","title":{"rendered":"Vers un syst\u00e8me europ\u00e9en unique de suivi des pensions?"},"content":{"rendered":"<p>Le lancement de l&rsquo;ETS &#8211; European Tracking System on Pensions a lieu aujourd&rsquo;hui. De quoi s&rsquo;agit-il? Le projet pilote de syst\u00e8me europ\u00e9en de suivi des pensions pour lequel la Commission europ\u00e9enne va investir 1,7 million d&rsquo;euros dans le projet au cours des 3 prochaines ann\u00e9es vise \u00e0 d\u00e9velopper un syst\u00e8me transfrontalier de suivi des pensions en ligne. Un consortium d&rsquo;acteurs europ\u00e9ens exp\u00e9riment\u00e9s dans le domaine des pensions a accept\u00e9 de relever le d\u00e9fi de la Commission europ\u00e9enne.<!--more--><\/p>\n<p>Ce syst\u00e8me doit permettre aux personnes qui ont travaill\u00e9 dans l&rsquo;UE de suivre les droits de pension qu&rsquo;elles se sont constitu\u00e9s au cours de leur carri\u00e8re dans diff\u00e9rents \u00c9tats membres et r\u00e9gimes.<\/p>\n<p>Dans les 3 prochaines ann\u00e9es, la Commission europ\u00e9enne va investir 1,7 million d&rsquo;euros dans le projet. Il s&rsquo;inscrit dans le prolongement de l&rsquo;ancien projet TTYPE (Track and Trace Your Pension in Europe). Le projet TTYPE s&rsquo;est d\u00e9roul\u00e9 de juin 2013 \u00e0 juin 2016 et a permis de concevoir l&rsquo;\u00e9ventuel projet, de formuler des recommandations et d&rsquo;\u00e9laborer un business plan pour un syst\u00e8me europ\u00e9en de suivi des pensions.<\/p>\n<p>Depuis le 1er janvier 2019, le consortium d\u00e9veloppe le projet pilote de syst\u00e8me europ\u00e9en de suivi des pensions en se basant sur une marque qui existait d\u00e9j\u00e0 : <a href=\"http:\/\/www.findyourpension.eu\">www.findyourpension.eu<\/a>. Depuis 2011, ce site Internet aide les chercheurs qui ont travaill\u00e9 dans plusieurs pays \u00e0 s&rsquo;y retrouver en ce qui concerne leurs diff\u00e9rents droits de pension.<\/p>\n<p>Dans un premier temps (projet pilote), l&rsquo;ETS donnera des informations g\u00e9n\u00e9rales sur le paysage des pensions dans un grand nombre de pays europ\u00e9ens et aidera les travailleurs mobiles \u00e0 trouver leurs prestataires de pension dans au moins 5 \u00c9tats membres. L&rsquo;objectif principal de ce projet est de donner aux travailleurs transfrontaliers et \u00e0 d&rsquo;autres travailleurs qui sont professionnellement mobiles un aper\u00e7u de leur situation en mati\u00e8re de pension. Pour ce faire, la cr\u00e9ation par l&rsquo;interm\u00e9diaire de l&rsquo;ETS des interfaces et de la base technique permettant de montrer quels droits de pension ont \u00e9t\u00e9 constitu\u00e9s fera partie int\u00e9grante du projet sous la forme d&rsquo;une preuve de concept.<\/p>\n<p>L&rsquo;objectif est de lancer progressivement le service et, une fois le projet pilote achev\u00e9, de raccorder \u00e0 la plateforme le plus de syst\u00e8mes de suivi nationaux et de prestataires de pension possibles.<\/p>\n<p>Les membres du consortium sont des syst\u00e8mes nationaux de suivi des pensions \u00a0(Sigedis (Belgique) et\u00a0Minpension.se (Su\u00e8de)), des organismes et prestataires de pension \u00a0(APG (Pays-Bas),\u00a0Service f\u00e9d\u00e9ral des Pensions (Belgique),\u00a0Agence su\u00e9doise pour les pensions (Pensionsmyndigheten) (Su\u00e8de),\u00a0PGGM (Pays-Bas),\u00a0Versorgungsanstalt des Bundes und der L\u00e4nder (VBL, Allemagne) et enfin la\u00a0European Association of Paritarian Institutions (AEIP).<\/p>\n","protected":false},"excerpt":{"rendered":"<p>Le lancement de l&rsquo;ETS &#8211; European Tracking System on Pensions a lieu aujourd&rsquo;hui. De quoi s&rsquo;agit-il? Le projet pilote de syst\u00e8me europ\u00e9en de suivi des pensions pour lequel la Commission europ\u00e9enne va investir 1,7 million d&rsquo;euros dans le projet au [&hellip;]<\/p>\n","protected":false},"author":2,"featured_media":0,"comment_status":"closed","ping_status":"open","sticky":false,"template":"","format":"standard","meta":[],"categories":[65,10],"tags":[1541,451,2102,57,359],"yoast_head":"<!-- This site is optimized with the Yoast SEO plugin v21.0 - https:\/\/yoast.com\/wordpress\/plugins\/seo\/ -->\n<title>Vers un syst\u00e8me europ\u00e9en unique de suivi des pensions? - Peoplesphere<\/title>\n<meta name=\"robots\" content=\"index, follow, max-snippet:-1, max-image-preview:large, max-video-preview:-1\" \/>\n<link rel=\"canonical\" href=\"https:\/\/peoplesphere.be\/fr\/vers-systeme-europeen-unique-de-suivi-pensions\/\" \/>\n<meta property=\"og:locale\" content=\"fr_FR\" \/>\n<meta property=\"og:type\" content=\"article\" \/>\n<meta property=\"og:title\" content=\"Vers un syst\u00e8me europ\u00e9en unique de suivi des pensions? - Peoplesphere\" \/>\n<meta property=\"og:description\" content=\"Le lancement de l&rsquo;ETS &#8211; European Tracking System on Pensions a lieu aujourd&rsquo;hui. De quoi s&rsquo;agit-il? Le projet pilote de syst\u00e8me europ\u00e9en de suivi des pensions pour lequel la Commission europ\u00e9enne va investir 1,7 million d&rsquo;euros dans le projet au [&hellip;]\" \/>\n<meta property=\"og:url\" content=\"https:\/\/peoplesphere.be\/fr\/vers-systeme-europeen-unique-de-suivi-pensions\/\" \/>\n<meta property=\"og:site_name\" content=\"Peoplesphere\" \/>\n<meta property=\"article:publisher\" content=\"https:\/\/www.facebook.com\/peoplesphere\" \/>\n<meta property=\"article:published_time\" content=\"2019-03-14T14:18:05+00:00\" \/>\n<meta property=\"og:image\" content=\"http:\/\/www.peoplesphere.be\/fr\/wp-content\/uploads\/2016\/07\/facebook-default-posting-1200x628px.jpg\" \/>\n<meta name=\"author\" content=\"Jean-Paul Erhard\" \/>\n<meta name=\"twitter:card\" content=\"summary_large_image\" \/>\n<meta name=\"twitter:creator\" content=\"@PeoplesphereMag\" \/>\n<meta name=\"twitter:site\" content=\"@PeoplesphereMag\" \/>\n<meta name=\"twitter:label1\" content=\"\u00c9crit par\" \/>\n\t<meta name=\"twitter:data1\" content=\"Jean-Paul Erhard\" \/>\n\t<meta name=\"twitter:label2\" content=\"Dur\u00e9e de lecture estim\u00e9e\" \/>\n\t<meta name=\"twitter:data2\" content=\"2 minutes\" \/>\n<script type=\"application\/ld+json\" class=\"yoast-schema-graph\">{\"@context\":\"https:\/\/schema.org\",\"@graph\":[{\"@type\":\"Article\",\"@id\":\"https:\/\/peoplesphere.be\/fr\/vers-systeme-europeen-unique-de-suivi-pensions\/#article\",\"isPartOf\":{\"@id\":\"https:\/\/peoplesphere.be\/fr\/vers-systeme-europeen-unique-de-suivi-pensions\/\"},\"author\":{\"name\":\"Jean-Paul Erhard\",\"@id\":\"https:\/\/peoplesphere.be\/fr\/#\/schema\/person\/7976225ff17988604334abb7b3536a7e\"},\"headline\":\"Vers un syst\u00e8me europ\u00e9en unique de suivi des pensions?\",\"datePublished\":\"2019-03-14T14:18:05+00:00\",\"dateModified\":\"2019-03-14T14:18:05+00:00\",\"mainEntityOfPage\":{\"@id\":\"https:\/\/peoplesphere.be\/fr\/vers-systeme-europeen-unique-de-suivi-pensions\/\"},\"wordCount\":468,\"publisher\":{\"@id\":\"https:\/\/peoplesphere.be\/fr\/#organization\"},\"keywords\":[\"commission europ\u00e9enne\",\"digitalisation\",\"mobilit\u00e9 internationale\",\"pensions\",\"simplification\"],\"articleSection\":[\"Actualit\u00e9s\",\"Digital\"],\"inLanguage\":\"fr-FR\"},{\"@type\":\"WebPage\",\"@id\":\"https:\/\/peoplesphere.be\/fr\/vers-systeme-europeen-unique-de-suivi-pensions\/\",\"url\":\"https:\/\/peoplesphere.be\/fr\/vers-systeme-europeen-unique-de-suivi-pensions\/\",\"name\":\"Vers un syst\u00e8me europ\u00e9en unique de suivi des pensions? - Peoplesphere\",\"isPartOf\":{\"@id\":\"https:\/\/peoplesphere.be\/fr\/#website\"},\"datePublished\":\"2019-03-14T14:18:05+00:00\",\"dateModified\":\"2019-03-14T14:18:05+00:00\",\"breadcrumb\":{\"@id\":\"https:\/\/peoplesphere.be\/fr\/vers-systeme-europeen-unique-de-suivi-pensions\/#breadcrumb\"},\"inLanguage\":\"fr-FR\",\"potentialAction\":[{\"@type\":\"ReadAction\",\"target\":[\"https:\/\/peoplesphere.be\/fr\/vers-systeme-europeen-unique-de-suivi-pensions\/\"]}]},{\"@type\":\"BreadcrumbList\",\"@id\":\"https:\/\/peoplesphere.be\/fr\/vers-systeme-europeen-unique-de-suivi-pensions\/#breadcrumb\",\"itemListElement\":[{\"@type\":\"ListItem\",\"position\":1,\"name\":\"Accueil\",\"item\":\"https:\/\/peoplesphere.be\/fr\/\"},{\"@type\":\"ListItem\",\"position\":2,\"name\":\"Vers un syst\u00e8me europ\u00e9en unique de suivi des pensions?\"}]},{\"@type\":\"WebSite\",\"@id\":\"https:\/\/peoplesphere.be\/fr\/#website\",\"url\":\"https:\/\/peoplesphere.be\/fr\/\",\"name\":\"Peoplesphere\",\"description\":\"The People Managers Magazine\",\"publisher\":{\"@id\":\"https:\/\/peoplesphere.be\/fr\/#organization\"},\"potentialAction\":[{\"@type\":\"SearchAction\",\"target\":{\"@type\":\"EntryPoint\",\"urlTemplate\":\"https:\/\/peoplesphere.be\/fr\/?s={search_term_string}\"},\"query-input\":\"required name=search_term_string\"}],\"inLanguage\":\"fr-FR\"},{\"@type\":\"Organization\",\"@id\":\"https:\/\/peoplesphere.be\/fr\/#organization\",\"name\":\"Peoplesphere Company srl\",\"url\":\"https:\/\/peoplesphere.be\/fr\/\",\"logo\":{\"@type\":\"ImageObject\",\"inLanguage\":\"fr-FR\",\"@id\":\"https:\/\/peoplesphere.be\/fr\/#\/schema\/logo\/image\/\",\"url\":\"https:\/\/peoplesphere.be\/fr\/wp-content\/uploads\/2023\/07\/peoplesphere-lgo-new-generik.jpg\",\"contentUrl\":\"https:\/\/peoplesphere.be\/fr\/wp-content\/uploads\/2023\/07\/peoplesphere-lgo-new-generik.jpg\",\"width\":1031,\"height\":1479,\"caption\":\"Peoplesphere Company srl\"},\"image\":{\"@id\":\"https:\/\/peoplesphere.be\/fr\/#\/schema\/logo\/image\/\"},\"sameAs\":[\"https:\/\/www.facebook.com\/peoplesphere\",\"https:\/\/twitter.com\/PeoplesphereMag\",\"https:\/\/www.linkedin.com\/company\/7587361?trk\",\"http:\/\/youtube.com\/peoplesphere\"]},{\"@type\":\"Person\",\"@id\":\"https:\/\/peoplesphere.be\/fr\/#\/schema\/person\/7976225ff17988604334abb7b3536a7e\",\"name\":\"Jean-Paul Erhard\",\"image\":{\"@type\":\"ImageObject\",\"inLanguage\":\"fr-FR\",\"@id\":\"https:\/\/peoplesphere.be\/fr\/#\/schema\/person\/image\/\",\"url\":\"https:\/\/secure.gravatar.com\/avatar\/f941e681460179738071629a51574930?s=96&d=mm&r=g\",\"contentUrl\":\"https:\/\/secure.gravatar.com\/avatar\/f941e681460179738071629a51574930?s=96&d=mm&r=g\",\"caption\":\"Jean-Paul Erhard\"},\"url\":\"https:\/\/peoplesphere.be\/fr\/author\/jpe\/\"}]}<\/script>\n<!-- \/ Yoast SEO plugin. -->","yoast_head_json":{"title":"Vers un syst\u00e8me europ\u00e9en unique de suivi des pensions? - Peoplesphere","robots":{"index":"index","follow":"follow","max-snippet":"max-snippet:-1","max-image-preview":"max-image-preview:large","max-video-preview":"max-video-preview:-1"},"canonical":"https:\/\/peoplesphere.be\/fr\/vers-systeme-europeen-unique-de-suivi-pensions\/","og_locale":"fr_FR","og_type":"article","og_title":"Vers un syst\u00e8me europ\u00e9en unique de suivi des pensions? - Peoplesphere","og_description":"Le lancement de l&rsquo;ETS &#8211; European Tracking System on Pensions a lieu aujourd&rsquo;hui. De quoi s&rsquo;agit-il? Le projet pilote de syst\u00e8me europ\u00e9en de suivi des pensions pour lequel la Commission europ\u00e9enne va investir 1,7 million d&rsquo;euros dans le projet au [&hellip;]","og_url":"https:\/\/peoplesphere.be\/fr\/vers-systeme-europeen-unique-de-suivi-pensions\/","og_site_name":"Peoplesphere","article_publisher":"https:\/\/www.facebook.com\/peoplesphere","article_published_time":"2019-03-14T14:18:05+00:00","og_image":[{"url":"http:\/\/www.peoplesphere.be\/fr\/wp-content\/uploads\/2016\/07\/facebook-default-posting-1200x628px.jpg"}],"author":"Jean-Paul Erhard","twitter_card":"summary_large_image","twitter_creator":"@PeoplesphereMag","twitter_site":"@PeoplesphereMag","twitter_misc":{"\u00c9crit par":"Jean-Paul Erhard","Dur\u00e9e de lecture estim\u00e9e":"2 minutes"},"schema":{"@context":"https:\/\/schema.org","@graph":[{"@type":"Article","@id":"https:\/\/peoplesphere.be\/fr\/vers-systeme-europeen-unique-de-suivi-pensions\/#article","isPartOf":{"@id":"https:\/\/peoplesphere.be\/fr\/vers-systeme-europeen-unique-de-suivi-pensions\/"},"author":{"name":"Jean-Paul Erhard","@id":"https:\/\/peoplesphere.be\/fr\/#\/schema\/person\/7976225ff17988604334abb7b3536a7e"},"headline":"Vers un syst\u00e8me europ\u00e9en unique de suivi des pensions?","datePublished":"2019-03-14T14:18:05+00:00","dateModified":"2019-03-14T14:18:05+00:00","mainEntityOfPage":{"@id":"https:\/\/peoplesphere.be\/fr\/vers-systeme-europeen-unique-de-suivi-pensions\/"},"wordCount":468,"publisher":{"@id":"https:\/\/peoplesphere.be\/fr\/#organization"},"keywords":["commission europ\u00e9enne","digitalisation","mobilit\u00e9 internationale","pensions","simplification"],"articleSection":["Actualit\u00e9s","Digital"],"inLanguage":"fr-FR"},{"@type":"WebPage","@id":"https:\/\/peoplesphere.be\/fr\/vers-systeme-europeen-unique-de-suivi-pensions\/","url":"https:\/\/peoplesphere.be\/fr\/vers-systeme-europeen-unique-de-suivi-pensions\/","name":"Vers un syst\u00e8me europ\u00e9en unique de suivi des pensions? - Peoplesphere","isPartOf":{"@id":"https:\/\/peoplesphere.be\/fr\/#website"},"datePublished":"2019-03-14T14:18:05+00:00","dateModified":"2019-03-14T14:18:05+00:00","breadcrumb":{"@id":"https:\/\/peoplesphere.be\/fr\/vers-systeme-europeen-unique-de-suivi-pensions\/#breadcrumb"},"inLanguage":"fr-FR","potentialAction":[{"@type":"ReadAction","target":["https:\/\/peoplesphere.be\/fr\/vers-systeme-europeen-unique-de-suivi-pensions\/"]}]},{"@type":"BreadcrumbList","@id":"https:\/\/peoplesphere.be\/fr\/vers-systeme-europeen-unique-de-suivi-pensions\/#breadcrumb","itemListElement":[{"@type":"ListItem","position":1,"name":"Accueil","item":"https:\/\/peoplesphere.be\/fr\/"},{"@type":"ListItem","position":2,"name":"Vers un syst\u00e8me europ\u00e9en unique de suivi des pensions?"}]},{"@type":"WebSite","@id":"https:\/\/peoplesphere.be\/fr\/#website","url":"https:\/\/peoplesphere.be\/fr\/","name":"Peoplesphere","description":"The People Managers Magazine","publisher":{"@id":"https:\/\/peoplesphere.be\/fr\/#organization"},"potentialAction":[{"@type":"SearchAction","target":{"@type":"EntryPoint","urlTemplate":"https:\/\/peoplesphere.be\/fr\/?s={search_term_string}"},"query-input":"required name=search_term_string"}],"inLanguage":"fr-FR"},{"@type":"Organization","@id":"https:\/\/peoplesphere.be\/fr\/#organization","name":"Peoplesphere Company srl","url":"https:\/\/peoplesphere.be\/fr\/","logo":{"@type":"ImageObject","inLanguage":"fr-FR","@id":"https:\/\/peoplesphere.be\/fr\/#\/schema\/logo\/image\/","url":"https:\/\/peoplesphere.be\/fr\/wp-content\/uploads\/2023\/07\/peoplesphere-lgo-new-generik.jpg","contentUrl":"https:\/\/peoplesphere.be\/fr\/wp-content\/uploads\/2023\/07\/peoplesphere-lgo-new-generik.jpg","width":1031,"height":1479,"caption":"Peoplesphere Company srl"},"image":{"@id":"https:\/\/peoplesphere.be\/fr\/#\/schema\/logo\/image\/"},"sameAs":["https:\/\/www.facebook.com\/peoplesphere","https:\/\/twitter.com\/PeoplesphereMag","https:\/\/www.linkedin.com\/company\/7587361?trk","http:\/\/youtube.com\/peoplesphere"]},{"@type":"Person","@id":"https:\/\/peoplesphere.be\/fr\/#\/schema\/person\/7976225ff17988604334abb7b3536a7e","name":"Jean-Paul Erhard","image":{"@type":"ImageObject","inLanguage":"fr-FR","@id":"https:\/\/peoplesphere.be\/fr\/#\/schema\/person\/image\/","url":"https:\/\/secure.gravatar.com\/avatar\/f941e681460179738071629a51574930?s=96&d=mm&r=g","contentUrl":"https:\/\/secure.gravatar.com\/avatar\/f941e681460179738071629a51574930?s=96&d=mm&r=g","caption":"Jean-Paul Erhard"},"url":"https:\/\/peoplesphere.be\/fr\/author\/jpe\/"}]}},"_links":{"self":[{"href":"https:\/\/peoplesphere.be\/fr\/wp-json\/wp\/v2\/posts\/7509"}],"collection":[{"href":"https:\/\/peoplesphere.be\/fr\/wp-json\/wp\/v2\/posts"}],"about":[{"href":"https:\/\/peoplesphere.be\/fr\/wp-json\/wp\/v2\/types\/post"}],"author":[{"embeddable":true,"href":"https:\/\/peoplesphere.be\/fr\/wp-json\/wp\/v2\/users\/2"}],"replies":[{"embeddable":true,"href":"https:\/\/peoplesphere.be\/fr\/wp-json\/wp\/v2\/comments?post=7509"}],"version-history":[{"count":1,"href":"https:\/\/peoplesphere.be\/fr\/wp-json\/wp\/v2\/posts\/7509\/revisions"}],"predecessor-version":[{"id":7510,"href":"https:\/\/peoplesphere.be\/fr\/wp-json\/wp\/v2\/posts\/7509\/revisions\/7510"}],"wp:attachment":[{"href":"https:\/\/peoplesphere.be\/fr\/wp-json\/wp\/v2\/media?parent=7509"}],"wp:term":[{"taxonomy":"category","embeddable":true,"href":"https:\/\/peoplesphere.be\/fr\/wp-json\/wp\/v2\/categories?post=7509"},{"taxonomy":"post_tag","embeddable":true,"href":"https:\/\/peoplesphere.be\/fr\/wp-json\/wp\/v2\/tags?post=7509"}],"curies":[{"name":"wp","href":"https:\/\/api.w.org\/{rel}","templated":true}]}}