









{"id":7525,"date":"2019-03-19T21:34:40","date_gmt":"2019-03-19T19:34:40","guid":{"rendered":"http:\/\/www.peoplesphere.be\/fr\/?p=7525"},"modified":"2019-03-19T21:34:40","modified_gmt":"2019-03-19T19:34:40","slug":"lentreprise-de-securite-g4s-emploie-personnes-atteintes-dautisme-controle-bagages-a-brussels-airport","status":"publish","type":"post","link":"https:\/\/peoplesphere.be\/fr\/lentreprise-de-securite-g4s-emploie-personnes-atteintes-dautisme-controle-bagages-a-brussels-airport\/","title":{"rendered":"L\u2019entreprise de s\u00e9curit\u00e9 G4S emploie des personnes atteintes d\u2019autisme dans le contr\u00f4le des bagages \u00e0 Brussels Airport."},"content":{"rendered":"<p>Depuis f\u00e9vrier, G4S, entreprise experte en s\u00e9curit\u00e9 int\u00e9gr\u00e9e, emploie six personnes souffrant d\u2019autisme (ASS) \u00e0 Brussels Airport. Ce projet pilote est men\u00e9 en collaboration avec TRplus\/Passwerk. Les nouveaux travailleurs sont charg\u00e9s du contr\u00f4le aux rayons X des bagages des passagers de l\u2019a\u00e9roport. Les screeners sont essentiels pour garantir la s\u00e9curit\u00e9 \u00e0 l\u2019a\u00e9roport. Les personnes souffrant d\u2019autisme traitent les informations diff\u00e9rement, ce qui leur permet de remarquer plus rapidement les irr\u00e9gularit\u00e9s.<!--more--><\/p>\n<p><em>\u00ab\u00a0Les premi\u00e8res semaines de nos nouveaux collaborateurs montrent d\u00e9j\u00e0 qu\u2019ils poss\u00e8dent toutes les qualit\u00e9s requises pour ma\u00eetriser rapidement le processus de screening, \u00bb<\/em> explique Jean-Paul Van Avermaet de G4S Belgium.<\/p>\n<p>Encadr\u00e9e par TRplus\/Passwerk, G4S emploie depuis f\u00e9vrier six personnes souffrant d\u2019un trouble du spectre autistique. TRplus\/Passwerk est une organisation qui met au travail des personnes atteintes d\u2019autisme dans divers secteurs, dont l\u2019ICT, et qui pr\u00e9voit un coaching professionnel de ses collaborateurs tout au long de leur carri\u00e8re.<\/p>\n<p>Les collaborateurs sont charg\u00e9s du contr\u00f4le aux rayons X des bagages des passagers de Brussels Airport. Les personnes autistes ont une grande capacit\u00e9 de concentration et sont perfectionnistes. Du fait de leur attention au moindre d\u00e9tail, elles excellent dans la reconnaissance d\u2019irr\u00e9gularit\u00e9s. Cette concentration et cette attention aux d\u00e9tails font qu\u2019elles sont particuli\u00e8rement efficaces dans l\u2019ex\u00e9cution de la fonction de contr\u00f4leur.<\/p>\n<p><em>\u00ab Les personnes atteintes d\u2019autisme \u00e9prouvent souvent des difficult\u00e9s \u00e0 trouver un emploi sur le march\u00e9 du travail classique,\u00a0\u00bb<\/em> explique Nico De Cleen de TRplus\/Passwerk. <em>\u00ab\u00a0Des fonctions comme le contr\u00f4le des bagages \u00e0 l\u2019a\u00e9roport leur vont toutefois comme un gant. Les atouts des personnes autistes sont parfaitement en ad\u00e9quation avec les exigences professionnelles requises d\u2019un bon screener. \u00bb<\/em><\/p>\n<p><strong><em>Diversit\u00e9 des emplois et des profils<\/em><\/strong><\/p>\n<p>Ces derniers mois, les sceeners en herbe ont parcouru un processus de recrutement complet. Un groupe d\u2019apprentissage s\u00e9par\u00e9 a \u00e9t\u00e9 constitu\u00e9, avec une formation adapt\u00e9e \u00e0 leurs besoins et le d\u00e9veloppement d\u2019un profil d\u2019encadrement individuel en collaboration avec TRplus\/Passwerk. Pour s\u2019assurer qu\u2019ils se sentent bien dans leur peau, G4S et TRplus\/Passwerk ont mis au point, en collaboration avec Brussels Airport, un espace de travail calme, loin de l\u2019agitation si typique d\u2019un a\u00e9roport.<\/p>\n<p><em>\u00ab Best People est l\u2019une de nos principales valeurs collectives \u00bb<\/em>, affirme Jean-Paul Van Avermaet de G4S Belgium. <em>\u00ab Mais Best People ne se limite pas \u00e0 un seul profil. Il y a, au sein de notre organisation, une grande diversit\u00e9 de fonctions et cela veut donc dire aussi une grande diversit\u00e9 de profils qui entrent en ligne de compte pour un emploi chez G4S. Bref, ce que nous recherchons dans notre effectif, c\u2019est d\u2019\u00eatre un reflet de la population professionnelle. Ce projet pilote avec Passwerk s\u2019inscrit parfaitement dans cette vision. \u00bb<\/em><\/p>\n<p>Ce projet est n\u00e9 des r\u00e9unions d\u2019innovation entre G4S et Brussels Airport Company. La s\u00e9curit\u00e9 est une priorit\u00e9 essentielle pour les deux parties. C\u2019est pourquoi la recherche d\u2019applications \u00e9volutives favorables aux op\u00e9rations de s\u00e9curisation est une pr\u00e9occupation permanente.<\/p>\n","protected":false},"excerpt":{"rendered":"<p>Depuis f\u00e9vrier, G4S, entreprise experte en s\u00e9curit\u00e9 int\u00e9gr\u00e9e, emploie six personnes souffrant d\u2019autisme (ASS) \u00e0 Brussels Airport. Ce projet pilote est men\u00e9 en collaboration avec TRplus\/Passwerk. Les nouveaux travailleurs sont charg\u00e9s du contr\u00f4le aux rayons X des bagages des passagers [&hellip;]<\/p>\n","protected":false},"author":2,"featured_media":0,"comment_status":"closed","ping_status":"open","sticky":false,"template":"","format":"standard","meta":[],"categories":[65,10],"tags":[2170,169,2415,72,23],"yoast_head":"<!-- This site is optimized with the Yoast SEO plugin v21.0 - https:\/\/yoast.com\/wordpress\/plugins\/seo\/ -->\n<title>L\u2019entreprise de s\u00e9curit\u00e9 G4S emploie des personnes atteintes d\u2019autisme dans le contr\u00f4le des bagages \u00e0 Brussels Airport. - Peoplesphere<\/title>\n<meta name=\"robots\" content=\"index, follow, max-snippet:-1, max-image-preview:large, max-video-preview:-1\" \/>\n<link rel=\"canonical\" href=\"https:\/\/peoplesphere.be\/fr\/lentreprise-de-securite-g4s-emploie-personnes-atteintes-dautisme-controle-bagages-a-brussels-airport\/\" \/>\n<meta property=\"og:locale\" content=\"fr_FR\" \/>\n<meta property=\"og:type\" content=\"article\" \/>\n<meta property=\"og:title\" content=\"L\u2019entreprise de s\u00e9curit\u00e9 G4S emploie des personnes atteintes d\u2019autisme dans le contr\u00f4le des bagages \u00e0 Brussels Airport. - Peoplesphere\" \/>\n<meta property=\"og:description\" content=\"Depuis f\u00e9vrier, G4S, entreprise experte en s\u00e9curit\u00e9 int\u00e9gr\u00e9e, emploie six personnes souffrant d\u2019autisme (ASS) \u00e0 Brussels Airport. Ce projet pilote est men\u00e9 en collaboration avec TRplus\/Passwerk. Les nouveaux travailleurs sont charg\u00e9s du contr\u00f4le aux rayons X des bagages des passagers [&hellip;]\" \/>\n<meta property=\"og:url\" content=\"https:\/\/peoplesphere.be\/fr\/lentreprise-de-securite-g4s-emploie-personnes-atteintes-dautisme-controle-bagages-a-brussels-airport\/\" \/>\n<meta property=\"og:site_name\" content=\"Peoplesphere\" \/>\n<meta property=\"article:publisher\" content=\"https:\/\/www.facebook.com\/peoplesphere\" \/>\n<meta property=\"article:published_time\" content=\"2019-03-19T19:34:40+00:00\" \/>\n<meta property=\"og:image\" content=\"http:\/\/www.peoplesphere.be\/fr\/wp-content\/uploads\/2016\/07\/facebook-default-posting-1200x628px.jpg\" \/>\n<meta name=\"author\" content=\"Jean-Paul Erhard\" \/>\n<meta name=\"twitter:card\" content=\"summary_large_image\" \/>\n<meta name=\"twitter:creator\" content=\"@PeoplesphereMag\" \/>\n<meta name=\"twitter:site\" content=\"@PeoplesphereMag\" \/>\n<meta name=\"twitter:label1\" content=\"\u00c9crit par\" \/>\n\t<meta name=\"twitter:data1\" content=\"Jean-Paul Erhard\" \/>\n\t<meta name=\"twitter:label2\" content=\"Dur\u00e9e de lecture estim\u00e9e\" \/>\n\t<meta name=\"twitter:data2\" content=\"3 minutes\" \/>\n<script type=\"application\/ld+json\" class=\"yoast-schema-graph\">{\"@context\":\"https:\/\/schema.org\",\"@graph\":[{\"@type\":\"Article\",\"@id\":\"https:\/\/peoplesphere.be\/fr\/lentreprise-de-securite-g4s-emploie-personnes-atteintes-dautisme-controle-bagages-a-brussels-airport\/#article\",\"isPartOf\":{\"@id\":\"https:\/\/peoplesphere.be\/fr\/lentreprise-de-securite-g4s-emploie-personnes-atteintes-dautisme-controle-bagages-a-brussels-airport\/\"},\"author\":{\"name\":\"Jean-Paul Erhard\",\"@id\":\"https:\/\/peoplesphere.be\/fr\/#\/schema\/person\/7976225ff17988604334abb7b3536a7e\"},\"headline\":\"L\u2019entreprise de s\u00e9curit\u00e9 G4S emploie des personnes atteintes d\u2019autisme dans le contr\u00f4le des bagages \u00e0 Brussels Airport.\",\"datePublished\":\"2019-03-19T19:34:40+00:00\",\"dateModified\":\"2019-03-19T19:34:40+00:00\",\"mainEntityOfPage\":{\"@id\":\"https:\/\/peoplesphere.be\/fr\/lentreprise-de-securite-g4s-emploie-personnes-atteintes-dautisme-controle-bagages-a-brussels-airport\/\"},\"wordCount\":566,\"publisher\":{\"@id\":\"https:\/\/peoplesphere.be\/fr\/#organization\"},\"keywords\":[\"Brussels Airport\",\"diversit\u00e9\",\"G4S\",\"recrutement\",\"S\u00e9curit\u00e9\"],\"articleSection\":[\"Actualit\u00e9s\",\"Digital\"],\"inLanguage\":\"fr-FR\"},{\"@type\":\"WebPage\",\"@id\":\"https:\/\/peoplesphere.be\/fr\/lentreprise-de-securite-g4s-emploie-personnes-atteintes-dautisme-controle-bagages-a-brussels-airport\/\",\"url\":\"https:\/\/peoplesphere.be\/fr\/lentreprise-de-securite-g4s-emploie-personnes-atteintes-dautisme-controle-bagages-a-brussels-airport\/\",\"name\":\"L\u2019entreprise de s\u00e9curit\u00e9 G4S emploie des personnes atteintes d\u2019autisme dans le contr\u00f4le des bagages \u00e0 Brussels Airport. - Peoplesphere\",\"isPartOf\":{\"@id\":\"https:\/\/peoplesphere.be\/fr\/#website\"},\"datePublished\":\"2019-03-19T19:34:40+00:00\",\"dateModified\":\"2019-03-19T19:34:40+00:00\",\"breadcrumb\":{\"@id\":\"https:\/\/peoplesphere.be\/fr\/lentreprise-de-securite-g4s-emploie-personnes-atteintes-dautisme-controle-bagages-a-brussels-airport\/#breadcrumb\"},\"inLanguage\":\"fr-FR\",\"potentialAction\":[{\"@type\":\"ReadAction\",\"target\":[\"https:\/\/peoplesphere.be\/fr\/lentreprise-de-securite-g4s-emploie-personnes-atteintes-dautisme-controle-bagages-a-brussels-airport\/\"]}]},{\"@type\":\"BreadcrumbList\",\"@id\":\"https:\/\/peoplesphere.be\/fr\/lentreprise-de-securite-g4s-emploie-personnes-atteintes-dautisme-controle-bagages-a-brussels-airport\/#breadcrumb\",\"itemListElement\":[{\"@type\":\"ListItem\",\"position\":1,\"name\":\"Accueil\",\"item\":\"https:\/\/peoplesphere.be\/fr\/\"},{\"@type\":\"ListItem\",\"position\":2,\"name\":\"L\u2019entreprise de s\u00e9curit\u00e9 G4S emploie des personnes atteintes d\u2019autisme dans le contr\u00f4le des bagages \u00e0 Brussels Airport.\"}]},{\"@type\":\"WebSite\",\"@id\":\"https:\/\/peoplesphere.be\/fr\/#website\",\"url\":\"https:\/\/peoplesphere.be\/fr\/\",\"name\":\"Peoplesphere\",\"description\":\"The People Managers Magazine\",\"publisher\":{\"@id\":\"https:\/\/peoplesphere.be\/fr\/#organization\"},\"potentialAction\":[{\"@type\":\"SearchAction\",\"target\":{\"@type\":\"EntryPoint\",\"urlTemplate\":\"https:\/\/peoplesphere.be\/fr\/?s={search_term_string}\"},\"query-input\":\"required name=search_term_string\"}],\"inLanguage\":\"fr-FR\"},{\"@type\":\"Organization\",\"@id\":\"https:\/\/peoplesphere.be\/fr\/#organization\",\"name\":\"Peoplesphere Company srl\",\"url\":\"https:\/\/peoplesphere.be\/fr\/\",\"logo\":{\"@type\":\"ImageObject\",\"inLanguage\":\"fr-FR\",\"@id\":\"https:\/\/peoplesphere.be\/fr\/#\/schema\/logo\/image\/\",\"url\":\"https:\/\/peoplesphere.be\/fr\/wp-content\/uploads\/2023\/07\/peoplesphere-lgo-new-generik.jpg\",\"contentUrl\":\"https:\/\/peoplesphere.be\/fr\/wp-content\/uploads\/2023\/07\/peoplesphere-lgo-new-generik.jpg\",\"width\":1031,\"height\":1479,\"caption\":\"Peoplesphere Company srl\"},\"image\":{\"@id\":\"https:\/\/peoplesphere.be\/fr\/#\/schema\/logo\/image\/\"},\"sameAs\":[\"https:\/\/www.facebook.com\/peoplesphere\",\"https:\/\/twitter.com\/PeoplesphereMag\",\"https:\/\/www.linkedin.com\/company\/7587361?trk\",\"http:\/\/youtube.com\/peoplesphere\"]},{\"@type\":\"Person\",\"@id\":\"https:\/\/peoplesphere.be\/fr\/#\/schema\/person\/7976225ff17988604334abb7b3536a7e\",\"name\":\"Jean-Paul Erhard\",\"image\":{\"@type\":\"ImageObject\",\"inLanguage\":\"fr-FR\",\"@id\":\"https:\/\/peoplesphere.be\/fr\/#\/schema\/person\/image\/\",\"url\":\"https:\/\/secure.gravatar.com\/avatar\/f941e681460179738071629a51574930?s=96&d=mm&r=g\",\"contentUrl\":\"https:\/\/secure.gravatar.com\/avatar\/f941e681460179738071629a51574930?s=96&d=mm&r=g\",\"caption\":\"Jean-Paul Erhard\"},\"url\":\"https:\/\/peoplesphere.be\/fr\/author\/jpe\/\"}]}<\/script>\n<!-- \/ Yoast SEO plugin. -->","yoast_head_json":{"title":"L\u2019entreprise de s\u00e9curit\u00e9 G4S emploie des personnes atteintes d\u2019autisme dans le contr\u00f4le des bagages \u00e0 Brussels Airport. - Peoplesphere","robots":{"index":"index","follow":"follow","max-snippet":"max-snippet:-1","max-image-preview":"max-image-preview:large","max-video-preview":"max-video-preview:-1"},"canonical":"https:\/\/peoplesphere.be\/fr\/lentreprise-de-securite-g4s-emploie-personnes-atteintes-dautisme-controle-bagages-a-brussels-airport\/","og_locale":"fr_FR","og_type":"article","og_title":"L\u2019entreprise de s\u00e9curit\u00e9 G4S emploie des personnes atteintes d\u2019autisme dans le contr\u00f4le des bagages \u00e0 Brussels Airport. - Peoplesphere","og_description":"Depuis f\u00e9vrier, G4S, entreprise experte en s\u00e9curit\u00e9 int\u00e9gr\u00e9e, emploie six personnes souffrant d\u2019autisme (ASS) \u00e0 Brussels Airport. Ce projet pilote est men\u00e9 en collaboration avec TRplus\/Passwerk. Les nouveaux travailleurs sont charg\u00e9s du contr\u00f4le aux rayons X des bagages des passagers [&hellip;]","og_url":"https:\/\/peoplesphere.be\/fr\/lentreprise-de-securite-g4s-emploie-personnes-atteintes-dautisme-controle-bagages-a-brussels-airport\/","og_site_name":"Peoplesphere","article_publisher":"https:\/\/www.facebook.com\/peoplesphere","article_published_time":"2019-03-19T19:34:40+00:00","og_image":[{"url":"http:\/\/www.peoplesphere.be\/fr\/wp-content\/uploads\/2016\/07\/facebook-default-posting-1200x628px.jpg"}],"author":"Jean-Paul Erhard","twitter_card":"summary_large_image","twitter_creator":"@PeoplesphereMag","twitter_site":"@PeoplesphereMag","twitter_misc":{"\u00c9crit par":"Jean-Paul Erhard","Dur\u00e9e de lecture estim\u00e9e":"3 minutes"},"schema":{"@context":"https:\/\/schema.org","@graph":[{"@type":"Article","@id":"https:\/\/peoplesphere.be\/fr\/lentreprise-de-securite-g4s-emploie-personnes-atteintes-dautisme-controle-bagages-a-brussels-airport\/#article","isPartOf":{"@id":"https:\/\/peoplesphere.be\/fr\/lentreprise-de-securite-g4s-emploie-personnes-atteintes-dautisme-controle-bagages-a-brussels-airport\/"},"author":{"name":"Jean-Paul Erhard","@id":"https:\/\/peoplesphere.be\/fr\/#\/schema\/person\/7976225ff17988604334abb7b3536a7e"},"headline":"L\u2019entreprise de s\u00e9curit\u00e9 G4S emploie des personnes atteintes d\u2019autisme dans le contr\u00f4le des bagages \u00e0 Brussels Airport.","datePublished":"2019-03-19T19:34:40+00:00","dateModified":"2019-03-19T19:34:40+00:00","mainEntityOfPage":{"@id":"https:\/\/peoplesphere.be\/fr\/lentreprise-de-securite-g4s-emploie-personnes-atteintes-dautisme-controle-bagages-a-brussels-airport\/"},"wordCount":566,"publisher":{"@id":"https:\/\/peoplesphere.be\/fr\/#organization"},"keywords":["Brussels Airport","diversit\u00e9","G4S","recrutement","S\u00e9curit\u00e9"],"articleSection":["Actualit\u00e9s","Digital"],"inLanguage":"fr-FR"},{"@type":"WebPage","@id":"https:\/\/peoplesphere.be\/fr\/lentreprise-de-securite-g4s-emploie-personnes-atteintes-dautisme-controle-bagages-a-brussels-airport\/","url":"https:\/\/peoplesphere.be\/fr\/lentreprise-de-securite-g4s-emploie-personnes-atteintes-dautisme-controle-bagages-a-brussels-airport\/","name":"L\u2019entreprise de s\u00e9curit\u00e9 G4S emploie des personnes atteintes d\u2019autisme dans le contr\u00f4le des bagages \u00e0 Brussels Airport. - Peoplesphere","isPartOf":{"@id":"https:\/\/peoplesphere.be\/fr\/#website"},"datePublished":"2019-03-19T19:34:40+00:00","dateModified":"2019-03-19T19:34:40+00:00","breadcrumb":{"@id":"https:\/\/peoplesphere.be\/fr\/lentreprise-de-securite-g4s-emploie-personnes-atteintes-dautisme-controle-bagages-a-brussels-airport\/#breadcrumb"},"inLanguage":"fr-FR","potentialAction":[{"@type":"ReadAction","target":["https:\/\/peoplesphere.be\/fr\/lentreprise-de-securite-g4s-emploie-personnes-atteintes-dautisme-controle-bagages-a-brussels-airport\/"]}]},{"@type":"BreadcrumbList","@id":"https:\/\/peoplesphere.be\/fr\/lentreprise-de-securite-g4s-emploie-personnes-atteintes-dautisme-controle-bagages-a-brussels-airport\/#breadcrumb","itemListElement":[{"@type":"ListItem","position":1,"name":"Accueil","item":"https:\/\/peoplesphere.be\/fr\/"},{"@type":"ListItem","position":2,"name":"L\u2019entreprise de s\u00e9curit\u00e9 G4S emploie des personnes atteintes d\u2019autisme dans le contr\u00f4le des bagages \u00e0 Brussels Airport."}]},{"@type":"WebSite","@id":"https:\/\/peoplesphere.be\/fr\/#website","url":"https:\/\/peoplesphere.be\/fr\/","name":"Peoplesphere","description":"The People Managers Magazine","publisher":{"@id":"https:\/\/peoplesphere.be\/fr\/#organization"},"potentialAction":[{"@type":"SearchAction","target":{"@type":"EntryPoint","urlTemplate":"https:\/\/peoplesphere.be\/fr\/?s={search_term_string}"},"query-input":"required name=search_term_string"}],"inLanguage":"fr-FR"},{"@type":"Organization","@id":"https:\/\/peoplesphere.be\/fr\/#organization","name":"Peoplesphere Company srl","url":"https:\/\/peoplesphere.be\/fr\/","logo":{"@type":"ImageObject","inLanguage":"fr-FR","@id":"https:\/\/peoplesphere.be\/fr\/#\/schema\/logo\/image\/","url":"https:\/\/peoplesphere.be\/fr\/wp-content\/uploads\/2023\/07\/peoplesphere-lgo-new-generik.jpg","contentUrl":"https:\/\/peoplesphere.be\/fr\/wp-content\/uploads\/2023\/07\/peoplesphere-lgo-new-generik.jpg","width":1031,"height":1479,"caption":"Peoplesphere Company srl"},"image":{"@id":"https:\/\/peoplesphere.be\/fr\/#\/schema\/logo\/image\/"},"sameAs":["https:\/\/www.facebook.com\/peoplesphere","https:\/\/twitter.com\/PeoplesphereMag","https:\/\/www.linkedin.com\/company\/7587361?trk","http:\/\/youtube.com\/peoplesphere"]},{"@type":"Person","@id":"https:\/\/peoplesphere.be\/fr\/#\/schema\/person\/7976225ff17988604334abb7b3536a7e","name":"Jean-Paul Erhard","image":{"@type":"ImageObject","inLanguage":"fr-FR","@id":"https:\/\/peoplesphere.be\/fr\/#\/schema\/person\/image\/","url":"https:\/\/secure.gravatar.com\/avatar\/f941e681460179738071629a51574930?s=96&d=mm&r=g","contentUrl":"https:\/\/secure.gravatar.com\/avatar\/f941e681460179738071629a51574930?s=96&d=mm&r=g","caption":"Jean-Paul Erhard"},"url":"https:\/\/peoplesphere.be\/fr\/author\/jpe\/"}]}},"_links":{"self":[{"href":"https:\/\/peoplesphere.be\/fr\/wp-json\/wp\/v2\/posts\/7525"}],"collection":[{"href":"https:\/\/peoplesphere.be\/fr\/wp-json\/wp\/v2\/posts"}],"about":[{"href":"https:\/\/peoplesphere.be\/fr\/wp-json\/wp\/v2\/types\/post"}],"author":[{"embeddable":true,"href":"https:\/\/peoplesphere.be\/fr\/wp-json\/wp\/v2\/users\/2"}],"replies":[{"embeddable":true,"href":"https:\/\/peoplesphere.be\/fr\/wp-json\/wp\/v2\/comments?post=7525"}],"version-history":[{"count":1,"href":"https:\/\/peoplesphere.be\/fr\/wp-json\/wp\/v2\/posts\/7525\/revisions"}],"predecessor-version":[{"id":7528,"href":"https:\/\/peoplesphere.be\/fr\/wp-json\/wp\/v2\/posts\/7525\/revisions\/7528"}],"wp:attachment":[{"href":"https:\/\/peoplesphere.be\/fr\/wp-json\/wp\/v2\/media?parent=7525"}],"wp:term":[{"taxonomy":"category","embeddable":true,"href":"https:\/\/peoplesphere.be\/fr\/wp-json\/wp\/v2\/categories?post=7525"},{"taxonomy":"post_tag","embeddable":true,"href":"https:\/\/peoplesphere.be\/fr\/wp-json\/wp\/v2\/tags?post=7525"}],"curies":[{"name":"wp","href":"https:\/\/api.w.org\/{rel}","templated":true}]}}