









{"id":7529,"date":"2019-03-20T06:59:42","date_gmt":"2019-03-20T04:59:42","guid":{"rendered":"http:\/\/www.peoplesphere.be\/fr\/?p=7529"},"modified":"2019-03-20T06:59:42","modified_gmt":"2019-03-20T04:59:42","slug":"remuneration-flexible-6-personnes-10-optent-laugmentation-nombre-de-jours-de-conges","status":"publish","type":"post","link":"https:\/\/peoplesphere.be\/fr\/remuneration-flexible-6-personnes-10-optent-laugmentation-nombre-de-jours-de-conges\/","title":{"rendered":"R\u00e9mun\u00e9ration flexible: 6 personnes sur 10 optent pour l&rsquo;augmentation du nombre de jours de cong\u00e9s."},"content":{"rendered":"<p>La r\u00e9mun\u00e9ration flexible (\u00e9galement connue sous le nom de plan caf\u00e9t\u00e9ria) gagne en popularit\u00e9. Avec ce mode de r\u00e9mun\u00e9ration innovant, l&#8217;employeur laisse \u00e0 l&#8217;employ\u00e9 le choix de composer lui-m\u00eame une partie de son package salarial, avec des avantages tels que des vacances, une \u00e9pargne pension ou un abonnement de fitness. Le nombre d&#8217;employ\u00e9s qui composent eux-m\u00eames leur package salarial a augment\u00e9 de pr\u00e8s de 50 % en 2018 ; les cinq principaux avantages les plus populaires demeurent inchang\u00e9s.<!--more--><\/p>\n<p>SD Worx a remarqu\u00e9 une nette augmentation en 2018 par rapport \u00e0 l&rsquo;ann\u00e9e pr\u00e9c\u00e9dente : le nombre d&#8217;employ\u00e9s autoris\u00e9s \u00e0 monter leur propre package salarial a augment\u00e9 de pr\u00e8s de moiti\u00e9 (+47%). Selon les donn\u00e9es dont dispose SD Worx, cela repr\u00e9sente une augmentation de 12.953 \u00e0 19.075 employ\u00e9s. En moyenne, les salari\u00e9s disposent d&rsquo;un budget d&rsquo;environ 6.000 euros (5.915 euros en 2018). Ce montant est semblable au montant moyen de l&rsquo;ann\u00e9e derni\u00e8re et est d\u00e9termin\u00e9 par le secteur et la politique de r\u00e9mun\u00e9ration de l&rsquo;entreprise.<\/p>\n<p><em><strong>Un top\u00a03 \u00e9vident : vacances, \u00e9pargnes pensions, et voiture<\/strong><\/em><\/p>\n<p>Le top 5 des avantages les plus couramment choisis reste inchang\u00e9, avec un top 3 \u00e9vident (voir top 10 des avantages dans le tableau 1 en bas de ce communiqu\u00e9) :<br \/>\n<strong><em>1. \u2018vacances\u2019 (tous types)<\/em><\/strong><br \/>\nPr\u00e8s de six employ\u00e9s sur dix maintiennent ou optent pour des vacances suppl\u00e9mentaires. C&rsquo;est un signal clair que le temps libre est tr\u00e8s pr\u00e9cieux pour la plupart des collaborateurs.<br \/>\n<strong><em>2. L\u2019\u00e9pargne-pension (compl\u00e9mentaire)<\/em><\/strong><br \/>\nCeci confirme d\u2019apr\u00e8s SD Worx le choix clair en faveur d&rsquo;une protection sociale compl\u00e9mentaire.<br \/>\n<em><strong>3. La voiture<\/strong><\/em><br \/>\nPr\u00e8s d&rsquo;un collaborateur sur trois choisit une voiture, mais il s\u2019agit \u00e9galement de collaborateurs qui ont besoin d&rsquo;une voiture pour leur travail, comme les profils commerciaux ou les consultants. Le choix va de plus en plus vers des voitures plus petites ou plus \u00e9cologiques.<\/p>\n<p>En quatri\u00e8me et cinqui\u00e8me positions, nous retrouvons les \u00ab allocations familiales compl\u00e9mentaires \u00bb et les \u00ab warrants\/options sur actions \u00bb.<br \/>\nCela montre que beaucoup de travailleurs optent tr\u00e8s souvent pour des avantages financiers, et portent un int\u00e9r\u00eat particulier \u00e0 une bonne protection sociale et familiale. Ce que nous voyons \u00e9galement confirm\u00e9 dans le choix populaire d&rsquo;une assurance hospitalisation pour les membres de la famille (en septi\u00e8me place), o\u00f9 l&#8217;employeur peut \u00e9galement intervenir dans la contribution personnelle, ou l&rsquo;assurance sant\u00e9 compl\u00e9mentaire, en dixi\u00e8me position.<br \/>\nEn sixi\u00e8me place, nous retrouvons les p\u00e9riph\u00e9riques multim\u00e9dias tels que des smartphones, des tablettes ou des ordinateurs, en leasing ou \u00e0 l&rsquo;achat. Ils repr\u00e9sentent 15 %.<\/p>\n<p><strong><em>Au volant de sa propre mobilit\u00e9<\/em><\/strong><\/p>\n<p>En huiti\u00e8me et neuvi\u00e8me positions, il y a la carte\/le budget essence, c\u00f4te \u00e0 c\u00f4te avec les transports publics qui attirent pr\u00e8s de 10 % (ou presque) des collaborateurs. <em>\u00ab Le v\u00e9lo arrive juste apr\u00e8s le top 10 des choix populaires, mais il repr\u00e9sente bel et bien un budget consid\u00e9rable en ce qui concerne la valeur \u00bb,<\/em> nuance Aur\u00e9lie Vanham de SD Worx. <em>\u00ab Une voiture ou un v\u00e9lo peut \u00eatre plus cher qu&rsquo;un autre avantage, mais la plus grande valeur r\u00e9side dans le fait qu&rsquo;en tant que collaborateur, vous faites votre propre choix et vous pouvez ainsi g\u00e9rer vous-m\u00eames votre mobilit\u00e9. \u00bb<\/em><\/p>\n<p>Parmi les avantages les moins choisis, on retrouve en 2018 : le car sharing, l&rsquo;abonnement \u00e0 un club de fitness ou de sport, les formations, le v\u00e9lo partag\u00e9 et les cotisations personnelles pour votre propre voiture.<\/p>\n<p>Aur\u00e9lie Vanham: <em>\u00ab En moyenne, les salari\u00e9s disposent d&rsquo;un budget optionnel d&rsquo;environ 6.000 EUR (5.915 EUR en 2018). Ce montant correspond plus ou moins \u00e0 celui de l&rsquo;ann\u00e9e pr\u00e9c\u00e9dente et est d\u00e9termin\u00e9 par le secteur et la politique de r\u00e9mun\u00e9ration de l&rsquo;entreprise. Une communication claire aux employ\u00e9s au sujet du traitement fiscal est essentielle. N&rsquo;oubliez pas que les cotisations de s\u00e9curit\u00e9 sociale sont en effet pay\u00e9es sur la plupart des salaires et de nombreux avantages dans les plans caf\u00e9t\u00e9rias. Notre prestation la plus populaire de 2018, les jours de cong\u00e9, en est un bon exemple.\u00a0\u00bb<\/em><br \/>\n<em><br \/>\nSource: SD Worx<\/em><\/p>\n","protected":false},"excerpt":{"rendered":"<p>La r\u00e9mun\u00e9ration flexible (\u00e9galement connue sous le nom de plan caf\u00e9t\u00e9ria) gagne en popularit\u00e9. Avec ce mode de r\u00e9mun\u00e9ration innovant, l&#8217;employeur laisse \u00e0 l&#8217;employ\u00e9 le choix de composer lui-m\u00eame une partie de son package salarial, avec des avantages tels que [&hellip;]<\/p>\n","protected":false},"author":2,"featured_media":0,"comment_status":"closed","ping_status":"open","sticky":false,"template":"","format":"standard","meta":[],"categories":[65,10],"tags":[2462,443,2258,671],"yoast_head":"<!-- This site is optimized with the Yoast SEO plugin v21.0 - https:\/\/yoast.com\/wordpress\/plugins\/seo\/ -->\n<title>R\u00e9mun\u00e9ration flexible: 6 personnes sur 10 optent pour l&#039;augmentation du nombre de jours de cong\u00e9s. - Peoplesphere<\/title>\n<meta name=\"robots\" content=\"index, follow, max-snippet:-1, max-image-preview:large, max-video-preview:-1\" \/>\n<link rel=\"canonical\" href=\"https:\/\/peoplesphere.be\/fr\/remuneration-flexible-6-personnes-10-optent-laugmentation-nombre-de-jours-de-conges\/\" \/>\n<meta property=\"og:locale\" content=\"fr_FR\" \/>\n<meta property=\"og:type\" content=\"article\" \/>\n<meta property=\"og:title\" content=\"R\u00e9mun\u00e9ration flexible: 6 personnes sur 10 optent pour l&#039;augmentation du nombre de jours de cong\u00e9s. - Peoplesphere\" \/>\n<meta property=\"og:description\" content=\"La r\u00e9mun\u00e9ration flexible (\u00e9galement connue sous le nom de plan caf\u00e9t\u00e9ria) gagne en popularit\u00e9. Avec ce mode de r\u00e9mun\u00e9ration innovant, l&#8217;employeur laisse \u00e0 l&#8217;employ\u00e9 le choix de composer lui-m\u00eame une partie de son package salarial, avec des avantages tels que [&hellip;]\" \/>\n<meta property=\"og:url\" content=\"https:\/\/peoplesphere.be\/fr\/remuneration-flexible-6-personnes-10-optent-laugmentation-nombre-de-jours-de-conges\/\" \/>\n<meta property=\"og:site_name\" content=\"Peoplesphere\" \/>\n<meta property=\"article:publisher\" content=\"https:\/\/www.facebook.com\/peoplesphere\" \/>\n<meta property=\"article:published_time\" content=\"2019-03-20T04:59:42+00:00\" \/>\n<meta property=\"og:image\" content=\"http:\/\/www.peoplesphere.be\/fr\/wp-content\/uploads\/2016\/07\/facebook-default-posting-1200x628px.jpg\" \/>\n<meta name=\"author\" content=\"Jean-Paul Erhard\" \/>\n<meta name=\"twitter:card\" content=\"summary_large_image\" \/>\n<meta name=\"twitter:creator\" content=\"@PeoplesphereMag\" \/>\n<meta name=\"twitter:site\" content=\"@PeoplesphereMag\" \/>\n<meta name=\"twitter:label1\" content=\"\u00c9crit par\" \/>\n\t<meta name=\"twitter:data1\" content=\"Jean-Paul Erhard\" \/>\n\t<meta name=\"twitter:label2\" content=\"Dur\u00e9e de lecture estim\u00e9e\" \/>\n\t<meta name=\"twitter:data2\" content=\"3 minutes\" \/>\n<script type=\"application\/ld+json\" class=\"yoast-schema-graph\">{\"@context\":\"https:\/\/schema.org\",\"@graph\":[{\"@type\":\"Article\",\"@id\":\"https:\/\/peoplesphere.be\/fr\/remuneration-flexible-6-personnes-10-optent-laugmentation-nombre-de-jours-de-conges\/#article\",\"isPartOf\":{\"@id\":\"https:\/\/peoplesphere.be\/fr\/remuneration-flexible-6-personnes-10-optent-laugmentation-nombre-de-jours-de-conges\/\"},\"author\":{\"name\":\"Jean-Paul Erhard\",\"@id\":\"https:\/\/peoplesphere.be\/fr\/#\/schema\/person\/7976225ff17988604334abb7b3536a7e\"},\"headline\":\"R\u00e9mun\u00e9ration flexible: 6 personnes sur 10 optent pour l&rsquo;augmentation du nombre de jours de cong\u00e9s.\",\"datePublished\":\"2019-03-20T04:59:42+00:00\",\"dateModified\":\"2019-03-20T04:59:42+00:00\",\"mainEntityOfPage\":{\"@id\":\"https:\/\/peoplesphere.be\/fr\/remuneration-flexible-6-personnes-10-optent-laugmentation-nombre-de-jours-de-conges\/\"},\"wordCount\":700,\"publisher\":{\"@id\":\"https:\/\/peoplesphere.be\/fr\/#organization\"},\"keywords\":[\"assurance extra-l\u00e9gale\",\"package salarial\",\"r\u00e9mun\u00e9ration flexible\",\"SD Worx\"],\"articleSection\":[\"Actualit\u00e9s\",\"Digital\"],\"inLanguage\":\"fr-FR\"},{\"@type\":\"WebPage\",\"@id\":\"https:\/\/peoplesphere.be\/fr\/remuneration-flexible-6-personnes-10-optent-laugmentation-nombre-de-jours-de-conges\/\",\"url\":\"https:\/\/peoplesphere.be\/fr\/remuneration-flexible-6-personnes-10-optent-laugmentation-nombre-de-jours-de-conges\/\",\"name\":\"R\u00e9mun\u00e9ration flexible: 6 personnes sur 10 optent pour l'augmentation du nombre de jours de cong\u00e9s. - Peoplesphere\",\"isPartOf\":{\"@id\":\"https:\/\/peoplesphere.be\/fr\/#website\"},\"datePublished\":\"2019-03-20T04:59:42+00:00\",\"dateModified\":\"2019-03-20T04:59:42+00:00\",\"breadcrumb\":{\"@id\":\"https:\/\/peoplesphere.be\/fr\/remuneration-flexible-6-personnes-10-optent-laugmentation-nombre-de-jours-de-conges\/#breadcrumb\"},\"inLanguage\":\"fr-FR\",\"potentialAction\":[{\"@type\":\"ReadAction\",\"target\":[\"https:\/\/peoplesphere.be\/fr\/remuneration-flexible-6-personnes-10-optent-laugmentation-nombre-de-jours-de-conges\/\"]}]},{\"@type\":\"BreadcrumbList\",\"@id\":\"https:\/\/peoplesphere.be\/fr\/remuneration-flexible-6-personnes-10-optent-laugmentation-nombre-de-jours-de-conges\/#breadcrumb\",\"itemListElement\":[{\"@type\":\"ListItem\",\"position\":1,\"name\":\"Accueil\",\"item\":\"https:\/\/peoplesphere.be\/fr\/\"},{\"@type\":\"ListItem\",\"position\":2,\"name\":\"R\u00e9mun\u00e9ration flexible: 6 personnes sur 10 optent pour l&rsquo;augmentation du nombre de jours de cong\u00e9s.\"}]},{\"@type\":\"WebSite\",\"@id\":\"https:\/\/peoplesphere.be\/fr\/#website\",\"url\":\"https:\/\/peoplesphere.be\/fr\/\",\"name\":\"Peoplesphere\",\"description\":\"The People Managers Magazine\",\"publisher\":{\"@id\":\"https:\/\/peoplesphere.be\/fr\/#organization\"},\"potentialAction\":[{\"@type\":\"SearchAction\",\"target\":{\"@type\":\"EntryPoint\",\"urlTemplate\":\"https:\/\/peoplesphere.be\/fr\/?s={search_term_string}\"},\"query-input\":\"required name=search_term_string\"}],\"inLanguage\":\"fr-FR\"},{\"@type\":\"Organization\",\"@id\":\"https:\/\/peoplesphere.be\/fr\/#organization\",\"name\":\"Peoplesphere Company srl\",\"url\":\"https:\/\/peoplesphere.be\/fr\/\",\"logo\":{\"@type\":\"ImageObject\",\"inLanguage\":\"fr-FR\",\"@id\":\"https:\/\/peoplesphere.be\/fr\/#\/schema\/logo\/image\/\",\"url\":\"https:\/\/peoplesphere.be\/fr\/wp-content\/uploads\/2023\/07\/peoplesphere-lgo-new-generik.jpg\",\"contentUrl\":\"https:\/\/peoplesphere.be\/fr\/wp-content\/uploads\/2023\/07\/peoplesphere-lgo-new-generik.jpg\",\"width\":1031,\"height\":1479,\"caption\":\"Peoplesphere Company srl\"},\"image\":{\"@id\":\"https:\/\/peoplesphere.be\/fr\/#\/schema\/logo\/image\/\"},\"sameAs\":[\"https:\/\/www.facebook.com\/peoplesphere\",\"https:\/\/twitter.com\/PeoplesphereMag\",\"https:\/\/www.linkedin.com\/company\/7587361?trk\",\"http:\/\/youtube.com\/peoplesphere\"]},{\"@type\":\"Person\",\"@id\":\"https:\/\/peoplesphere.be\/fr\/#\/schema\/person\/7976225ff17988604334abb7b3536a7e\",\"name\":\"Jean-Paul Erhard\",\"image\":{\"@type\":\"ImageObject\",\"inLanguage\":\"fr-FR\",\"@id\":\"https:\/\/peoplesphere.be\/fr\/#\/schema\/person\/image\/\",\"url\":\"https:\/\/secure.gravatar.com\/avatar\/f941e681460179738071629a51574930?s=96&d=mm&r=g\",\"contentUrl\":\"https:\/\/secure.gravatar.com\/avatar\/f941e681460179738071629a51574930?s=96&d=mm&r=g\",\"caption\":\"Jean-Paul Erhard\"},\"url\":\"https:\/\/peoplesphere.be\/fr\/author\/jpe\/\"}]}<\/script>\n<!-- \/ Yoast SEO plugin. -->","yoast_head_json":{"title":"R\u00e9mun\u00e9ration flexible: 6 personnes sur 10 optent pour l'augmentation du nombre de jours de cong\u00e9s. - Peoplesphere","robots":{"index":"index","follow":"follow","max-snippet":"max-snippet:-1","max-image-preview":"max-image-preview:large","max-video-preview":"max-video-preview:-1"},"canonical":"https:\/\/peoplesphere.be\/fr\/remuneration-flexible-6-personnes-10-optent-laugmentation-nombre-de-jours-de-conges\/","og_locale":"fr_FR","og_type":"article","og_title":"R\u00e9mun\u00e9ration flexible: 6 personnes sur 10 optent pour l'augmentation du nombre de jours de cong\u00e9s. - Peoplesphere","og_description":"La r\u00e9mun\u00e9ration flexible (\u00e9galement connue sous le nom de plan caf\u00e9t\u00e9ria) gagne en popularit\u00e9. Avec ce mode de r\u00e9mun\u00e9ration innovant, l&#8217;employeur laisse \u00e0 l&#8217;employ\u00e9 le choix de composer lui-m\u00eame une partie de son package salarial, avec des avantages tels que [&hellip;]","og_url":"https:\/\/peoplesphere.be\/fr\/remuneration-flexible-6-personnes-10-optent-laugmentation-nombre-de-jours-de-conges\/","og_site_name":"Peoplesphere","article_publisher":"https:\/\/www.facebook.com\/peoplesphere","article_published_time":"2019-03-20T04:59:42+00:00","og_image":[{"url":"http:\/\/www.peoplesphere.be\/fr\/wp-content\/uploads\/2016\/07\/facebook-default-posting-1200x628px.jpg"}],"author":"Jean-Paul Erhard","twitter_card":"summary_large_image","twitter_creator":"@PeoplesphereMag","twitter_site":"@PeoplesphereMag","twitter_misc":{"\u00c9crit par":"Jean-Paul Erhard","Dur\u00e9e de lecture estim\u00e9e":"3 minutes"},"schema":{"@context":"https:\/\/schema.org","@graph":[{"@type":"Article","@id":"https:\/\/peoplesphere.be\/fr\/remuneration-flexible-6-personnes-10-optent-laugmentation-nombre-de-jours-de-conges\/#article","isPartOf":{"@id":"https:\/\/peoplesphere.be\/fr\/remuneration-flexible-6-personnes-10-optent-laugmentation-nombre-de-jours-de-conges\/"},"author":{"name":"Jean-Paul Erhard","@id":"https:\/\/peoplesphere.be\/fr\/#\/schema\/person\/7976225ff17988604334abb7b3536a7e"},"headline":"R\u00e9mun\u00e9ration flexible: 6 personnes sur 10 optent pour l&rsquo;augmentation du nombre de jours de cong\u00e9s.","datePublished":"2019-03-20T04:59:42+00:00","dateModified":"2019-03-20T04:59:42+00:00","mainEntityOfPage":{"@id":"https:\/\/peoplesphere.be\/fr\/remuneration-flexible-6-personnes-10-optent-laugmentation-nombre-de-jours-de-conges\/"},"wordCount":700,"publisher":{"@id":"https:\/\/peoplesphere.be\/fr\/#organization"},"keywords":["assurance extra-l\u00e9gale","package salarial","r\u00e9mun\u00e9ration flexible","SD Worx"],"articleSection":["Actualit\u00e9s","Digital"],"inLanguage":"fr-FR"},{"@type":"WebPage","@id":"https:\/\/peoplesphere.be\/fr\/remuneration-flexible-6-personnes-10-optent-laugmentation-nombre-de-jours-de-conges\/","url":"https:\/\/peoplesphere.be\/fr\/remuneration-flexible-6-personnes-10-optent-laugmentation-nombre-de-jours-de-conges\/","name":"R\u00e9mun\u00e9ration flexible: 6 personnes sur 10 optent pour l'augmentation du nombre de jours de cong\u00e9s. - Peoplesphere","isPartOf":{"@id":"https:\/\/peoplesphere.be\/fr\/#website"},"datePublished":"2019-03-20T04:59:42+00:00","dateModified":"2019-03-20T04:59:42+00:00","breadcrumb":{"@id":"https:\/\/peoplesphere.be\/fr\/remuneration-flexible-6-personnes-10-optent-laugmentation-nombre-de-jours-de-conges\/#breadcrumb"},"inLanguage":"fr-FR","potentialAction":[{"@type":"ReadAction","target":["https:\/\/peoplesphere.be\/fr\/remuneration-flexible-6-personnes-10-optent-laugmentation-nombre-de-jours-de-conges\/"]}]},{"@type":"BreadcrumbList","@id":"https:\/\/peoplesphere.be\/fr\/remuneration-flexible-6-personnes-10-optent-laugmentation-nombre-de-jours-de-conges\/#breadcrumb","itemListElement":[{"@type":"ListItem","position":1,"name":"Accueil","item":"https:\/\/peoplesphere.be\/fr\/"},{"@type":"ListItem","position":2,"name":"R\u00e9mun\u00e9ration flexible: 6 personnes sur 10 optent pour l&rsquo;augmentation du nombre de jours de cong\u00e9s."}]},{"@type":"WebSite","@id":"https:\/\/peoplesphere.be\/fr\/#website","url":"https:\/\/peoplesphere.be\/fr\/","name":"Peoplesphere","description":"The People Managers Magazine","publisher":{"@id":"https:\/\/peoplesphere.be\/fr\/#organization"},"potentialAction":[{"@type":"SearchAction","target":{"@type":"EntryPoint","urlTemplate":"https:\/\/peoplesphere.be\/fr\/?s={search_term_string}"},"query-input":"required name=search_term_string"}],"inLanguage":"fr-FR"},{"@type":"Organization","@id":"https:\/\/peoplesphere.be\/fr\/#organization","name":"Peoplesphere Company srl","url":"https:\/\/peoplesphere.be\/fr\/","logo":{"@type":"ImageObject","inLanguage":"fr-FR","@id":"https:\/\/peoplesphere.be\/fr\/#\/schema\/logo\/image\/","url":"https:\/\/peoplesphere.be\/fr\/wp-content\/uploads\/2023\/07\/peoplesphere-lgo-new-generik.jpg","contentUrl":"https:\/\/peoplesphere.be\/fr\/wp-content\/uploads\/2023\/07\/peoplesphere-lgo-new-generik.jpg","width":1031,"height":1479,"caption":"Peoplesphere Company srl"},"image":{"@id":"https:\/\/peoplesphere.be\/fr\/#\/schema\/logo\/image\/"},"sameAs":["https:\/\/www.facebook.com\/peoplesphere","https:\/\/twitter.com\/PeoplesphereMag","https:\/\/www.linkedin.com\/company\/7587361?trk","http:\/\/youtube.com\/peoplesphere"]},{"@type":"Person","@id":"https:\/\/peoplesphere.be\/fr\/#\/schema\/person\/7976225ff17988604334abb7b3536a7e","name":"Jean-Paul Erhard","image":{"@type":"ImageObject","inLanguage":"fr-FR","@id":"https:\/\/peoplesphere.be\/fr\/#\/schema\/person\/image\/","url":"https:\/\/secure.gravatar.com\/avatar\/f941e681460179738071629a51574930?s=96&d=mm&r=g","contentUrl":"https:\/\/secure.gravatar.com\/avatar\/f941e681460179738071629a51574930?s=96&d=mm&r=g","caption":"Jean-Paul Erhard"},"url":"https:\/\/peoplesphere.be\/fr\/author\/jpe\/"}]}},"_links":{"self":[{"href":"https:\/\/peoplesphere.be\/fr\/wp-json\/wp\/v2\/posts\/7529"}],"collection":[{"href":"https:\/\/peoplesphere.be\/fr\/wp-json\/wp\/v2\/posts"}],"about":[{"href":"https:\/\/peoplesphere.be\/fr\/wp-json\/wp\/v2\/types\/post"}],"author":[{"embeddable":true,"href":"https:\/\/peoplesphere.be\/fr\/wp-json\/wp\/v2\/users\/2"}],"replies":[{"embeddable":true,"href":"https:\/\/peoplesphere.be\/fr\/wp-json\/wp\/v2\/comments?post=7529"}],"version-history":[{"count":1,"href":"https:\/\/peoplesphere.be\/fr\/wp-json\/wp\/v2\/posts\/7529\/revisions"}],"predecessor-version":[{"id":7530,"href":"https:\/\/peoplesphere.be\/fr\/wp-json\/wp\/v2\/posts\/7529\/revisions\/7530"}],"wp:attachment":[{"href":"https:\/\/peoplesphere.be\/fr\/wp-json\/wp\/v2\/media?parent=7529"}],"wp:term":[{"taxonomy":"category","embeddable":true,"href":"https:\/\/peoplesphere.be\/fr\/wp-json\/wp\/v2\/categories?post=7529"},{"taxonomy":"post_tag","embeddable":true,"href":"https:\/\/peoplesphere.be\/fr\/wp-json\/wp\/v2\/tags?post=7529"}],"curies":[{"name":"wp","href":"https:\/\/api.w.org\/{rel}","templated":true}]}}