









{"id":7546,"date":"2019-04-02T13:57:07","date_gmt":"2019-04-02T11:57:07","guid":{"rendered":"http:\/\/www.peoplesphere.be\/fr\/?p=7546"},"modified":"2019-04-02T13:55:57","modified_gmt":"2019-04-02T11:55:57","slug":"votez-designer-hr-manager-hr-team-of-the-year","status":"publish","type":"post","link":"https:\/\/peoplesphere.be\/fr\/votez-designer-hr-manager-hr-team-of-the-year\/","title":{"rendered":"Votez pour d\u00e9signer le HR Manager of the Year\u00a9, le HR Team of the Year\u00a9 et le Young HR Leader of the Year\u00a9!"},"content":{"rendered":"<p>30\u00e8me \u00e9dition de la HRM Night\u00a9: \u00e0 vous de d\u00e9signer le HR Manager of the Year\u00a9, le HR Team of the Year\u00a9 et le Young HR Leader of the Year\u00a9. Le 4 avril prochain, nous assisterons ensemble \u00e0 la designation des laur\u00e9ats de la 30\u00e8me HRM Night\u00a9. Votez d\u00e8s \u00e0 pr\u00e9sent et n\u2019oubliez pas de r\u00e9server votre participation si ce n\u2019est d\u00e9j\u00e0 fait !<!--more--><\/p>\n<p>Le 30\u00e8me anniversaire de la HRM Night\u00a9 et de l\u2019\u00e9lection du 30\u00e8me HR Manager of the Year\u00a9 repr\u00e9sente une parfaite occasion de partager un message fort avec la communaut\u00e9 des People Managers de l\u2019ensemble du pays.<\/p>\n<p>Pour cette 30\u00e8me \u00e9dition, le jury a d\u00e9cid\u00e9 de pr\u00e9senter au vote public les m\u00eames dossiers pour les titres de HR Manager of the Year et HR Team of the Year. L\u2019explication est simple. D\u2019une part, un DRH ne peut rien mettre en oeuvre sans une \u00e9quipe RH forte et engag\u00e9e \u00e0 ses c\u00f4t\u00e9s. Et d\u2019autre part, une \u00e9quipe RH sans un leader fort et visionnaire ne pourra jamais imposer ses priorit\u00e9s dans l\u2019entreprise confront\u00e9e \u00e0 ses imp\u00e9ratifs de performance court terme. Les deux dimensions, collective et individuelle, sont indissociables.<\/p>\n<p>La qualit\u00e9 des dossiers retenus pour ce 30\u00e8me anniversaire nous donne l\u2019occasion de rappeler ce message essentiel et de mettre \u00e0 l\u2019honneur, ensemble, des leaders RH et leurs \u00e9quipes respectives pour les succ\u00e8s qu\u2019ils ont obtenus au cours de l\u2019ann\u00e9e \u00e9coul\u00e9e. Bravo \u00e0 eux\u2026 et \u00e0 vous de jouer pour d\u00e9signer les laur\u00e9ats de la 30\u00e8me HRM Night\u00a9.<\/p>\n<p>Voici les laur\u00e9ats annonc\u00e9s de la 30\u00e8me\u00a0HRM Night\u00a9.<\/p>\n<p><em><strong>HR Manager of the Year\u00a9 &#8211; HR Team of the Year\u00a9<\/strong><\/em><\/p>\n<p>ARNAUD DELMARCHE \/ WANTY GROUPE \u2013<a href=\"http:\/\/www.hrmnight.be\/fr\/2019\/hrm\/delmarche.html\" target=\"_blank\" rel=\"noopener noreferrer\">Les priorit\u00e9s RH comme facteur de diff\u00e9renciation\u00a0dans le secteur de la construction.<\/a><\/p>\n<p>CAMILLE GILLON \/ BELFIUS \u2013 <a href=\"http:\/\/www.hrmnight.be\/fr\/2019\/hrm\/gillon.html\" target=\"_blank\" rel=\"noopener noreferrer\">Drive 2020, une strat\u00e9gie RH qui regorge d\u2019initiatives innovantes.<\/a><\/p>\n<p>ERIK PRIEELS \/ AUDI BRUSSELS \u2013 <a href=\"http:\/\/www.hrmnight.be\/fr\/2019\/hrm\/prieels.html\" target=\"_blank\" rel=\"noopener noreferrer\">Pionniers dans le secteur automobile, pionniers en mati\u00e8re\u00a0de People Management.<\/a><\/p>\n<p>PETRA VANDENDRIESSCHE \/ LOTERIE NATIONALE \u00a0\u2013 <a href=\"http:\/\/www.hrmnight.be\/fr\/2019\/hrm\/vandendriessche.html\" target=\"_blank\" rel=\"noopener noreferrer\">La transformation du capital humain au service\u00a0d\u2019une strat\u00e9gie centr\u00e9e \u00e0 100% sur les clients.<\/a><\/p>\n<p><strong><em>Young HR Leader of the Year\u00a9<\/em><\/strong><\/p>\n<p>NATHALIE LAMBRECHTS &#8211; D&rsquo;IETEREN AUTO &#8211; <a href=\"http:\/\/www.hrmnight.be\/fr\/2019\/youngs\/lambrechts.html\" target=\"_blank\" rel=\"noopener noreferrer\">Une strat\u00e9gie et une plateforme Learning qui place l&rsquo;apprenant aux commandes de son d\u00e9veloppement.<\/a><\/p>\n<p>MARION CHENU &#8211; ACENSI BELGIUM &#8211; <a href=\"http:\/\/www.hrmnight.be\/fr\/2019\/youngs\/chenu.html\" target=\"_blank\" rel=\"noopener noreferrer\">Un recrutement diff\u00e9rent, uniquement bas\u00e9 sur les aptitudes.<\/a><\/p>\n<p>Rendez-vous sur le site de la 30\u00e8me HRM Night pour participer au vote et nous rejoindre \u00e0 l&rsquo;occasion de cette formidable soir\u00e9e du 4 avril! <a href=\"http:\/\/www.hrmnight.be\">www.hrmnight.be<\/a><\/p>\n<p>&nbsp;<\/p>\n","protected":false},"excerpt":{"rendered":"<p>30\u00e8me \u00e9dition de la HRM Night\u00a9: \u00e0 vous de d\u00e9signer le HR Manager of the Year\u00a9, le HR Team of the Year\u00a9 et le Young HR Leader of the Year\u00a9. Le 4 avril prochain, nous assisterons ensemble \u00e0 la designation [&hellip;]<\/p>\n","protected":false},"author":2,"featured_media":7547,"comment_status":"closed","ping_status":"open","sticky":false,"template":"","format":"standard","meta":[],"categories":[65,67,10,8],"tags":[2471,2475,842,2472,2470,690,628,683,2474,2473,2476],"yoast_head":"<!-- This site is optimized with the Yoast SEO plugin v21.0 - https:\/\/yoast.com\/wordpress\/plugins\/seo\/ -->\n<title>Votez pour d\u00e9signer le HR Manager of the Year\u00a9, le HR Team of the Year\u00a9 et le Young HR Leader of the Year\u00a9! - Peoplesphere<\/title>\n<meta name=\"robots\" content=\"index, follow, max-snippet:-1, max-image-preview:large, max-video-preview:-1\" \/>\n<link rel=\"canonical\" href=\"https:\/\/peoplesphere.be\/fr\/votez-designer-hr-manager-hr-team-of-the-year\/\" \/>\n<meta property=\"og:locale\" content=\"fr_FR\" \/>\n<meta property=\"og:type\" content=\"article\" \/>\n<meta property=\"og:title\" content=\"Votez pour d\u00e9signer le HR Manager of the Year\u00a9, le HR Team of the Year\u00a9 et le Young HR Leader of the Year\u00a9! - Peoplesphere\" \/>\n<meta property=\"og:description\" content=\"30\u00e8me \u00e9dition de la HRM Night\u00a9: \u00e0 vous de d\u00e9signer le HR Manager of the Year\u00a9, le HR Team of the Year\u00a9 et le Young HR Leader of the Year\u00a9. Le 4 avril prochain, nous assisterons ensemble \u00e0 la designation [&hellip;]\" \/>\n<meta property=\"og:url\" content=\"https:\/\/peoplesphere.be\/fr\/votez-designer-hr-manager-hr-team-of-the-year\/\" \/>\n<meta property=\"og:site_name\" content=\"Peoplesphere\" \/>\n<meta property=\"article:publisher\" content=\"https:\/\/www.facebook.com\/peoplesphere\" \/>\n<meta property=\"article:published_time\" content=\"2019-04-02T11:57:07+00:00\" \/>\n<meta property=\"article:modified_time\" content=\"2019-04-02T11:55:57+00:00\" \/>\n<meta property=\"og:image\" content=\"https:\/\/peoplesphere.be\/fr\/wp-content\/uploads\/2019\/03\/Capture-d\u2019\u00e9cran-2019-03-22-\u00e0-15.46.02.png\" \/>\n\t<meta property=\"og:image:width\" content=\"622\" \/>\n\t<meta property=\"og:image:height\" content=\"345\" \/>\n\t<meta property=\"og:image:type\" content=\"image\/png\" \/>\n<meta name=\"author\" content=\"Jean-Paul Erhard\" \/>\n<meta name=\"twitter:card\" content=\"summary_large_image\" \/>\n<meta name=\"twitter:creator\" content=\"@PeoplesphereMag\" \/>\n<meta name=\"twitter:site\" content=\"@PeoplesphereMag\" \/>\n<meta name=\"twitter:label1\" content=\"\u00c9crit par\" \/>\n\t<meta name=\"twitter:data1\" content=\"Jean-Paul Erhard\" \/>\n\t<meta name=\"twitter:label2\" content=\"Dur\u00e9e de lecture estim\u00e9e\" \/>\n\t<meta name=\"twitter:data2\" content=\"2 minutes\" \/>\n<script type=\"application\/ld+json\" class=\"yoast-schema-graph\">{\"@context\":\"https:\/\/schema.org\",\"@graph\":[{\"@type\":\"Article\",\"@id\":\"https:\/\/peoplesphere.be\/fr\/votez-designer-hr-manager-hr-team-of-the-year\/#article\",\"isPartOf\":{\"@id\":\"https:\/\/peoplesphere.be\/fr\/votez-designer-hr-manager-hr-team-of-the-year\/\"},\"author\":{\"name\":\"Jean-Paul Erhard\",\"@id\":\"https:\/\/peoplesphere.be\/fr\/#\/schema\/person\/7976225ff17988604334abb7b3536a7e\"},\"headline\":\"Votez pour d\u00e9signer le HR Manager of the Year\u00a9, le HR Team of the Year\u00a9 et le Young HR Leader of the Year\u00a9!\",\"datePublished\":\"2019-04-02T11:57:07+00:00\",\"dateModified\":\"2019-04-02T11:55:57+00:00\",\"mainEntityOfPage\":{\"@id\":\"https:\/\/peoplesphere.be\/fr\/votez-designer-hr-manager-hr-team-of-the-year\/\"},\"wordCount\":456,\"publisher\":{\"@id\":\"https:\/\/peoplesphere.be\/fr\/#organization\"},\"keywords\":[\"Arnaud Delmarche\",\"Audi Brussels\",\"belfius\",\"Camille Gillon\",\"Erik Prieels\",\"hr manager of the year\",\"HR Team of the Year\",\"HRM Night\",\"Loterie Nationale\",\"Petra Vandendriessche\",\"Wanty\"],\"articleSection\":[\"Actualit\u00e9s\",\"Calendrier\",\"Digital\",\"Events\"],\"inLanguage\":\"fr-FR\"},{\"@type\":\"WebPage\",\"@id\":\"https:\/\/peoplesphere.be\/fr\/votez-designer-hr-manager-hr-team-of-the-year\/\",\"url\":\"https:\/\/peoplesphere.be\/fr\/votez-designer-hr-manager-hr-team-of-the-year\/\",\"name\":\"Votez pour d\u00e9signer le HR Manager of the Year\u00a9, le HR Team of the Year\u00a9 et le Young HR Leader of the Year\u00a9! - Peoplesphere\",\"isPartOf\":{\"@id\":\"https:\/\/peoplesphere.be\/fr\/#website\"},\"datePublished\":\"2019-04-02T11:57:07+00:00\",\"dateModified\":\"2019-04-02T11:55:57+00:00\",\"breadcrumb\":{\"@id\":\"https:\/\/peoplesphere.be\/fr\/votez-designer-hr-manager-hr-team-of-the-year\/#breadcrumb\"},\"inLanguage\":\"fr-FR\",\"potentialAction\":[{\"@type\":\"ReadAction\",\"target\":[\"https:\/\/peoplesphere.be\/fr\/votez-designer-hr-manager-hr-team-of-the-year\/\"]}]},{\"@type\":\"BreadcrumbList\",\"@id\":\"https:\/\/peoplesphere.be\/fr\/votez-designer-hr-manager-hr-team-of-the-year\/#breadcrumb\",\"itemListElement\":[{\"@type\":\"ListItem\",\"position\":1,\"name\":\"Accueil\",\"item\":\"https:\/\/peoplesphere.be\/fr\/\"},{\"@type\":\"ListItem\",\"position\":2,\"name\":\"Votez pour d\u00e9signer le HR Manager of the Year\u00a9, le HR Team of the Year\u00a9 et le Young HR Leader of the Year\u00a9!\"}]},{\"@type\":\"WebSite\",\"@id\":\"https:\/\/peoplesphere.be\/fr\/#website\",\"url\":\"https:\/\/peoplesphere.be\/fr\/\",\"name\":\"Peoplesphere\",\"description\":\"The People Managers Magazine\",\"publisher\":{\"@id\":\"https:\/\/peoplesphere.be\/fr\/#organization\"},\"potentialAction\":[{\"@type\":\"SearchAction\",\"target\":{\"@type\":\"EntryPoint\",\"urlTemplate\":\"https:\/\/peoplesphere.be\/fr\/?s={search_term_string}\"},\"query-input\":\"required name=search_term_string\"}],\"inLanguage\":\"fr-FR\"},{\"@type\":\"Organization\",\"@id\":\"https:\/\/peoplesphere.be\/fr\/#organization\",\"name\":\"Peoplesphere Company srl\",\"url\":\"https:\/\/peoplesphere.be\/fr\/\",\"logo\":{\"@type\":\"ImageObject\",\"inLanguage\":\"fr-FR\",\"@id\":\"https:\/\/peoplesphere.be\/fr\/#\/schema\/logo\/image\/\",\"url\":\"https:\/\/peoplesphere.be\/fr\/wp-content\/uploads\/2023\/07\/peoplesphere-lgo-new-generik.jpg\",\"contentUrl\":\"https:\/\/peoplesphere.be\/fr\/wp-content\/uploads\/2023\/07\/peoplesphere-lgo-new-generik.jpg\",\"width\":1031,\"height\":1479,\"caption\":\"Peoplesphere Company srl\"},\"image\":{\"@id\":\"https:\/\/peoplesphere.be\/fr\/#\/schema\/logo\/image\/\"},\"sameAs\":[\"https:\/\/www.facebook.com\/peoplesphere\",\"https:\/\/twitter.com\/PeoplesphereMag\",\"https:\/\/www.linkedin.com\/company\/7587361?trk\",\"http:\/\/youtube.com\/peoplesphere\"]},{\"@type\":\"Person\",\"@id\":\"https:\/\/peoplesphere.be\/fr\/#\/schema\/person\/7976225ff17988604334abb7b3536a7e\",\"name\":\"Jean-Paul Erhard\",\"image\":{\"@type\":\"ImageObject\",\"inLanguage\":\"fr-FR\",\"@id\":\"https:\/\/peoplesphere.be\/fr\/#\/schema\/person\/image\/\",\"url\":\"https:\/\/secure.gravatar.com\/avatar\/f941e681460179738071629a51574930?s=96&d=mm&r=g\",\"contentUrl\":\"https:\/\/secure.gravatar.com\/avatar\/f941e681460179738071629a51574930?s=96&d=mm&r=g\",\"caption\":\"Jean-Paul Erhard\"},\"url\":\"https:\/\/peoplesphere.be\/fr\/author\/jpe\/\"}]}<\/script>\n<!-- \/ Yoast SEO plugin. -->","yoast_head_json":{"title":"Votez pour d\u00e9signer le HR Manager of the Year\u00a9, le HR Team of the Year\u00a9 et le Young HR Leader of the Year\u00a9! - Peoplesphere","robots":{"index":"index","follow":"follow","max-snippet":"max-snippet:-1","max-image-preview":"max-image-preview:large","max-video-preview":"max-video-preview:-1"},"canonical":"https:\/\/peoplesphere.be\/fr\/votez-designer-hr-manager-hr-team-of-the-year\/","og_locale":"fr_FR","og_type":"article","og_title":"Votez pour d\u00e9signer le HR Manager of the Year\u00a9, le HR Team of the Year\u00a9 et le Young HR Leader of the Year\u00a9! - Peoplesphere","og_description":"30\u00e8me \u00e9dition de la HRM Night\u00a9: \u00e0 vous de d\u00e9signer le HR Manager of the Year\u00a9, le HR Team of the Year\u00a9 et le Young HR Leader of the Year\u00a9. Le 4 avril prochain, nous assisterons ensemble \u00e0 la designation [&hellip;]","og_url":"https:\/\/peoplesphere.be\/fr\/votez-designer-hr-manager-hr-team-of-the-year\/","og_site_name":"Peoplesphere","article_publisher":"https:\/\/www.facebook.com\/peoplesphere","article_published_time":"2019-04-02T11:57:07+00:00","article_modified_time":"2019-04-02T11:55:57+00:00","og_image":[{"width":622,"height":345,"url":"https:\/\/peoplesphere.be\/fr\/wp-content\/uploads\/2019\/03\/Capture-d\u2019\u00e9cran-2019-03-22-\u00e0-15.46.02.png","type":"image\/png"}],"author":"Jean-Paul Erhard","twitter_card":"summary_large_image","twitter_creator":"@PeoplesphereMag","twitter_site":"@PeoplesphereMag","twitter_misc":{"\u00c9crit par":"Jean-Paul Erhard","Dur\u00e9e de lecture estim\u00e9e":"2 minutes"},"schema":{"@context":"https:\/\/schema.org","@graph":[{"@type":"Article","@id":"https:\/\/peoplesphere.be\/fr\/votez-designer-hr-manager-hr-team-of-the-year\/#article","isPartOf":{"@id":"https:\/\/peoplesphere.be\/fr\/votez-designer-hr-manager-hr-team-of-the-year\/"},"author":{"name":"Jean-Paul Erhard","@id":"https:\/\/peoplesphere.be\/fr\/#\/schema\/person\/7976225ff17988604334abb7b3536a7e"},"headline":"Votez pour d\u00e9signer le HR Manager of the Year\u00a9, le HR Team of the Year\u00a9 et le Young HR Leader of the Year\u00a9!","datePublished":"2019-04-02T11:57:07+00:00","dateModified":"2019-04-02T11:55:57+00:00","mainEntityOfPage":{"@id":"https:\/\/peoplesphere.be\/fr\/votez-designer-hr-manager-hr-team-of-the-year\/"},"wordCount":456,"publisher":{"@id":"https:\/\/peoplesphere.be\/fr\/#organization"},"keywords":["Arnaud Delmarche","Audi Brussels","belfius","Camille Gillon","Erik Prieels","hr manager of the year","HR Team of the Year","HRM Night","Loterie Nationale","Petra Vandendriessche","Wanty"],"articleSection":["Actualit\u00e9s","Calendrier","Digital","Events"],"inLanguage":"fr-FR"},{"@type":"WebPage","@id":"https:\/\/peoplesphere.be\/fr\/votez-designer-hr-manager-hr-team-of-the-year\/","url":"https:\/\/peoplesphere.be\/fr\/votez-designer-hr-manager-hr-team-of-the-year\/","name":"Votez pour d\u00e9signer le HR Manager of the Year\u00a9, le HR Team of the Year\u00a9 et le Young HR Leader of the Year\u00a9! - Peoplesphere","isPartOf":{"@id":"https:\/\/peoplesphere.be\/fr\/#website"},"datePublished":"2019-04-02T11:57:07+00:00","dateModified":"2019-04-02T11:55:57+00:00","breadcrumb":{"@id":"https:\/\/peoplesphere.be\/fr\/votez-designer-hr-manager-hr-team-of-the-year\/#breadcrumb"},"inLanguage":"fr-FR","potentialAction":[{"@type":"ReadAction","target":["https:\/\/peoplesphere.be\/fr\/votez-designer-hr-manager-hr-team-of-the-year\/"]}]},{"@type":"BreadcrumbList","@id":"https:\/\/peoplesphere.be\/fr\/votez-designer-hr-manager-hr-team-of-the-year\/#breadcrumb","itemListElement":[{"@type":"ListItem","position":1,"name":"Accueil","item":"https:\/\/peoplesphere.be\/fr\/"},{"@type":"ListItem","position":2,"name":"Votez pour d\u00e9signer le HR Manager of the Year\u00a9, le HR Team of the Year\u00a9 et le Young HR Leader of the Year\u00a9!"}]},{"@type":"WebSite","@id":"https:\/\/peoplesphere.be\/fr\/#website","url":"https:\/\/peoplesphere.be\/fr\/","name":"Peoplesphere","description":"The People Managers Magazine","publisher":{"@id":"https:\/\/peoplesphere.be\/fr\/#organization"},"potentialAction":[{"@type":"SearchAction","target":{"@type":"EntryPoint","urlTemplate":"https:\/\/peoplesphere.be\/fr\/?s={search_term_string}"},"query-input":"required name=search_term_string"}],"inLanguage":"fr-FR"},{"@type":"Organization","@id":"https:\/\/peoplesphere.be\/fr\/#organization","name":"Peoplesphere Company srl","url":"https:\/\/peoplesphere.be\/fr\/","logo":{"@type":"ImageObject","inLanguage":"fr-FR","@id":"https:\/\/peoplesphere.be\/fr\/#\/schema\/logo\/image\/","url":"https:\/\/peoplesphere.be\/fr\/wp-content\/uploads\/2023\/07\/peoplesphere-lgo-new-generik.jpg","contentUrl":"https:\/\/peoplesphere.be\/fr\/wp-content\/uploads\/2023\/07\/peoplesphere-lgo-new-generik.jpg","width":1031,"height":1479,"caption":"Peoplesphere Company srl"},"image":{"@id":"https:\/\/peoplesphere.be\/fr\/#\/schema\/logo\/image\/"},"sameAs":["https:\/\/www.facebook.com\/peoplesphere","https:\/\/twitter.com\/PeoplesphereMag","https:\/\/www.linkedin.com\/company\/7587361?trk","http:\/\/youtube.com\/peoplesphere"]},{"@type":"Person","@id":"https:\/\/peoplesphere.be\/fr\/#\/schema\/person\/7976225ff17988604334abb7b3536a7e","name":"Jean-Paul Erhard","image":{"@type":"ImageObject","inLanguage":"fr-FR","@id":"https:\/\/peoplesphere.be\/fr\/#\/schema\/person\/image\/","url":"https:\/\/secure.gravatar.com\/avatar\/f941e681460179738071629a51574930?s=96&d=mm&r=g","contentUrl":"https:\/\/secure.gravatar.com\/avatar\/f941e681460179738071629a51574930?s=96&d=mm&r=g","caption":"Jean-Paul Erhard"},"url":"https:\/\/peoplesphere.be\/fr\/author\/jpe\/"}]}},"_links":{"self":[{"href":"https:\/\/peoplesphere.be\/fr\/wp-json\/wp\/v2\/posts\/7546"}],"collection":[{"href":"https:\/\/peoplesphere.be\/fr\/wp-json\/wp\/v2\/posts"}],"about":[{"href":"https:\/\/peoplesphere.be\/fr\/wp-json\/wp\/v2\/types\/post"}],"author":[{"embeddable":true,"href":"https:\/\/peoplesphere.be\/fr\/wp-json\/wp\/v2\/users\/2"}],"replies":[{"embeddable":true,"href":"https:\/\/peoplesphere.be\/fr\/wp-json\/wp\/v2\/comments?post=7546"}],"version-history":[{"count":7,"href":"https:\/\/peoplesphere.be\/fr\/wp-json\/wp\/v2\/posts\/7546\/revisions"}],"predecessor-version":[{"id":7601,"href":"https:\/\/peoplesphere.be\/fr\/wp-json\/wp\/v2\/posts\/7546\/revisions\/7601"}],"wp:featuredmedia":[{"embeddable":true,"href":"https:\/\/peoplesphere.be\/fr\/wp-json\/wp\/v2\/media\/7547"}],"wp:attachment":[{"href":"https:\/\/peoplesphere.be\/fr\/wp-json\/wp\/v2\/media?parent=7546"}],"wp:term":[{"taxonomy":"category","embeddable":true,"href":"https:\/\/peoplesphere.be\/fr\/wp-json\/wp\/v2\/categories?post=7546"},{"taxonomy":"post_tag","embeddable":true,"href":"https:\/\/peoplesphere.be\/fr\/wp-json\/wp\/v2\/tags?post=7546"}],"curies":[{"name":"wp","href":"https:\/\/api.w.org\/{rel}","templated":true}]}}