









{"id":7561,"date":"2019-03-26T14:31:20","date_gmt":"2019-03-26T12:31:20","guid":{"rendered":"http:\/\/www.peoplesphere.be\/fr\/?p=7561"},"modified":"2019-03-26T14:31:20","modified_gmt":"2019-03-26T12:31:20","slug":"mise-oeuvre-de-laip-2019-2020-bloquee-suite-rejet-de-fgtb-faute-de-reponse-satisfaisante-aux-preoccupations-legitimes-travailleurs-pays","status":"publish","type":"post","link":"https:\/\/peoplesphere.be\/fr\/mise-oeuvre-de-laip-2019-2020-bloquee-suite-rejet-de-fgtb-faute-de-reponse-satisfaisante-aux-preoccupations-legitimes-travailleurs-pays\/","title":{"rendered":"La mise en oeuvre de l&rsquo;AIP 2019-2020 est bloqu\u00e9e suite au rejet de la FGTB, \u00ab\u00a0faute de r\u00e9ponse satisfaisante aux pr\u00e9occupations l\u00e9gitimes des travailleurs du pays\u00a0\u00bb."},"content":{"rendered":"<p>Contrairement \u00e0 la CSC et \u00e0 la CGSLB qui ont approuv\u00e9 le projet d&rsquo;accord lors de leurs instances respectives, le Comit\u00e9 f\u00e9d\u00e9ral de la FGTB comprenant des repr\u00e9sentants de tous les secteurs et r\u00e9gionales, vient de rejeter le projet d\u2019AIP 2019-2020 avec une majorit\u00e9 de 56%. Cela signifie que les CCT visant \u00e0 mettre cet AIP en \u0153uvre (norme salariale, salaire minimum, RCC, intervention train-tram-bus, etc.) ne peuvent pas \u00eatre approuv\u00e9es au sein du Conseil national du travail.<!--more--><\/p>\n<p>Le Comit\u00e9 F\u00e9d\u00e9ral estime que le projet n\u2019offre pas de r\u00e9ponse ad\u00e9quate aux demandes l\u00e9gitimes des travailleurs relatives \u00e0 une augmentation du pouvoir d\u2019achat et \u00e0 de meilleures conditions de travail, surtout pour les travailleurs aves les plus bas salaires.<\/p>\n<p>La FGTB exige que le gouvernement et le parlement s\u2019attellent encore \u00e0 des mesures socialement justes, au niveau des allocations sociales comme de la fin de carri\u00e8re. Le syndicat socialiste est arriv\u00e9 \u00e0 cette conclusion au terme d\u2019un vaste processus d\u2019information et de consultation de sa base men\u00e9 au cours des semaines \u00e9coul\u00e9es. Malgr\u00e9 les points positifs, comme les propositions relatives aux emplois de fin de carri\u00e8re et aux RCC, les militants estiment que le projet d\u2019accord n\u2019offre pas de r\u00e9ponse suffisante aux aspirations des travailleurs en mati\u00e8re de renforcement du pouvoir d\u2019achat, en particulier pour les travailleurs qui ont des bas salaires.<\/p>\n<p>La FGTB regrette la faible revalorisation salariale et la non proportionnalit\u00e9 de la marge de n\u00e9gociation salariale vis-\u00e0-vis de l&rsquo;augmentation de productivit\u00e9. Elle souligne encore <em>\u00ab\u00a0qu&rsquo;il n\u2019y a aucune avanc\u00e9e notable, ni en mati\u00e8re de formation, ni en mati\u00e8re de travail faisable. Le nombre d\u2019heures suppl\u00e9mentaires (volontaires) a en revanche bien \u00e9t\u00e9 relev\u00e9.\u00a0\u00bb<\/em><\/p>\n<p>La FGTB demande que le prochain gouvernement s\u2019attelle sans tarder \u00e0 :<br \/>\n&#8211; Une profonde r\u00e9forme de la loi salariale de sorte que les salaires puissent de nouveau correspondre, par le biais des n\u00e9gociations, \u00e0 la hausse de la productivit\u00e9.<br \/>\n&#8211; Un cadre favorable au rel\u00e8vement des salaires minimums vers 14 euros\/2300 euros.\u00a0Le Comit\u00e9 f\u00e9d\u00e9ral de la FGTB a d\u00e8s lors d\u00e9cid\u00e9 de poursuivre sa vaste campagne de sensibilisation et sa r\u00e9flexion sur des actions \u00e0 mener.<\/p>\n<p>Naturellement, la FEB et ses secteurs d\u00e9plorent profond\u00e9ment cette \u00e9volution:<em> \u00ab\u00a0Le rejet par un syndicat est clairement une occasion manqu\u00e9e pour les partenaires sociaux de prendre leurs responsabilit\u00e9s dans des circonstances difficiles.\u00a0Le projet d\u2019AIP contenait pourtant un juste \u00e9quilibre entre les dimensions sociale, \u00e9conomique et environnementale. De plus, dans le difficile contexte \u00e9conomique et g\u00e9opolitique actuel (gilets jaunes, recul de la croissance \u00e9conomique, actions pour le climat, Brexit dur, gouvernement minoritaire, \u00e9lections \u00e0 venir\u2026), renforc\u00e9 par la mont\u00e9e de la fi\u00e8vre \u00e9lectorale, il permettait de contribuer \u00e0 la s\u00e9r\u00e9nit\u00e9 et \u00e0 la paix sociale.\u00a0Le pire que nous puissions faire maintenant est de rel\u00e2cher l\u2019effort et de ne rien faire. Nous demandons que l\u2019AIP soit int\u00e9gralement mis en \u0153uvre par le gouvernement afin d\u2019\u00e9viter l\u2019incertitude et le chaos sur le terrain. Une large majorit\u00e9 des syndicats et l&rsquo;ensemble de la d\u00e9l\u00e9gation patronale ont approuv\u00e9 l&rsquo;AIP. Cette majorit\u00e9 doit \u00eatre respect\u00e9e. \u00c0 cet effet, une concertation urgente avec le gouvernement est n\u00e9cessaire pour examiner la mani\u00e8re de transposer rapidement et efficacement l\u2019AIP dans la pratique\u2019\u00a0\u00bb<\/em>\u00a0conclut Pieter Timmermans, administrateur d\u00e9l\u00e9gu\u00e9 de la FEB.<\/p>\n<p><em>Source : FGTB &#8211; FEB<\/em><\/p>\n","protected":false},"excerpt":{"rendered":"<p>Contrairement \u00e0 la CSC et \u00e0 la CGSLB qui ont approuv\u00e9 le projet d&rsquo;accord lors de leurs instances respectives, le Comit\u00e9 f\u00e9d\u00e9ral de la FGTB comprenant des repr\u00e9sentants de tous les secteurs et r\u00e9gionales, vient de rejeter le projet d\u2019AIP [&hellip;]<\/p>\n","protected":false},"author":2,"featured_media":0,"comment_status":"closed","ping_status":"open","sticky":false,"template":"","format":"standard","meta":[],"categories":[65,10],"tags":[1081,332,1207,1186,2205,1101],"yoast_head":"<!-- This site is optimized with the Yoast SEO plugin v21.0 - https:\/\/yoast.com\/wordpress\/plugins\/seo\/ -->\n<title>La mise en oeuvre de l&#039;AIP 2019-2020 est bloqu\u00e9e suite au rejet de la FGTB, &quot;faute de r\u00e9ponse satisfaisante aux pr\u00e9occupations l\u00e9gitimes des travailleurs du pays&quot;. - Peoplesphere<\/title>\n<meta name=\"robots\" content=\"index, follow, max-snippet:-1, max-image-preview:large, max-video-preview:-1\" \/>\n<link rel=\"canonical\" href=\"https:\/\/peoplesphere.be\/fr\/mise-oeuvre-de-laip-2019-2020-bloquee-suite-rejet-de-fgtb-faute-de-reponse-satisfaisante-aux-preoccupations-legitimes-travailleurs-pays\/\" \/>\n<meta property=\"og:locale\" content=\"fr_FR\" \/>\n<meta property=\"og:type\" content=\"article\" \/>\n<meta property=\"og:title\" content=\"La mise en oeuvre de l&#039;AIP 2019-2020 est bloqu\u00e9e suite au rejet de la FGTB, &quot;faute de r\u00e9ponse satisfaisante aux pr\u00e9occupations l\u00e9gitimes des travailleurs du pays&quot;. - Peoplesphere\" \/>\n<meta property=\"og:description\" content=\"Contrairement \u00e0 la CSC et \u00e0 la CGSLB qui ont approuv\u00e9 le projet d&rsquo;accord lors de leurs instances respectives, le Comit\u00e9 f\u00e9d\u00e9ral de la FGTB comprenant des repr\u00e9sentants de tous les secteurs et r\u00e9gionales, vient de rejeter le projet d\u2019AIP [&hellip;]\" \/>\n<meta property=\"og:url\" content=\"https:\/\/peoplesphere.be\/fr\/mise-oeuvre-de-laip-2019-2020-bloquee-suite-rejet-de-fgtb-faute-de-reponse-satisfaisante-aux-preoccupations-legitimes-travailleurs-pays\/\" \/>\n<meta property=\"og:site_name\" content=\"Peoplesphere\" \/>\n<meta property=\"article:publisher\" content=\"https:\/\/www.facebook.com\/peoplesphere\" \/>\n<meta property=\"article:published_time\" content=\"2019-03-26T12:31:20+00:00\" \/>\n<meta property=\"og:image\" content=\"http:\/\/www.peoplesphere.be\/fr\/wp-content\/uploads\/2016\/07\/facebook-default-posting-1200x628px.jpg\" \/>\n<meta name=\"author\" content=\"Jean-Paul Erhard\" \/>\n<meta name=\"twitter:card\" content=\"summary_large_image\" \/>\n<meta name=\"twitter:creator\" content=\"@PeoplesphereMag\" \/>\n<meta name=\"twitter:site\" content=\"@PeoplesphereMag\" \/>\n<meta name=\"twitter:label1\" content=\"\u00c9crit par\" \/>\n\t<meta name=\"twitter:data1\" content=\"Jean-Paul Erhard\" \/>\n\t<meta name=\"twitter:label2\" content=\"Dur\u00e9e de lecture estim\u00e9e\" \/>\n\t<meta name=\"twitter:data2\" content=\"3 minutes\" \/>\n<script type=\"application\/ld+json\" class=\"yoast-schema-graph\">{\"@context\":\"https:\/\/schema.org\",\"@graph\":[{\"@type\":\"Article\",\"@id\":\"https:\/\/peoplesphere.be\/fr\/mise-oeuvre-de-laip-2019-2020-bloquee-suite-rejet-de-fgtb-faute-de-reponse-satisfaisante-aux-preoccupations-legitimes-travailleurs-pays\/#article\",\"isPartOf\":{\"@id\":\"https:\/\/peoplesphere.be\/fr\/mise-oeuvre-de-laip-2019-2020-bloquee-suite-rejet-de-fgtb-faute-de-reponse-satisfaisante-aux-preoccupations-legitimes-travailleurs-pays\/\"},\"author\":{\"name\":\"Jean-Paul Erhard\",\"@id\":\"https:\/\/peoplesphere.be\/fr\/#\/schema\/person\/7976225ff17988604334abb7b3536a7e\"},\"headline\":\"La mise en oeuvre de l&rsquo;AIP 2019-2020 est bloqu\u00e9e suite au rejet de la FGTB, \u00ab\u00a0faute de r\u00e9ponse satisfaisante aux pr\u00e9occupations l\u00e9gitimes des travailleurs du pays\u00a0\u00bb.\",\"datePublished\":\"2019-03-26T12:31:20+00:00\",\"dateModified\":\"2019-03-26T12:31:20+00:00\",\"mainEntityOfPage\":{\"@id\":\"https:\/\/peoplesphere.be\/fr\/mise-oeuvre-de-laip-2019-2020-bloquee-suite-rejet-de-fgtb-faute-de-reponse-satisfaisante-aux-preoccupations-legitimes-travailleurs-pays\/\"},\"wordCount\":617,\"publisher\":{\"@id\":\"https:\/\/peoplesphere.be\/fr\/#organization\"},\"keywords\":[\"AIP\",\"concertation sociale\",\"FEB\",\"FGTB\",\"marge salariale\",\"RCC\"],\"articleSection\":[\"Actualit\u00e9s\",\"Digital\"],\"inLanguage\":\"fr-FR\"},{\"@type\":\"WebPage\",\"@id\":\"https:\/\/peoplesphere.be\/fr\/mise-oeuvre-de-laip-2019-2020-bloquee-suite-rejet-de-fgtb-faute-de-reponse-satisfaisante-aux-preoccupations-legitimes-travailleurs-pays\/\",\"url\":\"https:\/\/peoplesphere.be\/fr\/mise-oeuvre-de-laip-2019-2020-bloquee-suite-rejet-de-fgtb-faute-de-reponse-satisfaisante-aux-preoccupations-legitimes-travailleurs-pays\/\",\"name\":\"La mise en oeuvre de l'AIP 2019-2020 est bloqu\u00e9e suite au rejet de la FGTB, \\\"faute de r\u00e9ponse satisfaisante aux pr\u00e9occupations l\u00e9gitimes des travailleurs du pays\\\". - Peoplesphere\",\"isPartOf\":{\"@id\":\"https:\/\/peoplesphere.be\/fr\/#website\"},\"datePublished\":\"2019-03-26T12:31:20+00:00\",\"dateModified\":\"2019-03-26T12:31:20+00:00\",\"breadcrumb\":{\"@id\":\"https:\/\/peoplesphere.be\/fr\/mise-oeuvre-de-laip-2019-2020-bloquee-suite-rejet-de-fgtb-faute-de-reponse-satisfaisante-aux-preoccupations-legitimes-travailleurs-pays\/#breadcrumb\"},\"inLanguage\":\"fr-FR\",\"potentialAction\":[{\"@type\":\"ReadAction\",\"target\":[\"https:\/\/peoplesphere.be\/fr\/mise-oeuvre-de-laip-2019-2020-bloquee-suite-rejet-de-fgtb-faute-de-reponse-satisfaisante-aux-preoccupations-legitimes-travailleurs-pays\/\"]}]},{\"@type\":\"BreadcrumbList\",\"@id\":\"https:\/\/peoplesphere.be\/fr\/mise-oeuvre-de-laip-2019-2020-bloquee-suite-rejet-de-fgtb-faute-de-reponse-satisfaisante-aux-preoccupations-legitimes-travailleurs-pays\/#breadcrumb\",\"itemListElement\":[{\"@type\":\"ListItem\",\"position\":1,\"name\":\"Accueil\",\"item\":\"https:\/\/peoplesphere.be\/fr\/\"},{\"@type\":\"ListItem\",\"position\":2,\"name\":\"La mise en oeuvre de l&rsquo;AIP 2019-2020 est bloqu\u00e9e suite au rejet de la FGTB, \u00ab\u00a0faute de r\u00e9ponse satisfaisante aux pr\u00e9occupations l\u00e9gitimes des travailleurs du pays\u00a0\u00bb.\"}]},{\"@type\":\"WebSite\",\"@id\":\"https:\/\/peoplesphere.be\/fr\/#website\",\"url\":\"https:\/\/peoplesphere.be\/fr\/\",\"name\":\"Peoplesphere\",\"description\":\"The People Managers Magazine\",\"publisher\":{\"@id\":\"https:\/\/peoplesphere.be\/fr\/#organization\"},\"potentialAction\":[{\"@type\":\"SearchAction\",\"target\":{\"@type\":\"EntryPoint\",\"urlTemplate\":\"https:\/\/peoplesphere.be\/fr\/?s={search_term_string}\"},\"query-input\":\"required name=search_term_string\"}],\"inLanguage\":\"fr-FR\"},{\"@type\":\"Organization\",\"@id\":\"https:\/\/peoplesphere.be\/fr\/#organization\",\"name\":\"Peoplesphere Company srl\",\"url\":\"https:\/\/peoplesphere.be\/fr\/\",\"logo\":{\"@type\":\"ImageObject\",\"inLanguage\":\"fr-FR\",\"@id\":\"https:\/\/peoplesphere.be\/fr\/#\/schema\/logo\/image\/\",\"url\":\"https:\/\/peoplesphere.be\/fr\/wp-content\/uploads\/2023\/07\/peoplesphere-lgo-new-generik.jpg\",\"contentUrl\":\"https:\/\/peoplesphere.be\/fr\/wp-content\/uploads\/2023\/07\/peoplesphere-lgo-new-generik.jpg\",\"width\":1031,\"height\":1479,\"caption\":\"Peoplesphere Company srl\"},\"image\":{\"@id\":\"https:\/\/peoplesphere.be\/fr\/#\/schema\/logo\/image\/\"},\"sameAs\":[\"https:\/\/www.facebook.com\/peoplesphere\",\"https:\/\/twitter.com\/PeoplesphereMag\",\"https:\/\/www.linkedin.com\/company\/7587361?trk\",\"http:\/\/youtube.com\/peoplesphere\"]},{\"@type\":\"Person\",\"@id\":\"https:\/\/peoplesphere.be\/fr\/#\/schema\/person\/7976225ff17988604334abb7b3536a7e\",\"name\":\"Jean-Paul Erhard\",\"image\":{\"@type\":\"ImageObject\",\"inLanguage\":\"fr-FR\",\"@id\":\"https:\/\/peoplesphere.be\/fr\/#\/schema\/person\/image\/\",\"url\":\"https:\/\/secure.gravatar.com\/avatar\/f941e681460179738071629a51574930?s=96&d=mm&r=g\",\"contentUrl\":\"https:\/\/secure.gravatar.com\/avatar\/f941e681460179738071629a51574930?s=96&d=mm&r=g\",\"caption\":\"Jean-Paul Erhard\"},\"url\":\"https:\/\/peoplesphere.be\/fr\/author\/jpe\/\"}]}<\/script>\n<!-- \/ Yoast SEO plugin. -->","yoast_head_json":{"title":"La mise en oeuvre de l'AIP 2019-2020 est bloqu\u00e9e suite au rejet de la FGTB, \"faute de r\u00e9ponse satisfaisante aux pr\u00e9occupations l\u00e9gitimes des travailleurs du pays\". - Peoplesphere","robots":{"index":"index","follow":"follow","max-snippet":"max-snippet:-1","max-image-preview":"max-image-preview:large","max-video-preview":"max-video-preview:-1"},"canonical":"https:\/\/peoplesphere.be\/fr\/mise-oeuvre-de-laip-2019-2020-bloquee-suite-rejet-de-fgtb-faute-de-reponse-satisfaisante-aux-preoccupations-legitimes-travailleurs-pays\/","og_locale":"fr_FR","og_type":"article","og_title":"La mise en oeuvre de l'AIP 2019-2020 est bloqu\u00e9e suite au rejet de la FGTB, \"faute de r\u00e9ponse satisfaisante aux pr\u00e9occupations l\u00e9gitimes des travailleurs du pays\". - Peoplesphere","og_description":"Contrairement \u00e0 la CSC et \u00e0 la CGSLB qui ont approuv\u00e9 le projet d&rsquo;accord lors de leurs instances respectives, le Comit\u00e9 f\u00e9d\u00e9ral de la FGTB comprenant des repr\u00e9sentants de tous les secteurs et r\u00e9gionales, vient de rejeter le projet d\u2019AIP [&hellip;]","og_url":"https:\/\/peoplesphere.be\/fr\/mise-oeuvre-de-laip-2019-2020-bloquee-suite-rejet-de-fgtb-faute-de-reponse-satisfaisante-aux-preoccupations-legitimes-travailleurs-pays\/","og_site_name":"Peoplesphere","article_publisher":"https:\/\/www.facebook.com\/peoplesphere","article_published_time":"2019-03-26T12:31:20+00:00","og_image":[{"url":"http:\/\/www.peoplesphere.be\/fr\/wp-content\/uploads\/2016\/07\/facebook-default-posting-1200x628px.jpg"}],"author":"Jean-Paul Erhard","twitter_card":"summary_large_image","twitter_creator":"@PeoplesphereMag","twitter_site":"@PeoplesphereMag","twitter_misc":{"\u00c9crit par":"Jean-Paul Erhard","Dur\u00e9e de lecture estim\u00e9e":"3 minutes"},"schema":{"@context":"https:\/\/schema.org","@graph":[{"@type":"Article","@id":"https:\/\/peoplesphere.be\/fr\/mise-oeuvre-de-laip-2019-2020-bloquee-suite-rejet-de-fgtb-faute-de-reponse-satisfaisante-aux-preoccupations-legitimes-travailleurs-pays\/#article","isPartOf":{"@id":"https:\/\/peoplesphere.be\/fr\/mise-oeuvre-de-laip-2019-2020-bloquee-suite-rejet-de-fgtb-faute-de-reponse-satisfaisante-aux-preoccupations-legitimes-travailleurs-pays\/"},"author":{"name":"Jean-Paul Erhard","@id":"https:\/\/peoplesphere.be\/fr\/#\/schema\/person\/7976225ff17988604334abb7b3536a7e"},"headline":"La mise en oeuvre de l&rsquo;AIP 2019-2020 est bloqu\u00e9e suite au rejet de la FGTB, \u00ab\u00a0faute de r\u00e9ponse satisfaisante aux pr\u00e9occupations l\u00e9gitimes des travailleurs du pays\u00a0\u00bb.","datePublished":"2019-03-26T12:31:20+00:00","dateModified":"2019-03-26T12:31:20+00:00","mainEntityOfPage":{"@id":"https:\/\/peoplesphere.be\/fr\/mise-oeuvre-de-laip-2019-2020-bloquee-suite-rejet-de-fgtb-faute-de-reponse-satisfaisante-aux-preoccupations-legitimes-travailleurs-pays\/"},"wordCount":617,"publisher":{"@id":"https:\/\/peoplesphere.be\/fr\/#organization"},"keywords":["AIP","concertation sociale","FEB","FGTB","marge salariale","RCC"],"articleSection":["Actualit\u00e9s","Digital"],"inLanguage":"fr-FR"},{"@type":"WebPage","@id":"https:\/\/peoplesphere.be\/fr\/mise-oeuvre-de-laip-2019-2020-bloquee-suite-rejet-de-fgtb-faute-de-reponse-satisfaisante-aux-preoccupations-legitimes-travailleurs-pays\/","url":"https:\/\/peoplesphere.be\/fr\/mise-oeuvre-de-laip-2019-2020-bloquee-suite-rejet-de-fgtb-faute-de-reponse-satisfaisante-aux-preoccupations-legitimes-travailleurs-pays\/","name":"La mise en oeuvre de l'AIP 2019-2020 est bloqu\u00e9e suite au rejet de la FGTB, \"faute de r\u00e9ponse satisfaisante aux pr\u00e9occupations l\u00e9gitimes des travailleurs du pays\". - Peoplesphere","isPartOf":{"@id":"https:\/\/peoplesphere.be\/fr\/#website"},"datePublished":"2019-03-26T12:31:20+00:00","dateModified":"2019-03-26T12:31:20+00:00","breadcrumb":{"@id":"https:\/\/peoplesphere.be\/fr\/mise-oeuvre-de-laip-2019-2020-bloquee-suite-rejet-de-fgtb-faute-de-reponse-satisfaisante-aux-preoccupations-legitimes-travailleurs-pays\/#breadcrumb"},"inLanguage":"fr-FR","potentialAction":[{"@type":"ReadAction","target":["https:\/\/peoplesphere.be\/fr\/mise-oeuvre-de-laip-2019-2020-bloquee-suite-rejet-de-fgtb-faute-de-reponse-satisfaisante-aux-preoccupations-legitimes-travailleurs-pays\/"]}]},{"@type":"BreadcrumbList","@id":"https:\/\/peoplesphere.be\/fr\/mise-oeuvre-de-laip-2019-2020-bloquee-suite-rejet-de-fgtb-faute-de-reponse-satisfaisante-aux-preoccupations-legitimes-travailleurs-pays\/#breadcrumb","itemListElement":[{"@type":"ListItem","position":1,"name":"Accueil","item":"https:\/\/peoplesphere.be\/fr\/"},{"@type":"ListItem","position":2,"name":"La mise en oeuvre de l&rsquo;AIP 2019-2020 est bloqu\u00e9e suite au rejet de la FGTB, \u00ab\u00a0faute de r\u00e9ponse satisfaisante aux pr\u00e9occupations l\u00e9gitimes des travailleurs du pays\u00a0\u00bb."}]},{"@type":"WebSite","@id":"https:\/\/peoplesphere.be\/fr\/#website","url":"https:\/\/peoplesphere.be\/fr\/","name":"Peoplesphere","description":"The People Managers Magazine","publisher":{"@id":"https:\/\/peoplesphere.be\/fr\/#organization"},"potentialAction":[{"@type":"SearchAction","target":{"@type":"EntryPoint","urlTemplate":"https:\/\/peoplesphere.be\/fr\/?s={search_term_string}"},"query-input":"required name=search_term_string"}],"inLanguage":"fr-FR"},{"@type":"Organization","@id":"https:\/\/peoplesphere.be\/fr\/#organization","name":"Peoplesphere Company srl","url":"https:\/\/peoplesphere.be\/fr\/","logo":{"@type":"ImageObject","inLanguage":"fr-FR","@id":"https:\/\/peoplesphere.be\/fr\/#\/schema\/logo\/image\/","url":"https:\/\/peoplesphere.be\/fr\/wp-content\/uploads\/2023\/07\/peoplesphere-lgo-new-generik.jpg","contentUrl":"https:\/\/peoplesphere.be\/fr\/wp-content\/uploads\/2023\/07\/peoplesphere-lgo-new-generik.jpg","width":1031,"height":1479,"caption":"Peoplesphere Company srl"},"image":{"@id":"https:\/\/peoplesphere.be\/fr\/#\/schema\/logo\/image\/"},"sameAs":["https:\/\/www.facebook.com\/peoplesphere","https:\/\/twitter.com\/PeoplesphereMag","https:\/\/www.linkedin.com\/company\/7587361?trk","http:\/\/youtube.com\/peoplesphere"]},{"@type":"Person","@id":"https:\/\/peoplesphere.be\/fr\/#\/schema\/person\/7976225ff17988604334abb7b3536a7e","name":"Jean-Paul Erhard","image":{"@type":"ImageObject","inLanguage":"fr-FR","@id":"https:\/\/peoplesphere.be\/fr\/#\/schema\/person\/image\/","url":"https:\/\/secure.gravatar.com\/avatar\/f941e681460179738071629a51574930?s=96&d=mm&r=g","contentUrl":"https:\/\/secure.gravatar.com\/avatar\/f941e681460179738071629a51574930?s=96&d=mm&r=g","caption":"Jean-Paul Erhard"},"url":"https:\/\/peoplesphere.be\/fr\/author\/jpe\/"}]}},"_links":{"self":[{"href":"https:\/\/peoplesphere.be\/fr\/wp-json\/wp\/v2\/posts\/7561"}],"collection":[{"href":"https:\/\/peoplesphere.be\/fr\/wp-json\/wp\/v2\/posts"}],"about":[{"href":"https:\/\/peoplesphere.be\/fr\/wp-json\/wp\/v2\/types\/post"}],"author":[{"embeddable":true,"href":"https:\/\/peoplesphere.be\/fr\/wp-json\/wp\/v2\/users\/2"}],"replies":[{"embeddable":true,"href":"https:\/\/peoplesphere.be\/fr\/wp-json\/wp\/v2\/comments?post=7561"}],"version-history":[{"count":1,"href":"https:\/\/peoplesphere.be\/fr\/wp-json\/wp\/v2\/posts\/7561\/revisions"}],"predecessor-version":[{"id":7562,"href":"https:\/\/peoplesphere.be\/fr\/wp-json\/wp\/v2\/posts\/7561\/revisions\/7562"}],"wp:attachment":[{"href":"https:\/\/peoplesphere.be\/fr\/wp-json\/wp\/v2\/media?parent=7561"}],"wp:term":[{"taxonomy":"category","embeddable":true,"href":"https:\/\/peoplesphere.be\/fr\/wp-json\/wp\/v2\/categories?post=7561"},{"taxonomy":"post_tag","embeddable":true,"href":"https:\/\/peoplesphere.be\/fr\/wp-json\/wp\/v2\/tags?post=7561"}],"curies":[{"name":"wp","href":"https:\/\/api.w.org\/{rel}","templated":true}]}}