









{"id":7572,"date":"2019-03-27T12:05:47","date_gmt":"2019-03-27T10:05:47","guid":{"rendered":"http:\/\/www.peoplesphere.be\/fr\/?p=7572"},"modified":"2019-03-27T12:05:47","modified_gmt":"2019-03-27T10:05:47","slug":"linterim-souffre-ralentissement-economique-de-penurie-de-main-doeuvre","status":"publish","type":"post","link":"https:\/\/peoplesphere.be\/fr\/linterim-souffre-ralentissement-economique-de-penurie-de-main-doeuvre\/","title":{"rendered":"L&rsquo;int\u00e9rim souffre du ralentissement \u00e9conomique et de la p\u00e9nurie de main d&rsquo;oeuvre."},"content":{"rendered":"<p>Par rapport au mois de f\u00e9vrier de l&rsquo;ann\u00e9e pr\u00e9c\u00e9dente, le secteur de l&rsquo;int\u00e9rim affiche une baisse de -4,63%. Ce chiffre r\u00e9sulte d&rsquo;une diminution de -5,84% dans le segment des ouvriers et de -2,93% dans le segment des employ\u00e9s.<br \/>\n<!--more--><\/p>\n<p>Au mois de f\u00e9vrier 2019, le nombre d&rsquo;heures d&rsquo;int\u00e9rim prest\u00e9es a diminu\u00e9 de -1,28% par rapport au mois pr\u00e9c\u00e9dent (en donn\u00e9es corrig\u00e9es des variations saisonni\u00e8res et des effets de calendrier). Cette baisse r\u00e9sulte d&rsquo;une \u00e9volution n\u00e9gative des heures prest\u00e9es de -1,89% du c\u00f4t\u00e9 des ouvriers et de -0,44% du c\u00f4t\u00e9 des employ\u00e9s.<\/p>\n<p>L&rsquo;indice Federgon a atteint 111,64 points en f\u00e9vrier 2019 contre 113,08 points le mois pr\u00e9c\u00e9dent. Cet indice rend compte du niveau de l&rsquo;activit\u00e9 au cours du mois \u00e9tudi\u00e9 par rapport au mois de janvier 2007 (base 100), en chiffres d\u00e9saisonnalis\u00e9s.<\/p>\n<p><em>\u00ab\u00a0L&rsquo;activit\u00e9 int\u00e9rimaire a enregistr\u00e9 une baisse significative en f\u00e9vrier, et ce tant sur base annuelle que sur base mensuelle. Le ralentissement g\u00e9n\u00e9ral de l&rsquo;\u00e9conomie et la p\u00e9nurie sur le march\u00e9 de l&#8217;emploi ont eu un effet n\u00e9gatif sur le secteur, tandis que les effets de calendrier et les gr\u00e8ves ont perturb\u00e9 le volume mensuel<\/em>\u00a0\u00bb remarque-t-on au sein de Federgon.<\/p>\n<p><em>Source: Federgon<\/em><\/p>\n","protected":false},"excerpt":{"rendered":"<p>Par rapport au mois de f\u00e9vrier de l&rsquo;ann\u00e9e pr\u00e9c\u00e9dente, le secteur de l&rsquo;int\u00e9rim affiche une baisse de -4,63%. Ce chiffre r\u00e9sulte d&rsquo;une diminution de -5,84% dans le segment des ouvriers et de -2,93% dans le segment des employ\u00e9s.<\/p>\n","protected":false},"author":2,"featured_media":0,"comment_status":"closed","ping_status":"open","sticky":false,"template":"","format":"standard","meta":[],"categories":[65,10],"tags":[198,12,1708,34],"yoast_head":"<!-- This site is optimized with the Yoast SEO plugin v21.0 - https:\/\/yoast.com\/wordpress\/plugins\/seo\/ -->\n<title>L&#039;int\u00e9rim souffre du ralentissement \u00e9conomique et de la p\u00e9nurie de main d&#039;oeuvre. - Peoplesphere<\/title>\n<meta name=\"robots\" content=\"index, follow, max-snippet:-1, max-image-preview:large, max-video-preview:-1\" \/>\n<link rel=\"canonical\" href=\"https:\/\/peoplesphere.be\/fr\/linterim-souffre-ralentissement-economique-de-penurie-de-main-doeuvre\/\" \/>\n<meta property=\"og:locale\" content=\"fr_FR\" \/>\n<meta property=\"og:type\" content=\"article\" \/>\n<meta property=\"og:title\" content=\"L&#039;int\u00e9rim souffre du ralentissement \u00e9conomique et de la p\u00e9nurie de main d&#039;oeuvre. - Peoplesphere\" \/>\n<meta property=\"og:description\" content=\"Par rapport au mois de f\u00e9vrier de l&rsquo;ann\u00e9e pr\u00e9c\u00e9dente, le secteur de l&rsquo;int\u00e9rim affiche une baisse de -4,63%. Ce chiffre r\u00e9sulte d&rsquo;une diminution de -5,84% dans le segment des ouvriers et de -2,93% dans le segment des employ\u00e9s.\" \/>\n<meta property=\"og:url\" content=\"https:\/\/peoplesphere.be\/fr\/linterim-souffre-ralentissement-economique-de-penurie-de-main-doeuvre\/\" \/>\n<meta property=\"og:site_name\" content=\"Peoplesphere\" \/>\n<meta property=\"article:publisher\" content=\"https:\/\/www.facebook.com\/peoplesphere\" \/>\n<meta property=\"article:published_time\" content=\"2019-03-27T10:05:47+00:00\" \/>\n<meta property=\"og:image\" content=\"http:\/\/www.peoplesphere.be\/fr\/wp-content\/uploads\/2016\/07\/facebook-default-posting-1200x628px.jpg\" \/>\n<meta name=\"author\" content=\"Jean-Paul Erhard\" \/>\n<meta name=\"twitter:card\" content=\"summary_large_image\" \/>\n<meta name=\"twitter:creator\" content=\"@PeoplesphereMag\" \/>\n<meta name=\"twitter:site\" content=\"@PeoplesphereMag\" \/>\n<meta name=\"twitter:label1\" content=\"\u00c9crit par\" \/>\n\t<meta name=\"twitter:data1\" content=\"Jean-Paul Erhard\" \/>\n\t<meta name=\"twitter:label2\" content=\"Dur\u00e9e de lecture estim\u00e9e\" \/>\n\t<meta name=\"twitter:data2\" content=\"1 minute\" \/>\n<script type=\"application\/ld+json\" class=\"yoast-schema-graph\">{\"@context\":\"https:\/\/schema.org\",\"@graph\":[{\"@type\":\"Article\",\"@id\":\"https:\/\/peoplesphere.be\/fr\/linterim-souffre-ralentissement-economique-de-penurie-de-main-doeuvre\/#article\",\"isPartOf\":{\"@id\":\"https:\/\/peoplesphere.be\/fr\/linterim-souffre-ralentissement-economique-de-penurie-de-main-doeuvre\/\"},\"author\":{\"name\":\"Jean-Paul Erhard\",\"@id\":\"https:\/\/peoplesphere.be\/fr\/#\/schema\/person\/7976225ff17988604334abb7b3536a7e\"},\"headline\":\"L&rsquo;int\u00e9rim souffre du ralentissement \u00e9conomique et de la p\u00e9nurie de main d&rsquo;oeuvre.\",\"datePublished\":\"2019-03-27T10:05:47+00:00\",\"dateModified\":\"2019-03-27T10:05:47+00:00\",\"mainEntityOfPage\":{\"@id\":\"https:\/\/peoplesphere.be\/fr\/linterim-souffre-ralentissement-economique-de-penurie-de-main-doeuvre\/\"},\"wordCount\":233,\"publisher\":{\"@id\":\"https:\/\/peoplesphere.be\/fr\/#organization\"},\"keywords\":[\"federgon\",\"int\u00e9rim\",\"p\u00e9nurie de main d'oeuvre\",\"prestations\"],\"articleSection\":[\"Actualit\u00e9s\",\"Digital\"],\"inLanguage\":\"fr-FR\"},{\"@type\":\"WebPage\",\"@id\":\"https:\/\/peoplesphere.be\/fr\/linterim-souffre-ralentissement-economique-de-penurie-de-main-doeuvre\/\",\"url\":\"https:\/\/peoplesphere.be\/fr\/linterim-souffre-ralentissement-economique-de-penurie-de-main-doeuvre\/\",\"name\":\"L'int\u00e9rim souffre du ralentissement \u00e9conomique et de la p\u00e9nurie de main d'oeuvre. - Peoplesphere\",\"isPartOf\":{\"@id\":\"https:\/\/peoplesphere.be\/fr\/#website\"},\"datePublished\":\"2019-03-27T10:05:47+00:00\",\"dateModified\":\"2019-03-27T10:05:47+00:00\",\"breadcrumb\":{\"@id\":\"https:\/\/peoplesphere.be\/fr\/linterim-souffre-ralentissement-economique-de-penurie-de-main-doeuvre\/#breadcrumb\"},\"inLanguage\":\"fr-FR\",\"potentialAction\":[{\"@type\":\"ReadAction\",\"target\":[\"https:\/\/peoplesphere.be\/fr\/linterim-souffre-ralentissement-economique-de-penurie-de-main-doeuvre\/\"]}]},{\"@type\":\"BreadcrumbList\",\"@id\":\"https:\/\/peoplesphere.be\/fr\/linterim-souffre-ralentissement-economique-de-penurie-de-main-doeuvre\/#breadcrumb\",\"itemListElement\":[{\"@type\":\"ListItem\",\"position\":1,\"name\":\"Accueil\",\"item\":\"https:\/\/peoplesphere.be\/fr\/\"},{\"@type\":\"ListItem\",\"position\":2,\"name\":\"L&rsquo;int\u00e9rim souffre du ralentissement \u00e9conomique et de la p\u00e9nurie de main d&rsquo;oeuvre.\"}]},{\"@type\":\"WebSite\",\"@id\":\"https:\/\/peoplesphere.be\/fr\/#website\",\"url\":\"https:\/\/peoplesphere.be\/fr\/\",\"name\":\"Peoplesphere\",\"description\":\"The People Managers Magazine\",\"publisher\":{\"@id\":\"https:\/\/peoplesphere.be\/fr\/#organization\"},\"potentialAction\":[{\"@type\":\"SearchAction\",\"target\":{\"@type\":\"EntryPoint\",\"urlTemplate\":\"https:\/\/peoplesphere.be\/fr\/?s={search_term_string}\"},\"query-input\":\"required name=search_term_string\"}],\"inLanguage\":\"fr-FR\"},{\"@type\":\"Organization\",\"@id\":\"https:\/\/peoplesphere.be\/fr\/#organization\",\"name\":\"Peoplesphere Company srl\",\"url\":\"https:\/\/peoplesphere.be\/fr\/\",\"logo\":{\"@type\":\"ImageObject\",\"inLanguage\":\"fr-FR\",\"@id\":\"https:\/\/peoplesphere.be\/fr\/#\/schema\/logo\/image\/\",\"url\":\"https:\/\/peoplesphere.be\/fr\/wp-content\/uploads\/2023\/07\/peoplesphere-lgo-new-generik.jpg\",\"contentUrl\":\"https:\/\/peoplesphere.be\/fr\/wp-content\/uploads\/2023\/07\/peoplesphere-lgo-new-generik.jpg\",\"width\":1031,\"height\":1479,\"caption\":\"Peoplesphere Company srl\"},\"image\":{\"@id\":\"https:\/\/peoplesphere.be\/fr\/#\/schema\/logo\/image\/\"},\"sameAs\":[\"https:\/\/www.facebook.com\/peoplesphere\",\"https:\/\/twitter.com\/PeoplesphereMag\",\"https:\/\/www.linkedin.com\/company\/7587361?trk\",\"http:\/\/youtube.com\/peoplesphere\"]},{\"@type\":\"Person\",\"@id\":\"https:\/\/peoplesphere.be\/fr\/#\/schema\/person\/7976225ff17988604334abb7b3536a7e\",\"name\":\"Jean-Paul Erhard\",\"image\":{\"@type\":\"ImageObject\",\"inLanguage\":\"fr-FR\",\"@id\":\"https:\/\/peoplesphere.be\/fr\/#\/schema\/person\/image\/\",\"url\":\"https:\/\/secure.gravatar.com\/avatar\/f941e681460179738071629a51574930?s=96&d=mm&r=g\",\"contentUrl\":\"https:\/\/secure.gravatar.com\/avatar\/f941e681460179738071629a51574930?s=96&d=mm&r=g\",\"caption\":\"Jean-Paul Erhard\"},\"url\":\"https:\/\/peoplesphere.be\/fr\/author\/jpe\/\"}]}<\/script>\n<!-- \/ Yoast SEO plugin. -->","yoast_head_json":{"title":"L'int\u00e9rim souffre du ralentissement \u00e9conomique et de la p\u00e9nurie de main d'oeuvre. - Peoplesphere","robots":{"index":"index","follow":"follow","max-snippet":"max-snippet:-1","max-image-preview":"max-image-preview:large","max-video-preview":"max-video-preview:-1"},"canonical":"https:\/\/peoplesphere.be\/fr\/linterim-souffre-ralentissement-economique-de-penurie-de-main-doeuvre\/","og_locale":"fr_FR","og_type":"article","og_title":"L'int\u00e9rim souffre du ralentissement \u00e9conomique et de la p\u00e9nurie de main d'oeuvre. - Peoplesphere","og_description":"Par rapport au mois de f\u00e9vrier de l&rsquo;ann\u00e9e pr\u00e9c\u00e9dente, le secteur de l&rsquo;int\u00e9rim affiche une baisse de -4,63%. Ce chiffre r\u00e9sulte d&rsquo;une diminution de -5,84% dans le segment des ouvriers et de -2,93% dans le segment des employ\u00e9s.","og_url":"https:\/\/peoplesphere.be\/fr\/linterim-souffre-ralentissement-economique-de-penurie-de-main-doeuvre\/","og_site_name":"Peoplesphere","article_publisher":"https:\/\/www.facebook.com\/peoplesphere","article_published_time":"2019-03-27T10:05:47+00:00","og_image":[{"url":"http:\/\/www.peoplesphere.be\/fr\/wp-content\/uploads\/2016\/07\/facebook-default-posting-1200x628px.jpg"}],"author":"Jean-Paul Erhard","twitter_card":"summary_large_image","twitter_creator":"@PeoplesphereMag","twitter_site":"@PeoplesphereMag","twitter_misc":{"\u00c9crit par":"Jean-Paul Erhard","Dur\u00e9e de lecture estim\u00e9e":"1 minute"},"schema":{"@context":"https:\/\/schema.org","@graph":[{"@type":"Article","@id":"https:\/\/peoplesphere.be\/fr\/linterim-souffre-ralentissement-economique-de-penurie-de-main-doeuvre\/#article","isPartOf":{"@id":"https:\/\/peoplesphere.be\/fr\/linterim-souffre-ralentissement-economique-de-penurie-de-main-doeuvre\/"},"author":{"name":"Jean-Paul Erhard","@id":"https:\/\/peoplesphere.be\/fr\/#\/schema\/person\/7976225ff17988604334abb7b3536a7e"},"headline":"L&rsquo;int\u00e9rim souffre du ralentissement \u00e9conomique et de la p\u00e9nurie de main d&rsquo;oeuvre.","datePublished":"2019-03-27T10:05:47+00:00","dateModified":"2019-03-27T10:05:47+00:00","mainEntityOfPage":{"@id":"https:\/\/peoplesphere.be\/fr\/linterim-souffre-ralentissement-economique-de-penurie-de-main-doeuvre\/"},"wordCount":233,"publisher":{"@id":"https:\/\/peoplesphere.be\/fr\/#organization"},"keywords":["federgon","int\u00e9rim","p\u00e9nurie de main d'oeuvre","prestations"],"articleSection":["Actualit\u00e9s","Digital"],"inLanguage":"fr-FR"},{"@type":"WebPage","@id":"https:\/\/peoplesphere.be\/fr\/linterim-souffre-ralentissement-economique-de-penurie-de-main-doeuvre\/","url":"https:\/\/peoplesphere.be\/fr\/linterim-souffre-ralentissement-economique-de-penurie-de-main-doeuvre\/","name":"L'int\u00e9rim souffre du ralentissement \u00e9conomique et de la p\u00e9nurie de main d'oeuvre. - Peoplesphere","isPartOf":{"@id":"https:\/\/peoplesphere.be\/fr\/#website"},"datePublished":"2019-03-27T10:05:47+00:00","dateModified":"2019-03-27T10:05:47+00:00","breadcrumb":{"@id":"https:\/\/peoplesphere.be\/fr\/linterim-souffre-ralentissement-economique-de-penurie-de-main-doeuvre\/#breadcrumb"},"inLanguage":"fr-FR","potentialAction":[{"@type":"ReadAction","target":["https:\/\/peoplesphere.be\/fr\/linterim-souffre-ralentissement-economique-de-penurie-de-main-doeuvre\/"]}]},{"@type":"BreadcrumbList","@id":"https:\/\/peoplesphere.be\/fr\/linterim-souffre-ralentissement-economique-de-penurie-de-main-doeuvre\/#breadcrumb","itemListElement":[{"@type":"ListItem","position":1,"name":"Accueil","item":"https:\/\/peoplesphere.be\/fr\/"},{"@type":"ListItem","position":2,"name":"L&rsquo;int\u00e9rim souffre du ralentissement \u00e9conomique et de la p\u00e9nurie de main d&rsquo;oeuvre."}]},{"@type":"WebSite","@id":"https:\/\/peoplesphere.be\/fr\/#website","url":"https:\/\/peoplesphere.be\/fr\/","name":"Peoplesphere","description":"The People Managers Magazine","publisher":{"@id":"https:\/\/peoplesphere.be\/fr\/#organization"},"potentialAction":[{"@type":"SearchAction","target":{"@type":"EntryPoint","urlTemplate":"https:\/\/peoplesphere.be\/fr\/?s={search_term_string}"},"query-input":"required name=search_term_string"}],"inLanguage":"fr-FR"},{"@type":"Organization","@id":"https:\/\/peoplesphere.be\/fr\/#organization","name":"Peoplesphere Company srl","url":"https:\/\/peoplesphere.be\/fr\/","logo":{"@type":"ImageObject","inLanguage":"fr-FR","@id":"https:\/\/peoplesphere.be\/fr\/#\/schema\/logo\/image\/","url":"https:\/\/peoplesphere.be\/fr\/wp-content\/uploads\/2023\/07\/peoplesphere-lgo-new-generik.jpg","contentUrl":"https:\/\/peoplesphere.be\/fr\/wp-content\/uploads\/2023\/07\/peoplesphere-lgo-new-generik.jpg","width":1031,"height":1479,"caption":"Peoplesphere Company srl"},"image":{"@id":"https:\/\/peoplesphere.be\/fr\/#\/schema\/logo\/image\/"},"sameAs":["https:\/\/www.facebook.com\/peoplesphere","https:\/\/twitter.com\/PeoplesphereMag","https:\/\/www.linkedin.com\/company\/7587361?trk","http:\/\/youtube.com\/peoplesphere"]},{"@type":"Person","@id":"https:\/\/peoplesphere.be\/fr\/#\/schema\/person\/7976225ff17988604334abb7b3536a7e","name":"Jean-Paul Erhard","image":{"@type":"ImageObject","inLanguage":"fr-FR","@id":"https:\/\/peoplesphere.be\/fr\/#\/schema\/person\/image\/","url":"https:\/\/secure.gravatar.com\/avatar\/f941e681460179738071629a51574930?s=96&d=mm&r=g","contentUrl":"https:\/\/secure.gravatar.com\/avatar\/f941e681460179738071629a51574930?s=96&d=mm&r=g","caption":"Jean-Paul Erhard"},"url":"https:\/\/peoplesphere.be\/fr\/author\/jpe\/"}]}},"_links":{"self":[{"href":"https:\/\/peoplesphere.be\/fr\/wp-json\/wp\/v2\/posts\/7572"}],"collection":[{"href":"https:\/\/peoplesphere.be\/fr\/wp-json\/wp\/v2\/posts"}],"about":[{"href":"https:\/\/peoplesphere.be\/fr\/wp-json\/wp\/v2\/types\/post"}],"author":[{"embeddable":true,"href":"https:\/\/peoplesphere.be\/fr\/wp-json\/wp\/v2\/users\/2"}],"replies":[{"embeddable":true,"href":"https:\/\/peoplesphere.be\/fr\/wp-json\/wp\/v2\/comments?post=7572"}],"version-history":[{"count":1,"href":"https:\/\/peoplesphere.be\/fr\/wp-json\/wp\/v2\/posts\/7572\/revisions"}],"predecessor-version":[{"id":7573,"href":"https:\/\/peoplesphere.be\/fr\/wp-json\/wp\/v2\/posts\/7572\/revisions\/7573"}],"wp:attachment":[{"href":"https:\/\/peoplesphere.be\/fr\/wp-json\/wp\/v2\/media?parent=7572"}],"wp:term":[{"taxonomy":"category","embeddable":true,"href":"https:\/\/peoplesphere.be\/fr\/wp-json\/wp\/v2\/categories?post=7572"},{"taxonomy":"post_tag","embeddable":true,"href":"https:\/\/peoplesphere.be\/fr\/wp-json\/wp\/v2\/tags?post=7572"}],"curies":[{"name":"wp","href":"https:\/\/api.w.org\/{rel}","templated":true}]}}