









{"id":7599,"date":"2019-04-02T13:46:57","date_gmt":"2019-04-02T11:46:57","guid":{"rendered":"http:\/\/www.peoplesphere.be\/fr\/?p=7599"},"modified":"2019-04-02T13:46:57","modified_gmt":"2019-04-02T11:46:57","slug":"nombre-de-jeunes-bruxellois-chomage-plus-bas-1990","status":"publish","type":"post","link":"https:\/\/peoplesphere.be\/fr\/nombre-de-jeunes-bruxellois-chomage-plus-bas-1990\/","title":{"rendered":"Le nombre de jeunes bruxellois au ch\u00f4mage est au plus bas depuis 1990."},"content":{"rendered":"<p>Le ch\u00f4mage des jeunes est en baisse continue depuis 70 mois en R\u00e9gion bruxelloise. Il atteint un taux, certes encore important, de 22,8%. Bruxelles compte 8.744 jeunes chercheurs d\u2019emploi, soit 522 de moins que l\u2019an dernier (-5,6%). La R\u00e9gion n\u2019a plus compt\u00e9 aussi peu de jeunes au ch\u00f4mage pour un mois de mars depuis 1990. En comparaison avec le mois de mars 2014, le nombre de jeunes chercheurs d&#8217;emploi a diminu\u00e9 de 3.784 unit\u00e9s, soit une baisse de 25,9% en 5 ans.<!--more--><\/p>\n<p>Bruxelles compte au total 89.487 chercheurs d\u2019emploi, soit un taux de ch\u00f4mage de 15,9%. Cette 53e baisse successive du ch\u00f4mage correspond \u00e0 une diminution de 1.558 personnes par rapport \u00e0 2018 (-1,7%). En comparaison avec le mois de mars 2014, le nombre de chercheurs d&#8217;emploi a diminu\u00e9 de 21.528 unit\u00e9s, soit une baisse de 19,4% en 5 ans.<br \/>\n\ufffc\ufffc<br \/>\n<strong><em>\ufffc\ufffc\ufffc\ufffc\ufffc\ufffc\ufffc\ufffc\ufffc\ufffc\ufffc\ufffc\ufffc\ufffc\ufffc\ufffc\ufffc\ufffc\ufffc\ufffc\ufffc\ufffc\ufffc\ufffc\ufffc\u00c9volution du taux de ch\u00f4mage<\/em><\/strong><\/p>\n<p>Fin mars 2019, le taux de ch\u00f4mage en R\u00e9gion bruxelloise s\u2019\u00e9tablit \u00e0 15,9% (15,3% pour les hommes et 16,8% pour les femmes). En mars 2018, le taux de ch\u00f4mage s\u2019\u00e9tablissait \u00e0 16,4%.<br \/>\nLe taux de ch\u00f4mage est mesur\u00e9 sur la base de la population active la plus r\u00e9cente, calcul\u00e9e \u00e0 partir des donn\u00e9es de la Banque nationale et de l\u2019Enqu\u00eate sur les Forces de Travail du SPF \u00c9conomie. Le croisement de ces donn\u00e9es nous indique que la population active occup\u00e9e a, en R\u00e9gion bruxelloise, augment\u00e9 en 2017 de 2,0% par rapport \u00e0 l\u2019ann\u00e9e pr\u00e9c\u00e9dente (+1,3% pour l\u2019ensemble de la Belgique).<\/p>\n<p><strong><em>\u00c9volution du nombre de chercheurs d\u2019emploi<\/em><\/strong><\/p>\n<p>Fin mars 2019, on d\u00e9nombre en R\u00e9gion de Bruxelles-Capitale 89.487 chercheurs d\u2019emploi inoccup\u00e9s (DEI), soit une diminution de 1.558 personnes par rapport \u00e0 l\u2019ann\u00e9e pr\u00e9c\u00e9dente (-1,7%).\u00a0On compte au cours du mois de f\u00e9vrier mars 9.165 entr\u00e9es dans le ch\u00f4mage (7.445 r\u00e9inscriptions et 1.720 nouvelles inscriptions) contre 9.010 sorties, soit une augmentation sur une base mensuelle du nombre de DEI de 155 personnes (+0,2%).<\/p>\n<p>On d\u00e9nombre en R\u00e9gion bruxelloise 60.480 chercheurs d\u2019emploi demandeurs d\u2019allocations (DEDA), 4.425 jeunes en stage d\u2019insertion professionnelle et 24.582 autres chercheurs d\u2019emploi inscrits librement ou obligatoirement.<br \/>\nOn retrouve dans cette derni\u00e8re cat\u00e9gorie (\u00ab autres DEI \u00bb) des personnes qui n\u2019ont pas encore re\u00e7u d\u2019allocation de ch\u00f4mage (qui ont introduit une demande aupr\u00e8s de l\u2019Onem), des personnes ayant \u00e9t\u00e9 exclues des allocations de ch\u00f4mage et qui sont venues se r\u00e9inscrire aupr\u00e8s d\u2019Actiris, des personnes b\u00e9n\u00e9ficiant d\u2019un revenu d\u2019int\u00e9gration sociale ou encore des personnes qui n\u2019ont aucun revenu de remplacement. Il est \u00e0 noter qu\u2019une partie importante de ces CE d\u00e9pendent des CPAS ou n\u2019ont encore aucun revenu de remplacement.<\/p>\n<p>Actiris peut, \u00e0 partir de l\u2019exploitation d\u2019un flux d\u2019information provenant directement du SPP Int\u00e9gration sociale, identifier les CE ayant une ouverture de droit au revenu d\u2019int\u00e9gration sociale ou \u00e0 son \u00e9quivalent, actuellement ou dans un pass\u00e9 proche. Ainsi, parmi les 89.487 DEI inscrits en mars 2019,\u00a0\ufffc12.988 CE sont usagers du CPAS (soit 14,5% du total des DEI). Ce pourcentage est plus \u00e9lev\u00e9 parmi les jeunes : sur les 8.744 jeunes DEI, 1.997 sont usagers du CPAS, soit 22,8%.<\/p>\n<p>On constate une diminution de -0,6% sur une base annuelle du nombre de chercheurs d\u2019emploi indemnis\u00e9s (DEDA). On constate aussi une diminution annuelle du nombre de jeunes en stage d\u2019insertion professionnelle (-289 unit\u00e9s, -6,1%). Quant aux autres chercheurs d\u2019emploi, leur nombre a diminu\u00e9 de 3,5% sur une base annuelle.<\/p>\n<p>On compte 8.744 chercheurs d\u2019emploi de moins de 25 ans. Sur une base mensuelle, on rel\u00e8ve une diminution du nombre de jeunes chercheurs d\u2019emploi de 281 unit\u00e9s (-3,1%). Sur une base annuelle, on observe une diminution du ch\u00f4mage des jeunes (-522 DEI, soit -5,6%) par rapport au mois de mars 2018. Le taux de ch\u00f4mage des jeunes est pass\u00e9 ainsi sur un an de 23,4% en mars 2018 \u00e0 22,8% en mars 2019, affichant donc une baisse de 0,6 point par rapport \u00e0 l\u2019ann\u00e9e pass\u00e9e.<\/p>\n<p><strong><em>\ufffc\u00c9volution des offres d\u2019emploi<\/em><\/strong><\/p>\n<p>Au cours du mois de mars 2019, Actiris a re\u00e7u un total de 26.018 offres d\u2019emploi. Il s\u2019agit du nombre global d\u2019offres d\u2019emploi re\u00e7ues comprenant, outre les offres re\u00e7ues directement par Actiris, les offres re\u00e7ues par l\u2019interm\u00e9diaire du Forem et du VDAB dans le cadre de la mobilit\u00e9 interr\u00e9gionale des chercheurs d\u2019emploi, mais \u00e9galement les offres re\u00e7ues par l\u2019interm\u00e9diaire de sites partenaires. Le nombre d\u2019offres concernant des postes de travail situ\u00e9s en R\u00e9gion bruxelloise s\u2019\u00e9l\u00e8ve \u00e0 8.919.<\/p>\n<p>Durant le mois de mars 2019, Actiris a re\u00e7u directement 3.403 offres d\u2019emploi. Ceci correspond \u00e0 une diminution de 22 unit\u00e9s par rapport aux offres d\u2019emploi re\u00e7ues l\u2019ann\u00e9e pr\u00e9c\u00e9dente au cours du m\u00eame mois. On comptabilise par ailleurs 1.770 offres d\u2019emploi satisfaites au cours de ce mois, ce qui correspond \u00e0 une diminution de 449 unit\u00e9s par rapport \u00e0 l\u2019ann\u00e9e pass\u00e9e. Enfin, en mars 2019, Actiris a trait\u00e9 923 offres \u00ab Select Actiris \u00bb (c\u2019est-\u00e0-dire confi\u00e9es en pr\u00e9s\u00e9lection et pr\u00e9recrutement gratuits \u00e0 Actiris), ce qui correspond \u00e0 une diminution de 24,0% par rapport \u00e0 l\u2019ann\u00e9e pass\u00e9e.<\/p>\n<p><em>\ufffcSource: Actiris<\/em><\/p>\n","protected":false},"excerpt":{"rendered":"<p>Le ch\u00f4mage des jeunes est en baisse continue depuis 70 mois en R\u00e9gion bruxelloise. Il atteint un taux, certes encore important, de 22,8%. Bruxelles compte 8.744 jeunes chercheurs d\u2019emploi, soit 522 de moins que l\u2019an dernier (-5,6%). La R\u00e9gion n\u2019a [&hellip;]<\/p>\n","protected":false},"author":2,"featured_media":0,"comment_status":"closed","ping_status":"open","sticky":false,"template":"","format":"standard","meta":[],"categories":[65,10],"tags":[226,92,1316,702,44],"yoast_head":"<!-- This site is optimized with the Yoast SEO plugin v21.0 - https:\/\/yoast.com\/wordpress\/plugins\/seo\/ -->\n<title>Le nombre de jeunes bruxellois au ch\u00f4mage est au plus bas depuis 1990. - Peoplesphere<\/title>\n<meta name=\"robots\" content=\"index, follow, max-snippet:-1, max-image-preview:large, max-video-preview:-1\" \/>\n<link rel=\"canonical\" href=\"https:\/\/peoplesphere.be\/fr\/nombre-de-jeunes-bruxellois-chomage-plus-bas-1990\/\" \/>\n<meta property=\"og:locale\" content=\"fr_FR\" \/>\n<meta property=\"og:type\" content=\"article\" \/>\n<meta property=\"og:title\" content=\"Le nombre de jeunes bruxellois au ch\u00f4mage est au plus bas depuis 1990. - Peoplesphere\" \/>\n<meta property=\"og:description\" content=\"Le ch\u00f4mage des jeunes est en baisse continue depuis 70 mois en R\u00e9gion bruxelloise. Il atteint un taux, certes encore important, de 22,8%. Bruxelles compte 8.744 jeunes chercheurs d\u2019emploi, soit 522 de moins que l\u2019an dernier (-5,6%). La R\u00e9gion n\u2019a [&hellip;]\" \/>\n<meta property=\"og:url\" content=\"https:\/\/peoplesphere.be\/fr\/nombre-de-jeunes-bruxellois-chomage-plus-bas-1990\/\" \/>\n<meta property=\"og:site_name\" content=\"Peoplesphere\" \/>\n<meta property=\"article:publisher\" content=\"https:\/\/www.facebook.com\/peoplesphere\" \/>\n<meta property=\"article:published_time\" content=\"2019-04-02T11:46:57+00:00\" \/>\n<meta property=\"og:image\" content=\"http:\/\/www.peoplesphere.be\/fr\/wp-content\/uploads\/2016\/07\/facebook-default-posting-1200x628px.jpg\" \/>\n<meta name=\"author\" content=\"Jean-Paul Erhard\" \/>\n<meta name=\"twitter:card\" content=\"summary_large_image\" \/>\n<meta name=\"twitter:creator\" content=\"@PeoplesphereMag\" \/>\n<meta name=\"twitter:site\" content=\"@PeoplesphereMag\" \/>\n<meta name=\"twitter:label1\" content=\"\u00c9crit par\" \/>\n\t<meta name=\"twitter:data1\" content=\"Jean-Paul Erhard\" \/>\n\t<meta name=\"twitter:label2\" content=\"Dur\u00e9e de lecture estim\u00e9e\" \/>\n\t<meta name=\"twitter:data2\" content=\"4 minutes\" \/>\n<script type=\"application\/ld+json\" class=\"yoast-schema-graph\">{\"@context\":\"https:\/\/schema.org\",\"@graph\":[{\"@type\":\"Article\",\"@id\":\"https:\/\/peoplesphere.be\/fr\/nombre-de-jeunes-bruxellois-chomage-plus-bas-1990\/#article\",\"isPartOf\":{\"@id\":\"https:\/\/peoplesphere.be\/fr\/nombre-de-jeunes-bruxellois-chomage-plus-bas-1990\/\"},\"author\":{\"name\":\"Jean-Paul Erhard\",\"@id\":\"https:\/\/peoplesphere.be\/fr\/#\/schema\/person\/7976225ff17988604334abb7b3536a7e\"},\"headline\":\"Le nombre de jeunes bruxellois au ch\u00f4mage est au plus bas depuis 1990.\",\"datePublished\":\"2019-04-02T11:46:57+00:00\",\"dateModified\":\"2019-04-02T11:46:57+00:00\",\"mainEntityOfPage\":{\"@id\":\"https:\/\/peoplesphere.be\/fr\/nombre-de-jeunes-bruxellois-chomage-plus-bas-1990\/\"},\"wordCount\":875,\"publisher\":{\"@id\":\"https:\/\/peoplesphere.be\/fr\/#organization\"},\"keywords\":[\"actiris\",\"ch\u00f4mage\",\"emploi des jeunes\",\"march\u00e9 de l'emploi\",\"Statistiques\"],\"articleSection\":[\"Actualit\u00e9s\",\"Digital\"],\"inLanguage\":\"fr-FR\"},{\"@type\":\"WebPage\",\"@id\":\"https:\/\/peoplesphere.be\/fr\/nombre-de-jeunes-bruxellois-chomage-plus-bas-1990\/\",\"url\":\"https:\/\/peoplesphere.be\/fr\/nombre-de-jeunes-bruxellois-chomage-plus-bas-1990\/\",\"name\":\"Le nombre de jeunes bruxellois au ch\u00f4mage est au plus bas depuis 1990. - Peoplesphere\",\"isPartOf\":{\"@id\":\"https:\/\/peoplesphere.be\/fr\/#website\"},\"datePublished\":\"2019-04-02T11:46:57+00:00\",\"dateModified\":\"2019-04-02T11:46:57+00:00\",\"breadcrumb\":{\"@id\":\"https:\/\/peoplesphere.be\/fr\/nombre-de-jeunes-bruxellois-chomage-plus-bas-1990\/#breadcrumb\"},\"inLanguage\":\"fr-FR\",\"potentialAction\":[{\"@type\":\"ReadAction\",\"target\":[\"https:\/\/peoplesphere.be\/fr\/nombre-de-jeunes-bruxellois-chomage-plus-bas-1990\/\"]}]},{\"@type\":\"BreadcrumbList\",\"@id\":\"https:\/\/peoplesphere.be\/fr\/nombre-de-jeunes-bruxellois-chomage-plus-bas-1990\/#breadcrumb\",\"itemListElement\":[{\"@type\":\"ListItem\",\"position\":1,\"name\":\"Accueil\",\"item\":\"https:\/\/peoplesphere.be\/fr\/\"},{\"@type\":\"ListItem\",\"position\":2,\"name\":\"Le nombre de jeunes bruxellois au ch\u00f4mage est au plus bas depuis 1990.\"}]},{\"@type\":\"WebSite\",\"@id\":\"https:\/\/peoplesphere.be\/fr\/#website\",\"url\":\"https:\/\/peoplesphere.be\/fr\/\",\"name\":\"Peoplesphere\",\"description\":\"The People Managers Magazine\",\"publisher\":{\"@id\":\"https:\/\/peoplesphere.be\/fr\/#organization\"},\"potentialAction\":[{\"@type\":\"SearchAction\",\"target\":{\"@type\":\"EntryPoint\",\"urlTemplate\":\"https:\/\/peoplesphere.be\/fr\/?s={search_term_string}\"},\"query-input\":\"required name=search_term_string\"}],\"inLanguage\":\"fr-FR\"},{\"@type\":\"Organization\",\"@id\":\"https:\/\/peoplesphere.be\/fr\/#organization\",\"name\":\"Peoplesphere Company srl\",\"url\":\"https:\/\/peoplesphere.be\/fr\/\",\"logo\":{\"@type\":\"ImageObject\",\"inLanguage\":\"fr-FR\",\"@id\":\"https:\/\/peoplesphere.be\/fr\/#\/schema\/logo\/image\/\",\"url\":\"https:\/\/peoplesphere.be\/fr\/wp-content\/uploads\/2023\/07\/peoplesphere-lgo-new-generik.jpg\",\"contentUrl\":\"https:\/\/peoplesphere.be\/fr\/wp-content\/uploads\/2023\/07\/peoplesphere-lgo-new-generik.jpg\",\"width\":1031,\"height\":1479,\"caption\":\"Peoplesphere Company srl\"},\"image\":{\"@id\":\"https:\/\/peoplesphere.be\/fr\/#\/schema\/logo\/image\/\"},\"sameAs\":[\"https:\/\/www.facebook.com\/peoplesphere\",\"https:\/\/twitter.com\/PeoplesphereMag\",\"https:\/\/www.linkedin.com\/company\/7587361?trk\",\"http:\/\/youtube.com\/peoplesphere\"]},{\"@type\":\"Person\",\"@id\":\"https:\/\/peoplesphere.be\/fr\/#\/schema\/person\/7976225ff17988604334abb7b3536a7e\",\"name\":\"Jean-Paul Erhard\",\"image\":{\"@type\":\"ImageObject\",\"inLanguage\":\"fr-FR\",\"@id\":\"https:\/\/peoplesphere.be\/fr\/#\/schema\/person\/image\/\",\"url\":\"https:\/\/secure.gravatar.com\/avatar\/f941e681460179738071629a51574930?s=96&d=mm&r=g\",\"contentUrl\":\"https:\/\/secure.gravatar.com\/avatar\/f941e681460179738071629a51574930?s=96&d=mm&r=g\",\"caption\":\"Jean-Paul Erhard\"},\"url\":\"https:\/\/peoplesphere.be\/fr\/author\/jpe\/\"}]}<\/script>\n<!-- \/ Yoast SEO plugin. -->","yoast_head_json":{"title":"Le nombre de jeunes bruxellois au ch\u00f4mage est au plus bas depuis 1990. - Peoplesphere","robots":{"index":"index","follow":"follow","max-snippet":"max-snippet:-1","max-image-preview":"max-image-preview:large","max-video-preview":"max-video-preview:-1"},"canonical":"https:\/\/peoplesphere.be\/fr\/nombre-de-jeunes-bruxellois-chomage-plus-bas-1990\/","og_locale":"fr_FR","og_type":"article","og_title":"Le nombre de jeunes bruxellois au ch\u00f4mage est au plus bas depuis 1990. - Peoplesphere","og_description":"Le ch\u00f4mage des jeunes est en baisse continue depuis 70 mois en R\u00e9gion bruxelloise. Il atteint un taux, certes encore important, de 22,8%. Bruxelles compte 8.744 jeunes chercheurs d\u2019emploi, soit 522 de moins que l\u2019an dernier (-5,6%). La R\u00e9gion n\u2019a [&hellip;]","og_url":"https:\/\/peoplesphere.be\/fr\/nombre-de-jeunes-bruxellois-chomage-plus-bas-1990\/","og_site_name":"Peoplesphere","article_publisher":"https:\/\/www.facebook.com\/peoplesphere","article_published_time":"2019-04-02T11:46:57+00:00","og_image":[{"url":"http:\/\/www.peoplesphere.be\/fr\/wp-content\/uploads\/2016\/07\/facebook-default-posting-1200x628px.jpg"}],"author":"Jean-Paul Erhard","twitter_card":"summary_large_image","twitter_creator":"@PeoplesphereMag","twitter_site":"@PeoplesphereMag","twitter_misc":{"\u00c9crit par":"Jean-Paul Erhard","Dur\u00e9e de lecture estim\u00e9e":"4 minutes"},"schema":{"@context":"https:\/\/schema.org","@graph":[{"@type":"Article","@id":"https:\/\/peoplesphere.be\/fr\/nombre-de-jeunes-bruxellois-chomage-plus-bas-1990\/#article","isPartOf":{"@id":"https:\/\/peoplesphere.be\/fr\/nombre-de-jeunes-bruxellois-chomage-plus-bas-1990\/"},"author":{"name":"Jean-Paul Erhard","@id":"https:\/\/peoplesphere.be\/fr\/#\/schema\/person\/7976225ff17988604334abb7b3536a7e"},"headline":"Le nombre de jeunes bruxellois au ch\u00f4mage est au plus bas depuis 1990.","datePublished":"2019-04-02T11:46:57+00:00","dateModified":"2019-04-02T11:46:57+00:00","mainEntityOfPage":{"@id":"https:\/\/peoplesphere.be\/fr\/nombre-de-jeunes-bruxellois-chomage-plus-bas-1990\/"},"wordCount":875,"publisher":{"@id":"https:\/\/peoplesphere.be\/fr\/#organization"},"keywords":["actiris","ch\u00f4mage","emploi des jeunes","march\u00e9 de l'emploi","Statistiques"],"articleSection":["Actualit\u00e9s","Digital"],"inLanguage":"fr-FR"},{"@type":"WebPage","@id":"https:\/\/peoplesphere.be\/fr\/nombre-de-jeunes-bruxellois-chomage-plus-bas-1990\/","url":"https:\/\/peoplesphere.be\/fr\/nombre-de-jeunes-bruxellois-chomage-plus-bas-1990\/","name":"Le nombre de jeunes bruxellois au ch\u00f4mage est au plus bas depuis 1990. - Peoplesphere","isPartOf":{"@id":"https:\/\/peoplesphere.be\/fr\/#website"},"datePublished":"2019-04-02T11:46:57+00:00","dateModified":"2019-04-02T11:46:57+00:00","breadcrumb":{"@id":"https:\/\/peoplesphere.be\/fr\/nombre-de-jeunes-bruxellois-chomage-plus-bas-1990\/#breadcrumb"},"inLanguage":"fr-FR","potentialAction":[{"@type":"ReadAction","target":["https:\/\/peoplesphere.be\/fr\/nombre-de-jeunes-bruxellois-chomage-plus-bas-1990\/"]}]},{"@type":"BreadcrumbList","@id":"https:\/\/peoplesphere.be\/fr\/nombre-de-jeunes-bruxellois-chomage-plus-bas-1990\/#breadcrumb","itemListElement":[{"@type":"ListItem","position":1,"name":"Accueil","item":"https:\/\/peoplesphere.be\/fr\/"},{"@type":"ListItem","position":2,"name":"Le nombre de jeunes bruxellois au ch\u00f4mage est au plus bas depuis 1990."}]},{"@type":"WebSite","@id":"https:\/\/peoplesphere.be\/fr\/#website","url":"https:\/\/peoplesphere.be\/fr\/","name":"Peoplesphere","description":"The People Managers Magazine","publisher":{"@id":"https:\/\/peoplesphere.be\/fr\/#organization"},"potentialAction":[{"@type":"SearchAction","target":{"@type":"EntryPoint","urlTemplate":"https:\/\/peoplesphere.be\/fr\/?s={search_term_string}"},"query-input":"required name=search_term_string"}],"inLanguage":"fr-FR"},{"@type":"Organization","@id":"https:\/\/peoplesphere.be\/fr\/#organization","name":"Peoplesphere Company srl","url":"https:\/\/peoplesphere.be\/fr\/","logo":{"@type":"ImageObject","inLanguage":"fr-FR","@id":"https:\/\/peoplesphere.be\/fr\/#\/schema\/logo\/image\/","url":"https:\/\/peoplesphere.be\/fr\/wp-content\/uploads\/2023\/07\/peoplesphere-lgo-new-generik.jpg","contentUrl":"https:\/\/peoplesphere.be\/fr\/wp-content\/uploads\/2023\/07\/peoplesphere-lgo-new-generik.jpg","width":1031,"height":1479,"caption":"Peoplesphere Company srl"},"image":{"@id":"https:\/\/peoplesphere.be\/fr\/#\/schema\/logo\/image\/"},"sameAs":["https:\/\/www.facebook.com\/peoplesphere","https:\/\/twitter.com\/PeoplesphereMag","https:\/\/www.linkedin.com\/company\/7587361?trk","http:\/\/youtube.com\/peoplesphere"]},{"@type":"Person","@id":"https:\/\/peoplesphere.be\/fr\/#\/schema\/person\/7976225ff17988604334abb7b3536a7e","name":"Jean-Paul Erhard","image":{"@type":"ImageObject","inLanguage":"fr-FR","@id":"https:\/\/peoplesphere.be\/fr\/#\/schema\/person\/image\/","url":"https:\/\/secure.gravatar.com\/avatar\/f941e681460179738071629a51574930?s=96&d=mm&r=g","contentUrl":"https:\/\/secure.gravatar.com\/avatar\/f941e681460179738071629a51574930?s=96&d=mm&r=g","caption":"Jean-Paul Erhard"},"url":"https:\/\/peoplesphere.be\/fr\/author\/jpe\/"}]}},"_links":{"self":[{"href":"https:\/\/peoplesphere.be\/fr\/wp-json\/wp\/v2\/posts\/7599"}],"collection":[{"href":"https:\/\/peoplesphere.be\/fr\/wp-json\/wp\/v2\/posts"}],"about":[{"href":"https:\/\/peoplesphere.be\/fr\/wp-json\/wp\/v2\/types\/post"}],"author":[{"embeddable":true,"href":"https:\/\/peoplesphere.be\/fr\/wp-json\/wp\/v2\/users\/2"}],"replies":[{"embeddable":true,"href":"https:\/\/peoplesphere.be\/fr\/wp-json\/wp\/v2\/comments?post=7599"}],"version-history":[{"count":1,"href":"https:\/\/peoplesphere.be\/fr\/wp-json\/wp\/v2\/posts\/7599\/revisions"}],"predecessor-version":[{"id":7600,"href":"https:\/\/peoplesphere.be\/fr\/wp-json\/wp\/v2\/posts\/7599\/revisions\/7600"}],"wp:attachment":[{"href":"https:\/\/peoplesphere.be\/fr\/wp-json\/wp\/v2\/media?parent=7599"}],"wp:term":[{"taxonomy":"category","embeddable":true,"href":"https:\/\/peoplesphere.be\/fr\/wp-json\/wp\/v2\/categories?post=7599"},{"taxonomy":"post_tag","embeddable":true,"href":"https:\/\/peoplesphere.be\/fr\/wp-json\/wp\/v2\/tags?post=7599"}],"curies":[{"name":"wp","href":"https:\/\/api.w.org\/{rel}","templated":true}]}}