









{"id":7602,"date":"2019-04-03T18:41:46","date_gmt":"2019-04-03T16:41:46","guid":{"rendered":"http:\/\/www.peoplesphere.be\/fr\/?p=7602"},"modified":"2019-04-03T18:41:46","modified_gmt":"2019-04-03T16:41:46","slug":"neets-peuvent-etre-reelle-reserve-de-main-doeuvre-faire-face-aux-penuries-marche-travail","status":"publish","type":"post","link":"https:\/\/peoplesphere.be\/fr\/neets-peuvent-etre-reelle-reserve-de-main-doeuvre-faire-face-aux-penuries-marche-travail\/","title":{"rendered":"Les NEETS peuvent-ils \u00eatre une r\u00e9elle r\u00e9serve de main d&rsquo;oeuvre pour faire face aux p\u00e9nuries sur le march\u00e9 du travail?"},"content":{"rendered":"<p>Qui sont les NEETS(*) et comment les attirer vers la formation et vers l&#8217;emploi?\u00a0Cette cat\u00e9gorie des jeunes sans emploi et qui ne suivent ni \u00e9tudes ni formation peut-elle constituer une r\u00e9serve de main-d\u2019\u0153uvre potentielle pour faire face aux p\u00e9nuries actuelles sur le march\u00e9 du travail? L\u2019employeur doit pouvoir pr\u00e9alablement compter sur des acteurs externes afin de r\u00e9soudre les nombreux obstacles li\u00e9s \u00e0 leur d\u00e9crochage scolaire et professionnel. Il semble que les conditions \u00e0 r\u00e9unir en amont soient de r\u00e9els obstacles \u00e0 ce jour&#8230;<!--more--><\/p>\n<p>Dans le cadre du dialogue social europ\u00e9en, les performances du march\u00e9 du travail et des syst\u00e8mes sociaux sont actuellement examin\u00e9es par un groupe de travail, auquel participe la FEB. Le premier s\u00e9minaire th\u00e9matique \u00e9tait consacr\u00e9 \u00e0 un \u00e9change d\u2019exp\u00e9riences sur les NEETS (*).<\/p>\n<p>Au sein de l\u2019UE, le pourcentage de NEETS s\u2019\u00e9l\u00e8ve en moyenne \u00e0 17,2%, mais ce ph\u00e9nom\u00e8ne conna\u00eet de fortes disparit\u00e9s nationales, ainsi qu\u2019entre diff\u00e9rentes cat\u00e9gories d\u2019individus. La Belgique arrive en 12e position, avec un taux de 16,5% en 2017 pour la population entre 20 et 34 ans (14,4% hommes et 18,7% femmes). On voit que les \u00ab\u00a0bons \u00e9l\u00e8ves\u00a0\u00bb se situent plut\u00f4t dans les pays nordiques, ainsi qu\u2019en Autriche et aux Pays-Bas.<\/p>\n<p><strong><em>Un ph\u00e9nom\u00e8ne urbain ?<\/em><\/strong><\/p>\n<p>Contrairement aux autres pays UE, la Belgique enregistre une proportion deux fois plus \u00e9lev\u00e9e dans les grandes villes (22%) par rapport aux r\u00e9gions d\u00e9centralis\u00e9es (10%). On constate depuis 2013 une diminution de la proportion des NEETS dans la plupart des pays europ\u00e9ens. Selon le Rapport 2019 pour la Belgique, \u00e9tabli fin f\u00e9vrier par la Commission europ\u00e9enne dans le cadre du \u00ab\u00a0Semestre europ\u00e9en\u00a0\u00bb, la proportion des NEETS entre 15 et 24 ans s\u2019\u00e9levait en 2017 en Belgique \u00e0 9,3%.<\/p>\n<p>Le groupe de travail europ\u00e9en insiste sur\u00a0l\u2019importance d\u2019accompagner les jeunes NEETS afin qu\u2019ils (re)prennent prioritairement le contr\u00f4le de leur vie, qu\u2019ils soient conscients de leurs atouts (car ils connaissent souvent mieux leurs d\u00e9ficits), qu\u2019ils d\u00e9veloppent leurs \u00ab life skills \u00bb et leurs interactions avec autrui, avant de pouvoir envisager un choix professionnel et une int\u00e9gration progressive sur le march\u00e9 du travail.<\/p>\n<p>Moyennant ces pr\u00e9-conditions, l\u2019entreprise est incit\u00e9e \u00e0 investir dans ces jeunes dans le cadre de sa responsabilit\u00e9 soci\u00e9tale. Pr\u00e9ventivement, il appartient avant tout aux autorit\u00e9s d\u2019emp\u00eacher les d\u00e9crochages par des services publics plus efficaces (\u00e9ducation, services publics de l\u2019emploi \u2026), et ce en \u00e9troite collaboration avec tous les acteurs sp\u00e9cialis\u00e9s.<\/p>\n<p>(*) NEETS \u2013 Neither in Employment nor in Education or Training<\/p>\n<p><em>Source : FEB &#8211; Centre de comp\u00e9tence Emploi &amp; S\u00e9curit\u00e9 Sociale<\/em><\/p>\n","protected":false},"excerpt":{"rendered":"<p>Qui sont les NEETS(*) et comment les attirer vers la formation et vers l&#8217;emploi?\u00a0Cette cat\u00e9gorie des jeunes sans emploi et qui ne suivent ni \u00e9tudes ni formation peut-elle constituer une r\u00e9serve de main-d\u2019\u0153uvre potentielle pour faire face aux p\u00e9nuries actuelles [&hellip;]<\/p>\n","protected":false},"author":2,"featured_media":0,"comment_status":"closed","ping_status":"open","sticky":false,"template":"","format":"standard","meta":[],"categories":[65,10],"tags":[11,1207,48,2488,264],"yoast_head":"<!-- This site is optimized with the Yoast SEO plugin v21.0 - https:\/\/yoast.com\/wordpress\/plugins\/seo\/ -->\n<title>Les NEETS peuvent-ils \u00eatre une r\u00e9elle r\u00e9serve de main d&#039;oeuvre pour faire face aux p\u00e9nuries sur le march\u00e9 du travail? - Peoplesphere<\/title>\n<meta name=\"robots\" content=\"index, follow, max-snippet:-1, max-image-preview:large, max-video-preview:-1\" \/>\n<link rel=\"canonical\" href=\"https:\/\/peoplesphere.be\/fr\/neets-peuvent-etre-reelle-reserve-de-main-doeuvre-faire-face-aux-penuries-marche-travail\/\" \/>\n<meta property=\"og:locale\" content=\"fr_FR\" \/>\n<meta property=\"og:type\" content=\"article\" \/>\n<meta property=\"og:title\" content=\"Les NEETS peuvent-ils \u00eatre une r\u00e9elle r\u00e9serve de main d&#039;oeuvre pour faire face aux p\u00e9nuries sur le march\u00e9 du travail? - Peoplesphere\" \/>\n<meta property=\"og:description\" content=\"Qui sont les NEETS(*) et comment les attirer vers la formation et vers l&#8217;emploi?\u00a0Cette cat\u00e9gorie des jeunes sans emploi et qui ne suivent ni \u00e9tudes ni formation peut-elle constituer une r\u00e9serve de main-d\u2019\u0153uvre potentielle pour faire face aux p\u00e9nuries actuelles [&hellip;]\" \/>\n<meta property=\"og:url\" content=\"https:\/\/peoplesphere.be\/fr\/neets-peuvent-etre-reelle-reserve-de-main-doeuvre-faire-face-aux-penuries-marche-travail\/\" \/>\n<meta property=\"og:site_name\" content=\"Peoplesphere\" \/>\n<meta property=\"article:publisher\" content=\"https:\/\/www.facebook.com\/peoplesphere\" \/>\n<meta property=\"article:published_time\" content=\"2019-04-03T16:41:46+00:00\" \/>\n<meta property=\"og:image\" content=\"http:\/\/www.peoplesphere.be\/fr\/wp-content\/uploads\/2016\/07\/facebook-default-posting-1200x628px.jpg\" \/>\n<meta name=\"author\" content=\"Jean-Paul Erhard\" \/>\n<meta name=\"twitter:card\" content=\"summary_large_image\" \/>\n<meta name=\"twitter:creator\" content=\"@PeoplesphereMag\" \/>\n<meta name=\"twitter:site\" content=\"@PeoplesphereMag\" \/>\n<meta name=\"twitter:label1\" content=\"\u00c9crit par\" \/>\n\t<meta name=\"twitter:data1\" content=\"Jean-Paul Erhard\" \/>\n\t<meta name=\"twitter:label2\" content=\"Dur\u00e9e de lecture estim\u00e9e\" \/>\n\t<meta name=\"twitter:data2\" content=\"2 minutes\" \/>\n<script type=\"application\/ld+json\" class=\"yoast-schema-graph\">{\"@context\":\"https:\/\/schema.org\",\"@graph\":[{\"@type\":\"Article\",\"@id\":\"https:\/\/peoplesphere.be\/fr\/neets-peuvent-etre-reelle-reserve-de-main-doeuvre-faire-face-aux-penuries-marche-travail\/#article\",\"isPartOf\":{\"@id\":\"https:\/\/peoplesphere.be\/fr\/neets-peuvent-etre-reelle-reserve-de-main-doeuvre-faire-face-aux-penuries-marche-travail\/\"},\"author\":{\"name\":\"Jean-Paul Erhard\",\"@id\":\"https:\/\/peoplesphere.be\/fr\/#\/schema\/person\/7976225ff17988604334abb7b3536a7e\"},\"headline\":\"Les NEETS peuvent-ils \u00eatre une r\u00e9elle r\u00e9serve de main d&rsquo;oeuvre pour faire face aux p\u00e9nuries sur le march\u00e9 du travail?\",\"datePublished\":\"2019-04-03T16:41:46+00:00\",\"dateModified\":\"2019-04-03T16:41:46+00:00\",\"mainEntityOfPage\":{\"@id\":\"https:\/\/peoplesphere.be\/fr\/neets-peuvent-etre-reelle-reserve-de-main-doeuvre-faire-face-aux-penuries-marche-travail\/\"},\"wordCount\":475,\"publisher\":{\"@id\":\"https:\/\/peoplesphere.be\/fr\/#organization\"},\"keywords\":[\"emploi\",\"FEB\",\"Formation\",\"NEETS\",\"p\u00e9nuries\"],\"articleSection\":[\"Actualit\u00e9s\",\"Digital\"],\"inLanguage\":\"fr-FR\"},{\"@type\":\"WebPage\",\"@id\":\"https:\/\/peoplesphere.be\/fr\/neets-peuvent-etre-reelle-reserve-de-main-doeuvre-faire-face-aux-penuries-marche-travail\/\",\"url\":\"https:\/\/peoplesphere.be\/fr\/neets-peuvent-etre-reelle-reserve-de-main-doeuvre-faire-face-aux-penuries-marche-travail\/\",\"name\":\"Les NEETS peuvent-ils \u00eatre une r\u00e9elle r\u00e9serve de main d'oeuvre pour faire face aux p\u00e9nuries sur le march\u00e9 du travail? - Peoplesphere\",\"isPartOf\":{\"@id\":\"https:\/\/peoplesphere.be\/fr\/#website\"},\"datePublished\":\"2019-04-03T16:41:46+00:00\",\"dateModified\":\"2019-04-03T16:41:46+00:00\",\"breadcrumb\":{\"@id\":\"https:\/\/peoplesphere.be\/fr\/neets-peuvent-etre-reelle-reserve-de-main-doeuvre-faire-face-aux-penuries-marche-travail\/#breadcrumb\"},\"inLanguage\":\"fr-FR\",\"potentialAction\":[{\"@type\":\"ReadAction\",\"target\":[\"https:\/\/peoplesphere.be\/fr\/neets-peuvent-etre-reelle-reserve-de-main-doeuvre-faire-face-aux-penuries-marche-travail\/\"]}]},{\"@type\":\"BreadcrumbList\",\"@id\":\"https:\/\/peoplesphere.be\/fr\/neets-peuvent-etre-reelle-reserve-de-main-doeuvre-faire-face-aux-penuries-marche-travail\/#breadcrumb\",\"itemListElement\":[{\"@type\":\"ListItem\",\"position\":1,\"name\":\"Accueil\",\"item\":\"https:\/\/peoplesphere.be\/fr\/\"},{\"@type\":\"ListItem\",\"position\":2,\"name\":\"Les NEETS peuvent-ils \u00eatre une r\u00e9elle r\u00e9serve de main d&rsquo;oeuvre pour faire face aux p\u00e9nuries sur le march\u00e9 du travail?\"}]},{\"@type\":\"WebSite\",\"@id\":\"https:\/\/peoplesphere.be\/fr\/#website\",\"url\":\"https:\/\/peoplesphere.be\/fr\/\",\"name\":\"Peoplesphere\",\"description\":\"The People Managers Magazine\",\"publisher\":{\"@id\":\"https:\/\/peoplesphere.be\/fr\/#organization\"},\"potentialAction\":[{\"@type\":\"SearchAction\",\"target\":{\"@type\":\"EntryPoint\",\"urlTemplate\":\"https:\/\/peoplesphere.be\/fr\/?s={search_term_string}\"},\"query-input\":\"required name=search_term_string\"}],\"inLanguage\":\"fr-FR\"},{\"@type\":\"Organization\",\"@id\":\"https:\/\/peoplesphere.be\/fr\/#organization\",\"name\":\"Peoplesphere Company srl\",\"url\":\"https:\/\/peoplesphere.be\/fr\/\",\"logo\":{\"@type\":\"ImageObject\",\"inLanguage\":\"fr-FR\",\"@id\":\"https:\/\/peoplesphere.be\/fr\/#\/schema\/logo\/image\/\",\"url\":\"https:\/\/peoplesphere.be\/fr\/wp-content\/uploads\/2023\/07\/peoplesphere-lgo-new-generik.jpg\",\"contentUrl\":\"https:\/\/peoplesphere.be\/fr\/wp-content\/uploads\/2023\/07\/peoplesphere-lgo-new-generik.jpg\",\"width\":1031,\"height\":1479,\"caption\":\"Peoplesphere Company srl\"},\"image\":{\"@id\":\"https:\/\/peoplesphere.be\/fr\/#\/schema\/logo\/image\/\"},\"sameAs\":[\"https:\/\/www.facebook.com\/peoplesphere\",\"https:\/\/twitter.com\/PeoplesphereMag\",\"https:\/\/www.linkedin.com\/company\/7587361?trk\",\"http:\/\/youtube.com\/peoplesphere\"]},{\"@type\":\"Person\",\"@id\":\"https:\/\/peoplesphere.be\/fr\/#\/schema\/person\/7976225ff17988604334abb7b3536a7e\",\"name\":\"Jean-Paul Erhard\",\"image\":{\"@type\":\"ImageObject\",\"inLanguage\":\"fr-FR\",\"@id\":\"https:\/\/peoplesphere.be\/fr\/#\/schema\/person\/image\/\",\"url\":\"https:\/\/secure.gravatar.com\/avatar\/f941e681460179738071629a51574930?s=96&d=mm&r=g\",\"contentUrl\":\"https:\/\/secure.gravatar.com\/avatar\/f941e681460179738071629a51574930?s=96&d=mm&r=g\",\"caption\":\"Jean-Paul Erhard\"},\"url\":\"https:\/\/peoplesphere.be\/fr\/author\/jpe\/\"}]}<\/script>\n<!-- \/ Yoast SEO plugin. -->","yoast_head_json":{"title":"Les NEETS peuvent-ils \u00eatre une r\u00e9elle r\u00e9serve de main d'oeuvre pour faire face aux p\u00e9nuries sur le march\u00e9 du travail? - Peoplesphere","robots":{"index":"index","follow":"follow","max-snippet":"max-snippet:-1","max-image-preview":"max-image-preview:large","max-video-preview":"max-video-preview:-1"},"canonical":"https:\/\/peoplesphere.be\/fr\/neets-peuvent-etre-reelle-reserve-de-main-doeuvre-faire-face-aux-penuries-marche-travail\/","og_locale":"fr_FR","og_type":"article","og_title":"Les NEETS peuvent-ils \u00eatre une r\u00e9elle r\u00e9serve de main d'oeuvre pour faire face aux p\u00e9nuries sur le march\u00e9 du travail? - Peoplesphere","og_description":"Qui sont les NEETS(*) et comment les attirer vers la formation et vers l&#8217;emploi?\u00a0Cette cat\u00e9gorie des jeunes sans emploi et qui ne suivent ni \u00e9tudes ni formation peut-elle constituer une r\u00e9serve de main-d\u2019\u0153uvre potentielle pour faire face aux p\u00e9nuries actuelles [&hellip;]","og_url":"https:\/\/peoplesphere.be\/fr\/neets-peuvent-etre-reelle-reserve-de-main-doeuvre-faire-face-aux-penuries-marche-travail\/","og_site_name":"Peoplesphere","article_publisher":"https:\/\/www.facebook.com\/peoplesphere","article_published_time":"2019-04-03T16:41:46+00:00","og_image":[{"url":"http:\/\/www.peoplesphere.be\/fr\/wp-content\/uploads\/2016\/07\/facebook-default-posting-1200x628px.jpg"}],"author":"Jean-Paul Erhard","twitter_card":"summary_large_image","twitter_creator":"@PeoplesphereMag","twitter_site":"@PeoplesphereMag","twitter_misc":{"\u00c9crit par":"Jean-Paul Erhard","Dur\u00e9e de lecture estim\u00e9e":"2 minutes"},"schema":{"@context":"https:\/\/schema.org","@graph":[{"@type":"Article","@id":"https:\/\/peoplesphere.be\/fr\/neets-peuvent-etre-reelle-reserve-de-main-doeuvre-faire-face-aux-penuries-marche-travail\/#article","isPartOf":{"@id":"https:\/\/peoplesphere.be\/fr\/neets-peuvent-etre-reelle-reserve-de-main-doeuvre-faire-face-aux-penuries-marche-travail\/"},"author":{"name":"Jean-Paul Erhard","@id":"https:\/\/peoplesphere.be\/fr\/#\/schema\/person\/7976225ff17988604334abb7b3536a7e"},"headline":"Les NEETS peuvent-ils \u00eatre une r\u00e9elle r\u00e9serve de main d&rsquo;oeuvre pour faire face aux p\u00e9nuries sur le march\u00e9 du travail?","datePublished":"2019-04-03T16:41:46+00:00","dateModified":"2019-04-03T16:41:46+00:00","mainEntityOfPage":{"@id":"https:\/\/peoplesphere.be\/fr\/neets-peuvent-etre-reelle-reserve-de-main-doeuvre-faire-face-aux-penuries-marche-travail\/"},"wordCount":475,"publisher":{"@id":"https:\/\/peoplesphere.be\/fr\/#organization"},"keywords":["emploi","FEB","Formation","NEETS","p\u00e9nuries"],"articleSection":["Actualit\u00e9s","Digital"],"inLanguage":"fr-FR"},{"@type":"WebPage","@id":"https:\/\/peoplesphere.be\/fr\/neets-peuvent-etre-reelle-reserve-de-main-doeuvre-faire-face-aux-penuries-marche-travail\/","url":"https:\/\/peoplesphere.be\/fr\/neets-peuvent-etre-reelle-reserve-de-main-doeuvre-faire-face-aux-penuries-marche-travail\/","name":"Les NEETS peuvent-ils \u00eatre une r\u00e9elle r\u00e9serve de main d'oeuvre pour faire face aux p\u00e9nuries sur le march\u00e9 du travail? - Peoplesphere","isPartOf":{"@id":"https:\/\/peoplesphere.be\/fr\/#website"},"datePublished":"2019-04-03T16:41:46+00:00","dateModified":"2019-04-03T16:41:46+00:00","breadcrumb":{"@id":"https:\/\/peoplesphere.be\/fr\/neets-peuvent-etre-reelle-reserve-de-main-doeuvre-faire-face-aux-penuries-marche-travail\/#breadcrumb"},"inLanguage":"fr-FR","potentialAction":[{"@type":"ReadAction","target":["https:\/\/peoplesphere.be\/fr\/neets-peuvent-etre-reelle-reserve-de-main-doeuvre-faire-face-aux-penuries-marche-travail\/"]}]},{"@type":"BreadcrumbList","@id":"https:\/\/peoplesphere.be\/fr\/neets-peuvent-etre-reelle-reserve-de-main-doeuvre-faire-face-aux-penuries-marche-travail\/#breadcrumb","itemListElement":[{"@type":"ListItem","position":1,"name":"Accueil","item":"https:\/\/peoplesphere.be\/fr\/"},{"@type":"ListItem","position":2,"name":"Les NEETS peuvent-ils \u00eatre une r\u00e9elle r\u00e9serve de main d&rsquo;oeuvre pour faire face aux p\u00e9nuries sur le march\u00e9 du travail?"}]},{"@type":"WebSite","@id":"https:\/\/peoplesphere.be\/fr\/#website","url":"https:\/\/peoplesphere.be\/fr\/","name":"Peoplesphere","description":"The People Managers Magazine","publisher":{"@id":"https:\/\/peoplesphere.be\/fr\/#organization"},"potentialAction":[{"@type":"SearchAction","target":{"@type":"EntryPoint","urlTemplate":"https:\/\/peoplesphere.be\/fr\/?s={search_term_string}"},"query-input":"required name=search_term_string"}],"inLanguage":"fr-FR"},{"@type":"Organization","@id":"https:\/\/peoplesphere.be\/fr\/#organization","name":"Peoplesphere Company srl","url":"https:\/\/peoplesphere.be\/fr\/","logo":{"@type":"ImageObject","inLanguage":"fr-FR","@id":"https:\/\/peoplesphere.be\/fr\/#\/schema\/logo\/image\/","url":"https:\/\/peoplesphere.be\/fr\/wp-content\/uploads\/2023\/07\/peoplesphere-lgo-new-generik.jpg","contentUrl":"https:\/\/peoplesphere.be\/fr\/wp-content\/uploads\/2023\/07\/peoplesphere-lgo-new-generik.jpg","width":1031,"height":1479,"caption":"Peoplesphere Company srl"},"image":{"@id":"https:\/\/peoplesphere.be\/fr\/#\/schema\/logo\/image\/"},"sameAs":["https:\/\/www.facebook.com\/peoplesphere","https:\/\/twitter.com\/PeoplesphereMag","https:\/\/www.linkedin.com\/company\/7587361?trk","http:\/\/youtube.com\/peoplesphere"]},{"@type":"Person","@id":"https:\/\/peoplesphere.be\/fr\/#\/schema\/person\/7976225ff17988604334abb7b3536a7e","name":"Jean-Paul Erhard","image":{"@type":"ImageObject","inLanguage":"fr-FR","@id":"https:\/\/peoplesphere.be\/fr\/#\/schema\/person\/image\/","url":"https:\/\/secure.gravatar.com\/avatar\/f941e681460179738071629a51574930?s=96&d=mm&r=g","contentUrl":"https:\/\/secure.gravatar.com\/avatar\/f941e681460179738071629a51574930?s=96&d=mm&r=g","caption":"Jean-Paul Erhard"},"url":"https:\/\/peoplesphere.be\/fr\/author\/jpe\/"}]}},"_links":{"self":[{"href":"https:\/\/peoplesphere.be\/fr\/wp-json\/wp\/v2\/posts\/7602"}],"collection":[{"href":"https:\/\/peoplesphere.be\/fr\/wp-json\/wp\/v2\/posts"}],"about":[{"href":"https:\/\/peoplesphere.be\/fr\/wp-json\/wp\/v2\/types\/post"}],"author":[{"embeddable":true,"href":"https:\/\/peoplesphere.be\/fr\/wp-json\/wp\/v2\/users\/2"}],"replies":[{"embeddable":true,"href":"https:\/\/peoplesphere.be\/fr\/wp-json\/wp\/v2\/comments?post=7602"}],"version-history":[{"count":1,"href":"https:\/\/peoplesphere.be\/fr\/wp-json\/wp\/v2\/posts\/7602\/revisions"}],"predecessor-version":[{"id":7603,"href":"https:\/\/peoplesphere.be\/fr\/wp-json\/wp\/v2\/posts\/7602\/revisions\/7603"}],"wp:attachment":[{"href":"https:\/\/peoplesphere.be\/fr\/wp-json\/wp\/v2\/media?parent=7602"}],"wp:term":[{"taxonomy":"category","embeddable":true,"href":"https:\/\/peoplesphere.be\/fr\/wp-json\/wp\/v2\/categories?post=7602"},{"taxonomy":"post_tag","embeddable":true,"href":"https:\/\/peoplesphere.be\/fr\/wp-json\/wp\/v2\/tags?post=7602"}],"curies":[{"name":"wp","href":"https:\/\/api.w.org\/{rel}","templated":true}]}}