









{"id":7606,"date":"2019-04-05T18:23:45","date_gmt":"2019-04-05T16:23:45","guid":{"rendered":"http:\/\/www.peoplesphere.be\/fr\/?p=7606"},"modified":"2019-04-11T10:17:50","modified_gmt":"2019-04-11T08:17:50","slug":"palmares-de-30eme-hrm-night-connu-arnaud-delmarche-wanty-hr-manager-of-the-year-audi-brussels-hr-team-of-the-year-nathalie-lambrechts-dieteren-auto","status":"publish","type":"post","link":"https:\/\/peoplesphere.be\/fr\/palmares-de-30eme-hrm-night-connu-arnaud-delmarche-wanty-hr-manager-of-the-year-audi-brussels-hr-team-of-the-year-nathalie-lambrechts-dieteren-auto\/","title":{"rendered":"Le palmar\u00e8s de la 30\u00e8me HRM Night\u00a9 est connu: Arnaud Delmarche (Wanty) est le HR Manager of the Year\u00a9, Audi Brussels est le HR Team of the Year\u00a9 et Nathalie Lambrechts (D&rsquo;Ieteren Auto) remporte le Young HR Leader of the Year\u00a9 Award."},"content":{"rendered":"<p>Le cumul des votes du jury et de la communaut\u00e9 professionnelle a livr\u00e9 son verdict. Arnaud Delmarche (Groupe Wanty) a \u00e9t\u00e9 \u00e9lu ce jeudi 4 avril, HR Manager of the Year\u00a9 2019. Les laur\u00e9ats des awards r\u00e9compensant le HR Team et le Young HR Leader d\u00e9sign\u00e9 par la communaut\u00e9 des People Managers et des RH sont connus. La communaut\u00e9 a \u00e9galement tenu \u00e0 mettre \u00e0 l&rsquo;honneur un CEO particuli\u00e8rement inspirant en mati\u00e8re de People Management, Salvatore Curaba (EASI). Voici le palmar\u00e8s complet de cette 30\u00e8me \u00e9dition\u2026<!--more--><\/p>\n<p>HR Manager of the Year\u00a9 2019 : Arnaud Delmarche (Groupe Wanty).<\/p>\n<p>HR Team of the Year\u00a9 2019 : Audi Brussels<\/p>\n<p>Young HR Leader of the Year\u00a9 2019 : Nathalie Lambrechts (D&rsquo;Ieteren Auto)<\/p>\n<p>Peoplesphere CEO of the Year\u00a9 2019 : Salvatore Curaba (EASI)<\/p>\n<p>Proximus People Innovation Award 20189 : Belfius<\/p>\n<p>R\u00e9f\u00e9rences Talent Acquisition Award 2019 : Armonea<\/p>\n<p>Learning Award 2019 by Epsilon \u2013 prix du jury : Infrabel<\/p>\n<p>Learning Award 2019 by Epsilon \u2013 prix du public : ALD Automotive<\/p>\n<p>D\u00e8s \u00e0 pr\u00e9sent, nous vous fixons rendez-vous en 2020 pour la 31\u00e8me \u00e9dition de la HRM Night\u00a9.<\/p>\n<p>Rendez-vous sur le site web de la 30h HRM Night &#8211; <a href=\"http:\/\/www.hrmnight.be\">www.hrmnight.be<\/a> afin de d\u00e9couvrir les photos officielles des laur\u00e9ats et revenir sur les projets qui leur ont permis de se distinguer cette ann\u00e9e.<\/p>\n<p><iframe loading=\"lazy\" width=\"680\" height=\"383\" src=\"https:\/\/www.youtube.com\/embed\/P313x_W1ZOc\" frameborder=\"0\" allow=\"accelerometer; autoplay; encrypted-media; gyroscope; picture-in-picture\" allowfullscreen><\/iframe><\/p>\n","protected":false},"excerpt":{"rendered":"<p>Le cumul des votes du jury et de la communaut\u00e9 professionnelle a livr\u00e9 son verdict. Arnaud Delmarche (Groupe Wanty) a \u00e9t\u00e9 \u00e9lu ce jeudi 4 avril, HR Manager of the Year\u00a9 2019. Les laur\u00e9ats des awards r\u00e9compensant le HR Team [&hellip;]<\/p>\n","protected":false},"author":2,"featured_media":7607,"comment_status":"closed","ping_status":"open","sticky":false,"template":"","format":"standard","meta":[],"categories":[65,10,8,68],"tags":[2471,2475,690,628,683,2489,1107,1771],"yoast_head":"<!-- This site is optimized with the Yoast SEO plugin v21.0 - https:\/\/yoast.com\/wordpress\/plugins\/seo\/ -->\n<title>Le palmar\u00e8s de la 30\u00e8me HRM Night\u00a9 est connu: Arnaud Delmarche (Wanty) est le HR Manager of the Year\u00a9, Audi Brussels est le HR Team of the Year\u00a9 et Nathalie Lambrechts (D&#039;Ieteren Auto) remporte le Young HR Leader of the Year\u00a9 Award. - Peoplesphere<\/title>\n<meta name=\"robots\" content=\"index, follow, max-snippet:-1, max-image-preview:large, max-video-preview:-1\" \/>\n<link rel=\"canonical\" href=\"https:\/\/peoplesphere.be\/fr\/palmares-de-30eme-hrm-night-connu-arnaud-delmarche-wanty-hr-manager-of-the-year-audi-brussels-hr-team-of-the-year-nathalie-lambrechts-dieteren-auto\/\" \/>\n<meta property=\"og:locale\" content=\"fr_FR\" \/>\n<meta property=\"og:type\" content=\"article\" \/>\n<meta property=\"og:title\" content=\"Le palmar\u00e8s de la 30\u00e8me HRM Night\u00a9 est connu: Arnaud Delmarche (Wanty) est le HR Manager of the Year\u00a9, Audi Brussels est le HR Team of the Year\u00a9 et Nathalie Lambrechts (D&#039;Ieteren Auto) remporte le Young HR Leader of the Year\u00a9 Award. - Peoplesphere\" \/>\n<meta property=\"og:description\" content=\"Le cumul des votes du jury et de la communaut\u00e9 professionnelle a livr\u00e9 son verdict. Arnaud Delmarche (Groupe Wanty) a \u00e9t\u00e9 \u00e9lu ce jeudi 4 avril, HR Manager of the Year\u00a9 2019. Les laur\u00e9ats des awards r\u00e9compensant le HR Team [&hellip;]\" \/>\n<meta property=\"og:url\" content=\"https:\/\/peoplesphere.be\/fr\/palmares-de-30eme-hrm-night-connu-arnaud-delmarche-wanty-hr-manager-of-the-year-audi-brussels-hr-team-of-the-year-nathalie-lambrechts-dieteren-auto\/\" \/>\n<meta property=\"og:site_name\" content=\"Peoplesphere\" \/>\n<meta property=\"article:publisher\" content=\"https:\/\/www.facebook.com\/peoplesphere\" \/>\n<meta property=\"article:published_time\" content=\"2019-04-05T16:23:45+00:00\" \/>\n<meta property=\"article:modified_time\" content=\"2019-04-11T08:17:50+00:00\" \/>\n<meta property=\"og:image\" content=\"https:\/\/peoplesphere.be\/fr\/wp-content\/uploads\/2019\/04\/38A9277-copie.jpg\" \/>\n\t<meta property=\"og:image:width\" content=\"2000\" \/>\n\t<meta property=\"og:image:height\" content=\"1333\" \/>\n\t<meta property=\"og:image:type\" content=\"image\/jpeg\" \/>\n<meta name=\"author\" content=\"Jean-Paul Erhard\" \/>\n<meta name=\"twitter:card\" content=\"summary_large_image\" \/>\n<meta name=\"twitter:creator\" content=\"@PeoplesphereMag\" \/>\n<meta name=\"twitter:site\" content=\"@PeoplesphereMag\" \/>\n<meta name=\"twitter:label1\" content=\"\u00c9crit par\" \/>\n\t<meta name=\"twitter:data1\" content=\"Jean-Paul Erhard\" \/>\n\t<meta name=\"twitter:label2\" content=\"Dur\u00e9e de lecture estim\u00e9e\" \/>\n\t<meta name=\"twitter:data2\" content=\"1 minute\" \/>\n<script type=\"application\/ld+json\" class=\"yoast-schema-graph\">{\"@context\":\"https:\/\/schema.org\",\"@graph\":[{\"@type\":\"Article\",\"@id\":\"https:\/\/peoplesphere.be\/fr\/palmares-de-30eme-hrm-night-connu-arnaud-delmarche-wanty-hr-manager-of-the-year-audi-brussels-hr-team-of-the-year-nathalie-lambrechts-dieteren-auto\/#article\",\"isPartOf\":{\"@id\":\"https:\/\/peoplesphere.be\/fr\/palmares-de-30eme-hrm-night-connu-arnaud-delmarche-wanty-hr-manager-of-the-year-audi-brussels-hr-team-of-the-year-nathalie-lambrechts-dieteren-auto\/\"},\"author\":{\"name\":\"Jean-Paul Erhard\",\"@id\":\"https:\/\/peoplesphere.be\/fr\/#\/schema\/person\/7976225ff17988604334abb7b3536a7e\"},\"headline\":\"Le palmar\u00e8s de la 30\u00e8me HRM Night\u00a9 est connu: Arnaud Delmarche (Wanty) est le HR Manager of the Year\u00a9, Audi Brussels est le HR Team of the Year\u00a9 et Nathalie Lambrechts (D&rsquo;Ieteren Auto) remporte le Young HR Leader of the Year\u00a9 Award.\",\"datePublished\":\"2019-04-05T16:23:45+00:00\",\"dateModified\":\"2019-04-11T08:17:50+00:00\",\"mainEntityOfPage\":{\"@id\":\"https:\/\/peoplesphere.be\/fr\/palmares-de-30eme-hrm-night-connu-arnaud-delmarche-wanty-hr-manager-of-the-year-audi-brussels-hr-team-of-the-year-nathalie-lambrechts-dieteren-auto\/\"},\"wordCount\":250,\"publisher\":{\"@id\":\"https:\/\/peoplesphere.be\/fr\/#organization\"},\"keywords\":[\"Arnaud Delmarche\",\"Audi Brussels\",\"hr manager of the year\",\"HR Team of the Year\",\"HRM Night\",\"Nathalie Lambrechts\",\"Salvatore Curaba\",\"Young HR Leader of the Year\"],\"articleSection\":[\"Actualit\u00e9s\",\"Digital\",\"Events\",\"Galeries\"],\"inLanguage\":\"fr-FR\"},{\"@type\":\"WebPage\",\"@id\":\"https:\/\/peoplesphere.be\/fr\/palmares-de-30eme-hrm-night-connu-arnaud-delmarche-wanty-hr-manager-of-the-year-audi-brussels-hr-team-of-the-year-nathalie-lambrechts-dieteren-auto\/\",\"url\":\"https:\/\/peoplesphere.be\/fr\/palmares-de-30eme-hrm-night-connu-arnaud-delmarche-wanty-hr-manager-of-the-year-audi-brussels-hr-team-of-the-year-nathalie-lambrechts-dieteren-auto\/\",\"name\":\"Le palmar\u00e8s de la 30\u00e8me HRM Night\u00a9 est connu: Arnaud Delmarche (Wanty) est le HR Manager of the Year\u00a9, Audi Brussels est le HR Team of the Year\u00a9 et Nathalie Lambrechts (D'Ieteren Auto) remporte le Young HR Leader of the Year\u00a9 Award. - Peoplesphere\",\"isPartOf\":{\"@id\":\"https:\/\/peoplesphere.be\/fr\/#website\"},\"datePublished\":\"2019-04-05T16:23:45+00:00\",\"dateModified\":\"2019-04-11T08:17:50+00:00\",\"breadcrumb\":{\"@id\":\"https:\/\/peoplesphere.be\/fr\/palmares-de-30eme-hrm-night-connu-arnaud-delmarche-wanty-hr-manager-of-the-year-audi-brussels-hr-team-of-the-year-nathalie-lambrechts-dieteren-auto\/#breadcrumb\"},\"inLanguage\":\"fr-FR\",\"potentialAction\":[{\"@type\":\"ReadAction\",\"target\":[\"https:\/\/peoplesphere.be\/fr\/palmares-de-30eme-hrm-night-connu-arnaud-delmarche-wanty-hr-manager-of-the-year-audi-brussels-hr-team-of-the-year-nathalie-lambrechts-dieteren-auto\/\"]}]},{\"@type\":\"BreadcrumbList\",\"@id\":\"https:\/\/peoplesphere.be\/fr\/palmares-de-30eme-hrm-night-connu-arnaud-delmarche-wanty-hr-manager-of-the-year-audi-brussels-hr-team-of-the-year-nathalie-lambrechts-dieteren-auto\/#breadcrumb\",\"itemListElement\":[{\"@type\":\"ListItem\",\"position\":1,\"name\":\"Accueil\",\"item\":\"https:\/\/peoplesphere.be\/fr\/\"},{\"@type\":\"ListItem\",\"position\":2,\"name\":\"Le palmar\u00e8s de la 30\u00e8me HRM Night\u00a9 est connu: Arnaud Delmarche (Wanty) est le HR Manager of the Year\u00a9, Audi Brussels est le HR Team of the Year\u00a9 et Nathalie Lambrechts (D&rsquo;Ieteren Auto) remporte le Young HR Leader of the Year\u00a9 Award.\"}]},{\"@type\":\"WebSite\",\"@id\":\"https:\/\/peoplesphere.be\/fr\/#website\",\"url\":\"https:\/\/peoplesphere.be\/fr\/\",\"name\":\"Peoplesphere\",\"description\":\"The People Managers Magazine\",\"publisher\":{\"@id\":\"https:\/\/peoplesphere.be\/fr\/#organization\"},\"potentialAction\":[{\"@type\":\"SearchAction\",\"target\":{\"@type\":\"EntryPoint\",\"urlTemplate\":\"https:\/\/peoplesphere.be\/fr\/?s={search_term_string}\"},\"query-input\":\"required name=search_term_string\"}],\"inLanguage\":\"fr-FR\"},{\"@type\":\"Organization\",\"@id\":\"https:\/\/peoplesphere.be\/fr\/#organization\",\"name\":\"Peoplesphere Company srl\",\"url\":\"https:\/\/peoplesphere.be\/fr\/\",\"logo\":{\"@type\":\"ImageObject\",\"inLanguage\":\"fr-FR\",\"@id\":\"https:\/\/peoplesphere.be\/fr\/#\/schema\/logo\/image\/\",\"url\":\"https:\/\/peoplesphere.be\/fr\/wp-content\/uploads\/2023\/07\/peoplesphere-lgo-new-generik.jpg\",\"contentUrl\":\"https:\/\/peoplesphere.be\/fr\/wp-content\/uploads\/2023\/07\/peoplesphere-lgo-new-generik.jpg\",\"width\":1031,\"height\":1479,\"caption\":\"Peoplesphere Company srl\"},\"image\":{\"@id\":\"https:\/\/peoplesphere.be\/fr\/#\/schema\/logo\/image\/\"},\"sameAs\":[\"https:\/\/www.facebook.com\/peoplesphere\",\"https:\/\/twitter.com\/PeoplesphereMag\",\"https:\/\/www.linkedin.com\/company\/7587361?trk\",\"http:\/\/youtube.com\/peoplesphere\"]},{\"@type\":\"Person\",\"@id\":\"https:\/\/peoplesphere.be\/fr\/#\/schema\/person\/7976225ff17988604334abb7b3536a7e\",\"name\":\"Jean-Paul Erhard\",\"image\":{\"@type\":\"ImageObject\",\"inLanguage\":\"fr-FR\",\"@id\":\"https:\/\/peoplesphere.be\/fr\/#\/schema\/person\/image\/\",\"url\":\"https:\/\/secure.gravatar.com\/avatar\/f941e681460179738071629a51574930?s=96&d=mm&r=g\",\"contentUrl\":\"https:\/\/secure.gravatar.com\/avatar\/f941e681460179738071629a51574930?s=96&d=mm&r=g\",\"caption\":\"Jean-Paul Erhard\"},\"url\":\"https:\/\/peoplesphere.be\/fr\/author\/jpe\/\"}]}<\/script>\n<!-- \/ Yoast SEO plugin. -->","yoast_head_json":{"title":"Le palmar\u00e8s de la 30\u00e8me HRM Night\u00a9 est connu: Arnaud Delmarche (Wanty) est le HR Manager of the Year\u00a9, Audi Brussels est le HR Team of the Year\u00a9 et Nathalie Lambrechts (D'Ieteren Auto) remporte le Young HR Leader of the Year\u00a9 Award. - Peoplesphere","robots":{"index":"index","follow":"follow","max-snippet":"max-snippet:-1","max-image-preview":"max-image-preview:large","max-video-preview":"max-video-preview:-1"},"canonical":"https:\/\/peoplesphere.be\/fr\/palmares-de-30eme-hrm-night-connu-arnaud-delmarche-wanty-hr-manager-of-the-year-audi-brussels-hr-team-of-the-year-nathalie-lambrechts-dieteren-auto\/","og_locale":"fr_FR","og_type":"article","og_title":"Le palmar\u00e8s de la 30\u00e8me HRM Night\u00a9 est connu: Arnaud Delmarche (Wanty) est le HR Manager of the Year\u00a9, Audi Brussels est le HR Team of the Year\u00a9 et Nathalie Lambrechts (D'Ieteren Auto) remporte le Young HR Leader of the Year\u00a9 Award. - Peoplesphere","og_description":"Le cumul des votes du jury et de la communaut\u00e9 professionnelle a livr\u00e9 son verdict. Arnaud Delmarche (Groupe Wanty) a \u00e9t\u00e9 \u00e9lu ce jeudi 4 avril, HR Manager of the Year\u00a9 2019. Les laur\u00e9ats des awards r\u00e9compensant le HR Team [&hellip;]","og_url":"https:\/\/peoplesphere.be\/fr\/palmares-de-30eme-hrm-night-connu-arnaud-delmarche-wanty-hr-manager-of-the-year-audi-brussels-hr-team-of-the-year-nathalie-lambrechts-dieteren-auto\/","og_site_name":"Peoplesphere","article_publisher":"https:\/\/www.facebook.com\/peoplesphere","article_published_time":"2019-04-05T16:23:45+00:00","article_modified_time":"2019-04-11T08:17:50+00:00","og_image":[{"width":2000,"height":1333,"url":"https:\/\/peoplesphere.be\/fr\/wp-content\/uploads\/2019\/04\/38A9277-copie.jpg","type":"image\/jpeg"}],"author":"Jean-Paul Erhard","twitter_card":"summary_large_image","twitter_creator":"@PeoplesphereMag","twitter_site":"@PeoplesphereMag","twitter_misc":{"\u00c9crit par":"Jean-Paul Erhard","Dur\u00e9e de lecture estim\u00e9e":"1 minute"},"schema":{"@context":"https:\/\/schema.org","@graph":[{"@type":"Article","@id":"https:\/\/peoplesphere.be\/fr\/palmares-de-30eme-hrm-night-connu-arnaud-delmarche-wanty-hr-manager-of-the-year-audi-brussels-hr-team-of-the-year-nathalie-lambrechts-dieteren-auto\/#article","isPartOf":{"@id":"https:\/\/peoplesphere.be\/fr\/palmares-de-30eme-hrm-night-connu-arnaud-delmarche-wanty-hr-manager-of-the-year-audi-brussels-hr-team-of-the-year-nathalie-lambrechts-dieteren-auto\/"},"author":{"name":"Jean-Paul Erhard","@id":"https:\/\/peoplesphere.be\/fr\/#\/schema\/person\/7976225ff17988604334abb7b3536a7e"},"headline":"Le palmar\u00e8s de la 30\u00e8me HRM Night\u00a9 est connu: Arnaud Delmarche (Wanty) est le HR Manager of the Year\u00a9, Audi Brussels est le HR Team of the Year\u00a9 et Nathalie Lambrechts (D&rsquo;Ieteren Auto) remporte le Young HR Leader of the Year\u00a9 Award.","datePublished":"2019-04-05T16:23:45+00:00","dateModified":"2019-04-11T08:17:50+00:00","mainEntityOfPage":{"@id":"https:\/\/peoplesphere.be\/fr\/palmares-de-30eme-hrm-night-connu-arnaud-delmarche-wanty-hr-manager-of-the-year-audi-brussels-hr-team-of-the-year-nathalie-lambrechts-dieteren-auto\/"},"wordCount":250,"publisher":{"@id":"https:\/\/peoplesphere.be\/fr\/#organization"},"keywords":["Arnaud Delmarche","Audi Brussels","hr manager of the year","HR Team of the Year","HRM Night","Nathalie Lambrechts","Salvatore Curaba","Young HR Leader of the Year"],"articleSection":["Actualit\u00e9s","Digital","Events","Galeries"],"inLanguage":"fr-FR"},{"@type":"WebPage","@id":"https:\/\/peoplesphere.be\/fr\/palmares-de-30eme-hrm-night-connu-arnaud-delmarche-wanty-hr-manager-of-the-year-audi-brussels-hr-team-of-the-year-nathalie-lambrechts-dieteren-auto\/","url":"https:\/\/peoplesphere.be\/fr\/palmares-de-30eme-hrm-night-connu-arnaud-delmarche-wanty-hr-manager-of-the-year-audi-brussels-hr-team-of-the-year-nathalie-lambrechts-dieteren-auto\/","name":"Le palmar\u00e8s de la 30\u00e8me HRM Night\u00a9 est connu: Arnaud Delmarche (Wanty) est le HR Manager of the Year\u00a9, Audi Brussels est le HR Team of the Year\u00a9 et Nathalie Lambrechts (D'Ieteren Auto) remporte le Young HR Leader of the Year\u00a9 Award. - Peoplesphere","isPartOf":{"@id":"https:\/\/peoplesphere.be\/fr\/#website"},"datePublished":"2019-04-05T16:23:45+00:00","dateModified":"2019-04-11T08:17:50+00:00","breadcrumb":{"@id":"https:\/\/peoplesphere.be\/fr\/palmares-de-30eme-hrm-night-connu-arnaud-delmarche-wanty-hr-manager-of-the-year-audi-brussels-hr-team-of-the-year-nathalie-lambrechts-dieteren-auto\/#breadcrumb"},"inLanguage":"fr-FR","potentialAction":[{"@type":"ReadAction","target":["https:\/\/peoplesphere.be\/fr\/palmares-de-30eme-hrm-night-connu-arnaud-delmarche-wanty-hr-manager-of-the-year-audi-brussels-hr-team-of-the-year-nathalie-lambrechts-dieteren-auto\/"]}]},{"@type":"BreadcrumbList","@id":"https:\/\/peoplesphere.be\/fr\/palmares-de-30eme-hrm-night-connu-arnaud-delmarche-wanty-hr-manager-of-the-year-audi-brussels-hr-team-of-the-year-nathalie-lambrechts-dieteren-auto\/#breadcrumb","itemListElement":[{"@type":"ListItem","position":1,"name":"Accueil","item":"https:\/\/peoplesphere.be\/fr\/"},{"@type":"ListItem","position":2,"name":"Le palmar\u00e8s de la 30\u00e8me HRM Night\u00a9 est connu: Arnaud Delmarche (Wanty) est le HR Manager of the Year\u00a9, Audi Brussels est le HR Team of the Year\u00a9 et Nathalie Lambrechts (D&rsquo;Ieteren Auto) remporte le Young HR Leader of the Year\u00a9 Award."}]},{"@type":"WebSite","@id":"https:\/\/peoplesphere.be\/fr\/#website","url":"https:\/\/peoplesphere.be\/fr\/","name":"Peoplesphere","description":"The People Managers Magazine","publisher":{"@id":"https:\/\/peoplesphere.be\/fr\/#organization"},"potentialAction":[{"@type":"SearchAction","target":{"@type":"EntryPoint","urlTemplate":"https:\/\/peoplesphere.be\/fr\/?s={search_term_string}"},"query-input":"required name=search_term_string"}],"inLanguage":"fr-FR"},{"@type":"Organization","@id":"https:\/\/peoplesphere.be\/fr\/#organization","name":"Peoplesphere Company srl","url":"https:\/\/peoplesphere.be\/fr\/","logo":{"@type":"ImageObject","inLanguage":"fr-FR","@id":"https:\/\/peoplesphere.be\/fr\/#\/schema\/logo\/image\/","url":"https:\/\/peoplesphere.be\/fr\/wp-content\/uploads\/2023\/07\/peoplesphere-lgo-new-generik.jpg","contentUrl":"https:\/\/peoplesphere.be\/fr\/wp-content\/uploads\/2023\/07\/peoplesphere-lgo-new-generik.jpg","width":1031,"height":1479,"caption":"Peoplesphere Company srl"},"image":{"@id":"https:\/\/peoplesphere.be\/fr\/#\/schema\/logo\/image\/"},"sameAs":["https:\/\/www.facebook.com\/peoplesphere","https:\/\/twitter.com\/PeoplesphereMag","https:\/\/www.linkedin.com\/company\/7587361?trk","http:\/\/youtube.com\/peoplesphere"]},{"@type":"Person","@id":"https:\/\/peoplesphere.be\/fr\/#\/schema\/person\/7976225ff17988604334abb7b3536a7e","name":"Jean-Paul Erhard","image":{"@type":"ImageObject","inLanguage":"fr-FR","@id":"https:\/\/peoplesphere.be\/fr\/#\/schema\/person\/image\/","url":"https:\/\/secure.gravatar.com\/avatar\/f941e681460179738071629a51574930?s=96&d=mm&r=g","contentUrl":"https:\/\/secure.gravatar.com\/avatar\/f941e681460179738071629a51574930?s=96&d=mm&r=g","caption":"Jean-Paul Erhard"},"url":"https:\/\/peoplesphere.be\/fr\/author\/jpe\/"}]}},"_links":{"self":[{"href":"https:\/\/peoplesphere.be\/fr\/wp-json\/wp\/v2\/posts\/7606"}],"collection":[{"href":"https:\/\/peoplesphere.be\/fr\/wp-json\/wp\/v2\/posts"}],"about":[{"href":"https:\/\/peoplesphere.be\/fr\/wp-json\/wp\/v2\/types\/post"}],"author":[{"embeddable":true,"href":"https:\/\/peoplesphere.be\/fr\/wp-json\/wp\/v2\/users\/2"}],"replies":[{"embeddable":true,"href":"https:\/\/peoplesphere.be\/fr\/wp-json\/wp\/v2\/comments?post=7606"}],"version-history":[{"count":7,"href":"https:\/\/peoplesphere.be\/fr\/wp-json\/wp\/v2\/posts\/7606\/revisions"}],"predecessor-version":[{"id":7641,"href":"https:\/\/peoplesphere.be\/fr\/wp-json\/wp\/v2\/posts\/7606\/revisions\/7641"}],"wp:featuredmedia":[{"embeddable":true,"href":"https:\/\/peoplesphere.be\/fr\/wp-json\/wp\/v2\/media\/7607"}],"wp:attachment":[{"href":"https:\/\/peoplesphere.be\/fr\/wp-json\/wp\/v2\/media?parent=7606"}],"wp:term":[{"taxonomy":"category","embeddable":true,"href":"https:\/\/peoplesphere.be\/fr\/wp-json\/wp\/v2\/categories?post=7606"},{"taxonomy":"post_tag","embeddable":true,"href":"https:\/\/peoplesphere.be\/fr\/wp-json\/wp\/v2\/tags?post=7606"}],"curies":[{"name":"wp","href":"https:\/\/api.w.org\/{rel}","templated":true}]}}