









{"id":7612,"date":"2019-04-08T18:17:56","date_gmt":"2019-04-08T16:17:56","guid":{"rendered":"http:\/\/www.peoplesphere.be\/fr\/?p=7612"},"modified":"2019-04-08T18:18:20","modified_gmt":"2019-04-08T16:18:20","slug":"haro-voitures-de-societe-justifie-potentiel-de-mobilite-durable-nettement-plus-important-aupres-particuliers","status":"publish","type":"post","link":"https:\/\/peoplesphere.be\/fr\/haro-voitures-de-societe-justifie-potentiel-de-mobilite-durable-nettement-plus-important-aupres-particuliers\/","title":{"rendered":"Le haro sur les voitures de soci\u00e9t\u00e9 est-il justifi\u00e9? Le potentiel de mobilit\u00e9 durable est nettement plus important aupr\u00e8s des particuliers."},"content":{"rendered":"<p>La F\u00e9d\u00e9ration du secteur automobile Traxio s&rsquo;est pench\u00e9e sur les chiffres des immatriculations afin de quantifier l&rsquo;impact environnemental des v\u00e9hicules mis \u00e0 disposition dans le cadre professionnel versus celui des v\u00e9hicules particuliers. Premi\u00e8re conclusion: les voitures essence et diesel deviennent plus propres, mais le march\u00e9 des particuliers renferme un potentiel bien plus important de transition vers une mobilit\u00e9 plus durable.<!--more--><\/p>\n<p>Le parc automobile belge compte 5,7 millions de voitures particuli\u00e8res, dont l\u2019\u00e2ge moyen est de neuf ans. Quelle est la r\u00e9partition par type de carburant parmi les nouvelles voitures ? Pr\u00e8s de 63 % roulent \u00e0 l\u2019essence, 30 % au diesel et 6,61 % sont des mod\u00e8les \u00e9lectriques et hybrides, dont le nombre a progress\u00e9 de 50 % en deux ans. Le GNC reste \u00e0 la tra\u00eene, soit 0,36 %.<\/p>\n<p>Ce qui signifie que le nombre de voitures diesel a diminu\u00e9 de 10 % par rapport \u00e0 il y a trois ans. Ceux qui parcourent des distances courtes optent donc d\u00e9sormais aussi pour un v\u00e9hicule essence ou \u00e9lectrique. Et, puisque deux fois plus de voitures 100 % \u00e9lectriques ont \u00e9t\u00e9 vendues au cours des trois premiers mois de 2019 qu\u2019au premier trimestre 2017, il se pourrait que nous soyons au d\u00e9but de l\u2019\u00e8re de l\u2019\u00e9lectrification.<\/p>\n<p>Si on se penche sur les occasions, on voit que le diesel reste toutefois populaire : de janvier \u00e0 avril 2019, 54,5 % de v\u00e9hicules diesel ont \u00e9t\u00e9 immatricul\u00e9s, contre 43,7 % essence et seulement 1,8 % de v\u00e9hicules alternatifs.<\/p>\n<p><strong><em>Les voitures diesel sont d\u00e9sormais aussi beaucoup plus propres<\/em><\/strong><\/p>\n<p>Entre 2015 et 2018, le nombre de v\u00e9hicules diesel a diminu\u00e9 de plus de 10%, pour passer de 3.415.000 \u00e0 3.072.500. On voit \u00e9galement que les tr\u00e8s vieux v\u00e9hicules diesel sont rapidement filtr\u00e9s, une tendance qui devrait se poursuivre.<\/p>\n<p>Les mod\u00e8les diesel sans Euronorme, ou jusqu\u2019\u00e0 une Euronorme 3, ont pratiquement diminu\u00e9 de moiti\u00e9 en trois ans et on a enregistr\u00e9 un glissement important vers les moteurs Euro 6 plus propres. Et ce, aussi bien pour les nouvelles voitures que les occasions, bien que le mouvement soit ici plus lent.<\/p>\n<p><strong><em>Les voitures de soci\u00e9t\u00e9 sont plus r\u00e9centes et plus propres que les voitures particuli\u00e8res<\/em><\/strong><\/p>\n<p>Dans le cas des voitures de soci\u00e9t\u00e9, le diesel reste bien entendu tr\u00e8s appr\u00e9ci\u00e9, mais il s\u2019agit alors, bien heureusement, de v\u00e9hicules r\u00e9cents \u00e9quip\u00e9s de filtres de haute technologie limitant fortement les \u00e9missions. Le march\u00e9 des voitures de soci\u00e9t\u00e9 est renouvel\u00e9 tous les cinq ans, et devient donc aussi plus \u00e9cologique.<\/p>\n<p>C\u2019est en contraste criant avec le march\u00e9 des particuliers, o\u00f9 l\u2019\u00e2ge moyen d\u2019une voiture est de 10,6 ans. Par cons\u00e9quent, c\u2019est \u00e9galement l\u00e0 qu\u2019on retrouve les v\u00e9hicules les plus polluants, mais aussi les plus grandes opportunit\u00e9s pour am\u00e9liorer la durabilit\u00e9 du parc automobile. La fiscalit\u00e9 est un facteur puissant, mais qui doit naturellement \u00eatre utilis\u00e9 avec un certain sens de r\u00e9alisme pour \u00e9viter de trop perturber le march\u00e9.<\/p>\n<p><em>Source : Traxio<\/em><\/p>\n","protected":false},"excerpt":{"rendered":"<p>La F\u00e9d\u00e9ration du secteur automobile Traxio s&rsquo;est pench\u00e9e sur les chiffres des immatriculations afin de quantifier l&rsquo;impact environnemental des v\u00e9hicules mis \u00e0 disposition dans le cadre professionnel versus celui des v\u00e9hicules particuliers. Premi\u00e8re conclusion: les voitures essence et diesel deviennent [&hellip;]<\/p>\n","protected":false},"author":2,"featured_media":0,"comment_status":"closed","ping_status":"open","sticky":false,"template":"","format":"standard","meta":[],"categories":[65,10],"tags":[2491,615,136,2490,1391],"yoast_head":"<!-- This site is optimized with the Yoast SEO plugin v21.0 - https:\/\/yoast.com\/wordpress\/plugins\/seo\/ -->\n<title>Le haro sur les voitures de soci\u00e9t\u00e9 est-il justifi\u00e9? Le potentiel de mobilit\u00e9 durable est nettement plus important aupr\u00e8s des particuliers. - Peoplesphere<\/title>\n<meta name=\"robots\" content=\"index, follow, max-snippet:-1, max-image-preview:large, max-video-preview:-1\" \/>\n<link rel=\"canonical\" href=\"https:\/\/peoplesphere.be\/fr\/haro-voitures-de-societe-justifie-potentiel-de-mobilite-durable-nettement-plus-important-aupres-particuliers\/\" \/>\n<meta property=\"og:locale\" content=\"fr_FR\" \/>\n<meta property=\"og:type\" content=\"article\" \/>\n<meta property=\"og:title\" content=\"Le haro sur les voitures de soci\u00e9t\u00e9 est-il justifi\u00e9? Le potentiel de mobilit\u00e9 durable est nettement plus important aupr\u00e8s des particuliers. - Peoplesphere\" \/>\n<meta property=\"og:description\" content=\"La F\u00e9d\u00e9ration du secteur automobile Traxio s&rsquo;est pench\u00e9e sur les chiffres des immatriculations afin de quantifier l&rsquo;impact environnemental des v\u00e9hicules mis \u00e0 disposition dans le cadre professionnel versus celui des v\u00e9hicules particuliers. Premi\u00e8re conclusion: les voitures essence et diesel deviennent [&hellip;]\" \/>\n<meta property=\"og:url\" content=\"https:\/\/peoplesphere.be\/fr\/haro-voitures-de-societe-justifie-potentiel-de-mobilite-durable-nettement-plus-important-aupres-particuliers\/\" \/>\n<meta property=\"og:site_name\" content=\"Peoplesphere\" \/>\n<meta property=\"article:publisher\" content=\"https:\/\/www.facebook.com\/peoplesphere\" \/>\n<meta property=\"article:published_time\" content=\"2019-04-08T16:17:56+00:00\" \/>\n<meta property=\"article:modified_time\" content=\"2019-04-08T16:18:20+00:00\" \/>\n<meta property=\"og:image\" content=\"http:\/\/www.peoplesphere.be\/fr\/wp-content\/uploads\/2016\/07\/facebook-default-posting-1200x628px.jpg\" \/>\n<meta name=\"author\" content=\"Jean-Paul Erhard\" \/>\n<meta name=\"twitter:card\" content=\"summary_large_image\" \/>\n<meta name=\"twitter:creator\" content=\"@PeoplesphereMag\" \/>\n<meta name=\"twitter:site\" content=\"@PeoplesphereMag\" \/>\n<meta name=\"twitter:label1\" content=\"\u00c9crit par\" \/>\n\t<meta name=\"twitter:data1\" content=\"Jean-Paul Erhard\" \/>\n\t<meta name=\"twitter:label2\" content=\"Dur\u00e9e de lecture estim\u00e9e\" \/>\n\t<meta name=\"twitter:data2\" content=\"2 minutes\" \/>\n<script type=\"application\/ld+json\" class=\"yoast-schema-graph\">{\"@context\":\"https:\/\/schema.org\",\"@graph\":[{\"@type\":\"Article\",\"@id\":\"https:\/\/peoplesphere.be\/fr\/haro-voitures-de-societe-justifie-potentiel-de-mobilite-durable-nettement-plus-important-aupres-particuliers\/#article\",\"isPartOf\":{\"@id\":\"https:\/\/peoplesphere.be\/fr\/haro-voitures-de-societe-justifie-potentiel-de-mobilite-durable-nettement-plus-important-aupres-particuliers\/\"},\"author\":{\"name\":\"Jean-Paul Erhard\",\"@id\":\"https:\/\/peoplesphere.be\/fr\/#\/schema\/person\/7976225ff17988604334abb7b3536a7e\"},\"headline\":\"Le haro sur les voitures de soci\u00e9t\u00e9 est-il justifi\u00e9? Le potentiel de mobilit\u00e9 durable est nettement plus important aupr\u00e8s des particuliers.\",\"datePublished\":\"2019-04-08T16:17:56+00:00\",\"dateModified\":\"2019-04-08T16:18:20+00:00\",\"mainEntityOfPage\":{\"@id\":\"https:\/\/peoplesphere.be\/fr\/haro-voitures-de-societe-justifie-potentiel-de-mobilite-durable-nettement-plus-important-aupres-particuliers\/\"},\"wordCount\":511,\"publisher\":{\"@id\":\"https:\/\/peoplesphere.be\/fr\/#organization\"},\"keywords\":[\"CO2\",\"fleet\",\"mobilit\u00e9\",\"pollution\",\"voitures de soci\u00e9t\u00e9\"],\"articleSection\":[\"Actualit\u00e9s\",\"Digital\"],\"inLanguage\":\"fr-FR\"},{\"@type\":\"WebPage\",\"@id\":\"https:\/\/peoplesphere.be\/fr\/haro-voitures-de-societe-justifie-potentiel-de-mobilite-durable-nettement-plus-important-aupres-particuliers\/\",\"url\":\"https:\/\/peoplesphere.be\/fr\/haro-voitures-de-societe-justifie-potentiel-de-mobilite-durable-nettement-plus-important-aupres-particuliers\/\",\"name\":\"Le haro sur les voitures de soci\u00e9t\u00e9 est-il justifi\u00e9? Le potentiel de mobilit\u00e9 durable est nettement plus important aupr\u00e8s des particuliers. - Peoplesphere\",\"isPartOf\":{\"@id\":\"https:\/\/peoplesphere.be\/fr\/#website\"},\"datePublished\":\"2019-04-08T16:17:56+00:00\",\"dateModified\":\"2019-04-08T16:18:20+00:00\",\"breadcrumb\":{\"@id\":\"https:\/\/peoplesphere.be\/fr\/haro-voitures-de-societe-justifie-potentiel-de-mobilite-durable-nettement-plus-important-aupres-particuliers\/#breadcrumb\"},\"inLanguage\":\"fr-FR\",\"potentialAction\":[{\"@type\":\"ReadAction\",\"target\":[\"https:\/\/peoplesphere.be\/fr\/haro-voitures-de-societe-justifie-potentiel-de-mobilite-durable-nettement-plus-important-aupres-particuliers\/\"]}]},{\"@type\":\"BreadcrumbList\",\"@id\":\"https:\/\/peoplesphere.be\/fr\/haro-voitures-de-societe-justifie-potentiel-de-mobilite-durable-nettement-plus-important-aupres-particuliers\/#breadcrumb\",\"itemListElement\":[{\"@type\":\"ListItem\",\"position\":1,\"name\":\"Accueil\",\"item\":\"https:\/\/peoplesphere.be\/fr\/\"},{\"@type\":\"ListItem\",\"position\":2,\"name\":\"Le haro sur les voitures de soci\u00e9t\u00e9 est-il justifi\u00e9? Le potentiel de mobilit\u00e9 durable est nettement plus important aupr\u00e8s des particuliers.\"}]},{\"@type\":\"WebSite\",\"@id\":\"https:\/\/peoplesphere.be\/fr\/#website\",\"url\":\"https:\/\/peoplesphere.be\/fr\/\",\"name\":\"Peoplesphere\",\"description\":\"The People Managers Magazine\",\"publisher\":{\"@id\":\"https:\/\/peoplesphere.be\/fr\/#organization\"},\"potentialAction\":[{\"@type\":\"SearchAction\",\"target\":{\"@type\":\"EntryPoint\",\"urlTemplate\":\"https:\/\/peoplesphere.be\/fr\/?s={search_term_string}\"},\"query-input\":\"required name=search_term_string\"}],\"inLanguage\":\"fr-FR\"},{\"@type\":\"Organization\",\"@id\":\"https:\/\/peoplesphere.be\/fr\/#organization\",\"name\":\"Peoplesphere Company srl\",\"url\":\"https:\/\/peoplesphere.be\/fr\/\",\"logo\":{\"@type\":\"ImageObject\",\"inLanguage\":\"fr-FR\",\"@id\":\"https:\/\/peoplesphere.be\/fr\/#\/schema\/logo\/image\/\",\"url\":\"https:\/\/peoplesphere.be\/fr\/wp-content\/uploads\/2023\/07\/peoplesphere-lgo-new-generik.jpg\",\"contentUrl\":\"https:\/\/peoplesphere.be\/fr\/wp-content\/uploads\/2023\/07\/peoplesphere-lgo-new-generik.jpg\",\"width\":1031,\"height\":1479,\"caption\":\"Peoplesphere Company srl\"},\"image\":{\"@id\":\"https:\/\/peoplesphere.be\/fr\/#\/schema\/logo\/image\/\"},\"sameAs\":[\"https:\/\/www.facebook.com\/peoplesphere\",\"https:\/\/twitter.com\/PeoplesphereMag\",\"https:\/\/www.linkedin.com\/company\/7587361?trk\",\"http:\/\/youtube.com\/peoplesphere\"]},{\"@type\":\"Person\",\"@id\":\"https:\/\/peoplesphere.be\/fr\/#\/schema\/person\/7976225ff17988604334abb7b3536a7e\",\"name\":\"Jean-Paul Erhard\",\"image\":{\"@type\":\"ImageObject\",\"inLanguage\":\"fr-FR\",\"@id\":\"https:\/\/peoplesphere.be\/fr\/#\/schema\/person\/image\/\",\"url\":\"https:\/\/secure.gravatar.com\/avatar\/f941e681460179738071629a51574930?s=96&d=mm&r=g\",\"contentUrl\":\"https:\/\/secure.gravatar.com\/avatar\/f941e681460179738071629a51574930?s=96&d=mm&r=g\",\"caption\":\"Jean-Paul Erhard\"},\"url\":\"https:\/\/peoplesphere.be\/fr\/author\/jpe\/\"}]}<\/script>\n<!-- \/ Yoast SEO plugin. -->","yoast_head_json":{"title":"Le haro sur les voitures de soci\u00e9t\u00e9 est-il justifi\u00e9? Le potentiel de mobilit\u00e9 durable est nettement plus important aupr\u00e8s des particuliers. - Peoplesphere","robots":{"index":"index","follow":"follow","max-snippet":"max-snippet:-1","max-image-preview":"max-image-preview:large","max-video-preview":"max-video-preview:-1"},"canonical":"https:\/\/peoplesphere.be\/fr\/haro-voitures-de-societe-justifie-potentiel-de-mobilite-durable-nettement-plus-important-aupres-particuliers\/","og_locale":"fr_FR","og_type":"article","og_title":"Le haro sur les voitures de soci\u00e9t\u00e9 est-il justifi\u00e9? Le potentiel de mobilit\u00e9 durable est nettement plus important aupr\u00e8s des particuliers. - Peoplesphere","og_description":"La F\u00e9d\u00e9ration du secteur automobile Traxio s&rsquo;est pench\u00e9e sur les chiffres des immatriculations afin de quantifier l&rsquo;impact environnemental des v\u00e9hicules mis \u00e0 disposition dans le cadre professionnel versus celui des v\u00e9hicules particuliers. Premi\u00e8re conclusion: les voitures essence et diesel deviennent [&hellip;]","og_url":"https:\/\/peoplesphere.be\/fr\/haro-voitures-de-societe-justifie-potentiel-de-mobilite-durable-nettement-plus-important-aupres-particuliers\/","og_site_name":"Peoplesphere","article_publisher":"https:\/\/www.facebook.com\/peoplesphere","article_published_time":"2019-04-08T16:17:56+00:00","article_modified_time":"2019-04-08T16:18:20+00:00","og_image":[{"url":"http:\/\/www.peoplesphere.be\/fr\/wp-content\/uploads\/2016\/07\/facebook-default-posting-1200x628px.jpg"}],"author":"Jean-Paul Erhard","twitter_card":"summary_large_image","twitter_creator":"@PeoplesphereMag","twitter_site":"@PeoplesphereMag","twitter_misc":{"\u00c9crit par":"Jean-Paul Erhard","Dur\u00e9e de lecture estim\u00e9e":"2 minutes"},"schema":{"@context":"https:\/\/schema.org","@graph":[{"@type":"Article","@id":"https:\/\/peoplesphere.be\/fr\/haro-voitures-de-societe-justifie-potentiel-de-mobilite-durable-nettement-plus-important-aupres-particuliers\/#article","isPartOf":{"@id":"https:\/\/peoplesphere.be\/fr\/haro-voitures-de-societe-justifie-potentiel-de-mobilite-durable-nettement-plus-important-aupres-particuliers\/"},"author":{"name":"Jean-Paul Erhard","@id":"https:\/\/peoplesphere.be\/fr\/#\/schema\/person\/7976225ff17988604334abb7b3536a7e"},"headline":"Le haro sur les voitures de soci\u00e9t\u00e9 est-il justifi\u00e9? Le potentiel de mobilit\u00e9 durable est nettement plus important aupr\u00e8s des particuliers.","datePublished":"2019-04-08T16:17:56+00:00","dateModified":"2019-04-08T16:18:20+00:00","mainEntityOfPage":{"@id":"https:\/\/peoplesphere.be\/fr\/haro-voitures-de-societe-justifie-potentiel-de-mobilite-durable-nettement-plus-important-aupres-particuliers\/"},"wordCount":511,"publisher":{"@id":"https:\/\/peoplesphere.be\/fr\/#organization"},"keywords":["CO2","fleet","mobilit\u00e9","pollution","voitures de soci\u00e9t\u00e9"],"articleSection":["Actualit\u00e9s","Digital"],"inLanguage":"fr-FR"},{"@type":"WebPage","@id":"https:\/\/peoplesphere.be\/fr\/haro-voitures-de-societe-justifie-potentiel-de-mobilite-durable-nettement-plus-important-aupres-particuliers\/","url":"https:\/\/peoplesphere.be\/fr\/haro-voitures-de-societe-justifie-potentiel-de-mobilite-durable-nettement-plus-important-aupres-particuliers\/","name":"Le haro sur les voitures de soci\u00e9t\u00e9 est-il justifi\u00e9? Le potentiel de mobilit\u00e9 durable est nettement plus important aupr\u00e8s des particuliers. - Peoplesphere","isPartOf":{"@id":"https:\/\/peoplesphere.be\/fr\/#website"},"datePublished":"2019-04-08T16:17:56+00:00","dateModified":"2019-04-08T16:18:20+00:00","breadcrumb":{"@id":"https:\/\/peoplesphere.be\/fr\/haro-voitures-de-societe-justifie-potentiel-de-mobilite-durable-nettement-plus-important-aupres-particuliers\/#breadcrumb"},"inLanguage":"fr-FR","potentialAction":[{"@type":"ReadAction","target":["https:\/\/peoplesphere.be\/fr\/haro-voitures-de-societe-justifie-potentiel-de-mobilite-durable-nettement-plus-important-aupres-particuliers\/"]}]},{"@type":"BreadcrumbList","@id":"https:\/\/peoplesphere.be\/fr\/haro-voitures-de-societe-justifie-potentiel-de-mobilite-durable-nettement-plus-important-aupres-particuliers\/#breadcrumb","itemListElement":[{"@type":"ListItem","position":1,"name":"Accueil","item":"https:\/\/peoplesphere.be\/fr\/"},{"@type":"ListItem","position":2,"name":"Le haro sur les voitures de soci\u00e9t\u00e9 est-il justifi\u00e9? Le potentiel de mobilit\u00e9 durable est nettement plus important aupr\u00e8s des particuliers."}]},{"@type":"WebSite","@id":"https:\/\/peoplesphere.be\/fr\/#website","url":"https:\/\/peoplesphere.be\/fr\/","name":"Peoplesphere","description":"The People Managers Magazine","publisher":{"@id":"https:\/\/peoplesphere.be\/fr\/#organization"},"potentialAction":[{"@type":"SearchAction","target":{"@type":"EntryPoint","urlTemplate":"https:\/\/peoplesphere.be\/fr\/?s={search_term_string}"},"query-input":"required name=search_term_string"}],"inLanguage":"fr-FR"},{"@type":"Organization","@id":"https:\/\/peoplesphere.be\/fr\/#organization","name":"Peoplesphere Company srl","url":"https:\/\/peoplesphere.be\/fr\/","logo":{"@type":"ImageObject","inLanguage":"fr-FR","@id":"https:\/\/peoplesphere.be\/fr\/#\/schema\/logo\/image\/","url":"https:\/\/peoplesphere.be\/fr\/wp-content\/uploads\/2023\/07\/peoplesphere-lgo-new-generik.jpg","contentUrl":"https:\/\/peoplesphere.be\/fr\/wp-content\/uploads\/2023\/07\/peoplesphere-lgo-new-generik.jpg","width":1031,"height":1479,"caption":"Peoplesphere Company srl"},"image":{"@id":"https:\/\/peoplesphere.be\/fr\/#\/schema\/logo\/image\/"},"sameAs":["https:\/\/www.facebook.com\/peoplesphere","https:\/\/twitter.com\/PeoplesphereMag","https:\/\/www.linkedin.com\/company\/7587361?trk","http:\/\/youtube.com\/peoplesphere"]},{"@type":"Person","@id":"https:\/\/peoplesphere.be\/fr\/#\/schema\/person\/7976225ff17988604334abb7b3536a7e","name":"Jean-Paul Erhard","image":{"@type":"ImageObject","inLanguage":"fr-FR","@id":"https:\/\/peoplesphere.be\/fr\/#\/schema\/person\/image\/","url":"https:\/\/secure.gravatar.com\/avatar\/f941e681460179738071629a51574930?s=96&d=mm&r=g","contentUrl":"https:\/\/secure.gravatar.com\/avatar\/f941e681460179738071629a51574930?s=96&d=mm&r=g","caption":"Jean-Paul Erhard"},"url":"https:\/\/peoplesphere.be\/fr\/author\/jpe\/"}]}},"_links":{"self":[{"href":"https:\/\/peoplesphere.be\/fr\/wp-json\/wp\/v2\/posts\/7612"}],"collection":[{"href":"https:\/\/peoplesphere.be\/fr\/wp-json\/wp\/v2\/posts"}],"about":[{"href":"https:\/\/peoplesphere.be\/fr\/wp-json\/wp\/v2\/types\/post"}],"author":[{"embeddable":true,"href":"https:\/\/peoplesphere.be\/fr\/wp-json\/wp\/v2\/users\/2"}],"replies":[{"embeddable":true,"href":"https:\/\/peoplesphere.be\/fr\/wp-json\/wp\/v2\/comments?post=7612"}],"version-history":[{"count":2,"href":"https:\/\/peoplesphere.be\/fr\/wp-json\/wp\/v2\/posts\/7612\/revisions"}],"predecessor-version":[{"id":7614,"href":"https:\/\/peoplesphere.be\/fr\/wp-json\/wp\/v2\/posts\/7612\/revisions\/7614"}],"wp:attachment":[{"href":"https:\/\/peoplesphere.be\/fr\/wp-json\/wp\/v2\/media?parent=7612"}],"wp:term":[{"taxonomy":"category","embeddable":true,"href":"https:\/\/peoplesphere.be\/fr\/wp-json\/wp\/v2\/categories?post=7612"},{"taxonomy":"post_tag","embeddable":true,"href":"https:\/\/peoplesphere.be\/fr\/wp-json\/wp\/v2\/tags?post=7612"}],"curies":[{"name":"wp","href":"https:\/\/api.w.org\/{rel}","templated":true}]}}