









{"id":7617,"date":"2019-04-10T06:20:33","date_gmt":"2019-04-10T04:20:33","guid":{"rendered":"http:\/\/www.peoplesphere.be\/fr\/?p=7617"},"modified":"2019-04-10T06:20:33","modified_gmt":"2019-04-10T04:20:33","slug":"taux-de-chomage-de-zone-ocde-baisse-a-5-2-fevrier-2019","status":"publish","type":"post","link":"https:\/\/peoplesphere.be\/fr\/taux-de-chomage-de-zone-ocde-baisse-a-5-2-fevrier-2019\/","title":{"rendered":"Le taux de ch\u00f4mage de la zone OCDE en baisse \u00e0 5.2% en f\u00e9vrier 2019."},"content":{"rendered":"<p>Le taux de ch\u00f4mage de la zone OCDE \u00e9tait en baisse de 0.1 point de pourcentage, \u00e0 5.2%, en f\u00e9vrier 2019, avec une baisse de 0.8 million du nombre de ch\u00f4meurs. Dans l\u2019ensemble, 33.3 millions de personnes \u00e9taient au ch\u00f4mage dans la zone OCDE.<!--more--><\/p>\n<p>Le taux de ch\u00f4mage \u00e9tait stable en f\u00e9vrier dans la zone euro (\u00e0 7.8%), avec des hausses de 0.2 point de pourcentage en Autriche (\u00e0 5.0%), en Italie (\u00e0 10.7%) et au Luxembourg (\u00e0 5.3%), et des baisses de 0.2 point de pourcentage ou plus au Portugal (\u00e0 6.3%), aux Pays-Bas (\u00e0 3.4%) et en Espagne (\u00e0 13.9%).<\/p>\n<p>En dehors de l\u2019Europe, le taux de ch\u00f4mage \u00e9tait en baisse de 0.7 point de pourcentage en Cor\u00e9e (\u00e0 3.7%), de 0.2 point de pourcentage au Japon (\u00e0 2.3%) et aux \u00c9tats-Unis (\u00e0 3.8%), tandis qu\u2019il \u00e9tait stable au Canada (\u00e0 5.8%) et au Mexique (\u00e0 3.4%). Des donn\u00e9es plus r\u00e9centes pour le mois de mars montrent que le taux de ch\u00f4mage \u00e9tait stable aussi bien au Canada (\u00e0 5.8%) qu\u2019aux \u00c9tats-Unis (\u00e0 3.8%).<\/p>\n<p>Le taux de ch\u00f4mage des jeunes (15-24 ans) de la zone OCDE demeurait \u00e0 11.2% en f\u00e9vrier. Le taux de ch\u00f4mage des jeunes \u00e9tait en baisse de 0.1 point de pourcentage dans la zone euro, \u00e0 16.1% (son plus bas niveau depuis juillet 2008) avec des diminutions de 1.2 points de pourcentage au Portugal (\u00e0 16.4%) et de 0.3 point de pourcentage en Lettonie (\u00e0 13.2%) et en R\u00e9publique slovaque (\u00e0 11.6%), et une hausse de 1.0 point de pourcentage au Luxembourg (\u00e0 12.9%). Le taux de ch\u00f4mage des jeunes restait au-dessus de 30% en Espagne (\u00e0 32.4%), en Italie (\u00e0 32.8%) et en Gr\u00e8ce (\u00e0 39.5% en d\u00e9cembre, le dernier mois disponible).<\/p>\n<p><em>Source: OCDE<\/em><\/p>\n","protected":false},"excerpt":{"rendered":"<p>Le taux de ch\u00f4mage de la zone OCDE \u00e9tait en baisse de 0.1 point de pourcentage, \u00e0 5.2%, en f\u00e9vrier 2019, avec une baisse de 0.8 million du nombre de ch\u00f4meurs. Dans l\u2019ensemble, 33.3 millions de personnes \u00e9taient au ch\u00f4mage [&hellip;]<\/p>\n","protected":false},"author":2,"featured_media":0,"comment_status":"closed","ping_status":"open","sticky":false,"template":"","format":"standard","meta":[],"categories":[65,10],"tags":[772,44,703],"yoast_head":"<!-- This site is optimized with the Yoast SEO plugin v21.0 - https:\/\/yoast.com\/wordpress\/plugins\/seo\/ -->\n<title>Le taux de ch\u00f4mage de la zone OCDE en baisse \u00e0 5.2% en f\u00e9vrier 2019. - Peoplesphere<\/title>\n<meta name=\"robots\" content=\"index, follow, max-snippet:-1, max-image-preview:large, max-video-preview:-1\" \/>\n<link rel=\"canonical\" href=\"https:\/\/peoplesphere.be\/fr\/taux-de-chomage-de-zone-ocde-baisse-a-5-2-fevrier-2019\/\" \/>\n<meta property=\"og:locale\" content=\"fr_FR\" \/>\n<meta property=\"og:type\" content=\"article\" \/>\n<meta property=\"og:title\" content=\"Le taux de ch\u00f4mage de la zone OCDE en baisse \u00e0 5.2% en f\u00e9vrier 2019. - Peoplesphere\" \/>\n<meta property=\"og:description\" content=\"Le taux de ch\u00f4mage de la zone OCDE \u00e9tait en baisse de 0.1 point de pourcentage, \u00e0 5.2%, en f\u00e9vrier 2019, avec une baisse de 0.8 million du nombre de ch\u00f4meurs. Dans l\u2019ensemble, 33.3 millions de personnes \u00e9taient au ch\u00f4mage [&hellip;]\" \/>\n<meta property=\"og:url\" content=\"https:\/\/peoplesphere.be\/fr\/taux-de-chomage-de-zone-ocde-baisse-a-5-2-fevrier-2019\/\" \/>\n<meta property=\"og:site_name\" content=\"Peoplesphere\" \/>\n<meta property=\"article:publisher\" content=\"https:\/\/www.facebook.com\/peoplesphere\" \/>\n<meta property=\"article:published_time\" content=\"2019-04-10T04:20:33+00:00\" \/>\n<meta property=\"og:image\" content=\"http:\/\/www.peoplesphere.be\/fr\/wp-content\/uploads\/2016\/07\/facebook-default-posting-1200x628px.jpg\" \/>\n<meta name=\"author\" content=\"Jean-Paul Erhard\" \/>\n<meta name=\"twitter:card\" content=\"summary_large_image\" \/>\n<meta name=\"twitter:creator\" content=\"@PeoplesphereMag\" \/>\n<meta name=\"twitter:site\" content=\"@PeoplesphereMag\" \/>\n<meta name=\"twitter:label1\" content=\"\u00c9crit par\" \/>\n\t<meta name=\"twitter:data1\" content=\"Jean-Paul Erhard\" \/>\n\t<meta name=\"twitter:label2\" content=\"Dur\u00e9e de lecture estim\u00e9e\" \/>\n\t<meta name=\"twitter:data2\" content=\"1 minute\" \/>\n<script type=\"application\/ld+json\" class=\"yoast-schema-graph\">{\"@context\":\"https:\/\/schema.org\",\"@graph\":[{\"@type\":\"Article\",\"@id\":\"https:\/\/peoplesphere.be\/fr\/taux-de-chomage-de-zone-ocde-baisse-a-5-2-fevrier-2019\/#article\",\"isPartOf\":{\"@id\":\"https:\/\/peoplesphere.be\/fr\/taux-de-chomage-de-zone-ocde-baisse-a-5-2-fevrier-2019\/\"},\"author\":{\"name\":\"Jean-Paul Erhard\",\"@id\":\"https:\/\/peoplesphere.be\/fr\/#\/schema\/person\/7976225ff17988604334abb7b3536a7e\"},\"headline\":\"Le taux de ch\u00f4mage de la zone OCDE en baisse \u00e0 5.2% en f\u00e9vrier 2019.\",\"datePublished\":\"2019-04-10T04:20:33+00:00\",\"dateModified\":\"2019-04-10T04:20:33+00:00\",\"mainEntityOfPage\":{\"@id\":\"https:\/\/peoplesphere.be\/fr\/taux-de-chomage-de-zone-ocde-baisse-a-5-2-fevrier-2019\/\"},\"wordCount\":265,\"publisher\":{\"@id\":\"https:\/\/peoplesphere.be\/fr\/#organization\"},\"keywords\":[\"OCDE\",\"Statistiques\",\"taux de ch\u00f4mage\"],\"articleSection\":[\"Actualit\u00e9s\",\"Digital\"],\"inLanguage\":\"fr-FR\"},{\"@type\":\"WebPage\",\"@id\":\"https:\/\/peoplesphere.be\/fr\/taux-de-chomage-de-zone-ocde-baisse-a-5-2-fevrier-2019\/\",\"url\":\"https:\/\/peoplesphere.be\/fr\/taux-de-chomage-de-zone-ocde-baisse-a-5-2-fevrier-2019\/\",\"name\":\"Le taux de ch\u00f4mage de la zone OCDE en baisse \u00e0 5.2% en f\u00e9vrier 2019. - Peoplesphere\",\"isPartOf\":{\"@id\":\"https:\/\/peoplesphere.be\/fr\/#website\"},\"datePublished\":\"2019-04-10T04:20:33+00:00\",\"dateModified\":\"2019-04-10T04:20:33+00:00\",\"breadcrumb\":{\"@id\":\"https:\/\/peoplesphere.be\/fr\/taux-de-chomage-de-zone-ocde-baisse-a-5-2-fevrier-2019\/#breadcrumb\"},\"inLanguage\":\"fr-FR\",\"potentialAction\":[{\"@type\":\"ReadAction\",\"target\":[\"https:\/\/peoplesphere.be\/fr\/taux-de-chomage-de-zone-ocde-baisse-a-5-2-fevrier-2019\/\"]}]},{\"@type\":\"BreadcrumbList\",\"@id\":\"https:\/\/peoplesphere.be\/fr\/taux-de-chomage-de-zone-ocde-baisse-a-5-2-fevrier-2019\/#breadcrumb\",\"itemListElement\":[{\"@type\":\"ListItem\",\"position\":1,\"name\":\"Accueil\",\"item\":\"https:\/\/peoplesphere.be\/fr\/\"},{\"@type\":\"ListItem\",\"position\":2,\"name\":\"Le taux de ch\u00f4mage de la zone OCDE en baisse \u00e0 5.2% en f\u00e9vrier 2019.\"}]},{\"@type\":\"WebSite\",\"@id\":\"https:\/\/peoplesphere.be\/fr\/#website\",\"url\":\"https:\/\/peoplesphere.be\/fr\/\",\"name\":\"Peoplesphere\",\"description\":\"The People Managers Magazine\",\"publisher\":{\"@id\":\"https:\/\/peoplesphere.be\/fr\/#organization\"},\"potentialAction\":[{\"@type\":\"SearchAction\",\"target\":{\"@type\":\"EntryPoint\",\"urlTemplate\":\"https:\/\/peoplesphere.be\/fr\/?s={search_term_string}\"},\"query-input\":\"required name=search_term_string\"}],\"inLanguage\":\"fr-FR\"},{\"@type\":\"Organization\",\"@id\":\"https:\/\/peoplesphere.be\/fr\/#organization\",\"name\":\"Peoplesphere Company srl\",\"url\":\"https:\/\/peoplesphere.be\/fr\/\",\"logo\":{\"@type\":\"ImageObject\",\"inLanguage\":\"fr-FR\",\"@id\":\"https:\/\/peoplesphere.be\/fr\/#\/schema\/logo\/image\/\",\"url\":\"https:\/\/peoplesphere.be\/fr\/wp-content\/uploads\/2023\/07\/peoplesphere-lgo-new-generik.jpg\",\"contentUrl\":\"https:\/\/peoplesphere.be\/fr\/wp-content\/uploads\/2023\/07\/peoplesphere-lgo-new-generik.jpg\",\"width\":1031,\"height\":1479,\"caption\":\"Peoplesphere Company srl\"},\"image\":{\"@id\":\"https:\/\/peoplesphere.be\/fr\/#\/schema\/logo\/image\/\"},\"sameAs\":[\"https:\/\/www.facebook.com\/peoplesphere\",\"https:\/\/twitter.com\/PeoplesphereMag\",\"https:\/\/www.linkedin.com\/company\/7587361?trk\",\"http:\/\/youtube.com\/peoplesphere\"]},{\"@type\":\"Person\",\"@id\":\"https:\/\/peoplesphere.be\/fr\/#\/schema\/person\/7976225ff17988604334abb7b3536a7e\",\"name\":\"Jean-Paul Erhard\",\"image\":{\"@type\":\"ImageObject\",\"inLanguage\":\"fr-FR\",\"@id\":\"https:\/\/peoplesphere.be\/fr\/#\/schema\/person\/image\/\",\"url\":\"https:\/\/secure.gravatar.com\/avatar\/f941e681460179738071629a51574930?s=96&d=mm&r=g\",\"contentUrl\":\"https:\/\/secure.gravatar.com\/avatar\/f941e681460179738071629a51574930?s=96&d=mm&r=g\",\"caption\":\"Jean-Paul Erhard\"},\"url\":\"https:\/\/peoplesphere.be\/fr\/author\/jpe\/\"}]}<\/script>\n<!-- \/ Yoast SEO plugin. -->","yoast_head_json":{"title":"Le taux de ch\u00f4mage de la zone OCDE en baisse \u00e0 5.2% en f\u00e9vrier 2019. - Peoplesphere","robots":{"index":"index","follow":"follow","max-snippet":"max-snippet:-1","max-image-preview":"max-image-preview:large","max-video-preview":"max-video-preview:-1"},"canonical":"https:\/\/peoplesphere.be\/fr\/taux-de-chomage-de-zone-ocde-baisse-a-5-2-fevrier-2019\/","og_locale":"fr_FR","og_type":"article","og_title":"Le taux de ch\u00f4mage de la zone OCDE en baisse \u00e0 5.2% en f\u00e9vrier 2019. - Peoplesphere","og_description":"Le taux de ch\u00f4mage de la zone OCDE \u00e9tait en baisse de 0.1 point de pourcentage, \u00e0 5.2%, en f\u00e9vrier 2019, avec une baisse de 0.8 million du nombre de ch\u00f4meurs. Dans l\u2019ensemble, 33.3 millions de personnes \u00e9taient au ch\u00f4mage [&hellip;]","og_url":"https:\/\/peoplesphere.be\/fr\/taux-de-chomage-de-zone-ocde-baisse-a-5-2-fevrier-2019\/","og_site_name":"Peoplesphere","article_publisher":"https:\/\/www.facebook.com\/peoplesphere","article_published_time":"2019-04-10T04:20:33+00:00","og_image":[{"url":"http:\/\/www.peoplesphere.be\/fr\/wp-content\/uploads\/2016\/07\/facebook-default-posting-1200x628px.jpg"}],"author":"Jean-Paul Erhard","twitter_card":"summary_large_image","twitter_creator":"@PeoplesphereMag","twitter_site":"@PeoplesphereMag","twitter_misc":{"\u00c9crit par":"Jean-Paul Erhard","Dur\u00e9e de lecture estim\u00e9e":"1 minute"},"schema":{"@context":"https:\/\/schema.org","@graph":[{"@type":"Article","@id":"https:\/\/peoplesphere.be\/fr\/taux-de-chomage-de-zone-ocde-baisse-a-5-2-fevrier-2019\/#article","isPartOf":{"@id":"https:\/\/peoplesphere.be\/fr\/taux-de-chomage-de-zone-ocde-baisse-a-5-2-fevrier-2019\/"},"author":{"name":"Jean-Paul Erhard","@id":"https:\/\/peoplesphere.be\/fr\/#\/schema\/person\/7976225ff17988604334abb7b3536a7e"},"headline":"Le taux de ch\u00f4mage de la zone OCDE en baisse \u00e0 5.2% en f\u00e9vrier 2019.","datePublished":"2019-04-10T04:20:33+00:00","dateModified":"2019-04-10T04:20:33+00:00","mainEntityOfPage":{"@id":"https:\/\/peoplesphere.be\/fr\/taux-de-chomage-de-zone-ocde-baisse-a-5-2-fevrier-2019\/"},"wordCount":265,"publisher":{"@id":"https:\/\/peoplesphere.be\/fr\/#organization"},"keywords":["OCDE","Statistiques","taux de ch\u00f4mage"],"articleSection":["Actualit\u00e9s","Digital"],"inLanguage":"fr-FR"},{"@type":"WebPage","@id":"https:\/\/peoplesphere.be\/fr\/taux-de-chomage-de-zone-ocde-baisse-a-5-2-fevrier-2019\/","url":"https:\/\/peoplesphere.be\/fr\/taux-de-chomage-de-zone-ocde-baisse-a-5-2-fevrier-2019\/","name":"Le taux de ch\u00f4mage de la zone OCDE en baisse \u00e0 5.2% en f\u00e9vrier 2019. - Peoplesphere","isPartOf":{"@id":"https:\/\/peoplesphere.be\/fr\/#website"},"datePublished":"2019-04-10T04:20:33+00:00","dateModified":"2019-04-10T04:20:33+00:00","breadcrumb":{"@id":"https:\/\/peoplesphere.be\/fr\/taux-de-chomage-de-zone-ocde-baisse-a-5-2-fevrier-2019\/#breadcrumb"},"inLanguage":"fr-FR","potentialAction":[{"@type":"ReadAction","target":["https:\/\/peoplesphere.be\/fr\/taux-de-chomage-de-zone-ocde-baisse-a-5-2-fevrier-2019\/"]}]},{"@type":"BreadcrumbList","@id":"https:\/\/peoplesphere.be\/fr\/taux-de-chomage-de-zone-ocde-baisse-a-5-2-fevrier-2019\/#breadcrumb","itemListElement":[{"@type":"ListItem","position":1,"name":"Accueil","item":"https:\/\/peoplesphere.be\/fr\/"},{"@type":"ListItem","position":2,"name":"Le taux de ch\u00f4mage de la zone OCDE en baisse \u00e0 5.2% en f\u00e9vrier 2019."}]},{"@type":"WebSite","@id":"https:\/\/peoplesphere.be\/fr\/#website","url":"https:\/\/peoplesphere.be\/fr\/","name":"Peoplesphere","description":"The People Managers Magazine","publisher":{"@id":"https:\/\/peoplesphere.be\/fr\/#organization"},"potentialAction":[{"@type":"SearchAction","target":{"@type":"EntryPoint","urlTemplate":"https:\/\/peoplesphere.be\/fr\/?s={search_term_string}"},"query-input":"required name=search_term_string"}],"inLanguage":"fr-FR"},{"@type":"Organization","@id":"https:\/\/peoplesphere.be\/fr\/#organization","name":"Peoplesphere Company srl","url":"https:\/\/peoplesphere.be\/fr\/","logo":{"@type":"ImageObject","inLanguage":"fr-FR","@id":"https:\/\/peoplesphere.be\/fr\/#\/schema\/logo\/image\/","url":"https:\/\/peoplesphere.be\/fr\/wp-content\/uploads\/2023\/07\/peoplesphere-lgo-new-generik.jpg","contentUrl":"https:\/\/peoplesphere.be\/fr\/wp-content\/uploads\/2023\/07\/peoplesphere-lgo-new-generik.jpg","width":1031,"height":1479,"caption":"Peoplesphere Company srl"},"image":{"@id":"https:\/\/peoplesphere.be\/fr\/#\/schema\/logo\/image\/"},"sameAs":["https:\/\/www.facebook.com\/peoplesphere","https:\/\/twitter.com\/PeoplesphereMag","https:\/\/www.linkedin.com\/company\/7587361?trk","http:\/\/youtube.com\/peoplesphere"]},{"@type":"Person","@id":"https:\/\/peoplesphere.be\/fr\/#\/schema\/person\/7976225ff17988604334abb7b3536a7e","name":"Jean-Paul Erhard","image":{"@type":"ImageObject","inLanguage":"fr-FR","@id":"https:\/\/peoplesphere.be\/fr\/#\/schema\/person\/image\/","url":"https:\/\/secure.gravatar.com\/avatar\/f941e681460179738071629a51574930?s=96&d=mm&r=g","contentUrl":"https:\/\/secure.gravatar.com\/avatar\/f941e681460179738071629a51574930?s=96&d=mm&r=g","caption":"Jean-Paul Erhard"},"url":"https:\/\/peoplesphere.be\/fr\/author\/jpe\/"}]}},"_links":{"self":[{"href":"https:\/\/peoplesphere.be\/fr\/wp-json\/wp\/v2\/posts\/7617"}],"collection":[{"href":"https:\/\/peoplesphere.be\/fr\/wp-json\/wp\/v2\/posts"}],"about":[{"href":"https:\/\/peoplesphere.be\/fr\/wp-json\/wp\/v2\/types\/post"}],"author":[{"embeddable":true,"href":"https:\/\/peoplesphere.be\/fr\/wp-json\/wp\/v2\/users\/2"}],"replies":[{"embeddable":true,"href":"https:\/\/peoplesphere.be\/fr\/wp-json\/wp\/v2\/comments?post=7617"}],"version-history":[{"count":1,"href":"https:\/\/peoplesphere.be\/fr\/wp-json\/wp\/v2\/posts\/7617\/revisions"}],"predecessor-version":[{"id":7618,"href":"https:\/\/peoplesphere.be\/fr\/wp-json\/wp\/v2\/posts\/7617\/revisions\/7618"}],"wp:attachment":[{"href":"https:\/\/peoplesphere.be\/fr\/wp-json\/wp\/v2\/media?parent=7617"}],"wp:term":[{"taxonomy":"category","embeddable":true,"href":"https:\/\/peoplesphere.be\/fr\/wp-json\/wp\/v2\/categories?post=7617"},{"taxonomy":"post_tag","embeddable":true,"href":"https:\/\/peoplesphere.be\/fr\/wp-json\/wp\/v2\/tags?post=7617"}],"curies":[{"name":"wp","href":"https:\/\/api.w.org\/{rel}","templated":true}]}}