









{"id":7619,"date":"2019-04-10T07:11:29","date_gmt":"2019-04-10T05:11:29","guid":{"rendered":"http:\/\/www.peoplesphere.be\/fr\/?p=7619"},"modified":"2019-04-10T07:11:29","modified_gmt":"2019-04-10T05:11:29","slug":"office-of-the-future-repenser-nos-collaborateurs-travaillent-adaptant-a-transformation-digitale","status":"publish","type":"post","link":"https:\/\/peoplesphere.be\/fr\/office-of-the-future-repenser-nos-collaborateurs-travaillent-adaptant-a-transformation-digitale\/","title":{"rendered":"Office of the Future: repenser o\u00f9 et quand nos collaborateurs travaillent en nous adaptant \u00e0 la transformation digitale."},"content":{"rendered":"<p>En implantant pour une journ\u00e9e un espace de d\u00e9monstration au Mont des Arts \u00e0 Bruxelles, l&rsquo;entreprise HP a pr\u00e9sent\u00e9 la semaine derni\u00e8re l\u2019Office of the Future, un nouveau concept belge innovant d\u00e9velopp\u00e9 dans le but d\u2019offrir des solutions aux d\u00e9fis que les entreprises et les collaborateurs rencontrent de plus en plus fr\u00e9quemment dans leur environnement de travail.\u00a0<!--more--><\/p>\n<p>Plus de 60 % des employ\u00e9s belges exercent aujourd\u2019hui une profession \u00ab intellectuelle \u00bb, ce qui a une incidence sur l&rsquo;organisation de notre environnement de travail. Cependant, nous constatons encore souvent que le lieu de travail ne r\u00e9pond pas aux normes actuelles. Les entreprises et les collaborateurs entrent dans une nouvelle \u00e8re, dans laquelle ils redessinent o\u00f9 et comment nous travaillons. La transformation du lieu de travail vise \u00e0 fournir, \u00e0 la main-d&rsquo;\u0153uvre de plus en plus diverse, le cadre dont elle a besoin.<\/p>\n<p>En 2020, 50 % des employ\u00e9s seront\u00a0des millennials. Ce groupe \u2013 et cela concerne de plus en plus l\u2019ensemble des g\u00e9n\u00e9rations \u2013 a des attentes diff\u00e9rentes en mati\u00e8re de travail et d\u2019environnement de travail en raison notamment des nouvelles technologies et du mode d\u2019organisation de notre soci\u00e9t\u00e9. L\u2019employ\u00e9 moderne attend par exemple davantage de flexibilit\u00e9 : un juste \u00e9quilibre entre le travail \u00e0 domicile, au bureau et \u00e0 distance, o\u00f9 il organise lui-m\u00eame ses horaires de travail pour les int\u00e9grer pleinement \u00e0 sa vie priv\u00e9e. La technologie est naturellement devenue un facilitateur de ce style de vie.<\/p>\n<p>Consid\u00e9rons l\u2019augmentation du nombre de burn-outs, ou encore les probl\u00e8mes de mobilit\u00e9 et de congestion qui s\u2019intensifient chaque ann\u00e9e. Cela augmente la charge de travail quotidienne et r\u00e9duit la productivit\u00e9.<\/p>\n<p><em>\u00ab Les organisations peuvent mettre en place quelques mesures simples pour transformer l\u2019environnement de travail. Une solution consiste par exemple \u00e0 cr\u00e9er un lieu de travail bas\u00e9 sur les activit\u00e9s. Cela signifie que vous cr\u00e9ez des zones correspondant aux diff\u00e9rentes activit\u00e9s de la journ\u00e9e. Pensez aux salles de discussion, aux salles de r\u00e9union informelles ou aux lieux de travail flexibles. Selon que vous souhaitiez organiser une visioconf\u00e9rence, terminer une pr\u00e9sentation ou rencontrer une \u00e9quipe virtuelle, chaque t\u00e2che dispose d&rsquo;un environnement de travail optimal et adapt\u00e9 \u00bb<\/em>, explique Dirk Slachmuylder, General Manager HP Belux.<\/p>\n<p><strong><em>Un\u00a0lieu de travail modulaire\u00a0<\/em><\/strong><\/p>\n<p>L&rsquo;Office of the Future int\u00e8gre des \u00e9l\u00e9ments offrant des conditions de travail id\u00e9ales, comme la lumi\u00e8re naturelle, de la mousse pour purifier l&rsquo;air, des lieux de collaboration o\u00f9 les employ\u00e9s peuvent co-cr\u00e9er ainsi qu\u2019un juste \u00e9quilibre entre les installations physiques et les applications digitales.<\/p>\n<p>Koen Van Beneden, General Manager Personal Systems HP Belux, explique : <em>\u00ab Pour un employeur, un environnement de travail moderne est essentiel pour attirer et fid\u00e9liser les talents. Ce lieu de travail est \u00e9galement \u2013 en partie \u2013 \u00e0 la maison, ce qui signifie qu\u2019il est au moins aussi important de fournir aux employ\u00e9s un Home Office optimal. La technologie utilis\u00e9e dans ce cadre est un facilitateur qui garantit un acc\u00e8s direct au bureau virtuel, o\u00f9 que vous soyez, m\u00eame sur la route \u00bb.<\/em><\/p>\n<p>HP permet aux entreprises de d\u00e9couvrir comment le design, la s\u00e9curit\u00e9, la co-cr\u00e9ation, les technologies et la mobilit\u00e9 peuvent \u00eatre int\u00e9gr\u00e9s dans un environnement de travail \u00e9volutif, soit le concept d\u00e9nomm\u00e9 l\u2019Office of the Future. HP invite les organisations qui le souhaitent \u00e0 des sessions au cours desquelles elles sont int\u00e9gr\u00e9es au c\u0153ur de la vision de HP. Lors de ces sessions, les tendances et les probl\u00e8mes actuels de la soci\u00e9t\u00e9 seront discut\u00e9s en profondeur.<\/p>\n","protected":false},"excerpt":{"rendered":"<p>En implantant pour une journ\u00e9e un espace de d\u00e9monstration au Mont des Arts \u00e0 Bruxelles, l&rsquo;entreprise HP a pr\u00e9sent\u00e9 la semaine derni\u00e8re l\u2019Office of the Future, un nouveau concept belge innovant d\u00e9velopp\u00e9 dans le but d\u2019offrir des solutions aux d\u00e9fis [&hellip;]<\/p>\n","protected":false},"author":2,"featured_media":7620,"comment_status":"closed","ping_status":"open","sticky":false,"template":"","format":"standard","meta":[],"categories":[65,10],"tags":[165,2492,2493],"yoast_head":"<!-- This site is optimized with the Yoast SEO plugin v21.0 - https:\/\/yoast.com\/wordpress\/plugins\/seo\/ -->\n<title>Office of the Future: repenser o\u00f9 et quand nos collaborateurs travaillent en nous adaptant \u00e0 la transformation digitale. - Peoplesphere<\/title>\n<meta name=\"robots\" content=\"index, follow, max-snippet:-1, max-image-preview:large, max-video-preview:-1\" \/>\n<link rel=\"canonical\" href=\"https:\/\/peoplesphere.be\/fr\/office-of-the-future-repenser-nos-collaborateurs-travaillent-adaptant-a-transformation-digitale\/\" \/>\n<meta property=\"og:locale\" content=\"fr_FR\" \/>\n<meta property=\"og:type\" content=\"article\" \/>\n<meta property=\"og:title\" content=\"Office of the Future: repenser o\u00f9 et quand nos collaborateurs travaillent en nous adaptant \u00e0 la transformation digitale. - Peoplesphere\" \/>\n<meta property=\"og:description\" content=\"En implantant pour une journ\u00e9e un espace de d\u00e9monstration au Mont des Arts \u00e0 Bruxelles, l&rsquo;entreprise HP a pr\u00e9sent\u00e9 la semaine derni\u00e8re l\u2019Office of the Future, un nouveau concept belge innovant d\u00e9velopp\u00e9 dans le but d\u2019offrir des solutions aux d\u00e9fis [&hellip;]\" \/>\n<meta property=\"og:url\" content=\"https:\/\/peoplesphere.be\/fr\/office-of-the-future-repenser-nos-collaborateurs-travaillent-adaptant-a-transformation-digitale\/\" \/>\n<meta property=\"og:site_name\" content=\"Peoplesphere\" \/>\n<meta property=\"article:publisher\" content=\"https:\/\/www.facebook.com\/peoplesphere\" \/>\n<meta property=\"article:published_time\" content=\"2019-04-10T05:11:29+00:00\" \/>\n<meta property=\"og:image\" content=\"https:\/\/peoplesphere.be\/fr\/wp-content\/uploads\/2019\/04\/image007.jpg\" \/>\n\t<meta property=\"og:image:width\" content=\"538\" \/>\n\t<meta property=\"og:image:height\" content=\"371\" \/>\n\t<meta property=\"og:image:type\" content=\"image\/jpeg\" \/>\n<meta name=\"author\" content=\"Jean-Paul Erhard\" \/>\n<meta name=\"twitter:card\" content=\"summary_large_image\" \/>\n<meta name=\"twitter:creator\" content=\"@PeoplesphereMag\" \/>\n<meta name=\"twitter:site\" content=\"@PeoplesphereMag\" \/>\n<meta name=\"twitter:label1\" content=\"\u00c9crit par\" \/>\n\t<meta name=\"twitter:data1\" content=\"Jean-Paul Erhard\" \/>\n\t<meta name=\"twitter:label2\" content=\"Dur\u00e9e de lecture estim\u00e9e\" \/>\n\t<meta name=\"twitter:data2\" content=\"3 minutes\" \/>\n<script type=\"application\/ld+json\" class=\"yoast-schema-graph\">{\"@context\":\"https:\/\/schema.org\",\"@graph\":[{\"@type\":\"Article\",\"@id\":\"https:\/\/peoplesphere.be\/fr\/office-of-the-future-repenser-nos-collaborateurs-travaillent-adaptant-a-transformation-digitale\/#article\",\"isPartOf\":{\"@id\":\"https:\/\/peoplesphere.be\/fr\/office-of-the-future-repenser-nos-collaborateurs-travaillent-adaptant-a-transformation-digitale\/\"},\"author\":{\"name\":\"Jean-Paul Erhard\",\"@id\":\"https:\/\/peoplesphere.be\/fr\/#\/schema\/person\/7976225ff17988604334abb7b3536a7e\"},\"headline\":\"Office of the Future: repenser o\u00f9 et quand nos collaborateurs travaillent en nous adaptant \u00e0 la transformation digitale.\",\"datePublished\":\"2019-04-10T05:11:29+00:00\",\"dateModified\":\"2019-04-10T05:11:29+00:00\",\"mainEntityOfPage\":{\"@id\":\"https:\/\/peoplesphere.be\/fr\/office-of-the-future-repenser-nos-collaborateurs-travaillent-adaptant-a-transformation-digitale\/\"},\"wordCount\":630,\"publisher\":{\"@id\":\"https:\/\/peoplesphere.be\/fr\/#organization\"},\"keywords\":[\"environnement de travail\",\"HP\",\"Office of the future\"],\"articleSection\":[\"Actualit\u00e9s\",\"Digital\"],\"inLanguage\":\"fr-FR\"},{\"@type\":\"WebPage\",\"@id\":\"https:\/\/peoplesphere.be\/fr\/office-of-the-future-repenser-nos-collaborateurs-travaillent-adaptant-a-transformation-digitale\/\",\"url\":\"https:\/\/peoplesphere.be\/fr\/office-of-the-future-repenser-nos-collaborateurs-travaillent-adaptant-a-transformation-digitale\/\",\"name\":\"Office of the Future: repenser o\u00f9 et quand nos collaborateurs travaillent en nous adaptant \u00e0 la transformation digitale. - Peoplesphere\",\"isPartOf\":{\"@id\":\"https:\/\/peoplesphere.be\/fr\/#website\"},\"datePublished\":\"2019-04-10T05:11:29+00:00\",\"dateModified\":\"2019-04-10T05:11:29+00:00\",\"breadcrumb\":{\"@id\":\"https:\/\/peoplesphere.be\/fr\/office-of-the-future-repenser-nos-collaborateurs-travaillent-adaptant-a-transformation-digitale\/#breadcrumb\"},\"inLanguage\":\"fr-FR\",\"potentialAction\":[{\"@type\":\"ReadAction\",\"target\":[\"https:\/\/peoplesphere.be\/fr\/office-of-the-future-repenser-nos-collaborateurs-travaillent-adaptant-a-transformation-digitale\/\"]}]},{\"@type\":\"BreadcrumbList\",\"@id\":\"https:\/\/peoplesphere.be\/fr\/office-of-the-future-repenser-nos-collaborateurs-travaillent-adaptant-a-transformation-digitale\/#breadcrumb\",\"itemListElement\":[{\"@type\":\"ListItem\",\"position\":1,\"name\":\"Accueil\",\"item\":\"https:\/\/peoplesphere.be\/fr\/\"},{\"@type\":\"ListItem\",\"position\":2,\"name\":\"Office of the Future: repenser o\u00f9 et quand nos collaborateurs travaillent en nous adaptant \u00e0 la transformation digitale.\"}]},{\"@type\":\"WebSite\",\"@id\":\"https:\/\/peoplesphere.be\/fr\/#website\",\"url\":\"https:\/\/peoplesphere.be\/fr\/\",\"name\":\"Peoplesphere\",\"description\":\"The People Managers Magazine\",\"publisher\":{\"@id\":\"https:\/\/peoplesphere.be\/fr\/#organization\"},\"potentialAction\":[{\"@type\":\"SearchAction\",\"target\":{\"@type\":\"EntryPoint\",\"urlTemplate\":\"https:\/\/peoplesphere.be\/fr\/?s={search_term_string}\"},\"query-input\":\"required name=search_term_string\"}],\"inLanguage\":\"fr-FR\"},{\"@type\":\"Organization\",\"@id\":\"https:\/\/peoplesphere.be\/fr\/#organization\",\"name\":\"Peoplesphere Company srl\",\"url\":\"https:\/\/peoplesphere.be\/fr\/\",\"logo\":{\"@type\":\"ImageObject\",\"inLanguage\":\"fr-FR\",\"@id\":\"https:\/\/peoplesphere.be\/fr\/#\/schema\/logo\/image\/\",\"url\":\"https:\/\/peoplesphere.be\/fr\/wp-content\/uploads\/2023\/07\/peoplesphere-lgo-new-generik.jpg\",\"contentUrl\":\"https:\/\/peoplesphere.be\/fr\/wp-content\/uploads\/2023\/07\/peoplesphere-lgo-new-generik.jpg\",\"width\":1031,\"height\":1479,\"caption\":\"Peoplesphere Company srl\"},\"image\":{\"@id\":\"https:\/\/peoplesphere.be\/fr\/#\/schema\/logo\/image\/\"},\"sameAs\":[\"https:\/\/www.facebook.com\/peoplesphere\",\"https:\/\/twitter.com\/PeoplesphereMag\",\"https:\/\/www.linkedin.com\/company\/7587361?trk\",\"http:\/\/youtube.com\/peoplesphere\"]},{\"@type\":\"Person\",\"@id\":\"https:\/\/peoplesphere.be\/fr\/#\/schema\/person\/7976225ff17988604334abb7b3536a7e\",\"name\":\"Jean-Paul Erhard\",\"image\":{\"@type\":\"ImageObject\",\"inLanguage\":\"fr-FR\",\"@id\":\"https:\/\/peoplesphere.be\/fr\/#\/schema\/person\/image\/\",\"url\":\"https:\/\/secure.gravatar.com\/avatar\/f941e681460179738071629a51574930?s=96&d=mm&r=g\",\"contentUrl\":\"https:\/\/secure.gravatar.com\/avatar\/f941e681460179738071629a51574930?s=96&d=mm&r=g\",\"caption\":\"Jean-Paul Erhard\"},\"url\":\"https:\/\/peoplesphere.be\/fr\/author\/jpe\/\"}]}<\/script>\n<!-- \/ Yoast SEO plugin. -->","yoast_head_json":{"title":"Office of the Future: repenser o\u00f9 et quand nos collaborateurs travaillent en nous adaptant \u00e0 la transformation digitale. - Peoplesphere","robots":{"index":"index","follow":"follow","max-snippet":"max-snippet:-1","max-image-preview":"max-image-preview:large","max-video-preview":"max-video-preview:-1"},"canonical":"https:\/\/peoplesphere.be\/fr\/office-of-the-future-repenser-nos-collaborateurs-travaillent-adaptant-a-transformation-digitale\/","og_locale":"fr_FR","og_type":"article","og_title":"Office of the Future: repenser o\u00f9 et quand nos collaborateurs travaillent en nous adaptant \u00e0 la transformation digitale. - Peoplesphere","og_description":"En implantant pour une journ\u00e9e un espace de d\u00e9monstration au Mont des Arts \u00e0 Bruxelles, l&rsquo;entreprise HP a pr\u00e9sent\u00e9 la semaine derni\u00e8re l\u2019Office of the Future, un nouveau concept belge innovant d\u00e9velopp\u00e9 dans le but d\u2019offrir des solutions aux d\u00e9fis [&hellip;]","og_url":"https:\/\/peoplesphere.be\/fr\/office-of-the-future-repenser-nos-collaborateurs-travaillent-adaptant-a-transformation-digitale\/","og_site_name":"Peoplesphere","article_publisher":"https:\/\/www.facebook.com\/peoplesphere","article_published_time":"2019-04-10T05:11:29+00:00","og_image":[{"width":538,"height":371,"url":"https:\/\/peoplesphere.be\/fr\/wp-content\/uploads\/2019\/04\/image007.jpg","type":"image\/jpeg"}],"author":"Jean-Paul Erhard","twitter_card":"summary_large_image","twitter_creator":"@PeoplesphereMag","twitter_site":"@PeoplesphereMag","twitter_misc":{"\u00c9crit par":"Jean-Paul Erhard","Dur\u00e9e de lecture estim\u00e9e":"3 minutes"},"schema":{"@context":"https:\/\/schema.org","@graph":[{"@type":"Article","@id":"https:\/\/peoplesphere.be\/fr\/office-of-the-future-repenser-nos-collaborateurs-travaillent-adaptant-a-transformation-digitale\/#article","isPartOf":{"@id":"https:\/\/peoplesphere.be\/fr\/office-of-the-future-repenser-nos-collaborateurs-travaillent-adaptant-a-transformation-digitale\/"},"author":{"name":"Jean-Paul Erhard","@id":"https:\/\/peoplesphere.be\/fr\/#\/schema\/person\/7976225ff17988604334abb7b3536a7e"},"headline":"Office of the Future: repenser o\u00f9 et quand nos collaborateurs travaillent en nous adaptant \u00e0 la transformation digitale.","datePublished":"2019-04-10T05:11:29+00:00","dateModified":"2019-04-10T05:11:29+00:00","mainEntityOfPage":{"@id":"https:\/\/peoplesphere.be\/fr\/office-of-the-future-repenser-nos-collaborateurs-travaillent-adaptant-a-transformation-digitale\/"},"wordCount":630,"publisher":{"@id":"https:\/\/peoplesphere.be\/fr\/#organization"},"keywords":["environnement de travail","HP","Office of the future"],"articleSection":["Actualit\u00e9s","Digital"],"inLanguage":"fr-FR"},{"@type":"WebPage","@id":"https:\/\/peoplesphere.be\/fr\/office-of-the-future-repenser-nos-collaborateurs-travaillent-adaptant-a-transformation-digitale\/","url":"https:\/\/peoplesphere.be\/fr\/office-of-the-future-repenser-nos-collaborateurs-travaillent-adaptant-a-transformation-digitale\/","name":"Office of the Future: repenser o\u00f9 et quand nos collaborateurs travaillent en nous adaptant \u00e0 la transformation digitale. - Peoplesphere","isPartOf":{"@id":"https:\/\/peoplesphere.be\/fr\/#website"},"datePublished":"2019-04-10T05:11:29+00:00","dateModified":"2019-04-10T05:11:29+00:00","breadcrumb":{"@id":"https:\/\/peoplesphere.be\/fr\/office-of-the-future-repenser-nos-collaborateurs-travaillent-adaptant-a-transformation-digitale\/#breadcrumb"},"inLanguage":"fr-FR","potentialAction":[{"@type":"ReadAction","target":["https:\/\/peoplesphere.be\/fr\/office-of-the-future-repenser-nos-collaborateurs-travaillent-adaptant-a-transformation-digitale\/"]}]},{"@type":"BreadcrumbList","@id":"https:\/\/peoplesphere.be\/fr\/office-of-the-future-repenser-nos-collaborateurs-travaillent-adaptant-a-transformation-digitale\/#breadcrumb","itemListElement":[{"@type":"ListItem","position":1,"name":"Accueil","item":"https:\/\/peoplesphere.be\/fr\/"},{"@type":"ListItem","position":2,"name":"Office of the Future: repenser o\u00f9 et quand nos collaborateurs travaillent en nous adaptant \u00e0 la transformation digitale."}]},{"@type":"WebSite","@id":"https:\/\/peoplesphere.be\/fr\/#website","url":"https:\/\/peoplesphere.be\/fr\/","name":"Peoplesphere","description":"The People Managers Magazine","publisher":{"@id":"https:\/\/peoplesphere.be\/fr\/#organization"},"potentialAction":[{"@type":"SearchAction","target":{"@type":"EntryPoint","urlTemplate":"https:\/\/peoplesphere.be\/fr\/?s={search_term_string}"},"query-input":"required name=search_term_string"}],"inLanguage":"fr-FR"},{"@type":"Organization","@id":"https:\/\/peoplesphere.be\/fr\/#organization","name":"Peoplesphere Company srl","url":"https:\/\/peoplesphere.be\/fr\/","logo":{"@type":"ImageObject","inLanguage":"fr-FR","@id":"https:\/\/peoplesphere.be\/fr\/#\/schema\/logo\/image\/","url":"https:\/\/peoplesphere.be\/fr\/wp-content\/uploads\/2023\/07\/peoplesphere-lgo-new-generik.jpg","contentUrl":"https:\/\/peoplesphere.be\/fr\/wp-content\/uploads\/2023\/07\/peoplesphere-lgo-new-generik.jpg","width":1031,"height":1479,"caption":"Peoplesphere Company srl"},"image":{"@id":"https:\/\/peoplesphere.be\/fr\/#\/schema\/logo\/image\/"},"sameAs":["https:\/\/www.facebook.com\/peoplesphere","https:\/\/twitter.com\/PeoplesphereMag","https:\/\/www.linkedin.com\/company\/7587361?trk","http:\/\/youtube.com\/peoplesphere"]},{"@type":"Person","@id":"https:\/\/peoplesphere.be\/fr\/#\/schema\/person\/7976225ff17988604334abb7b3536a7e","name":"Jean-Paul Erhard","image":{"@type":"ImageObject","inLanguage":"fr-FR","@id":"https:\/\/peoplesphere.be\/fr\/#\/schema\/person\/image\/","url":"https:\/\/secure.gravatar.com\/avatar\/f941e681460179738071629a51574930?s=96&d=mm&r=g","contentUrl":"https:\/\/secure.gravatar.com\/avatar\/f941e681460179738071629a51574930?s=96&d=mm&r=g","caption":"Jean-Paul Erhard"},"url":"https:\/\/peoplesphere.be\/fr\/author\/jpe\/"}]}},"_links":{"self":[{"href":"https:\/\/peoplesphere.be\/fr\/wp-json\/wp\/v2\/posts\/7619"}],"collection":[{"href":"https:\/\/peoplesphere.be\/fr\/wp-json\/wp\/v2\/posts"}],"about":[{"href":"https:\/\/peoplesphere.be\/fr\/wp-json\/wp\/v2\/types\/post"}],"author":[{"embeddable":true,"href":"https:\/\/peoplesphere.be\/fr\/wp-json\/wp\/v2\/users\/2"}],"replies":[{"embeddable":true,"href":"https:\/\/peoplesphere.be\/fr\/wp-json\/wp\/v2\/comments?post=7619"}],"version-history":[{"count":1,"href":"https:\/\/peoplesphere.be\/fr\/wp-json\/wp\/v2\/posts\/7619\/revisions"}],"predecessor-version":[{"id":7621,"href":"https:\/\/peoplesphere.be\/fr\/wp-json\/wp\/v2\/posts\/7619\/revisions\/7621"}],"wp:featuredmedia":[{"embeddable":true,"href":"https:\/\/peoplesphere.be\/fr\/wp-json\/wp\/v2\/media\/7620"}],"wp:attachment":[{"href":"https:\/\/peoplesphere.be\/fr\/wp-json\/wp\/v2\/media?parent=7619"}],"wp:term":[{"taxonomy":"category","embeddable":true,"href":"https:\/\/peoplesphere.be\/fr\/wp-json\/wp\/v2\/categories?post=7619"},{"taxonomy":"post_tag","embeddable":true,"href":"https:\/\/peoplesphere.be\/fr\/wp-json\/wp\/v2\/tags?post=7619"}],"curies":[{"name":"wp","href":"https:\/\/api.w.org\/{rel}","templated":true}]}}