









{"id":7678,"date":"2019-04-24T07:30:03","date_gmt":"2019-04-24T05:30:03","guid":{"rendered":"http:\/\/www.peoplesphere.be\/fr\/?p=7678"},"modified":"2019-04-24T07:30:03","modified_gmt":"2019-04-24T05:30:03","slug":"services-de-linspection-sociale-detectent-cas-dexploitation-economique-chez-employeur-dix","status":"publish","type":"post","link":"https:\/\/peoplesphere.be\/fr\/services-de-linspection-sociale-detectent-cas-dexploitation-economique-chez-employeur-dix\/","title":{"rendered":"Les services de l&rsquo;inspection sociale d\u00e9tectent des cas d&rsquo;exploitation \u00e9conomique chez un employeur sur dix!"},"content":{"rendered":"<p>Du 9 au 14 avril, l&rsquo;inspection de l&rsquo;ONSS a coordonn\u00e9 le volet belge de l&rsquo;initiative europ\u00e9enne \u00ab\u00a0Joint Action Days Labour Exploitation\u00a0\u00bb. Cette action s&rsquo;est d\u00e9roul\u00e9e en coop\u00e9ration avec la police et d\u2019autres services d&rsquo;inspection f\u00e9d\u00e9raux et r\u00e9gionaux. 53 employeurs ont fait l&rsquo;objet d&rsquo;un contr\u00f4le. Chez 1 employeur sur 10, des indices d&rsquo;exploitation \u00e9conomique ont \u00e9t\u00e9 constat\u00e9s.<!--more--><\/p>\n<p>Pour la quatri\u00e8me ann\u00e9e cons\u00e9cutive, les \u201cJoint Action Days Labour Exploitation\u201d ont \u00e9t\u00e9 organis\u00e9es en Europe. Il s\u2019agit d\u2019une initiative europ\u00e9enne soutenue par Europol. Au cours de cette semaine, des contr\u00f4les pluridisciplinaires ont \u00e9t\u00e9 effectu\u00e9s par les services de police et d&rsquo;inspection sociale des \u00c9tats membres de l&rsquo;UE dans un certain nombre de secteurs \u00e0 haut risque en vue de d\u00e9tecter l&rsquo;exploitation \u00e9conomique.<\/p>\n<p>Lors de ces actions, outre le respect de la l\u00e9gislation sociale, les conditions de travail et de logement des travailleurs \u00e9taient aussi cibl\u00e9es. 53 lieux de travail, 140 salari\u00e9s et 41 ind\u00e9pendants ont \u00e9t\u00e9 contr\u00f4l\u00e9s. Les travailleurs ont \u00e9t\u00e9 interrog\u00e9s de mani\u00e8re approfondie sur leurs conditions de travail et de logement. Dans de nombreux cas, des travailleurs \u00e9trangers \u00e9taient impliqu\u00e9s, d\u00e8s lors il a fallu recourir aux services d\u2019interpr\u00e8tes asserment\u00e9s.<\/p>\n<p>Les inspecteurs ont identifi\u00e9 des indicateurs d&rsquo;exploitation \u00e9conomique dans 6 des 53 lieux de travail visit\u00e9s.<\/p>\n<p>Sur les 140 travailleurs contr\u00f4l\u00e9s, 20 travaillaient \u00ab au noir \u00bb. Pour 13 travailleurs, la r\u00e9glementation sur le travail \u00e0 temps partiel n&rsquo;\u00e9tait pas respect\u00e9e. En outre, 20 travailleurs \u00e9taient occup\u00e9s sans permis de s\u00e9jour ou de travail.<\/p>\n<p>Un \u00e9tablissements a \u00e9t\u00e9 plac\u00e9 sous scell\u00e9s et 2 v\u00e9hicules ont \u00e9t\u00e9 saisis.<\/p>\n<p><strong><em>Traite des \u00eatres humains<\/em><\/strong><\/p>\n<p>Pour l&rsquo;inspection de l\u2019ONSS, la lutte contre la traite des \u00eatres humains est une priorit\u00e9 absolue. C&rsquo;est pourquoi les inspecteurs ont \u00e9galement accord\u00e9 une attention particuli\u00e8re aux indices d\u2019exploitation \u00e9conomique.<\/p>\n<p>Sur 6 lieux de travail, des indices d\u2019exploitation \u00e9conomique ont \u00e9t\u00e9 rencontr\u00e9s, les inspecteurs ont identifi\u00e9 6 victimes potentielles de la traite des \u00eatres humains ; ceux-ci travaillaient dans des conditions inhumaines et dans certains cas, \u00e9taient h\u00e9berg\u00e9s par l&#8217;employeur dans des conditions \u00e9pouvantables. Un rapport a \u00e9t\u00e9 r\u00e9dig\u00e9 \u00e0 l\u2019attention des auditeurs du travail concern\u00e9s.<\/p>\n<p><strong><em>Soutien de la police et de la justice<\/em><\/strong><\/p>\n<p>En Belgique, le service d&rsquo;inspection de l&rsquo;Office National de S\u00e9curit\u00e9 Sociale a mis en \u0153uvre l&rsquo;organisation des actions auxquelles de nombreux autres services d&rsquo;inspection f\u00e9d\u00e9raux et r\u00e9gionaux ont particip\u00e9. La direction centrale de lutte contre la crime grave et organis\u00e9 de la Police f\u00e9d\u00e9rale, les directions provinciales de la Police judiciaire f\u00e9d\u00e9rale et les zones de police locales ont apport\u00e9 leur soutien actif. L&rsquo;initiative a \u00e9galement \u00e9t\u00e9 soutenue activement par les auditeurs du travail.<\/p>\n<p>Cette action avait \u00e9galement un caract\u00e8re international important. Les services d&rsquo;inspection n\u00e9erlandais et belges ont travaill\u00e9 en \u00e9troite collaboration lors d\u2019une action commune relative \u00e0 des travailleurs \u00e9trangers d\u2019agences n\u00e9erlandaises de travail int\u00e9rimaire qui \u00e9taient h\u00e9berg\u00e9s dans des parcs de vacances belges \u00e0 la fronti\u00e8re avec les Pays-Bas.<\/p>\n<p>Dans le cadre d&rsquo;une deuxi\u00e8me action commune, des inspecteurs n\u00e9erlandais et belges des deux pays ont contr\u00f4l\u00e9 les \u00e9tablissements d&rsquo;un salon de beaut\u00e9 o\u00f9 des esth\u00e9ticiennes \u00e9trang\u00e8res \u00e9taient employ\u00e9es.<\/p>\n<p>Enfin, dans le secteur de la construction, un contr\u00f4le a \u00e9t\u00e9 effectu\u00e9 pour d\u00e9tecter la fraude au d\u00e9tachement de travailleurs serbes d\u00e9tach\u00e9s par l&rsquo;interm\u00e9diaire d&rsquo;une soci\u00e9t\u00e9 slov\u00e8ne. Pour ce faire, la Belgique a collabor\u00e9 avec l&rsquo;inspection du travail slov\u00e8ne.<\/p>\n<p><strong><em>Soutien d\u2019Europol<\/em><\/strong><\/p>\n<p>Europol a \u00e9largi son champ d&rsquo;action traditionnel en accordant \u00e9galement aux services d&rsquo;inspection sociale un r\u00f4le dans la coordination des actions de lutte contre l&rsquo;exploitation \u00e9conomique. Les \u00c9tats membres participants ont eu la possibilit\u00e9 d&rsquo;envoyer des \u00ab\u00a0demandes sp\u00e9ciales\u00a0\u00bb \u00e0 un autre \u00c9tat membre, notamment pour demander \u00e0 des inspections \u00e9trang\u00e8res de fournir des informations ou d&rsquo;effectuer des enqu\u00eates suppl\u00e9mentaires. Ainsi, plusieurs enqu\u00eates relatives \u00e0 l\u2019exploitation \u00e9conomique seront lanc\u00e9es en coop\u00e9ration avec les inspections du travail d\u2019autres pays europ\u00e9ens. L&rsquo;\u00e9change d&rsquo;informations n&rsquo;est pas limit\u00e9 \u00e0 la dur\u00e9e de cette p\u00e9riode JAD. En effet, m\u00eame apr\u00e8s les actions, des informations seront encore \u00e9chang\u00e9es dans les dossiers en cours.<\/p>\n<p><em>Source: ONSS &#8211; Inspection sociale<\/em><\/p>\n","protected":false},"excerpt":{"rendered":"<p>Du 9 au 14 avril, l&rsquo;inspection de l&rsquo;ONSS a coordonn\u00e9 le volet belge de l&rsquo;initiative europ\u00e9enne \u00ab\u00a0Joint Action Days Labour Exploitation\u00a0\u00bb. Cette action s&rsquo;est d\u00e9roul\u00e9e en coop\u00e9ration avec la police et d\u2019autres services d&rsquo;inspection f\u00e9d\u00e9raux et r\u00e9gionaux. 53 employeurs ont [&hellip;]<\/p>\n","protected":false},"author":2,"featured_media":0,"comment_status":"closed","ping_status":"open","sticky":false,"template":"","format":"standard","meta":[],"categories":[65,10],"tags":[188,743,2029,2504,483,282,2505],"yoast_head":"<!-- This site is optimized with the Yoast SEO plugin v21.0 - https:\/\/yoast.com\/wordpress\/plugins\/seo\/ -->\n<title>Les services de l&#039;inspection sociale d\u00e9tectent des cas d&#039;exploitation \u00e9conomique chez un employeur sur dix! - Peoplesphere<\/title>\n<meta name=\"robots\" content=\"index, follow, max-snippet:-1, max-image-preview:large, max-video-preview:-1\" \/>\n<link rel=\"canonical\" href=\"https:\/\/peoplesphere.be\/fr\/services-de-linspection-sociale-detectent-cas-dexploitation-economique-chez-employeur-dix\/\" \/>\n<meta property=\"og:locale\" content=\"fr_FR\" \/>\n<meta property=\"og:type\" content=\"article\" \/>\n<meta property=\"og:title\" content=\"Les services de l&#039;inspection sociale d\u00e9tectent des cas d&#039;exploitation \u00e9conomique chez un employeur sur dix! - Peoplesphere\" \/>\n<meta property=\"og:description\" content=\"Du 9 au 14 avril, l&rsquo;inspection de l&rsquo;ONSS a coordonn\u00e9 le volet belge de l&rsquo;initiative europ\u00e9enne \u00ab\u00a0Joint Action Days Labour Exploitation\u00a0\u00bb. Cette action s&rsquo;est d\u00e9roul\u00e9e en coop\u00e9ration avec la police et d\u2019autres services d&rsquo;inspection f\u00e9d\u00e9raux et r\u00e9gionaux. 53 employeurs ont [&hellip;]\" \/>\n<meta property=\"og:url\" content=\"https:\/\/peoplesphere.be\/fr\/services-de-linspection-sociale-detectent-cas-dexploitation-economique-chez-employeur-dix\/\" \/>\n<meta property=\"og:site_name\" content=\"Peoplesphere\" \/>\n<meta property=\"article:publisher\" content=\"https:\/\/www.facebook.com\/peoplesphere\" \/>\n<meta property=\"article:published_time\" content=\"2019-04-24T05:30:03+00:00\" \/>\n<meta property=\"og:image\" content=\"http:\/\/www.peoplesphere.be\/fr\/wp-content\/uploads\/2016\/07\/facebook-default-posting-1200x628px.jpg\" \/>\n<meta name=\"author\" content=\"Jean-Paul Erhard\" \/>\n<meta name=\"twitter:card\" content=\"summary_large_image\" \/>\n<meta name=\"twitter:creator\" content=\"@PeoplesphereMag\" \/>\n<meta name=\"twitter:site\" content=\"@PeoplesphereMag\" \/>\n<meta name=\"twitter:label1\" content=\"\u00c9crit par\" \/>\n\t<meta name=\"twitter:data1\" content=\"Jean-Paul Erhard\" \/>\n\t<meta name=\"twitter:label2\" content=\"Dur\u00e9e de lecture estim\u00e9e\" \/>\n\t<meta name=\"twitter:data2\" content=\"4 minutes\" \/>\n<script type=\"application\/ld+json\" class=\"yoast-schema-graph\">{\"@context\":\"https:\/\/schema.org\",\"@graph\":[{\"@type\":\"Article\",\"@id\":\"https:\/\/peoplesphere.be\/fr\/services-de-linspection-sociale-detectent-cas-dexploitation-economique-chez-employeur-dix\/#article\",\"isPartOf\":{\"@id\":\"https:\/\/peoplesphere.be\/fr\/services-de-linspection-sociale-detectent-cas-dexploitation-economique-chez-employeur-dix\/\"},\"author\":{\"name\":\"Jean-Paul Erhard\",\"@id\":\"https:\/\/peoplesphere.be\/fr\/#\/schema\/person\/7976225ff17988604334abb7b3536a7e\"},\"headline\":\"Les services de l&rsquo;inspection sociale d\u00e9tectent des cas d&rsquo;exploitation \u00e9conomique chez un employeur sur dix!\",\"datePublished\":\"2019-04-24T05:30:03+00:00\",\"dateModified\":\"2019-04-24T05:30:03+00:00\",\"mainEntityOfPage\":{\"@id\":\"https:\/\/peoplesphere.be\/fr\/services-de-linspection-sociale-detectent-cas-dexploitation-economique-chez-employeur-dix\/\"},\"wordCount\":747,\"publisher\":{\"@id\":\"https:\/\/peoplesphere.be\/fr\/#organization\"},\"keywords\":[\"conditions de travail\",\"\u00e9thique\",\"Europol\",\"exploitation \u00e9conomique\",\"inspection sociale\",\"onss\",\"traite des \u00eatres humains\"],\"articleSection\":[\"Actualit\u00e9s\",\"Digital\"],\"inLanguage\":\"fr-FR\"},{\"@type\":\"WebPage\",\"@id\":\"https:\/\/peoplesphere.be\/fr\/services-de-linspection-sociale-detectent-cas-dexploitation-economique-chez-employeur-dix\/\",\"url\":\"https:\/\/peoplesphere.be\/fr\/services-de-linspection-sociale-detectent-cas-dexploitation-economique-chez-employeur-dix\/\",\"name\":\"Les services de l'inspection sociale d\u00e9tectent des cas d'exploitation \u00e9conomique chez un employeur sur dix! - Peoplesphere\",\"isPartOf\":{\"@id\":\"https:\/\/peoplesphere.be\/fr\/#website\"},\"datePublished\":\"2019-04-24T05:30:03+00:00\",\"dateModified\":\"2019-04-24T05:30:03+00:00\",\"breadcrumb\":{\"@id\":\"https:\/\/peoplesphere.be\/fr\/services-de-linspection-sociale-detectent-cas-dexploitation-economique-chez-employeur-dix\/#breadcrumb\"},\"inLanguage\":\"fr-FR\",\"potentialAction\":[{\"@type\":\"ReadAction\",\"target\":[\"https:\/\/peoplesphere.be\/fr\/services-de-linspection-sociale-detectent-cas-dexploitation-economique-chez-employeur-dix\/\"]}]},{\"@type\":\"BreadcrumbList\",\"@id\":\"https:\/\/peoplesphere.be\/fr\/services-de-linspection-sociale-detectent-cas-dexploitation-economique-chez-employeur-dix\/#breadcrumb\",\"itemListElement\":[{\"@type\":\"ListItem\",\"position\":1,\"name\":\"Accueil\",\"item\":\"https:\/\/peoplesphere.be\/fr\/\"},{\"@type\":\"ListItem\",\"position\":2,\"name\":\"Les services de l&rsquo;inspection sociale d\u00e9tectent des cas d&rsquo;exploitation \u00e9conomique chez un employeur sur dix!\"}]},{\"@type\":\"WebSite\",\"@id\":\"https:\/\/peoplesphere.be\/fr\/#website\",\"url\":\"https:\/\/peoplesphere.be\/fr\/\",\"name\":\"Peoplesphere\",\"description\":\"The People Managers Magazine\",\"publisher\":{\"@id\":\"https:\/\/peoplesphere.be\/fr\/#organization\"},\"potentialAction\":[{\"@type\":\"SearchAction\",\"target\":{\"@type\":\"EntryPoint\",\"urlTemplate\":\"https:\/\/peoplesphere.be\/fr\/?s={search_term_string}\"},\"query-input\":\"required name=search_term_string\"}],\"inLanguage\":\"fr-FR\"},{\"@type\":\"Organization\",\"@id\":\"https:\/\/peoplesphere.be\/fr\/#organization\",\"name\":\"Peoplesphere Company srl\",\"url\":\"https:\/\/peoplesphere.be\/fr\/\",\"logo\":{\"@type\":\"ImageObject\",\"inLanguage\":\"fr-FR\",\"@id\":\"https:\/\/peoplesphere.be\/fr\/#\/schema\/logo\/image\/\",\"url\":\"https:\/\/peoplesphere.be\/fr\/wp-content\/uploads\/2023\/07\/peoplesphere-lgo-new-generik.jpg\",\"contentUrl\":\"https:\/\/peoplesphere.be\/fr\/wp-content\/uploads\/2023\/07\/peoplesphere-lgo-new-generik.jpg\",\"width\":1031,\"height\":1479,\"caption\":\"Peoplesphere Company srl\"},\"image\":{\"@id\":\"https:\/\/peoplesphere.be\/fr\/#\/schema\/logo\/image\/\"},\"sameAs\":[\"https:\/\/www.facebook.com\/peoplesphere\",\"https:\/\/twitter.com\/PeoplesphereMag\",\"https:\/\/www.linkedin.com\/company\/7587361?trk\",\"http:\/\/youtube.com\/peoplesphere\"]},{\"@type\":\"Person\",\"@id\":\"https:\/\/peoplesphere.be\/fr\/#\/schema\/person\/7976225ff17988604334abb7b3536a7e\",\"name\":\"Jean-Paul Erhard\",\"image\":{\"@type\":\"ImageObject\",\"inLanguage\":\"fr-FR\",\"@id\":\"https:\/\/peoplesphere.be\/fr\/#\/schema\/person\/image\/\",\"url\":\"https:\/\/secure.gravatar.com\/avatar\/f941e681460179738071629a51574930?s=96&d=mm&r=g\",\"contentUrl\":\"https:\/\/secure.gravatar.com\/avatar\/f941e681460179738071629a51574930?s=96&d=mm&r=g\",\"caption\":\"Jean-Paul Erhard\"},\"url\":\"https:\/\/peoplesphere.be\/fr\/author\/jpe\/\"}]}<\/script>\n<!-- \/ Yoast SEO plugin. -->","yoast_head_json":{"title":"Les services de l'inspection sociale d\u00e9tectent des cas d'exploitation \u00e9conomique chez un employeur sur dix! - Peoplesphere","robots":{"index":"index","follow":"follow","max-snippet":"max-snippet:-1","max-image-preview":"max-image-preview:large","max-video-preview":"max-video-preview:-1"},"canonical":"https:\/\/peoplesphere.be\/fr\/services-de-linspection-sociale-detectent-cas-dexploitation-economique-chez-employeur-dix\/","og_locale":"fr_FR","og_type":"article","og_title":"Les services de l'inspection sociale d\u00e9tectent des cas d'exploitation \u00e9conomique chez un employeur sur dix! - Peoplesphere","og_description":"Du 9 au 14 avril, l&rsquo;inspection de l&rsquo;ONSS a coordonn\u00e9 le volet belge de l&rsquo;initiative europ\u00e9enne \u00ab\u00a0Joint Action Days Labour Exploitation\u00a0\u00bb. Cette action s&rsquo;est d\u00e9roul\u00e9e en coop\u00e9ration avec la police et d\u2019autres services d&rsquo;inspection f\u00e9d\u00e9raux et r\u00e9gionaux. 53 employeurs ont [&hellip;]","og_url":"https:\/\/peoplesphere.be\/fr\/services-de-linspection-sociale-detectent-cas-dexploitation-economique-chez-employeur-dix\/","og_site_name":"Peoplesphere","article_publisher":"https:\/\/www.facebook.com\/peoplesphere","article_published_time":"2019-04-24T05:30:03+00:00","og_image":[{"url":"http:\/\/www.peoplesphere.be\/fr\/wp-content\/uploads\/2016\/07\/facebook-default-posting-1200x628px.jpg"}],"author":"Jean-Paul Erhard","twitter_card":"summary_large_image","twitter_creator":"@PeoplesphereMag","twitter_site":"@PeoplesphereMag","twitter_misc":{"\u00c9crit par":"Jean-Paul Erhard","Dur\u00e9e de lecture estim\u00e9e":"4 minutes"},"schema":{"@context":"https:\/\/schema.org","@graph":[{"@type":"Article","@id":"https:\/\/peoplesphere.be\/fr\/services-de-linspection-sociale-detectent-cas-dexploitation-economique-chez-employeur-dix\/#article","isPartOf":{"@id":"https:\/\/peoplesphere.be\/fr\/services-de-linspection-sociale-detectent-cas-dexploitation-economique-chez-employeur-dix\/"},"author":{"name":"Jean-Paul Erhard","@id":"https:\/\/peoplesphere.be\/fr\/#\/schema\/person\/7976225ff17988604334abb7b3536a7e"},"headline":"Les services de l&rsquo;inspection sociale d\u00e9tectent des cas d&rsquo;exploitation \u00e9conomique chez un employeur sur dix!","datePublished":"2019-04-24T05:30:03+00:00","dateModified":"2019-04-24T05:30:03+00:00","mainEntityOfPage":{"@id":"https:\/\/peoplesphere.be\/fr\/services-de-linspection-sociale-detectent-cas-dexploitation-economique-chez-employeur-dix\/"},"wordCount":747,"publisher":{"@id":"https:\/\/peoplesphere.be\/fr\/#organization"},"keywords":["conditions de travail","\u00e9thique","Europol","exploitation \u00e9conomique","inspection sociale","onss","traite des \u00eatres humains"],"articleSection":["Actualit\u00e9s","Digital"],"inLanguage":"fr-FR"},{"@type":"WebPage","@id":"https:\/\/peoplesphere.be\/fr\/services-de-linspection-sociale-detectent-cas-dexploitation-economique-chez-employeur-dix\/","url":"https:\/\/peoplesphere.be\/fr\/services-de-linspection-sociale-detectent-cas-dexploitation-economique-chez-employeur-dix\/","name":"Les services de l'inspection sociale d\u00e9tectent des cas d'exploitation \u00e9conomique chez un employeur sur dix! - Peoplesphere","isPartOf":{"@id":"https:\/\/peoplesphere.be\/fr\/#website"},"datePublished":"2019-04-24T05:30:03+00:00","dateModified":"2019-04-24T05:30:03+00:00","breadcrumb":{"@id":"https:\/\/peoplesphere.be\/fr\/services-de-linspection-sociale-detectent-cas-dexploitation-economique-chez-employeur-dix\/#breadcrumb"},"inLanguage":"fr-FR","potentialAction":[{"@type":"ReadAction","target":["https:\/\/peoplesphere.be\/fr\/services-de-linspection-sociale-detectent-cas-dexploitation-economique-chez-employeur-dix\/"]}]},{"@type":"BreadcrumbList","@id":"https:\/\/peoplesphere.be\/fr\/services-de-linspection-sociale-detectent-cas-dexploitation-economique-chez-employeur-dix\/#breadcrumb","itemListElement":[{"@type":"ListItem","position":1,"name":"Accueil","item":"https:\/\/peoplesphere.be\/fr\/"},{"@type":"ListItem","position":2,"name":"Les services de l&rsquo;inspection sociale d\u00e9tectent des cas d&rsquo;exploitation \u00e9conomique chez un employeur sur dix!"}]},{"@type":"WebSite","@id":"https:\/\/peoplesphere.be\/fr\/#website","url":"https:\/\/peoplesphere.be\/fr\/","name":"Peoplesphere","description":"The People Managers Magazine","publisher":{"@id":"https:\/\/peoplesphere.be\/fr\/#organization"},"potentialAction":[{"@type":"SearchAction","target":{"@type":"EntryPoint","urlTemplate":"https:\/\/peoplesphere.be\/fr\/?s={search_term_string}"},"query-input":"required name=search_term_string"}],"inLanguage":"fr-FR"},{"@type":"Organization","@id":"https:\/\/peoplesphere.be\/fr\/#organization","name":"Peoplesphere Company srl","url":"https:\/\/peoplesphere.be\/fr\/","logo":{"@type":"ImageObject","inLanguage":"fr-FR","@id":"https:\/\/peoplesphere.be\/fr\/#\/schema\/logo\/image\/","url":"https:\/\/peoplesphere.be\/fr\/wp-content\/uploads\/2023\/07\/peoplesphere-lgo-new-generik.jpg","contentUrl":"https:\/\/peoplesphere.be\/fr\/wp-content\/uploads\/2023\/07\/peoplesphere-lgo-new-generik.jpg","width":1031,"height":1479,"caption":"Peoplesphere Company srl"},"image":{"@id":"https:\/\/peoplesphere.be\/fr\/#\/schema\/logo\/image\/"},"sameAs":["https:\/\/www.facebook.com\/peoplesphere","https:\/\/twitter.com\/PeoplesphereMag","https:\/\/www.linkedin.com\/company\/7587361?trk","http:\/\/youtube.com\/peoplesphere"]},{"@type":"Person","@id":"https:\/\/peoplesphere.be\/fr\/#\/schema\/person\/7976225ff17988604334abb7b3536a7e","name":"Jean-Paul Erhard","image":{"@type":"ImageObject","inLanguage":"fr-FR","@id":"https:\/\/peoplesphere.be\/fr\/#\/schema\/person\/image\/","url":"https:\/\/secure.gravatar.com\/avatar\/f941e681460179738071629a51574930?s=96&d=mm&r=g","contentUrl":"https:\/\/secure.gravatar.com\/avatar\/f941e681460179738071629a51574930?s=96&d=mm&r=g","caption":"Jean-Paul Erhard"},"url":"https:\/\/peoplesphere.be\/fr\/author\/jpe\/"}]}},"_links":{"self":[{"href":"https:\/\/peoplesphere.be\/fr\/wp-json\/wp\/v2\/posts\/7678"}],"collection":[{"href":"https:\/\/peoplesphere.be\/fr\/wp-json\/wp\/v2\/posts"}],"about":[{"href":"https:\/\/peoplesphere.be\/fr\/wp-json\/wp\/v2\/types\/post"}],"author":[{"embeddable":true,"href":"https:\/\/peoplesphere.be\/fr\/wp-json\/wp\/v2\/users\/2"}],"replies":[{"embeddable":true,"href":"https:\/\/peoplesphere.be\/fr\/wp-json\/wp\/v2\/comments?post=7678"}],"version-history":[{"count":1,"href":"https:\/\/peoplesphere.be\/fr\/wp-json\/wp\/v2\/posts\/7678\/revisions"}],"predecessor-version":[{"id":7679,"href":"https:\/\/peoplesphere.be\/fr\/wp-json\/wp\/v2\/posts\/7678\/revisions\/7679"}],"wp:attachment":[{"href":"https:\/\/peoplesphere.be\/fr\/wp-json\/wp\/v2\/media?parent=7678"}],"wp:term":[{"taxonomy":"category","embeddable":true,"href":"https:\/\/peoplesphere.be\/fr\/wp-json\/wp\/v2\/categories?post=7678"},{"taxonomy":"post_tag","embeddable":true,"href":"https:\/\/peoplesphere.be\/fr\/wp-json\/wp\/v2\/tags?post=7678"}],"curies":[{"name":"wp","href":"https:\/\/api.w.org\/{rel}","templated":true}]}}