









{"id":7721,"date":"2019-05-01T11:24:48","date_gmt":"2019-05-01T09:24:48","guid":{"rendered":"http:\/\/www.peoplesphere.be\/fr\/?p=7721"},"modified":"2019-05-01T11:24:48","modified_gmt":"2019-05-01T09:24:48","slug":"nombre-de-demandeurs-demploi-wallons-repasse-barre-200-000-avril","status":"publish","type":"post","link":"https:\/\/peoplesphere.be\/fr\/nombre-de-demandeurs-demploi-wallons-repasse-barre-200-000-avril\/","title":{"rendered":"Le nombre de demandeurs d&#8217;emploi wallons repasse sous la barre des 200.000 en avril."},"content":{"rendered":"<p>Le nombre de demandeurs d\u2019emploi inoccup\u00e9s en Wallonie atteint, fin avril, le nombre de 197.323 (soit &#8211; 0,5 % par rapport \u00e0 avril 2018). La baisse la plus importante \u00e0 un an concerne les D.E.I. \u00e2g\u00e9s de 25 \u00e0 moins de 30 ans.<!--more--><\/p>\n<p>Fin avril 2019, la Wallonie compte 128.224 demandeurs d\u2019emploi (D.E.) demandeurs d\u2019allocations (dont 1.470 en Communaut\u00e9 germanophone) et 25.599 jeunes en stage d\u2019insertion professionnelle (dont 114 en Communaut\u00e9 germanophone). \u00c0 ceux-ci s\u2019ajoutent d\u2019autres demandeurs d\u2019emploi inoccup\u00e9s (D.E.I.) : 30.517 personnes inscrites obligatoirement et 12.983 demandeurs d\u2019emploi qui se sont librement inscrits, pour un total de 197.323 D.E.I. Ceux-ci repr\u00e9sentent 12,5 % de la population active wallonne.<\/p>\n<p>Parmi ces 197.323 D.E.I. wallons :<\/p>\n<p>53 % sont des hommes ;<br \/>\n18 % sont \u00e2g\u00e9s de moins de 25 ans, 27 % ont 50 ans et plus ;<br \/>\n47 % sont au plus dipl\u00f4m\u00e9s de l\u2019enseignement secondaire du 2\u00e8me degr\u00e9 ;<br \/>\n25 % sont inoccup\u00e9s depuis moins de six mois et 39 % depuis deux ans et plus.<\/p>\n<p>Entre fin mars et fin avril 2019, le nombre de D.E.I. a diminu\u00e9 de 1,6 %, ce qui \u00e9quivaut \u00e0 3.188 personnes de moins dans la demande d\u2019emploi wallonne.<\/p>\n<p><strong><em>956 demandeurs d\u2019emploi de moins qu\u2019en avril 2018 (\u00e9cart annuel)<\/em><\/strong><\/p>\n<p>La demande d\u2019emploi wallonne demeure en recul \u00e0 un an d\u2019\u00e9cart. \u00c0 la fin du mois d\u2019avril 2019, le nombre de D.E.I. enregistre une diminution de 0,5 %, correspondant \u00e0 956 personnes de moins qu\u2019un an auparavant.<\/p>\n<p>La baisse \u00e0 un an d\u2019\u00e9cart concerne presque toutes les cat\u00e9gories administratives de demandeurs d\u2019emploi :<\/p>\n<ul>\n<li>demandeurs d\u2019emploi demandeurs d\u2019allocations : &#8211; 6,7 % (soit 9.162 personnes)<\/li>\n<li>jeunes en stage d\u2019insertion : &#8211; 7,9 % (soit 2.207 personnes)<\/li>\n<li>demandeurs d\u2019emploi inscrits librement : &#8211; 3,3 % (soit 441 personnes)<\/li>\n<li>demandeurs d\u2019emploi inscrits obligatoirement : + 55,2 % (soit 10.854 personnes).<\/li>\n<\/ul>\n<p>Rappelons que cette derni\u00e8re hausse est simplement attribuable \u00e0 la r\u00e9int\u00e9gration dans la demande d\u2019emploi des D.E. inscrits \u00e0 la demande des CPAS, ce qui affecte encore les \u00e9volutions annuelles.<\/p>\n<p>Les diminutions de la demande d\u2019emploi les plus marqu\u00e9es \u00e0 un an d\u2019\u00e9cart concernent les D.E.I. \u00e2g\u00e9s de 25 ans \u00e0 moins de 30 ans (- 5,5 %), ainsi que les jeunes de moins de 25 ans (- 3,2 %).<\/p>\n<p>Concernant la dur\u00e9e d\u2019inoccupation, la demande d\u2019emploi augmente sur base annuelle parmi les personnes le plus r\u00e9cemment entr\u00e9es dans la demande d\u2019emploi (+ 6,4 % de personnes comptant moins de six mois d\u2019inoccupation).<\/p>\n<p>Les autres classes de dur\u00e9es d\u2019inoccupation sont en recul sur base annuelle : &#8211; 1,7 % chez les personnes inoccup\u00e9es depuis six mois \u00e0 moins d\u2019un an, &#8211; 2,3 % entre 1 an et moins de 2 ans, &#8211; 3,3 % entre deux ans et moins de cinq ans d\u2019inoccupation, &#8211; 2,2 % aupr\u00e8s de celles inoccup\u00e9es depuis cinq ans et plus.<\/p>\n<p><em>Source: Forem<\/em><\/p>\n","protected":false},"excerpt":{"rendered":"<p>Le nombre de demandeurs d\u2019emploi inoccup\u00e9s en Wallonie atteint, fin avril, le nombre de 197.323 (soit &#8211; 0,5 % par rapport \u00e0 avril 2018). La baisse la plus importante \u00e0 un an concerne les D.E.I. \u00e2g\u00e9s de 25 \u00e0 moins [&hellip;]<\/p>\n","protected":false},"author":2,"featured_media":0,"comment_status":"closed","ping_status":"open","sticky":false,"template":"","format":"standard","meta":[],"categories":[65,10],"tags":[92,653,331,702,44],"yoast_head":"<!-- This site is optimized with the Yoast SEO plugin v21.0 - https:\/\/yoast.com\/wordpress\/plugins\/seo\/ -->\n<title>Le nombre de demandeurs d&#039;emploi wallons repasse sous la barre des 200.000 en avril. - Peoplesphere<\/title>\n<meta name=\"robots\" content=\"index, follow, max-snippet:-1, max-image-preview:large, max-video-preview:-1\" \/>\n<link rel=\"canonical\" href=\"https:\/\/peoplesphere.be\/fr\/nombre-de-demandeurs-demploi-wallons-repasse-barre-200-000-avril\/\" \/>\n<meta property=\"og:locale\" content=\"fr_FR\" \/>\n<meta property=\"og:type\" content=\"article\" \/>\n<meta property=\"og:title\" content=\"Le nombre de demandeurs d&#039;emploi wallons repasse sous la barre des 200.000 en avril. - Peoplesphere\" \/>\n<meta property=\"og:description\" content=\"Le nombre de demandeurs d\u2019emploi inoccup\u00e9s en Wallonie atteint, fin avril, le nombre de 197.323 (soit &#8211; 0,5 % par rapport \u00e0 avril 2018). La baisse la plus importante \u00e0 un an concerne les D.E.I. \u00e2g\u00e9s de 25 \u00e0 moins [&hellip;]\" \/>\n<meta property=\"og:url\" content=\"https:\/\/peoplesphere.be\/fr\/nombre-de-demandeurs-demploi-wallons-repasse-barre-200-000-avril\/\" \/>\n<meta property=\"og:site_name\" content=\"Peoplesphere\" \/>\n<meta property=\"article:publisher\" content=\"https:\/\/www.facebook.com\/peoplesphere\" \/>\n<meta property=\"article:published_time\" content=\"2019-05-01T09:24:48+00:00\" \/>\n<meta property=\"og:image\" content=\"http:\/\/www.peoplesphere.be\/fr\/wp-content\/uploads\/2016\/07\/facebook-default-posting-1200x628px.jpg\" \/>\n<meta name=\"author\" content=\"Jean-Paul Erhard\" \/>\n<meta name=\"twitter:card\" content=\"summary_large_image\" \/>\n<meta name=\"twitter:creator\" content=\"@PeoplesphereMag\" \/>\n<meta name=\"twitter:site\" content=\"@PeoplesphereMag\" \/>\n<meta name=\"twitter:label1\" content=\"\u00c9crit par\" \/>\n\t<meta name=\"twitter:data1\" content=\"Jean-Paul Erhard\" \/>\n\t<meta name=\"twitter:label2\" content=\"Dur\u00e9e de lecture estim\u00e9e\" \/>\n\t<meta name=\"twitter:data2\" content=\"2 minutes\" \/>\n<script type=\"application\/ld+json\" class=\"yoast-schema-graph\">{\"@context\":\"https:\/\/schema.org\",\"@graph\":[{\"@type\":\"Article\",\"@id\":\"https:\/\/peoplesphere.be\/fr\/nombre-de-demandeurs-demploi-wallons-repasse-barre-200-000-avril\/#article\",\"isPartOf\":{\"@id\":\"https:\/\/peoplesphere.be\/fr\/nombre-de-demandeurs-demploi-wallons-repasse-barre-200-000-avril\/\"},\"author\":{\"name\":\"Jean-Paul Erhard\",\"@id\":\"https:\/\/peoplesphere.be\/fr\/#\/schema\/person\/7976225ff17988604334abb7b3536a7e\"},\"headline\":\"Le nombre de demandeurs d&#8217;emploi wallons repasse sous la barre des 200.000 en avril.\",\"datePublished\":\"2019-05-01T09:24:48+00:00\",\"dateModified\":\"2019-05-01T09:24:48+00:00\",\"mainEntityOfPage\":{\"@id\":\"https:\/\/peoplesphere.be\/fr\/nombre-de-demandeurs-demploi-wallons-repasse-barre-200-000-avril\/\"},\"wordCount\":455,\"publisher\":{\"@id\":\"https:\/\/peoplesphere.be\/fr\/#organization\"},\"keywords\":[\"ch\u00f4mage\",\"demandeurs d'emploi\",\"forem\",\"march\u00e9 de l'emploi\",\"Statistiques\"],\"articleSection\":[\"Actualit\u00e9s\",\"Digital\"],\"inLanguage\":\"fr-FR\"},{\"@type\":\"WebPage\",\"@id\":\"https:\/\/peoplesphere.be\/fr\/nombre-de-demandeurs-demploi-wallons-repasse-barre-200-000-avril\/\",\"url\":\"https:\/\/peoplesphere.be\/fr\/nombre-de-demandeurs-demploi-wallons-repasse-barre-200-000-avril\/\",\"name\":\"Le nombre de demandeurs d'emploi wallons repasse sous la barre des 200.000 en avril. - Peoplesphere\",\"isPartOf\":{\"@id\":\"https:\/\/peoplesphere.be\/fr\/#website\"},\"datePublished\":\"2019-05-01T09:24:48+00:00\",\"dateModified\":\"2019-05-01T09:24:48+00:00\",\"breadcrumb\":{\"@id\":\"https:\/\/peoplesphere.be\/fr\/nombre-de-demandeurs-demploi-wallons-repasse-barre-200-000-avril\/#breadcrumb\"},\"inLanguage\":\"fr-FR\",\"potentialAction\":[{\"@type\":\"ReadAction\",\"target\":[\"https:\/\/peoplesphere.be\/fr\/nombre-de-demandeurs-demploi-wallons-repasse-barre-200-000-avril\/\"]}]},{\"@type\":\"BreadcrumbList\",\"@id\":\"https:\/\/peoplesphere.be\/fr\/nombre-de-demandeurs-demploi-wallons-repasse-barre-200-000-avril\/#breadcrumb\",\"itemListElement\":[{\"@type\":\"ListItem\",\"position\":1,\"name\":\"Accueil\",\"item\":\"https:\/\/peoplesphere.be\/fr\/\"},{\"@type\":\"ListItem\",\"position\":2,\"name\":\"Le nombre de demandeurs d&#8217;emploi wallons repasse sous la barre des 200.000 en avril.\"}]},{\"@type\":\"WebSite\",\"@id\":\"https:\/\/peoplesphere.be\/fr\/#website\",\"url\":\"https:\/\/peoplesphere.be\/fr\/\",\"name\":\"Peoplesphere\",\"description\":\"The People Managers Magazine\",\"publisher\":{\"@id\":\"https:\/\/peoplesphere.be\/fr\/#organization\"},\"potentialAction\":[{\"@type\":\"SearchAction\",\"target\":{\"@type\":\"EntryPoint\",\"urlTemplate\":\"https:\/\/peoplesphere.be\/fr\/?s={search_term_string}\"},\"query-input\":\"required name=search_term_string\"}],\"inLanguage\":\"fr-FR\"},{\"@type\":\"Organization\",\"@id\":\"https:\/\/peoplesphere.be\/fr\/#organization\",\"name\":\"Peoplesphere Company srl\",\"url\":\"https:\/\/peoplesphere.be\/fr\/\",\"logo\":{\"@type\":\"ImageObject\",\"inLanguage\":\"fr-FR\",\"@id\":\"https:\/\/peoplesphere.be\/fr\/#\/schema\/logo\/image\/\",\"url\":\"https:\/\/peoplesphere.be\/fr\/wp-content\/uploads\/2023\/07\/peoplesphere-lgo-new-generik.jpg\",\"contentUrl\":\"https:\/\/peoplesphere.be\/fr\/wp-content\/uploads\/2023\/07\/peoplesphere-lgo-new-generik.jpg\",\"width\":1031,\"height\":1479,\"caption\":\"Peoplesphere Company srl\"},\"image\":{\"@id\":\"https:\/\/peoplesphere.be\/fr\/#\/schema\/logo\/image\/\"},\"sameAs\":[\"https:\/\/www.facebook.com\/peoplesphere\",\"https:\/\/twitter.com\/PeoplesphereMag\",\"https:\/\/www.linkedin.com\/company\/7587361?trk\",\"http:\/\/youtube.com\/peoplesphere\"]},{\"@type\":\"Person\",\"@id\":\"https:\/\/peoplesphere.be\/fr\/#\/schema\/person\/7976225ff17988604334abb7b3536a7e\",\"name\":\"Jean-Paul Erhard\",\"image\":{\"@type\":\"ImageObject\",\"inLanguage\":\"fr-FR\",\"@id\":\"https:\/\/peoplesphere.be\/fr\/#\/schema\/person\/image\/\",\"url\":\"https:\/\/secure.gravatar.com\/avatar\/f941e681460179738071629a51574930?s=96&d=mm&r=g\",\"contentUrl\":\"https:\/\/secure.gravatar.com\/avatar\/f941e681460179738071629a51574930?s=96&d=mm&r=g\",\"caption\":\"Jean-Paul Erhard\"},\"url\":\"https:\/\/peoplesphere.be\/fr\/author\/jpe\/\"}]}<\/script>\n<!-- \/ Yoast SEO plugin. -->","yoast_head_json":{"title":"Le nombre de demandeurs d'emploi wallons repasse sous la barre des 200.000 en avril. - Peoplesphere","robots":{"index":"index","follow":"follow","max-snippet":"max-snippet:-1","max-image-preview":"max-image-preview:large","max-video-preview":"max-video-preview:-1"},"canonical":"https:\/\/peoplesphere.be\/fr\/nombre-de-demandeurs-demploi-wallons-repasse-barre-200-000-avril\/","og_locale":"fr_FR","og_type":"article","og_title":"Le nombre de demandeurs d'emploi wallons repasse sous la barre des 200.000 en avril. - Peoplesphere","og_description":"Le nombre de demandeurs d\u2019emploi inoccup\u00e9s en Wallonie atteint, fin avril, le nombre de 197.323 (soit &#8211; 0,5 % par rapport \u00e0 avril 2018). La baisse la plus importante \u00e0 un an concerne les D.E.I. \u00e2g\u00e9s de 25 \u00e0 moins [&hellip;]","og_url":"https:\/\/peoplesphere.be\/fr\/nombre-de-demandeurs-demploi-wallons-repasse-barre-200-000-avril\/","og_site_name":"Peoplesphere","article_publisher":"https:\/\/www.facebook.com\/peoplesphere","article_published_time":"2019-05-01T09:24:48+00:00","og_image":[{"url":"http:\/\/www.peoplesphere.be\/fr\/wp-content\/uploads\/2016\/07\/facebook-default-posting-1200x628px.jpg"}],"author":"Jean-Paul Erhard","twitter_card":"summary_large_image","twitter_creator":"@PeoplesphereMag","twitter_site":"@PeoplesphereMag","twitter_misc":{"\u00c9crit par":"Jean-Paul Erhard","Dur\u00e9e de lecture estim\u00e9e":"2 minutes"},"schema":{"@context":"https:\/\/schema.org","@graph":[{"@type":"Article","@id":"https:\/\/peoplesphere.be\/fr\/nombre-de-demandeurs-demploi-wallons-repasse-barre-200-000-avril\/#article","isPartOf":{"@id":"https:\/\/peoplesphere.be\/fr\/nombre-de-demandeurs-demploi-wallons-repasse-barre-200-000-avril\/"},"author":{"name":"Jean-Paul Erhard","@id":"https:\/\/peoplesphere.be\/fr\/#\/schema\/person\/7976225ff17988604334abb7b3536a7e"},"headline":"Le nombre de demandeurs d&#8217;emploi wallons repasse sous la barre des 200.000 en avril.","datePublished":"2019-05-01T09:24:48+00:00","dateModified":"2019-05-01T09:24:48+00:00","mainEntityOfPage":{"@id":"https:\/\/peoplesphere.be\/fr\/nombre-de-demandeurs-demploi-wallons-repasse-barre-200-000-avril\/"},"wordCount":455,"publisher":{"@id":"https:\/\/peoplesphere.be\/fr\/#organization"},"keywords":["ch\u00f4mage","demandeurs d'emploi","forem","march\u00e9 de l'emploi","Statistiques"],"articleSection":["Actualit\u00e9s","Digital"],"inLanguage":"fr-FR"},{"@type":"WebPage","@id":"https:\/\/peoplesphere.be\/fr\/nombre-de-demandeurs-demploi-wallons-repasse-barre-200-000-avril\/","url":"https:\/\/peoplesphere.be\/fr\/nombre-de-demandeurs-demploi-wallons-repasse-barre-200-000-avril\/","name":"Le nombre de demandeurs d'emploi wallons repasse sous la barre des 200.000 en avril. - Peoplesphere","isPartOf":{"@id":"https:\/\/peoplesphere.be\/fr\/#website"},"datePublished":"2019-05-01T09:24:48+00:00","dateModified":"2019-05-01T09:24:48+00:00","breadcrumb":{"@id":"https:\/\/peoplesphere.be\/fr\/nombre-de-demandeurs-demploi-wallons-repasse-barre-200-000-avril\/#breadcrumb"},"inLanguage":"fr-FR","potentialAction":[{"@type":"ReadAction","target":["https:\/\/peoplesphere.be\/fr\/nombre-de-demandeurs-demploi-wallons-repasse-barre-200-000-avril\/"]}]},{"@type":"BreadcrumbList","@id":"https:\/\/peoplesphere.be\/fr\/nombre-de-demandeurs-demploi-wallons-repasse-barre-200-000-avril\/#breadcrumb","itemListElement":[{"@type":"ListItem","position":1,"name":"Accueil","item":"https:\/\/peoplesphere.be\/fr\/"},{"@type":"ListItem","position":2,"name":"Le nombre de demandeurs d&#8217;emploi wallons repasse sous la barre des 200.000 en avril."}]},{"@type":"WebSite","@id":"https:\/\/peoplesphere.be\/fr\/#website","url":"https:\/\/peoplesphere.be\/fr\/","name":"Peoplesphere","description":"The People Managers Magazine","publisher":{"@id":"https:\/\/peoplesphere.be\/fr\/#organization"},"potentialAction":[{"@type":"SearchAction","target":{"@type":"EntryPoint","urlTemplate":"https:\/\/peoplesphere.be\/fr\/?s={search_term_string}"},"query-input":"required name=search_term_string"}],"inLanguage":"fr-FR"},{"@type":"Organization","@id":"https:\/\/peoplesphere.be\/fr\/#organization","name":"Peoplesphere Company srl","url":"https:\/\/peoplesphere.be\/fr\/","logo":{"@type":"ImageObject","inLanguage":"fr-FR","@id":"https:\/\/peoplesphere.be\/fr\/#\/schema\/logo\/image\/","url":"https:\/\/peoplesphere.be\/fr\/wp-content\/uploads\/2023\/07\/peoplesphere-lgo-new-generik.jpg","contentUrl":"https:\/\/peoplesphere.be\/fr\/wp-content\/uploads\/2023\/07\/peoplesphere-lgo-new-generik.jpg","width":1031,"height":1479,"caption":"Peoplesphere Company srl"},"image":{"@id":"https:\/\/peoplesphere.be\/fr\/#\/schema\/logo\/image\/"},"sameAs":["https:\/\/www.facebook.com\/peoplesphere","https:\/\/twitter.com\/PeoplesphereMag","https:\/\/www.linkedin.com\/company\/7587361?trk","http:\/\/youtube.com\/peoplesphere"]},{"@type":"Person","@id":"https:\/\/peoplesphere.be\/fr\/#\/schema\/person\/7976225ff17988604334abb7b3536a7e","name":"Jean-Paul Erhard","image":{"@type":"ImageObject","inLanguage":"fr-FR","@id":"https:\/\/peoplesphere.be\/fr\/#\/schema\/person\/image\/","url":"https:\/\/secure.gravatar.com\/avatar\/f941e681460179738071629a51574930?s=96&d=mm&r=g","contentUrl":"https:\/\/secure.gravatar.com\/avatar\/f941e681460179738071629a51574930?s=96&d=mm&r=g","caption":"Jean-Paul Erhard"},"url":"https:\/\/peoplesphere.be\/fr\/author\/jpe\/"}]}},"_links":{"self":[{"href":"https:\/\/peoplesphere.be\/fr\/wp-json\/wp\/v2\/posts\/7721"}],"collection":[{"href":"https:\/\/peoplesphere.be\/fr\/wp-json\/wp\/v2\/posts"}],"about":[{"href":"https:\/\/peoplesphere.be\/fr\/wp-json\/wp\/v2\/types\/post"}],"author":[{"embeddable":true,"href":"https:\/\/peoplesphere.be\/fr\/wp-json\/wp\/v2\/users\/2"}],"replies":[{"embeddable":true,"href":"https:\/\/peoplesphere.be\/fr\/wp-json\/wp\/v2\/comments?post=7721"}],"version-history":[{"count":1,"href":"https:\/\/peoplesphere.be\/fr\/wp-json\/wp\/v2\/posts\/7721\/revisions"}],"predecessor-version":[{"id":7722,"href":"https:\/\/peoplesphere.be\/fr\/wp-json\/wp\/v2\/posts\/7721\/revisions\/7722"}],"wp:attachment":[{"href":"https:\/\/peoplesphere.be\/fr\/wp-json\/wp\/v2\/media?parent=7721"}],"wp:term":[{"taxonomy":"category","embeddable":true,"href":"https:\/\/peoplesphere.be\/fr\/wp-json\/wp\/v2\/categories?post=7721"},{"taxonomy":"post_tag","embeddable":true,"href":"https:\/\/peoplesphere.be\/fr\/wp-json\/wp\/v2\/tags?post=7721"}],"curies":[{"name":"wp","href":"https:\/\/api.w.org\/{rel}","templated":true}]}}