









{"id":7736,"date":"2019-05-06T10:13:43","date_gmt":"2019-05-06T08:13:43","guid":{"rendered":"http:\/\/www.peoplesphere.be\/fr\/?p=7736"},"modified":"2019-05-06T10:13:43","modified_gmt":"2019-05-06T08:13:43","slug":"complexite-de-legislation-sociale-semble-freiner-ambitions-internationales-de-nos-entreprises-croissance","status":"publish","type":"post","link":"https:\/\/peoplesphere.be\/fr\/complexite-de-legislation-sociale-semble-freiner-ambitions-internationales-de-nos-entreprises-croissance\/","title":{"rendered":"La complexit\u00e9 de la l\u00e9gislation sociale semble freiner les ambitions internationales de nos entreprises en croissance."},"content":{"rendered":"<p>Environ une PME belge sur huit (13,1 %) souhaite se d\u00e9velopper \u00e0 l&rsquo;\u00e9chelle l&rsquo;internationale au cours des quatre prochaines ann\u00e9es : 6,1 % souhaitent engager du personnel \u00e0 cet effet ; 7,0 % veulent entreprendre ce changement avec l&rsquo;effectif du personnel existant.\u00a0Un quart de ces entreprises (25,1 %) indiquent que le manque de clart\u00e9 de la l\u00e9gislation locale par rapport \u00e0 l&#8217;emploi et les obligations en mati\u00e8re de s\u00e9curit\u00e9 sociale constitue l&rsquo;obstacle principal.\u00a0Plus de trois entreprises sur quatre envisagent d&rsquo;entreprendre cette expansion en Europe : 29,4 % dans nos pays voisins et 47,7 % dans d&rsquo;autres pays europ\u00e9ens.<!--more--><\/p>\n<p>Ces constatations sont les principales conclusions qui ressortent de l&rsquo;enqu\u00eate du prestataire de services RH SD Worx men\u00e9e aupr\u00e8s de 1004 chefs d&rsquo;entreprise et responsables du personnel.<\/p>\n<p><strong><em>Une PME belge sur huit souhaite continuer \u00e0 se d\u00e9velopper \u00e0 l&rsquo;international d&rsquo;ici 2023<\/em><\/strong><\/p>\n<p>13,1 % des entreprises interrog\u00e9es ont des projets d&rsquo;expansion internationale. \ufffcEn revanche, pr\u00e8s d&rsquo;une PME sur cinq (ou 17 %) indique ne pas vouloir se d\u00e9velopper \u00e0 l&rsquo;\u00e9chelle internationale et pour un quart (24,1 %) de celles-ci, une expansion n&rsquo;est pas du tout \u00e0 l&rsquo;ordre du jour. Il s&rsquo;agit ici de profils sp\u00e9ciaux et d&rsquo;ind\u00e9pendants, tels que des m\u00e9decins de famille, des \u00e9tablissements horeca ou des salons de beaut\u00e9.<\/p>\n<p>Parmi les PME belges interrog\u00e9es, les trois quarts ne sont actuellement pas repr\u00e9sent\u00e9s en dehors de la Belgique ; un quart est bien repr\u00e9sent\u00e9 \u00e0 l&rsquo;\u00e9tranger : cette repr\u00e9sentation est possible au moyen d&rsquo;un \u00e9tablissement, mais \u00e9galement avec un repr\u00e9sentant issu de la Belgique ou d&rsquo;un autre pays. Parmi le quart de PME qui est repr\u00e9sent\u00e9 en dehors de la Belgique, environ 15 % sont repr\u00e9sent\u00e9s dans maximum 5 pays et un peu plus de 10 % dans plus de 6 pays. La taille de l&rsquo;entreprise constitue le facteur principal : plus de la moiti\u00e9 des grandes PME (50-99 travailleurs) sont d\u00e9j\u00e0 repr\u00e9sent\u00e9es \u00e0 l&rsquo;\u00e9tranger.<\/p>\n<p><strong><em>Les PME privil\u00e9gient l&rsquo;Europe et les pays voisins pour leur expansion<\/em><\/strong><\/p>\n<p>Vassilios Skarlidis, Directeur R\u00e9gional PME aupr\u00e8s de SD Worx confirme : <em>\u00ab Les PME privil\u00e9gient souvent nos pays voisins pour commencer leur expansion et affectionnent \u00e9galement le reste de l&rsquo;Europe. Il est frappant de constater que des entreprises issues de tous les secteurs possibles s&rsquo;internationalisent. \u00bb<\/em><\/p>\n<p>Un quart des PME interrog\u00e9es (25,1 %) indiquent que le manque de clart\u00e9 de la l\u00e9gislation locale par rapport \u00e0 l&#8217;emploi et aux obligations en mati\u00e8re de s\u00e9curit\u00e9 sociale constitue la pierre d&rsquo;achoppement principale \u00e0 l&rsquo;expansion vers de nouveaux march\u00e9s. Pour 6 % d&rsquo;entre elles, l&rsquo;imposition n&rsquo;est pas claire non plus.<br \/>\nDonn\u00e9e \u00e9tonnante : 15,5 % des PME indiquent qu&rsquo;elles ne trouvent pas les profils (locaux) adapt\u00e9s et \u00e0 peine 1,2 % \u00e9nonce des raisons financi\u00e8res comme obstacles.<br \/>\n\ufffc<br \/>\n<strong><em>\ufffcAugmentation des PME qui disposent d&rsquo;un \u00e9tablissement avec du personnel \u00e0 l&rsquo;\u00e9tranger<\/em><\/strong><\/p>\n<p>En comparaison avec 2016, nous constatons une augmentation des PME disposant d&rsquo;un \u00e9tablissement \u00e0 l&rsquo;\u00e9tranger, passant de 5,4 % \u00e0 8,3 %. Cette m\u00e9thode ne constitue pas le seul moyen de se d\u00e9velopper \u00e0 l&rsquo;\u00e9tranger.<br \/>\n<em>\u00ab Il existe diff\u00e9rentes m\u00e9thodes pour mettre en \u0153uvre une croissance internationale. Une entreprise\/un employeur belge peut d&rsquo;une part employer des collaborateurs locaux qui travaillent sur place (\u00e0 l&rsquo;\u00e9tranger) ou d&rsquo;autre part envoyer un travailleur belge \u00e0 l&rsquo;\u00e9tranger de mani\u00e8re temporaire. Enfin, un travailleur belge ou \u00e9tranger peut \u00e9galement exercer des activit\u00e9s en Belgique et dans d&rsquo;autres pays (fractionnement de salaire, d\u00e9tachement) \u00bb<\/em>.<\/p>\n<p><em>\u00ab Il est indispensable de bien guider nos PME par rapport \u00e0 leur obstacle le plus important : \u00e0 savoir l&rsquo;application correcte de la r\u00e8glementation locale et internationale par rapport \u00e0 l&#8217;emploi en mati\u00e8re de s\u00e9curit\u00e9 sociale, de droit du travail et de droit fiscal. L&rsquo;\u00e9laboration d&rsquo;un contrat de travail \u00e0 l&rsquo;\u00e9tranger peut se faire facilement, mais il est n\u00e9cessaire d&rsquo;y accorder une attention particuli\u00e8re, qui est \u00e9galement de mise pour la modification du contrat de travail existant. Pour un payroll local, il est pr\u00e9f\u00e9rable de pr\u00e9voir un d\u00e9lai de mise en \u0153uvre moyen de huit semaines : pour la demande d&rsquo;informations n\u00e9cessaires, les inscriptions sp\u00e9cifiques aupr\u00e8s des instances publiques et le premier calcul de paie. Si aucun payroll n&rsquo;est n\u00e9cessaire, l&#8217;emploi \u00e0 l&rsquo;\u00e9tranger peut d\u00e9buter plus rapidement. \u00bb<\/em><\/p>\n<p>Haemers Technologies est une soci\u00e9t\u00e9 belge, qui d\u00e9veloppe de nouvelles comp\u00e9tences et techniques dans le domaine de l&rsquo;assainissement des sols par d\u00e9sorption thermique in situ et on site. Les bureaux sont situ\u00e9s \u00e0 Bruxelles 1120 mais leurs activit\u00e9s, en pleine croissance, se d\u00e9roulent dans le monde entier.<br \/>\nNadia Leroy, HR Manager t\u00e9moigne des d\u00e9fis : <em>\u00ab Nous sommes une PME en pleine expansion, l\u2019\u00e9quipe compos\u00e9e de 6 personnes au 1er semestre 2016 est pass\u00e9e \u00e0 plus de 50 \u00e0 ce jour. Nos chantiers se trouvent actuellement en Italie, en France, en Chine et nous d\u00e9marrons \u00e0 Singapour. Nous contribuons \u00e0 d\u00e9polluer la<\/em><br \/>\n<em> plan\u00e8te. Jusqu\u2019\u00e0 pr\u00e9sent je m\u2019occupe seule de toutes les formalit\u00e9s HR, soutenue par notre secr\u00e9tariat social\u00a0pour certaines questions. Il s&rsquo;agit de\u00a0faire un audit de nos proc\u00e9dures afin de les challenger au niveau de th\u00e9matiques telles que : la flexibilit\u00e9 des heures de travail, les nouveaux r\u00e9gimes de travail, etc &#8230;. Notre \u00e9quipe est compos\u00e9e pour moiti\u00e9 d\u2019ing\u00e9nieurs qui sont amen\u00e9s \u00e0 se rendre sur nos chantiers de 1 jour \u00e0 2 mois &#8230; \u00bb<\/em><br \/>\nElle poursuit : <em>\u00ab\u00a0C\u2019est tr\u00e8s complexe et diff\u00e8rent d\u2019un pays \u00e0 un autre. Nous devons d\u2019une part assurez leur s\u00e9curit\u00e9 et d\u2019autre part la l\u00e9galit\u00e9. Les informations ne sont pas faciles \u00e0 trouver.Saviez-vous par exemple, qu\u2019outre le formulaire classique de d\u00e9tachement, tout employeur \u00e9tabli hors de France qui pr\u00e9voit d\u2019effectuer une prestation de service sur le territoire fran\u00e7ais, m\u00eame pour une journ\u00e9e, doit transmettre une d\u00e9claration pr\u00e9alable de d\u00e9tachement \u00e0 l\u2019inspection du travail ? Gare aux amendes sal\u00e9es&#8230;\u00a0\u00bb.<\/em><\/p>\n<p>En ce qui concerne les fournisseurs, clients, importations et exportations \u00e0 l&rsquo;\u00e9chelle internationale, les pourcentages restent plus ou moins similaires \u00e0 la situation d&rsquo;il y a trois ans. Une tendance se dessine \ufffctout de m\u00eame : plus l&rsquo;entreprise est grande, plus l&rsquo;activit\u00e9 internationale est grande. Une PME de 50- 99 travailleurs sur trois affirme par exemple disposer d&rsquo;un \u00e9tablissement avec du personnel \u00e0 l&rsquo;\u00e9tranger.<\/p>\n<p><em>Source: SD Worx<\/em><\/p>\n","protected":false},"excerpt":{"rendered":"<p>Environ une PME belge sur huit (13,1 %) souhaite se d\u00e9velopper \u00e0 l&rsquo;\u00e9chelle l&rsquo;internationale au cours des quatre prochaines ann\u00e9es : 6,1 % souhaitent engager du personnel \u00e0 cet effet ; 7,0 % veulent entreprendre ce changement avec l&rsquo;effectif du [&hellip;]<\/p>\n","protected":false},"author":2,"featured_media":0,"comment_status":"closed","ping_status":"open","sticky":false,"template":"","format":"standard","meta":[],"categories":[65,10],"tags":[2524,2523,2525,2519,27,1956],"yoast_head":"<!-- This site is optimized with the Yoast SEO plugin v21.0 - https:\/\/yoast.com\/wordpress\/plugins\/seo\/ -->\n<title>La complexit\u00e9 de la l\u00e9gislation sociale semble freiner les ambitions internationales de nos entreprises en croissance. - Peoplesphere<\/title>\n<meta name=\"robots\" content=\"index, follow, max-snippet:-1, max-image-preview:large, max-video-preview:-1\" \/>\n<link rel=\"canonical\" href=\"https:\/\/peoplesphere.be\/fr\/complexite-de-legislation-sociale-semble-freiner-ambitions-internationales-de-nos-entreprises-croissance\/\" \/>\n<meta property=\"og:locale\" content=\"fr_FR\" \/>\n<meta property=\"og:type\" content=\"article\" \/>\n<meta property=\"og:title\" content=\"La complexit\u00e9 de la l\u00e9gislation sociale semble freiner les ambitions internationales de nos entreprises en croissance. - Peoplesphere\" \/>\n<meta property=\"og:description\" content=\"Environ une PME belge sur huit (13,1 %) souhaite se d\u00e9velopper \u00e0 l&rsquo;\u00e9chelle l&rsquo;internationale au cours des quatre prochaines ann\u00e9es : 6,1 % souhaitent engager du personnel \u00e0 cet effet ; 7,0 % veulent entreprendre ce changement avec l&rsquo;effectif du [&hellip;]\" \/>\n<meta property=\"og:url\" content=\"https:\/\/peoplesphere.be\/fr\/complexite-de-legislation-sociale-semble-freiner-ambitions-internationales-de-nos-entreprises-croissance\/\" \/>\n<meta property=\"og:site_name\" content=\"Peoplesphere\" \/>\n<meta property=\"article:publisher\" content=\"https:\/\/www.facebook.com\/peoplesphere\" \/>\n<meta property=\"article:published_time\" content=\"2019-05-06T08:13:43+00:00\" \/>\n<meta property=\"og:image\" content=\"http:\/\/www.peoplesphere.be\/fr\/wp-content\/uploads\/2016\/07\/facebook-default-posting-1200x628px.jpg\" \/>\n<meta name=\"author\" content=\"Jean-Paul Erhard\" \/>\n<meta name=\"twitter:card\" content=\"summary_large_image\" \/>\n<meta name=\"twitter:creator\" content=\"@PeoplesphereMag\" \/>\n<meta name=\"twitter:site\" content=\"@PeoplesphereMag\" \/>\n<meta name=\"twitter:label1\" content=\"\u00c9crit par\" \/>\n\t<meta name=\"twitter:data1\" content=\"Jean-Paul Erhard\" \/>\n\t<meta name=\"twitter:label2\" content=\"Dur\u00e9e de lecture estim\u00e9e\" \/>\n\t<meta name=\"twitter:data2\" content=\"5 minutes\" \/>\n<script type=\"application\/ld+json\" class=\"yoast-schema-graph\">{\"@context\":\"https:\/\/schema.org\",\"@graph\":[{\"@type\":\"Article\",\"@id\":\"https:\/\/peoplesphere.be\/fr\/complexite-de-legislation-sociale-semble-freiner-ambitions-internationales-de-nos-entreprises-croissance\/#article\",\"isPartOf\":{\"@id\":\"https:\/\/peoplesphere.be\/fr\/complexite-de-legislation-sociale-semble-freiner-ambitions-internationales-de-nos-entreprises-croissance\/\"},\"author\":{\"name\":\"Jean-Paul Erhard\",\"@id\":\"https:\/\/peoplesphere.be\/fr\/#\/schema\/person\/7976225ff17988604334abb7b3536a7e\"},\"headline\":\"La complexit\u00e9 de la l\u00e9gislation sociale semble freiner les ambitions internationales de nos entreprises en croissance.\",\"datePublished\":\"2019-05-06T08:13:43+00:00\",\"dateModified\":\"2019-05-06T08:13:43+00:00\",\"mainEntityOfPage\":{\"@id\":\"https:\/\/peoplesphere.be\/fr\/complexite-de-legislation-sociale-semble-freiner-ambitions-internationales-de-nos-entreprises-croissance\/\"},\"wordCount\":1046,\"publisher\":{\"@id\":\"https:\/\/peoplesphere.be\/fr\/#organization\"},\"keywords\":[\"complexit\u00e9\",\"d\u00e9veloppement international\",\"Haemers Technologie\",\"l\u00e9gislation sociale\",\"PME\",\"SDWorx\"],\"articleSection\":[\"Actualit\u00e9s\",\"Digital\"],\"inLanguage\":\"fr-FR\"},{\"@type\":\"WebPage\",\"@id\":\"https:\/\/peoplesphere.be\/fr\/complexite-de-legislation-sociale-semble-freiner-ambitions-internationales-de-nos-entreprises-croissance\/\",\"url\":\"https:\/\/peoplesphere.be\/fr\/complexite-de-legislation-sociale-semble-freiner-ambitions-internationales-de-nos-entreprises-croissance\/\",\"name\":\"La complexit\u00e9 de la l\u00e9gislation sociale semble freiner les ambitions internationales de nos entreprises en croissance. - Peoplesphere\",\"isPartOf\":{\"@id\":\"https:\/\/peoplesphere.be\/fr\/#website\"},\"datePublished\":\"2019-05-06T08:13:43+00:00\",\"dateModified\":\"2019-05-06T08:13:43+00:00\",\"breadcrumb\":{\"@id\":\"https:\/\/peoplesphere.be\/fr\/complexite-de-legislation-sociale-semble-freiner-ambitions-internationales-de-nos-entreprises-croissance\/#breadcrumb\"},\"inLanguage\":\"fr-FR\",\"potentialAction\":[{\"@type\":\"ReadAction\",\"target\":[\"https:\/\/peoplesphere.be\/fr\/complexite-de-legislation-sociale-semble-freiner-ambitions-internationales-de-nos-entreprises-croissance\/\"]}]},{\"@type\":\"BreadcrumbList\",\"@id\":\"https:\/\/peoplesphere.be\/fr\/complexite-de-legislation-sociale-semble-freiner-ambitions-internationales-de-nos-entreprises-croissance\/#breadcrumb\",\"itemListElement\":[{\"@type\":\"ListItem\",\"position\":1,\"name\":\"Accueil\",\"item\":\"https:\/\/peoplesphere.be\/fr\/\"},{\"@type\":\"ListItem\",\"position\":2,\"name\":\"La complexit\u00e9 de la l\u00e9gislation sociale semble freiner les ambitions internationales de nos entreprises en croissance.\"}]},{\"@type\":\"WebSite\",\"@id\":\"https:\/\/peoplesphere.be\/fr\/#website\",\"url\":\"https:\/\/peoplesphere.be\/fr\/\",\"name\":\"Peoplesphere\",\"description\":\"The People Managers Magazine\",\"publisher\":{\"@id\":\"https:\/\/peoplesphere.be\/fr\/#organization\"},\"potentialAction\":[{\"@type\":\"SearchAction\",\"target\":{\"@type\":\"EntryPoint\",\"urlTemplate\":\"https:\/\/peoplesphere.be\/fr\/?s={search_term_string}\"},\"query-input\":\"required name=search_term_string\"}],\"inLanguage\":\"fr-FR\"},{\"@type\":\"Organization\",\"@id\":\"https:\/\/peoplesphere.be\/fr\/#organization\",\"name\":\"Peoplesphere Company srl\",\"url\":\"https:\/\/peoplesphere.be\/fr\/\",\"logo\":{\"@type\":\"ImageObject\",\"inLanguage\":\"fr-FR\",\"@id\":\"https:\/\/peoplesphere.be\/fr\/#\/schema\/logo\/image\/\",\"url\":\"https:\/\/peoplesphere.be\/fr\/wp-content\/uploads\/2023\/07\/peoplesphere-lgo-new-generik.jpg\",\"contentUrl\":\"https:\/\/peoplesphere.be\/fr\/wp-content\/uploads\/2023\/07\/peoplesphere-lgo-new-generik.jpg\",\"width\":1031,\"height\":1479,\"caption\":\"Peoplesphere Company srl\"},\"image\":{\"@id\":\"https:\/\/peoplesphere.be\/fr\/#\/schema\/logo\/image\/\"},\"sameAs\":[\"https:\/\/www.facebook.com\/peoplesphere\",\"https:\/\/twitter.com\/PeoplesphereMag\",\"https:\/\/www.linkedin.com\/company\/7587361?trk\",\"http:\/\/youtube.com\/peoplesphere\"]},{\"@type\":\"Person\",\"@id\":\"https:\/\/peoplesphere.be\/fr\/#\/schema\/person\/7976225ff17988604334abb7b3536a7e\",\"name\":\"Jean-Paul Erhard\",\"image\":{\"@type\":\"ImageObject\",\"inLanguage\":\"fr-FR\",\"@id\":\"https:\/\/peoplesphere.be\/fr\/#\/schema\/person\/image\/\",\"url\":\"https:\/\/secure.gravatar.com\/avatar\/f941e681460179738071629a51574930?s=96&d=mm&r=g\",\"contentUrl\":\"https:\/\/secure.gravatar.com\/avatar\/f941e681460179738071629a51574930?s=96&d=mm&r=g\",\"caption\":\"Jean-Paul Erhard\"},\"url\":\"https:\/\/peoplesphere.be\/fr\/author\/jpe\/\"}]}<\/script>\n<!-- \/ Yoast SEO plugin. -->","yoast_head_json":{"title":"La complexit\u00e9 de la l\u00e9gislation sociale semble freiner les ambitions internationales de nos entreprises en croissance. - Peoplesphere","robots":{"index":"index","follow":"follow","max-snippet":"max-snippet:-1","max-image-preview":"max-image-preview:large","max-video-preview":"max-video-preview:-1"},"canonical":"https:\/\/peoplesphere.be\/fr\/complexite-de-legislation-sociale-semble-freiner-ambitions-internationales-de-nos-entreprises-croissance\/","og_locale":"fr_FR","og_type":"article","og_title":"La complexit\u00e9 de la l\u00e9gislation sociale semble freiner les ambitions internationales de nos entreprises en croissance. - Peoplesphere","og_description":"Environ une PME belge sur huit (13,1 %) souhaite se d\u00e9velopper \u00e0 l&rsquo;\u00e9chelle l&rsquo;internationale au cours des quatre prochaines ann\u00e9es : 6,1 % souhaitent engager du personnel \u00e0 cet effet ; 7,0 % veulent entreprendre ce changement avec l&rsquo;effectif du [&hellip;]","og_url":"https:\/\/peoplesphere.be\/fr\/complexite-de-legislation-sociale-semble-freiner-ambitions-internationales-de-nos-entreprises-croissance\/","og_site_name":"Peoplesphere","article_publisher":"https:\/\/www.facebook.com\/peoplesphere","article_published_time":"2019-05-06T08:13:43+00:00","og_image":[{"url":"http:\/\/www.peoplesphere.be\/fr\/wp-content\/uploads\/2016\/07\/facebook-default-posting-1200x628px.jpg"}],"author":"Jean-Paul Erhard","twitter_card":"summary_large_image","twitter_creator":"@PeoplesphereMag","twitter_site":"@PeoplesphereMag","twitter_misc":{"\u00c9crit par":"Jean-Paul Erhard","Dur\u00e9e de lecture estim\u00e9e":"5 minutes"},"schema":{"@context":"https:\/\/schema.org","@graph":[{"@type":"Article","@id":"https:\/\/peoplesphere.be\/fr\/complexite-de-legislation-sociale-semble-freiner-ambitions-internationales-de-nos-entreprises-croissance\/#article","isPartOf":{"@id":"https:\/\/peoplesphere.be\/fr\/complexite-de-legislation-sociale-semble-freiner-ambitions-internationales-de-nos-entreprises-croissance\/"},"author":{"name":"Jean-Paul Erhard","@id":"https:\/\/peoplesphere.be\/fr\/#\/schema\/person\/7976225ff17988604334abb7b3536a7e"},"headline":"La complexit\u00e9 de la l\u00e9gislation sociale semble freiner les ambitions internationales de nos entreprises en croissance.","datePublished":"2019-05-06T08:13:43+00:00","dateModified":"2019-05-06T08:13:43+00:00","mainEntityOfPage":{"@id":"https:\/\/peoplesphere.be\/fr\/complexite-de-legislation-sociale-semble-freiner-ambitions-internationales-de-nos-entreprises-croissance\/"},"wordCount":1046,"publisher":{"@id":"https:\/\/peoplesphere.be\/fr\/#organization"},"keywords":["complexit\u00e9","d\u00e9veloppement international","Haemers Technologie","l\u00e9gislation sociale","PME","SDWorx"],"articleSection":["Actualit\u00e9s","Digital"],"inLanguage":"fr-FR"},{"@type":"WebPage","@id":"https:\/\/peoplesphere.be\/fr\/complexite-de-legislation-sociale-semble-freiner-ambitions-internationales-de-nos-entreprises-croissance\/","url":"https:\/\/peoplesphere.be\/fr\/complexite-de-legislation-sociale-semble-freiner-ambitions-internationales-de-nos-entreprises-croissance\/","name":"La complexit\u00e9 de la l\u00e9gislation sociale semble freiner les ambitions internationales de nos entreprises en croissance. - Peoplesphere","isPartOf":{"@id":"https:\/\/peoplesphere.be\/fr\/#website"},"datePublished":"2019-05-06T08:13:43+00:00","dateModified":"2019-05-06T08:13:43+00:00","breadcrumb":{"@id":"https:\/\/peoplesphere.be\/fr\/complexite-de-legislation-sociale-semble-freiner-ambitions-internationales-de-nos-entreprises-croissance\/#breadcrumb"},"inLanguage":"fr-FR","potentialAction":[{"@type":"ReadAction","target":["https:\/\/peoplesphere.be\/fr\/complexite-de-legislation-sociale-semble-freiner-ambitions-internationales-de-nos-entreprises-croissance\/"]}]},{"@type":"BreadcrumbList","@id":"https:\/\/peoplesphere.be\/fr\/complexite-de-legislation-sociale-semble-freiner-ambitions-internationales-de-nos-entreprises-croissance\/#breadcrumb","itemListElement":[{"@type":"ListItem","position":1,"name":"Accueil","item":"https:\/\/peoplesphere.be\/fr\/"},{"@type":"ListItem","position":2,"name":"La complexit\u00e9 de la l\u00e9gislation sociale semble freiner les ambitions internationales de nos entreprises en croissance."}]},{"@type":"WebSite","@id":"https:\/\/peoplesphere.be\/fr\/#website","url":"https:\/\/peoplesphere.be\/fr\/","name":"Peoplesphere","description":"The People Managers Magazine","publisher":{"@id":"https:\/\/peoplesphere.be\/fr\/#organization"},"potentialAction":[{"@type":"SearchAction","target":{"@type":"EntryPoint","urlTemplate":"https:\/\/peoplesphere.be\/fr\/?s={search_term_string}"},"query-input":"required name=search_term_string"}],"inLanguage":"fr-FR"},{"@type":"Organization","@id":"https:\/\/peoplesphere.be\/fr\/#organization","name":"Peoplesphere Company srl","url":"https:\/\/peoplesphere.be\/fr\/","logo":{"@type":"ImageObject","inLanguage":"fr-FR","@id":"https:\/\/peoplesphere.be\/fr\/#\/schema\/logo\/image\/","url":"https:\/\/peoplesphere.be\/fr\/wp-content\/uploads\/2023\/07\/peoplesphere-lgo-new-generik.jpg","contentUrl":"https:\/\/peoplesphere.be\/fr\/wp-content\/uploads\/2023\/07\/peoplesphere-lgo-new-generik.jpg","width":1031,"height":1479,"caption":"Peoplesphere Company srl"},"image":{"@id":"https:\/\/peoplesphere.be\/fr\/#\/schema\/logo\/image\/"},"sameAs":["https:\/\/www.facebook.com\/peoplesphere","https:\/\/twitter.com\/PeoplesphereMag","https:\/\/www.linkedin.com\/company\/7587361?trk","http:\/\/youtube.com\/peoplesphere"]},{"@type":"Person","@id":"https:\/\/peoplesphere.be\/fr\/#\/schema\/person\/7976225ff17988604334abb7b3536a7e","name":"Jean-Paul Erhard","image":{"@type":"ImageObject","inLanguage":"fr-FR","@id":"https:\/\/peoplesphere.be\/fr\/#\/schema\/person\/image\/","url":"https:\/\/secure.gravatar.com\/avatar\/f941e681460179738071629a51574930?s=96&d=mm&r=g","contentUrl":"https:\/\/secure.gravatar.com\/avatar\/f941e681460179738071629a51574930?s=96&d=mm&r=g","caption":"Jean-Paul Erhard"},"url":"https:\/\/peoplesphere.be\/fr\/author\/jpe\/"}]}},"_links":{"self":[{"href":"https:\/\/peoplesphere.be\/fr\/wp-json\/wp\/v2\/posts\/7736"}],"collection":[{"href":"https:\/\/peoplesphere.be\/fr\/wp-json\/wp\/v2\/posts"}],"about":[{"href":"https:\/\/peoplesphere.be\/fr\/wp-json\/wp\/v2\/types\/post"}],"author":[{"embeddable":true,"href":"https:\/\/peoplesphere.be\/fr\/wp-json\/wp\/v2\/users\/2"}],"replies":[{"embeddable":true,"href":"https:\/\/peoplesphere.be\/fr\/wp-json\/wp\/v2\/comments?post=7736"}],"version-history":[{"count":1,"href":"https:\/\/peoplesphere.be\/fr\/wp-json\/wp\/v2\/posts\/7736\/revisions"}],"predecessor-version":[{"id":7737,"href":"https:\/\/peoplesphere.be\/fr\/wp-json\/wp\/v2\/posts\/7736\/revisions\/7737"}],"wp:attachment":[{"href":"https:\/\/peoplesphere.be\/fr\/wp-json\/wp\/v2\/media?parent=7736"}],"wp:term":[{"taxonomy":"category","embeddable":true,"href":"https:\/\/peoplesphere.be\/fr\/wp-json\/wp\/v2\/categories?post=7736"},{"taxonomy":"post_tag","embeddable":true,"href":"https:\/\/peoplesphere.be\/fr\/wp-json\/wp\/v2\/tags?post=7736"}],"curies":[{"name":"wp","href":"https:\/\/api.w.org\/{rel}","templated":true}]}}