









{"id":7769,"date":"2019-05-12T10:22:57","date_gmt":"2019-05-12T08:22:57","guid":{"rendered":"http:\/\/www.peoplesphere.be\/fr\/?p=7769"},"modified":"2019-05-12T10:22:57","modified_gmt":"2019-05-12T08:22:57","slug":"heures-supp-ne-simplement-compensees-pres-de-25-travailleurs","status":"publish","type":"post","link":"https:\/\/peoplesphere.be\/fr\/heures-supp-ne-simplement-compensees-pres-de-25-travailleurs\/","title":{"rendered":"Les heures supp&rsquo; ne sont tout simplement pas compens\u00e9es pour pr\u00e8s de 25% des travailleurs."},"content":{"rendered":"<p>Selon une \u00e9tude men\u00e9e par la soci\u00e9t\u00e9 Protime, plus de la moiti\u00e9 (54%) des travailleurs actifs en Belgique francophone n\u2019ont g\u00e9n\u00e9ralement pas le temps de s\u2019acquitter de toutes leurs t\u00e2ches. Pour terminer leur travail, ils sont souvent dans l\u2019obligation de prester des heures suppl\u00e9mentaires qui, dans 23% des cas, ne sont pas compens\u00e9es. Plus de la moiti\u00e9 des travailleurs (52%) sont demandeurs de davantage de transparence dans leur emploi du temps au travail.<!--more--><\/p>\n<p>Le soir, il vous arrive \u00e0 vous aussi souvent de trier vos e-mails professionnels, car vous n\u2019en avez pas eu le temps pendant la journ\u00e9e ? Vous profitez parfois du week-end pour terminer une t\u00e2che entam\u00e9e pendant la semaine ? Ces deux situations sont famili\u00e8res pour 54% des travailleurs. Ces dernierss font valoir que le temps dont ils disposent pour terminer leurs t\u00e2ches est souvent insuffisant. Cette perception est plus fr\u00e9quente chez les travailleurs de moins de 34 ans (58%) que chez les 50+ (49%).<\/p>\n<p>Par ailleurs, les heures suppl\u00e9mentaires qu\u2019ils prestent ne sont pas toujours compens\u00e9es. Pr\u00e8s du quart des r\u00e9pondants (23%) indiquent qu\u2019ils ne re\u00e7oivent rien en \u00e9change de ce travail suppl\u00e9mentaire. Ils sont 22% \u00e0 \u00eatre pay\u00e9s pour ces heures suppl\u00e9mentaires et 55% \u00e0 b\u00e9n\u00e9ficier d\u2019une compensation \u2018temps pour temps\u2019. Ces derniers choisissent de compenser ult\u00e9rieurement leurs heures suppl\u00e9mentaires sous forme de jours de cong\u00e9 additionnels.<\/p>\n<p><strong><em>Davantage de transparence dans les heures prest\u00e9es<\/em><\/strong><\/p>\n<p>Les r\u00e9pondants ont en outre \u00e9t\u00e9 invit\u00e9s \u00e0 indiquer si leur pr\u00e9sence au travail et leurs heures prest\u00e9es sont enregistr\u00e9es. Ce n\u2019est le cas que pour 34% d\u2019entre eux. Seule la pr\u00e9sence est enregistr\u00e9e chez 23% des r\u00e9pondants et seules les heures prest\u00e9es pour 16% d\u2019entre eux. Dans pr\u00e8s de 20% des cas, aucun enregistrement n\u2019a lieu, de sorte qu\u2019il est impossible pour ces travailleurs de savoir combien d\u2019heures suppl\u00e9mentaires ont \u00e9t\u00e9 prest\u00e9es.<\/p>\n<p>Plus de la moiti\u00e9 (52%) des travailleurs d\u00e9plorent cette situation et sont demandeurs de davantage de transparence dans la gestion du temps consacr\u00e9 \u00e0 leurs diff\u00e9rentes t\u00e2ches.<\/p>\n<p><em>\u00ab Les travailleurs qui prestent syst\u00e9matiquement des heures suppl\u00e9mentaires courent le risque de d\u00e9passer leurs limites. Ces exc\u00e8s mettent aussi en p\u00e9ril leur \u00e9quilibre priv\u00e9\/professionnel, car ils ne s\u2019accordent pas les plages de repos requises en dehors du travail. Avec davantage de transparence sur les heures prest\u00e9es, ces travailleurs pourraient mieux g\u00e9rer leur charge de travail. Les travailleurs ont tout \u00e0 gagner dans ce domaine, car leur travail n\u2019en sera que plus supportable \u00bb,<\/em> conclut Sophie Henrion, porte-parole de Protime.<\/p>\n<p><em>Source : Cette \u00e9tude a \u00e9t\u00e9 r\u00e9alis\u00e9e via internet par le bureau d\u2019\u00e9tudes MarktEffect pour le compte de Protime. Quelque 1.023 travailleurs francophones belges ont r\u00e9pondu au questionnaire entre le 5 et le 19 septembre 2018. Ces r\u00e9pondants composent un \u00e9chantillon repr\u00e9sentatif de la population active de la Belgique francophone. Ils sont \u00e2g\u00e9s de 18 \u00e0 65 ans et se r\u00e9partissent \u00e9quitablement entre tous les secteurs. La marge d\u2019erreur maximale est de 3,1%.<\/em><\/p>\n","protected":false},"excerpt":{"rendered":"<p>Selon une \u00e9tude men\u00e9e par la soci\u00e9t\u00e9 Protime, plus de la moiti\u00e9 (54%) des travailleurs actifs en Belgique francophone n\u2019ont g\u00e9n\u00e9ralement pas le temps de s\u2019acquitter de toutes leurs t\u00e2ches. Pour terminer leur travail, ils sont souvent dans l\u2019obligation de [&hellip;]<\/p>\n","protected":false},"author":2,"featured_media":0,"comment_status":"closed","ping_status":"open","sticky":false,"template":"","format":"standard","meta":[],"categories":[65,10],"tags":[647,915,2370,39],"yoast_head":"<!-- This site is optimized with the Yoast SEO plugin v21.0 - https:\/\/yoast.com\/wordpress\/plugins\/seo\/ -->\n<title>Les heures supp&#039; ne sont tout simplement pas compens\u00e9es pour pr\u00e8s de 25% des travailleurs. - Peoplesphere<\/title>\n<meta name=\"robots\" content=\"index, follow, max-snippet:-1, max-image-preview:large, max-video-preview:-1\" \/>\n<link rel=\"canonical\" href=\"https:\/\/peoplesphere.be\/fr\/heures-supp-ne-simplement-compensees-pres-de-25-travailleurs\/\" \/>\n<meta property=\"og:locale\" content=\"fr_FR\" \/>\n<meta property=\"og:type\" content=\"article\" \/>\n<meta property=\"og:title\" content=\"Les heures supp&#039; ne sont tout simplement pas compens\u00e9es pour pr\u00e8s de 25% des travailleurs. - Peoplesphere\" \/>\n<meta property=\"og:description\" content=\"Selon une \u00e9tude men\u00e9e par la soci\u00e9t\u00e9 Protime, plus de la moiti\u00e9 (54%) des travailleurs actifs en Belgique francophone n\u2019ont g\u00e9n\u00e9ralement pas le temps de s\u2019acquitter de toutes leurs t\u00e2ches. Pour terminer leur travail, ils sont souvent dans l\u2019obligation de [&hellip;]\" \/>\n<meta property=\"og:url\" content=\"https:\/\/peoplesphere.be\/fr\/heures-supp-ne-simplement-compensees-pres-de-25-travailleurs\/\" \/>\n<meta property=\"og:site_name\" content=\"Peoplesphere\" \/>\n<meta property=\"article:publisher\" content=\"https:\/\/www.facebook.com\/peoplesphere\" \/>\n<meta property=\"article:published_time\" content=\"2019-05-12T08:22:57+00:00\" \/>\n<meta property=\"og:image\" content=\"http:\/\/www.peoplesphere.be\/fr\/wp-content\/uploads\/2016\/07\/facebook-default-posting-1200x628px.jpg\" \/>\n<meta name=\"author\" content=\"Jean-Paul Erhard\" \/>\n<meta name=\"twitter:card\" content=\"summary_large_image\" \/>\n<meta name=\"twitter:creator\" content=\"@PeoplesphereMag\" \/>\n<meta name=\"twitter:site\" content=\"@PeoplesphereMag\" \/>\n<meta name=\"twitter:label1\" content=\"\u00c9crit par\" \/>\n\t<meta name=\"twitter:data1\" content=\"Jean-Paul Erhard\" \/>\n\t<meta name=\"twitter:label2\" content=\"Dur\u00e9e de lecture estim\u00e9e\" \/>\n\t<meta name=\"twitter:data2\" content=\"3 minutes\" \/>\n<script type=\"application\/ld+json\" class=\"yoast-schema-graph\">{\"@context\":\"https:\/\/schema.org\",\"@graph\":[{\"@type\":\"Article\",\"@id\":\"https:\/\/peoplesphere.be\/fr\/heures-supp-ne-simplement-compensees-pres-de-25-travailleurs\/#article\",\"isPartOf\":{\"@id\":\"https:\/\/peoplesphere.be\/fr\/heures-supp-ne-simplement-compensees-pres-de-25-travailleurs\/\"},\"author\":{\"name\":\"Jean-Paul Erhard\",\"@id\":\"https:\/\/peoplesphere.be\/fr\/#\/schema\/person\/7976225ff17988604334abb7b3536a7e\"},\"headline\":\"Les heures supp&rsquo; ne sont tout simplement pas compens\u00e9es pour pr\u00e8s de 25% des travailleurs.\",\"datePublished\":\"2019-05-12T08:22:57+00:00\",\"dateModified\":\"2019-05-12T08:22:57+00:00\",\"mainEntityOfPage\":{\"@id\":\"https:\/\/peoplesphere.be\/fr\/heures-supp-ne-simplement-compensees-pres-de-25-travailleurs\/\"},\"wordCount\":536,\"publisher\":{\"@id\":\"https:\/\/peoplesphere.be\/fr\/#organization\"},\"keywords\":[\"\u00e9quilibre priv\u00e9\/professionnel\",\"heures suppl\u00e9mentaires\",\"protime\",\"temps de travail\"],\"articleSection\":[\"Actualit\u00e9s\",\"Digital\"],\"inLanguage\":\"fr-FR\"},{\"@type\":\"WebPage\",\"@id\":\"https:\/\/peoplesphere.be\/fr\/heures-supp-ne-simplement-compensees-pres-de-25-travailleurs\/\",\"url\":\"https:\/\/peoplesphere.be\/fr\/heures-supp-ne-simplement-compensees-pres-de-25-travailleurs\/\",\"name\":\"Les heures supp' ne sont tout simplement pas compens\u00e9es pour pr\u00e8s de 25% des travailleurs. - Peoplesphere\",\"isPartOf\":{\"@id\":\"https:\/\/peoplesphere.be\/fr\/#website\"},\"datePublished\":\"2019-05-12T08:22:57+00:00\",\"dateModified\":\"2019-05-12T08:22:57+00:00\",\"breadcrumb\":{\"@id\":\"https:\/\/peoplesphere.be\/fr\/heures-supp-ne-simplement-compensees-pres-de-25-travailleurs\/#breadcrumb\"},\"inLanguage\":\"fr-FR\",\"potentialAction\":[{\"@type\":\"ReadAction\",\"target\":[\"https:\/\/peoplesphere.be\/fr\/heures-supp-ne-simplement-compensees-pres-de-25-travailleurs\/\"]}]},{\"@type\":\"BreadcrumbList\",\"@id\":\"https:\/\/peoplesphere.be\/fr\/heures-supp-ne-simplement-compensees-pres-de-25-travailleurs\/#breadcrumb\",\"itemListElement\":[{\"@type\":\"ListItem\",\"position\":1,\"name\":\"Accueil\",\"item\":\"https:\/\/peoplesphere.be\/fr\/\"},{\"@type\":\"ListItem\",\"position\":2,\"name\":\"Les heures supp&rsquo; ne sont tout simplement pas compens\u00e9es pour pr\u00e8s de 25% des travailleurs.\"}]},{\"@type\":\"WebSite\",\"@id\":\"https:\/\/peoplesphere.be\/fr\/#website\",\"url\":\"https:\/\/peoplesphere.be\/fr\/\",\"name\":\"Peoplesphere\",\"description\":\"The People Managers Magazine\",\"publisher\":{\"@id\":\"https:\/\/peoplesphere.be\/fr\/#organization\"},\"potentialAction\":[{\"@type\":\"SearchAction\",\"target\":{\"@type\":\"EntryPoint\",\"urlTemplate\":\"https:\/\/peoplesphere.be\/fr\/?s={search_term_string}\"},\"query-input\":\"required name=search_term_string\"}],\"inLanguage\":\"fr-FR\"},{\"@type\":\"Organization\",\"@id\":\"https:\/\/peoplesphere.be\/fr\/#organization\",\"name\":\"Peoplesphere Company srl\",\"url\":\"https:\/\/peoplesphere.be\/fr\/\",\"logo\":{\"@type\":\"ImageObject\",\"inLanguage\":\"fr-FR\",\"@id\":\"https:\/\/peoplesphere.be\/fr\/#\/schema\/logo\/image\/\",\"url\":\"https:\/\/peoplesphere.be\/fr\/wp-content\/uploads\/2023\/07\/peoplesphere-lgo-new-generik.jpg\",\"contentUrl\":\"https:\/\/peoplesphere.be\/fr\/wp-content\/uploads\/2023\/07\/peoplesphere-lgo-new-generik.jpg\",\"width\":1031,\"height\":1479,\"caption\":\"Peoplesphere Company srl\"},\"image\":{\"@id\":\"https:\/\/peoplesphere.be\/fr\/#\/schema\/logo\/image\/\"},\"sameAs\":[\"https:\/\/www.facebook.com\/peoplesphere\",\"https:\/\/twitter.com\/PeoplesphereMag\",\"https:\/\/www.linkedin.com\/company\/7587361?trk\",\"http:\/\/youtube.com\/peoplesphere\"]},{\"@type\":\"Person\",\"@id\":\"https:\/\/peoplesphere.be\/fr\/#\/schema\/person\/7976225ff17988604334abb7b3536a7e\",\"name\":\"Jean-Paul Erhard\",\"image\":{\"@type\":\"ImageObject\",\"inLanguage\":\"fr-FR\",\"@id\":\"https:\/\/peoplesphere.be\/fr\/#\/schema\/person\/image\/\",\"url\":\"https:\/\/secure.gravatar.com\/avatar\/f941e681460179738071629a51574930?s=96&d=mm&r=g\",\"contentUrl\":\"https:\/\/secure.gravatar.com\/avatar\/f941e681460179738071629a51574930?s=96&d=mm&r=g\",\"caption\":\"Jean-Paul Erhard\"},\"url\":\"https:\/\/peoplesphere.be\/fr\/author\/jpe\/\"}]}<\/script>\n<!-- \/ Yoast SEO plugin. -->","yoast_head_json":{"title":"Les heures supp' ne sont tout simplement pas compens\u00e9es pour pr\u00e8s de 25% des travailleurs. - Peoplesphere","robots":{"index":"index","follow":"follow","max-snippet":"max-snippet:-1","max-image-preview":"max-image-preview:large","max-video-preview":"max-video-preview:-1"},"canonical":"https:\/\/peoplesphere.be\/fr\/heures-supp-ne-simplement-compensees-pres-de-25-travailleurs\/","og_locale":"fr_FR","og_type":"article","og_title":"Les heures supp' ne sont tout simplement pas compens\u00e9es pour pr\u00e8s de 25% des travailleurs. - Peoplesphere","og_description":"Selon une \u00e9tude men\u00e9e par la soci\u00e9t\u00e9 Protime, plus de la moiti\u00e9 (54%) des travailleurs actifs en Belgique francophone n\u2019ont g\u00e9n\u00e9ralement pas le temps de s\u2019acquitter de toutes leurs t\u00e2ches. Pour terminer leur travail, ils sont souvent dans l\u2019obligation de [&hellip;]","og_url":"https:\/\/peoplesphere.be\/fr\/heures-supp-ne-simplement-compensees-pres-de-25-travailleurs\/","og_site_name":"Peoplesphere","article_publisher":"https:\/\/www.facebook.com\/peoplesphere","article_published_time":"2019-05-12T08:22:57+00:00","og_image":[{"url":"http:\/\/www.peoplesphere.be\/fr\/wp-content\/uploads\/2016\/07\/facebook-default-posting-1200x628px.jpg"}],"author":"Jean-Paul Erhard","twitter_card":"summary_large_image","twitter_creator":"@PeoplesphereMag","twitter_site":"@PeoplesphereMag","twitter_misc":{"\u00c9crit par":"Jean-Paul Erhard","Dur\u00e9e de lecture estim\u00e9e":"3 minutes"},"schema":{"@context":"https:\/\/schema.org","@graph":[{"@type":"Article","@id":"https:\/\/peoplesphere.be\/fr\/heures-supp-ne-simplement-compensees-pres-de-25-travailleurs\/#article","isPartOf":{"@id":"https:\/\/peoplesphere.be\/fr\/heures-supp-ne-simplement-compensees-pres-de-25-travailleurs\/"},"author":{"name":"Jean-Paul Erhard","@id":"https:\/\/peoplesphere.be\/fr\/#\/schema\/person\/7976225ff17988604334abb7b3536a7e"},"headline":"Les heures supp&rsquo; ne sont tout simplement pas compens\u00e9es pour pr\u00e8s de 25% des travailleurs.","datePublished":"2019-05-12T08:22:57+00:00","dateModified":"2019-05-12T08:22:57+00:00","mainEntityOfPage":{"@id":"https:\/\/peoplesphere.be\/fr\/heures-supp-ne-simplement-compensees-pres-de-25-travailleurs\/"},"wordCount":536,"publisher":{"@id":"https:\/\/peoplesphere.be\/fr\/#organization"},"keywords":["\u00e9quilibre priv\u00e9\/professionnel","heures suppl\u00e9mentaires","protime","temps de travail"],"articleSection":["Actualit\u00e9s","Digital"],"inLanguage":"fr-FR"},{"@type":"WebPage","@id":"https:\/\/peoplesphere.be\/fr\/heures-supp-ne-simplement-compensees-pres-de-25-travailleurs\/","url":"https:\/\/peoplesphere.be\/fr\/heures-supp-ne-simplement-compensees-pres-de-25-travailleurs\/","name":"Les heures supp' ne sont tout simplement pas compens\u00e9es pour pr\u00e8s de 25% des travailleurs. - Peoplesphere","isPartOf":{"@id":"https:\/\/peoplesphere.be\/fr\/#website"},"datePublished":"2019-05-12T08:22:57+00:00","dateModified":"2019-05-12T08:22:57+00:00","breadcrumb":{"@id":"https:\/\/peoplesphere.be\/fr\/heures-supp-ne-simplement-compensees-pres-de-25-travailleurs\/#breadcrumb"},"inLanguage":"fr-FR","potentialAction":[{"@type":"ReadAction","target":["https:\/\/peoplesphere.be\/fr\/heures-supp-ne-simplement-compensees-pres-de-25-travailleurs\/"]}]},{"@type":"BreadcrumbList","@id":"https:\/\/peoplesphere.be\/fr\/heures-supp-ne-simplement-compensees-pres-de-25-travailleurs\/#breadcrumb","itemListElement":[{"@type":"ListItem","position":1,"name":"Accueil","item":"https:\/\/peoplesphere.be\/fr\/"},{"@type":"ListItem","position":2,"name":"Les heures supp&rsquo; ne sont tout simplement pas compens\u00e9es pour pr\u00e8s de 25% des travailleurs."}]},{"@type":"WebSite","@id":"https:\/\/peoplesphere.be\/fr\/#website","url":"https:\/\/peoplesphere.be\/fr\/","name":"Peoplesphere","description":"The People Managers Magazine","publisher":{"@id":"https:\/\/peoplesphere.be\/fr\/#organization"},"potentialAction":[{"@type":"SearchAction","target":{"@type":"EntryPoint","urlTemplate":"https:\/\/peoplesphere.be\/fr\/?s={search_term_string}"},"query-input":"required name=search_term_string"}],"inLanguage":"fr-FR"},{"@type":"Organization","@id":"https:\/\/peoplesphere.be\/fr\/#organization","name":"Peoplesphere Company srl","url":"https:\/\/peoplesphere.be\/fr\/","logo":{"@type":"ImageObject","inLanguage":"fr-FR","@id":"https:\/\/peoplesphere.be\/fr\/#\/schema\/logo\/image\/","url":"https:\/\/peoplesphere.be\/fr\/wp-content\/uploads\/2023\/07\/peoplesphere-lgo-new-generik.jpg","contentUrl":"https:\/\/peoplesphere.be\/fr\/wp-content\/uploads\/2023\/07\/peoplesphere-lgo-new-generik.jpg","width":1031,"height":1479,"caption":"Peoplesphere Company srl"},"image":{"@id":"https:\/\/peoplesphere.be\/fr\/#\/schema\/logo\/image\/"},"sameAs":["https:\/\/www.facebook.com\/peoplesphere","https:\/\/twitter.com\/PeoplesphereMag","https:\/\/www.linkedin.com\/company\/7587361?trk","http:\/\/youtube.com\/peoplesphere"]},{"@type":"Person","@id":"https:\/\/peoplesphere.be\/fr\/#\/schema\/person\/7976225ff17988604334abb7b3536a7e","name":"Jean-Paul Erhard","image":{"@type":"ImageObject","inLanguage":"fr-FR","@id":"https:\/\/peoplesphere.be\/fr\/#\/schema\/person\/image\/","url":"https:\/\/secure.gravatar.com\/avatar\/f941e681460179738071629a51574930?s=96&d=mm&r=g","contentUrl":"https:\/\/secure.gravatar.com\/avatar\/f941e681460179738071629a51574930?s=96&d=mm&r=g","caption":"Jean-Paul Erhard"},"url":"https:\/\/peoplesphere.be\/fr\/author\/jpe\/"}]}},"_links":{"self":[{"href":"https:\/\/peoplesphere.be\/fr\/wp-json\/wp\/v2\/posts\/7769"}],"collection":[{"href":"https:\/\/peoplesphere.be\/fr\/wp-json\/wp\/v2\/posts"}],"about":[{"href":"https:\/\/peoplesphere.be\/fr\/wp-json\/wp\/v2\/types\/post"}],"author":[{"embeddable":true,"href":"https:\/\/peoplesphere.be\/fr\/wp-json\/wp\/v2\/users\/2"}],"replies":[{"embeddable":true,"href":"https:\/\/peoplesphere.be\/fr\/wp-json\/wp\/v2\/comments?post=7769"}],"version-history":[{"count":1,"href":"https:\/\/peoplesphere.be\/fr\/wp-json\/wp\/v2\/posts\/7769\/revisions"}],"predecessor-version":[{"id":7770,"href":"https:\/\/peoplesphere.be\/fr\/wp-json\/wp\/v2\/posts\/7769\/revisions\/7770"}],"wp:attachment":[{"href":"https:\/\/peoplesphere.be\/fr\/wp-json\/wp\/v2\/media?parent=7769"}],"wp:term":[{"taxonomy":"category","embeddable":true,"href":"https:\/\/peoplesphere.be\/fr\/wp-json\/wp\/v2\/categories?post=7769"},{"taxonomy":"post_tag","embeddable":true,"href":"https:\/\/peoplesphere.be\/fr\/wp-json\/wp\/v2\/tags?post=7769"}],"curies":[{"name":"wp","href":"https:\/\/api.w.org\/{rel}","templated":true}]}}