









{"id":7788,"date":"2019-05-16T08:08:30","date_gmt":"2019-05-16T06:08:30","guid":{"rendered":"http:\/\/www.peoplesphere.be\/fr\/?p=7788"},"modified":"2019-05-16T08:08:30","modified_gmt":"2019-05-16T06:08:30","slug":"secteur-de-limmobilier-veut-mettre-main-meilleurs-talents","status":"publish","type":"post","link":"https:\/\/peoplesphere.be\/fr\/secteur-de-limmobilier-veut-mettre-main-meilleurs-talents\/","title":{"rendered":"Le secteur de l&rsquo;immobilier veut mettre la main sur les meilleurs talents."},"content":{"rendered":"<p>Le secteur immobilier est \u00e0 la recherche de 200 \u00e9tudiants souhaitant postuler aupr\u00e8s du top belge des entreprises appartenant \u00e0 son \u00e9cosyst\u00e8me.\u00a0La course aux talents qui s&rsquo;annonce semble in\u00e9dite. Il y a en effet des centaines de postes qualifi\u00e9s difficiles \u00e0 pourvoir.<!--more--><\/p>\n<p>Pour la premi\u00e8re fois en Belgique, 200 \u00e9tudiants de derni\u00e8re ann\u00e9e et jeunes dipl\u00f4m\u00e9s vont pourtant avoir l&rsquo;occasion unique de rencontrer le gratin des soci\u00e9t\u00e9s immobili\u00e8res belges. Ce sera lors du congr\u00e8s immobilier Realty, qui aura lieu cet automne \u00e0 Knokke-Heist. Le secteur annonce vouloir attirer les meilleurs talents et promet d&rsquo;accorder une grande attention \u00e0 l&rsquo;ensemble des candidatures qui seront re\u00e7ues. L&rsquo;ann\u00e9e derni\u00e8re, il y a eu plus de 4.300 offres d\u2019emploi pour des profils hautement qualifi\u00e9s, principalement pour des entreprises de construction, des promoteurs et des bureaux d&rsquo;architectes.<\/p>\n<p>Realty lance une initiative novatrice\u00a0dans notre pays: les \u00e9tudiants de derni\u00e8re ann\u00e9e et les jeunes dipl\u00f4m\u00e9s vont avoir la chance de tutoyer les patrons des plus grands acteurs du paysage immobilier. Les jeunes titulaires d\u2019un dipl\u00f4me d\u2019ing\u00e9nieur civil, ing\u00e9nieur architecte, ing\u00e9nieur de gestion, \u00e9conomiste et ing\u00e9nieur industriel peuvent d\u00e9j\u00e0 envoyer leur CV. Lors de l&rsquo;\u00e9v\u00e9nement, les 200 jeunes talents les plus motiv\u00e9s auront l&rsquo;occasion unique de faire impression lors d&rsquo;une s\u00e9ance de questions-r\u00e9ponses, apr\u00e8s quoi ils pourront peut-\u00eatre directement pr\u00e9senter leur candidature. Les CV des jeunes sont transmis \u00e0 l&rsquo;avance aux CEO, qui vont d\u00e9j\u00e0 proc\u00e9der \u00e0 une pr\u00e9s\u00e9lection.<\/p>\n<p><em><strong>Une v\u00e9ritable chasse\u00a0aux talents.<\/strong><\/em><\/p>\n<p>On assiste actuellement \u00e0 une v\u00e9ritable course aux talents dans la construction et l&rsquo;immobilier. Les universit\u00e9s et les hautes \u00e9coles dans le secteur de la construction sont m\u00eame incapables de r\u00e9pondre \u00e0 la forte demande de profils hautement qualifi\u00e9s, selon Realty.\u00a0Chaque ann\u00e9e, seuls 120 jeunes d\u00e9crochent un dipl\u00f4me d&rsquo;ing\u00e9nieur civil en construction.\u00a0<em>\u00ab\u00a0Nous constatons dans tout le secteur immobilier que des centaines de postes hautement qualifi\u00e9s ne sont pas pourvus, ou le sont tr\u00e8s difficilement. Notre initiative a donc pour but d&rsquo;aider \u00e0 la fois les jeunes talents et les chefs d\u2019entreprise \u00e0 trouver l&rsquo;accord parfait. Et c&rsquo;est vraiment n\u00e9cessaire, pour les uns comme pour les autres. En effet, de nombreux jeunes ing\u00e9nieurs veulent s&rsquo;engager dans de beaux projets, mais aussi travailler dans une entreprise citoyenne. Par ailleurs, une course aux talents fait rage sur le march\u00e9 et l&rsquo;offre de nouveaux talents est trop faible, ce qui conduit parfois \u00e0 une inad\u00e9quation,\u00a0\u00bb<\/em> selon\u00a0Mathieu Van Marcke, directeur g\u00e9n\u00e9ral de Realty<\/p>\n<p>Les entreprises cherchent maintenant des personnes qualifi\u00e9es pour plus d&rsquo;un quart des postes vacants du secteur, selon une nouvelle analyse de la Vlaamse Confederatie Bouw (VCB). De d\u00e9but 2018 \u00e0 janvier 2019, le service d&rsquo;\u00e9tudes du VCB a recens\u00e9 4.372 postes vacants pour des profils de l&rsquo;enseignement sup\u00e9rieur. Et on peine \u00e0 les pourvoir.<\/p>\n<p>Dans le secteur, on se f\u00e9licite donc des initiatives encourageant les jeunes \u00e0 poursuivre une carri\u00e8re dans le secteur immobilier, telles que les s\u00e9ances REworks que Realty organise le vendredi 20 septembre.\u00a0<em>\u00ab\u00a0Dans le secteur de la construction, 16.000 postes sont vacants. Le secteur est donc vraiment en qu\u00eate de jeunes talents. L&rsquo;avantage est que notre secteur \u00e9volue rapidement, qu&rsquo;il se num\u00e9rise \u00e0 un rythme \u00e9lev\u00e9 et qu&rsquo;il devient donc aussi plus attrayant pour les jeunes. Ceux et celles qui sont conscients de l\u2019urgence climatique ont tout int\u00e9r\u00eat \u00e0 venir travailler dans la construction. Actuellement, les habitations et les b\u00e2timents sont responsables de 40% des \u00e9missions de CO2. Ce chiffre doit absolument baisser dans les prochaines ann\u00e9es. Nous avons aussi besoin de talents dans cette optique\u00a0\u00bb,<\/em> explique\u00a0Robert de M\u00fbelenaere, administrateur d\u00e9l\u00e9gu\u00e9 de la Conf\u00e9d\u00e9ration Construction<\/p>\n<p>&nbsp;<\/p>\n","protected":false},"excerpt":{"rendered":"<p>Le secteur immobilier est \u00e0 la recherche de 200 \u00e9tudiants souhaitant postuler aupr\u00e8s du top belge des entreprises appartenant \u00e0 son \u00e9cosyst\u00e8me.\u00a0La course aux talents qui s&rsquo;annonce semble in\u00e9dite. Il y a en effet des centaines de postes qualifi\u00e9s difficiles [&hellip;]<\/p>\n","protected":false},"author":2,"featured_media":0,"comment_status":"closed","ping_status":"open","sticky":false,"template":"","format":"standard","meta":[],"categories":[65,10],"tags":[210,2447,72,666],"yoast_head":"<!-- This site is optimized with the Yoast SEO plugin v21.0 - https:\/\/yoast.com\/wordpress\/plugins\/seo\/ -->\n<title>Le secteur de l&#039;immobilier veut mettre la main sur les meilleurs talents. - Peoplesphere<\/title>\n<meta name=\"robots\" content=\"index, follow, max-snippet:-1, max-image-preview:large, max-video-preview:-1\" \/>\n<link rel=\"canonical\" href=\"https:\/\/peoplesphere.be\/fr\/secteur-de-limmobilier-veut-mettre-main-meilleurs-talents\/\" \/>\n<meta property=\"og:locale\" content=\"fr_FR\" \/>\n<meta property=\"og:type\" content=\"article\" \/>\n<meta property=\"og:title\" content=\"Le secteur de l&#039;immobilier veut mettre la main sur les meilleurs talents. - Peoplesphere\" \/>\n<meta property=\"og:description\" content=\"Le secteur immobilier est \u00e0 la recherche de 200 \u00e9tudiants souhaitant postuler aupr\u00e8s du top belge des entreprises appartenant \u00e0 son \u00e9cosyst\u00e8me.\u00a0La course aux talents qui s&rsquo;annonce semble in\u00e9dite. Il y a en effet des centaines de postes qualifi\u00e9s difficiles [&hellip;]\" \/>\n<meta property=\"og:url\" content=\"https:\/\/peoplesphere.be\/fr\/secteur-de-limmobilier-veut-mettre-main-meilleurs-talents\/\" \/>\n<meta property=\"og:site_name\" content=\"Peoplesphere\" \/>\n<meta property=\"article:publisher\" content=\"https:\/\/www.facebook.com\/peoplesphere\" \/>\n<meta property=\"article:published_time\" content=\"2019-05-16T06:08:30+00:00\" \/>\n<meta property=\"og:image\" content=\"http:\/\/www.peoplesphere.be\/fr\/wp-content\/uploads\/2016\/07\/facebook-default-posting-1200x628px.jpg\" \/>\n<meta name=\"author\" content=\"Jean-Paul Erhard\" \/>\n<meta name=\"twitter:card\" content=\"summary_large_image\" \/>\n<meta name=\"twitter:creator\" content=\"@PeoplesphereMag\" \/>\n<meta name=\"twitter:site\" content=\"@PeoplesphereMag\" \/>\n<meta name=\"twitter:label1\" content=\"\u00c9crit par\" \/>\n\t<meta name=\"twitter:data1\" content=\"Jean-Paul Erhard\" \/>\n\t<meta name=\"twitter:label2\" content=\"Dur\u00e9e de lecture estim\u00e9e\" \/>\n\t<meta name=\"twitter:data2\" content=\"3 minutes\" \/>\n<script type=\"application\/ld+json\" class=\"yoast-schema-graph\">{\"@context\":\"https:\/\/schema.org\",\"@graph\":[{\"@type\":\"Article\",\"@id\":\"https:\/\/peoplesphere.be\/fr\/secteur-de-limmobilier-veut-mettre-main-meilleurs-talents\/#article\",\"isPartOf\":{\"@id\":\"https:\/\/peoplesphere.be\/fr\/secteur-de-limmobilier-veut-mettre-main-meilleurs-talents\/\"},\"author\":{\"name\":\"Jean-Paul Erhard\",\"@id\":\"https:\/\/peoplesphere.be\/fr\/#\/schema\/person\/7976225ff17988604334abb7b3536a7e\"},\"headline\":\"Le secteur de l&rsquo;immobilier veut mettre la main sur les meilleurs talents.\",\"datePublished\":\"2019-05-16T06:08:30+00:00\",\"dateModified\":\"2019-05-16T06:08:30+00:00\",\"mainEntityOfPage\":{\"@id\":\"https:\/\/peoplesphere.be\/fr\/secteur-de-limmobilier-veut-mettre-main-meilleurs-talents\/\"},\"wordCount\":653,\"publisher\":{\"@id\":\"https:\/\/peoplesphere.be\/fr\/#organization\"},\"keywords\":[\"employer branding\",\"immobilier\",\"recrutement\",\"talent acquisition\"],\"articleSection\":[\"Actualit\u00e9s\",\"Digital\"],\"inLanguage\":\"fr-FR\"},{\"@type\":\"WebPage\",\"@id\":\"https:\/\/peoplesphere.be\/fr\/secteur-de-limmobilier-veut-mettre-main-meilleurs-talents\/\",\"url\":\"https:\/\/peoplesphere.be\/fr\/secteur-de-limmobilier-veut-mettre-main-meilleurs-talents\/\",\"name\":\"Le secteur de l'immobilier veut mettre la main sur les meilleurs talents. - Peoplesphere\",\"isPartOf\":{\"@id\":\"https:\/\/peoplesphere.be\/fr\/#website\"},\"datePublished\":\"2019-05-16T06:08:30+00:00\",\"dateModified\":\"2019-05-16T06:08:30+00:00\",\"breadcrumb\":{\"@id\":\"https:\/\/peoplesphere.be\/fr\/secteur-de-limmobilier-veut-mettre-main-meilleurs-talents\/#breadcrumb\"},\"inLanguage\":\"fr-FR\",\"potentialAction\":[{\"@type\":\"ReadAction\",\"target\":[\"https:\/\/peoplesphere.be\/fr\/secteur-de-limmobilier-veut-mettre-main-meilleurs-talents\/\"]}]},{\"@type\":\"BreadcrumbList\",\"@id\":\"https:\/\/peoplesphere.be\/fr\/secteur-de-limmobilier-veut-mettre-main-meilleurs-talents\/#breadcrumb\",\"itemListElement\":[{\"@type\":\"ListItem\",\"position\":1,\"name\":\"Accueil\",\"item\":\"https:\/\/peoplesphere.be\/fr\/\"},{\"@type\":\"ListItem\",\"position\":2,\"name\":\"Le secteur de l&rsquo;immobilier veut mettre la main sur les meilleurs talents.\"}]},{\"@type\":\"WebSite\",\"@id\":\"https:\/\/peoplesphere.be\/fr\/#website\",\"url\":\"https:\/\/peoplesphere.be\/fr\/\",\"name\":\"Peoplesphere\",\"description\":\"The People Managers Magazine\",\"publisher\":{\"@id\":\"https:\/\/peoplesphere.be\/fr\/#organization\"},\"potentialAction\":[{\"@type\":\"SearchAction\",\"target\":{\"@type\":\"EntryPoint\",\"urlTemplate\":\"https:\/\/peoplesphere.be\/fr\/?s={search_term_string}\"},\"query-input\":\"required name=search_term_string\"}],\"inLanguage\":\"fr-FR\"},{\"@type\":\"Organization\",\"@id\":\"https:\/\/peoplesphere.be\/fr\/#organization\",\"name\":\"Peoplesphere Company srl\",\"url\":\"https:\/\/peoplesphere.be\/fr\/\",\"logo\":{\"@type\":\"ImageObject\",\"inLanguage\":\"fr-FR\",\"@id\":\"https:\/\/peoplesphere.be\/fr\/#\/schema\/logo\/image\/\",\"url\":\"https:\/\/peoplesphere.be\/fr\/wp-content\/uploads\/2023\/07\/peoplesphere-lgo-new-generik.jpg\",\"contentUrl\":\"https:\/\/peoplesphere.be\/fr\/wp-content\/uploads\/2023\/07\/peoplesphere-lgo-new-generik.jpg\",\"width\":1031,\"height\":1479,\"caption\":\"Peoplesphere Company srl\"},\"image\":{\"@id\":\"https:\/\/peoplesphere.be\/fr\/#\/schema\/logo\/image\/\"},\"sameAs\":[\"https:\/\/www.facebook.com\/peoplesphere\",\"https:\/\/twitter.com\/PeoplesphereMag\",\"https:\/\/www.linkedin.com\/company\/7587361?trk\",\"http:\/\/youtube.com\/peoplesphere\"]},{\"@type\":\"Person\",\"@id\":\"https:\/\/peoplesphere.be\/fr\/#\/schema\/person\/7976225ff17988604334abb7b3536a7e\",\"name\":\"Jean-Paul Erhard\",\"image\":{\"@type\":\"ImageObject\",\"inLanguage\":\"fr-FR\",\"@id\":\"https:\/\/peoplesphere.be\/fr\/#\/schema\/person\/image\/\",\"url\":\"https:\/\/secure.gravatar.com\/avatar\/f941e681460179738071629a51574930?s=96&d=mm&r=g\",\"contentUrl\":\"https:\/\/secure.gravatar.com\/avatar\/f941e681460179738071629a51574930?s=96&d=mm&r=g\",\"caption\":\"Jean-Paul Erhard\"},\"url\":\"https:\/\/peoplesphere.be\/fr\/author\/jpe\/\"}]}<\/script>\n<!-- \/ Yoast SEO plugin. -->","yoast_head_json":{"title":"Le secteur de l'immobilier veut mettre la main sur les meilleurs talents. - Peoplesphere","robots":{"index":"index","follow":"follow","max-snippet":"max-snippet:-1","max-image-preview":"max-image-preview:large","max-video-preview":"max-video-preview:-1"},"canonical":"https:\/\/peoplesphere.be\/fr\/secteur-de-limmobilier-veut-mettre-main-meilleurs-talents\/","og_locale":"fr_FR","og_type":"article","og_title":"Le secteur de l'immobilier veut mettre la main sur les meilleurs talents. - Peoplesphere","og_description":"Le secteur immobilier est \u00e0 la recherche de 200 \u00e9tudiants souhaitant postuler aupr\u00e8s du top belge des entreprises appartenant \u00e0 son \u00e9cosyst\u00e8me.\u00a0La course aux talents qui s&rsquo;annonce semble in\u00e9dite. Il y a en effet des centaines de postes qualifi\u00e9s difficiles [&hellip;]","og_url":"https:\/\/peoplesphere.be\/fr\/secteur-de-limmobilier-veut-mettre-main-meilleurs-talents\/","og_site_name":"Peoplesphere","article_publisher":"https:\/\/www.facebook.com\/peoplesphere","article_published_time":"2019-05-16T06:08:30+00:00","og_image":[{"url":"http:\/\/www.peoplesphere.be\/fr\/wp-content\/uploads\/2016\/07\/facebook-default-posting-1200x628px.jpg"}],"author":"Jean-Paul Erhard","twitter_card":"summary_large_image","twitter_creator":"@PeoplesphereMag","twitter_site":"@PeoplesphereMag","twitter_misc":{"\u00c9crit par":"Jean-Paul Erhard","Dur\u00e9e de lecture estim\u00e9e":"3 minutes"},"schema":{"@context":"https:\/\/schema.org","@graph":[{"@type":"Article","@id":"https:\/\/peoplesphere.be\/fr\/secteur-de-limmobilier-veut-mettre-main-meilleurs-talents\/#article","isPartOf":{"@id":"https:\/\/peoplesphere.be\/fr\/secteur-de-limmobilier-veut-mettre-main-meilleurs-talents\/"},"author":{"name":"Jean-Paul Erhard","@id":"https:\/\/peoplesphere.be\/fr\/#\/schema\/person\/7976225ff17988604334abb7b3536a7e"},"headline":"Le secteur de l&rsquo;immobilier veut mettre la main sur les meilleurs talents.","datePublished":"2019-05-16T06:08:30+00:00","dateModified":"2019-05-16T06:08:30+00:00","mainEntityOfPage":{"@id":"https:\/\/peoplesphere.be\/fr\/secteur-de-limmobilier-veut-mettre-main-meilleurs-talents\/"},"wordCount":653,"publisher":{"@id":"https:\/\/peoplesphere.be\/fr\/#organization"},"keywords":["employer branding","immobilier","recrutement","talent acquisition"],"articleSection":["Actualit\u00e9s","Digital"],"inLanguage":"fr-FR"},{"@type":"WebPage","@id":"https:\/\/peoplesphere.be\/fr\/secteur-de-limmobilier-veut-mettre-main-meilleurs-talents\/","url":"https:\/\/peoplesphere.be\/fr\/secteur-de-limmobilier-veut-mettre-main-meilleurs-talents\/","name":"Le secteur de l'immobilier veut mettre la main sur les meilleurs talents. - Peoplesphere","isPartOf":{"@id":"https:\/\/peoplesphere.be\/fr\/#website"},"datePublished":"2019-05-16T06:08:30+00:00","dateModified":"2019-05-16T06:08:30+00:00","breadcrumb":{"@id":"https:\/\/peoplesphere.be\/fr\/secteur-de-limmobilier-veut-mettre-main-meilleurs-talents\/#breadcrumb"},"inLanguage":"fr-FR","potentialAction":[{"@type":"ReadAction","target":["https:\/\/peoplesphere.be\/fr\/secteur-de-limmobilier-veut-mettre-main-meilleurs-talents\/"]}]},{"@type":"BreadcrumbList","@id":"https:\/\/peoplesphere.be\/fr\/secteur-de-limmobilier-veut-mettre-main-meilleurs-talents\/#breadcrumb","itemListElement":[{"@type":"ListItem","position":1,"name":"Accueil","item":"https:\/\/peoplesphere.be\/fr\/"},{"@type":"ListItem","position":2,"name":"Le secteur de l&rsquo;immobilier veut mettre la main sur les meilleurs talents."}]},{"@type":"WebSite","@id":"https:\/\/peoplesphere.be\/fr\/#website","url":"https:\/\/peoplesphere.be\/fr\/","name":"Peoplesphere","description":"The People Managers Magazine","publisher":{"@id":"https:\/\/peoplesphere.be\/fr\/#organization"},"potentialAction":[{"@type":"SearchAction","target":{"@type":"EntryPoint","urlTemplate":"https:\/\/peoplesphere.be\/fr\/?s={search_term_string}"},"query-input":"required name=search_term_string"}],"inLanguage":"fr-FR"},{"@type":"Organization","@id":"https:\/\/peoplesphere.be\/fr\/#organization","name":"Peoplesphere Company srl","url":"https:\/\/peoplesphere.be\/fr\/","logo":{"@type":"ImageObject","inLanguage":"fr-FR","@id":"https:\/\/peoplesphere.be\/fr\/#\/schema\/logo\/image\/","url":"https:\/\/peoplesphere.be\/fr\/wp-content\/uploads\/2023\/07\/peoplesphere-lgo-new-generik.jpg","contentUrl":"https:\/\/peoplesphere.be\/fr\/wp-content\/uploads\/2023\/07\/peoplesphere-lgo-new-generik.jpg","width":1031,"height":1479,"caption":"Peoplesphere Company srl"},"image":{"@id":"https:\/\/peoplesphere.be\/fr\/#\/schema\/logo\/image\/"},"sameAs":["https:\/\/www.facebook.com\/peoplesphere","https:\/\/twitter.com\/PeoplesphereMag","https:\/\/www.linkedin.com\/company\/7587361?trk","http:\/\/youtube.com\/peoplesphere"]},{"@type":"Person","@id":"https:\/\/peoplesphere.be\/fr\/#\/schema\/person\/7976225ff17988604334abb7b3536a7e","name":"Jean-Paul Erhard","image":{"@type":"ImageObject","inLanguage":"fr-FR","@id":"https:\/\/peoplesphere.be\/fr\/#\/schema\/person\/image\/","url":"https:\/\/secure.gravatar.com\/avatar\/f941e681460179738071629a51574930?s=96&d=mm&r=g","contentUrl":"https:\/\/secure.gravatar.com\/avatar\/f941e681460179738071629a51574930?s=96&d=mm&r=g","caption":"Jean-Paul Erhard"},"url":"https:\/\/peoplesphere.be\/fr\/author\/jpe\/"}]}},"_links":{"self":[{"href":"https:\/\/peoplesphere.be\/fr\/wp-json\/wp\/v2\/posts\/7788"}],"collection":[{"href":"https:\/\/peoplesphere.be\/fr\/wp-json\/wp\/v2\/posts"}],"about":[{"href":"https:\/\/peoplesphere.be\/fr\/wp-json\/wp\/v2\/types\/post"}],"author":[{"embeddable":true,"href":"https:\/\/peoplesphere.be\/fr\/wp-json\/wp\/v2\/users\/2"}],"replies":[{"embeddable":true,"href":"https:\/\/peoplesphere.be\/fr\/wp-json\/wp\/v2\/comments?post=7788"}],"version-history":[{"count":1,"href":"https:\/\/peoplesphere.be\/fr\/wp-json\/wp\/v2\/posts\/7788\/revisions"}],"predecessor-version":[{"id":7789,"href":"https:\/\/peoplesphere.be\/fr\/wp-json\/wp\/v2\/posts\/7788\/revisions\/7789"}],"wp:attachment":[{"href":"https:\/\/peoplesphere.be\/fr\/wp-json\/wp\/v2\/media?parent=7788"}],"wp:term":[{"taxonomy":"category","embeddable":true,"href":"https:\/\/peoplesphere.be\/fr\/wp-json\/wp\/v2\/categories?post=7788"},{"taxonomy":"post_tag","embeddable":true,"href":"https:\/\/peoplesphere.be\/fr\/wp-json\/wp\/v2\/tags?post=7788"}],"curies":[{"name":"wp","href":"https:\/\/api.w.org\/{rel}","templated":true}]}}