









{"id":7821,"date":"2019-05-21T07:06:09","date_gmt":"2019-05-21T05:06:09","guid":{"rendered":"http:\/\/www.peoplesphere.be\/fr\/?p=7821"},"modified":"2019-05-21T07:06:09","modified_gmt":"2019-05-21T05:06:09","slug":"projets-pilotes-destines-a-prevention-burn-out-deuxieme-cycle-demarre-1er-juin","status":"publish","type":"post","link":"https:\/\/peoplesphere.be\/fr\/projets-pilotes-destines-a-prevention-burn-out-deuxieme-cycle-demarre-1er-juin\/","title":{"rendered":"Projets pilotes destin\u00e9s \u00e0 la pr\u00e9vention du burn-out: le deuxi\u00e8me cycle d\u00e9marre le 1er juin."},"content":{"rendered":"<p>Le dispositif imagin\u00e9 par le gouvernement sortant en mati\u00e8re de pr\u00e9vention primaire du burn-out au travail au sein des entreprises est en phase de d\u00e9ploiement. Un deuxi\u00e8me cycle d\u2019introduction de demandes de subvention dans le cadre de projets pilotes pour pouvoir appr\u00e9hender la probl\u00e9matique du burn-out au sein des entreprises d\u00e9marrera le 1er juin 2019.<!--more--><\/p>\n<p>Pour rappel, ces projets pilotes sont une initiative des partenaires sociaux d\u00e9velopp\u00e9e dans le cadre de l\u2019ex\u00e9cution de l\u2019accord-interprofessionnel 2017-2018 et en \u00e9troite coop\u00e9ration avec le SPF Emploi, Travail et Concertation sociale. Ils visent \u00e0 d\u00e9velopper une approche op\u00e9rationnelle adapt\u00e9e au monde du travail qui tienne compte de diff\u00e9rents aspects pour d\u00e9velopper la pr\u00e9vention primaire et ainsi \u00e9viter l\u2019apparition du burn-out en encourageant des organisations de travail performantes et soutenables qui permettent de favoriser et de renforcer la motivation des travailleurs.<\/p>\n<p>Les demandes de subvention pourront \u00eatre introduites en ligne par les entreprises et les secteurs sur le site du Conseil national du Travail ou sur le site du SPF Emploi, Travail et Concertation sociale \u00e0 partir du 1er juin 2019 et jusqu\u2019au 31 juillet 2019.<\/p>\n<p>Les informations sur cette initiative et sur les conditions \u00e0 remplir par les projets pour \u00eatre admissibles \u00e0 la subvention ainsi que les deux formulaires n\u00e9cessaires \u00e0 l\u2019introduction des demandes de subvention sont disponibles sur le site du Conseil national du Travail.<\/p>\n<p>Le dossier Burn-out est disponible sur le site du Conseil (<a href=\"http:\/\/www.cnt-nar.be\">www.cnt-nar.be<\/a>).<\/p>\n","protected":false},"excerpt":{"rendered":"<p>Le dispositif imagin\u00e9 par le gouvernement sortant en mati\u00e8re de pr\u00e9vention primaire du burn-out au travail au sein des entreprises est en phase de d\u00e9ploiement. Un deuxi\u00e8me cycle d\u2019introduction de demandes de subvention dans le cadre de projets pilotes pour [&hellip;]<\/p>\n","protected":false},"author":2,"featured_media":0,"comment_status":"closed","ping_status":"open","sticky":false,"template":"","format":"standard","meta":[],"categories":[65,10],"tags":[96,20,1132,1078,42,17],"yoast_head":"<!-- This site is optimized with the Yoast SEO plugin v21.0 - https:\/\/yoast.com\/wordpress\/plugins\/seo\/ -->\n<title>Projets pilotes destin\u00e9s \u00e0 la pr\u00e9vention du burn-out: le deuxi\u00e8me cycle d\u00e9marre le 1er juin. - Peoplesphere<\/title>\n<meta name=\"robots\" content=\"index, follow, max-snippet:-1, max-image-preview:large, max-video-preview:-1\" \/>\n<link rel=\"canonical\" href=\"https:\/\/peoplesphere.be\/fr\/projets-pilotes-destines-a-prevention-burn-out-deuxieme-cycle-demarre-1er-juin\/\" \/>\n<meta property=\"og:locale\" content=\"fr_FR\" \/>\n<meta property=\"og:type\" content=\"article\" \/>\n<meta property=\"og:title\" content=\"Projets pilotes destin\u00e9s \u00e0 la pr\u00e9vention du burn-out: le deuxi\u00e8me cycle d\u00e9marre le 1er juin. - Peoplesphere\" \/>\n<meta property=\"og:description\" content=\"Le dispositif imagin\u00e9 par le gouvernement sortant en mati\u00e8re de pr\u00e9vention primaire du burn-out au travail au sein des entreprises est en phase de d\u00e9ploiement. Un deuxi\u00e8me cycle d\u2019introduction de demandes de subvention dans le cadre de projets pilotes pour [&hellip;]\" \/>\n<meta property=\"og:url\" content=\"https:\/\/peoplesphere.be\/fr\/projets-pilotes-destines-a-prevention-burn-out-deuxieme-cycle-demarre-1er-juin\/\" \/>\n<meta property=\"og:site_name\" content=\"Peoplesphere\" \/>\n<meta property=\"article:publisher\" content=\"https:\/\/www.facebook.com\/peoplesphere\" \/>\n<meta property=\"article:published_time\" content=\"2019-05-21T05:06:09+00:00\" \/>\n<meta property=\"og:image\" content=\"http:\/\/www.peoplesphere.be\/fr\/wp-content\/uploads\/2016\/07\/facebook-default-posting-1200x628px.jpg\" \/>\n<meta name=\"author\" content=\"Jean-Paul Erhard\" \/>\n<meta name=\"twitter:card\" content=\"summary_large_image\" \/>\n<meta name=\"twitter:creator\" content=\"@PeoplesphereMag\" \/>\n<meta name=\"twitter:site\" content=\"@PeoplesphereMag\" \/>\n<meta name=\"twitter:label1\" content=\"\u00c9crit par\" \/>\n\t<meta name=\"twitter:data1\" content=\"Jean-Paul Erhard\" \/>\n\t<meta name=\"twitter:label2\" content=\"Dur\u00e9e de lecture estim\u00e9e\" \/>\n\t<meta name=\"twitter:data2\" content=\"1 minute\" \/>\n<script type=\"application\/ld+json\" class=\"yoast-schema-graph\">{\"@context\":\"https:\/\/schema.org\",\"@graph\":[{\"@type\":\"Article\",\"@id\":\"https:\/\/peoplesphere.be\/fr\/projets-pilotes-destines-a-prevention-burn-out-deuxieme-cycle-demarre-1er-juin\/#article\",\"isPartOf\":{\"@id\":\"https:\/\/peoplesphere.be\/fr\/projets-pilotes-destines-a-prevention-burn-out-deuxieme-cycle-demarre-1er-juin\/\"},\"author\":{\"name\":\"Jean-Paul Erhard\",\"@id\":\"https:\/\/peoplesphere.be\/fr\/#\/schema\/person\/7976225ff17988604334abb7b3536a7e\"},\"headline\":\"Projets pilotes destin\u00e9s \u00e0 la pr\u00e9vention du burn-out: le deuxi\u00e8me cycle d\u00e9marre le 1er juin.\",\"datePublished\":\"2019-05-21T05:06:09+00:00\",\"dateModified\":\"2019-05-21T05:06:09+00:00\",\"mainEntityOfPage\":{\"@id\":\"https:\/\/peoplesphere.be\/fr\/projets-pilotes-destines-a-prevention-burn-out-deuxieme-cycle-demarre-1er-juin\/\"},\"wordCount\":269,\"publisher\":{\"@id\":\"https:\/\/peoplesphere.be\/fr\/#organization\"},\"keywords\":[\"bien-\u00eatre\",\"Burn-out\",\"CNT\",\"Conseil National du Travail\",\"Pr\u00e9vention\",\"Sant\u00e9\"],\"articleSection\":[\"Actualit\u00e9s\",\"Digital\"],\"inLanguage\":\"fr-FR\"},{\"@type\":\"WebPage\",\"@id\":\"https:\/\/peoplesphere.be\/fr\/projets-pilotes-destines-a-prevention-burn-out-deuxieme-cycle-demarre-1er-juin\/\",\"url\":\"https:\/\/peoplesphere.be\/fr\/projets-pilotes-destines-a-prevention-burn-out-deuxieme-cycle-demarre-1er-juin\/\",\"name\":\"Projets pilotes destin\u00e9s \u00e0 la pr\u00e9vention du burn-out: le deuxi\u00e8me cycle d\u00e9marre le 1er juin. - Peoplesphere\",\"isPartOf\":{\"@id\":\"https:\/\/peoplesphere.be\/fr\/#website\"},\"datePublished\":\"2019-05-21T05:06:09+00:00\",\"dateModified\":\"2019-05-21T05:06:09+00:00\",\"breadcrumb\":{\"@id\":\"https:\/\/peoplesphere.be\/fr\/projets-pilotes-destines-a-prevention-burn-out-deuxieme-cycle-demarre-1er-juin\/#breadcrumb\"},\"inLanguage\":\"fr-FR\",\"potentialAction\":[{\"@type\":\"ReadAction\",\"target\":[\"https:\/\/peoplesphere.be\/fr\/projets-pilotes-destines-a-prevention-burn-out-deuxieme-cycle-demarre-1er-juin\/\"]}]},{\"@type\":\"BreadcrumbList\",\"@id\":\"https:\/\/peoplesphere.be\/fr\/projets-pilotes-destines-a-prevention-burn-out-deuxieme-cycle-demarre-1er-juin\/#breadcrumb\",\"itemListElement\":[{\"@type\":\"ListItem\",\"position\":1,\"name\":\"Accueil\",\"item\":\"https:\/\/peoplesphere.be\/fr\/\"},{\"@type\":\"ListItem\",\"position\":2,\"name\":\"Projets pilotes destin\u00e9s \u00e0 la pr\u00e9vention du burn-out: le deuxi\u00e8me cycle d\u00e9marre le 1er juin.\"}]},{\"@type\":\"WebSite\",\"@id\":\"https:\/\/peoplesphere.be\/fr\/#website\",\"url\":\"https:\/\/peoplesphere.be\/fr\/\",\"name\":\"Peoplesphere\",\"description\":\"The People Managers Magazine\",\"publisher\":{\"@id\":\"https:\/\/peoplesphere.be\/fr\/#organization\"},\"potentialAction\":[{\"@type\":\"SearchAction\",\"target\":{\"@type\":\"EntryPoint\",\"urlTemplate\":\"https:\/\/peoplesphere.be\/fr\/?s={search_term_string}\"},\"query-input\":\"required name=search_term_string\"}],\"inLanguage\":\"fr-FR\"},{\"@type\":\"Organization\",\"@id\":\"https:\/\/peoplesphere.be\/fr\/#organization\",\"name\":\"Peoplesphere Company srl\",\"url\":\"https:\/\/peoplesphere.be\/fr\/\",\"logo\":{\"@type\":\"ImageObject\",\"inLanguage\":\"fr-FR\",\"@id\":\"https:\/\/peoplesphere.be\/fr\/#\/schema\/logo\/image\/\",\"url\":\"https:\/\/peoplesphere.be\/fr\/wp-content\/uploads\/2023\/07\/peoplesphere-lgo-new-generik.jpg\",\"contentUrl\":\"https:\/\/peoplesphere.be\/fr\/wp-content\/uploads\/2023\/07\/peoplesphere-lgo-new-generik.jpg\",\"width\":1031,\"height\":1479,\"caption\":\"Peoplesphere Company srl\"},\"image\":{\"@id\":\"https:\/\/peoplesphere.be\/fr\/#\/schema\/logo\/image\/\"},\"sameAs\":[\"https:\/\/www.facebook.com\/peoplesphere\",\"https:\/\/twitter.com\/PeoplesphereMag\",\"https:\/\/www.linkedin.com\/company\/7587361?trk\",\"http:\/\/youtube.com\/peoplesphere\"]},{\"@type\":\"Person\",\"@id\":\"https:\/\/peoplesphere.be\/fr\/#\/schema\/person\/7976225ff17988604334abb7b3536a7e\",\"name\":\"Jean-Paul Erhard\",\"image\":{\"@type\":\"ImageObject\",\"inLanguage\":\"fr-FR\",\"@id\":\"https:\/\/peoplesphere.be\/fr\/#\/schema\/person\/image\/\",\"url\":\"https:\/\/secure.gravatar.com\/avatar\/f941e681460179738071629a51574930?s=96&d=mm&r=g\",\"contentUrl\":\"https:\/\/secure.gravatar.com\/avatar\/f941e681460179738071629a51574930?s=96&d=mm&r=g\",\"caption\":\"Jean-Paul Erhard\"},\"url\":\"https:\/\/peoplesphere.be\/fr\/author\/jpe\/\"}]}<\/script>\n<!-- \/ Yoast SEO plugin. -->","yoast_head_json":{"title":"Projets pilotes destin\u00e9s \u00e0 la pr\u00e9vention du burn-out: le deuxi\u00e8me cycle d\u00e9marre le 1er juin. - Peoplesphere","robots":{"index":"index","follow":"follow","max-snippet":"max-snippet:-1","max-image-preview":"max-image-preview:large","max-video-preview":"max-video-preview:-1"},"canonical":"https:\/\/peoplesphere.be\/fr\/projets-pilotes-destines-a-prevention-burn-out-deuxieme-cycle-demarre-1er-juin\/","og_locale":"fr_FR","og_type":"article","og_title":"Projets pilotes destin\u00e9s \u00e0 la pr\u00e9vention du burn-out: le deuxi\u00e8me cycle d\u00e9marre le 1er juin. - Peoplesphere","og_description":"Le dispositif imagin\u00e9 par le gouvernement sortant en mati\u00e8re de pr\u00e9vention primaire du burn-out au travail au sein des entreprises est en phase de d\u00e9ploiement. Un deuxi\u00e8me cycle d\u2019introduction de demandes de subvention dans le cadre de projets pilotes pour [&hellip;]","og_url":"https:\/\/peoplesphere.be\/fr\/projets-pilotes-destines-a-prevention-burn-out-deuxieme-cycle-demarre-1er-juin\/","og_site_name":"Peoplesphere","article_publisher":"https:\/\/www.facebook.com\/peoplesphere","article_published_time":"2019-05-21T05:06:09+00:00","og_image":[{"url":"http:\/\/www.peoplesphere.be\/fr\/wp-content\/uploads\/2016\/07\/facebook-default-posting-1200x628px.jpg"}],"author":"Jean-Paul Erhard","twitter_card":"summary_large_image","twitter_creator":"@PeoplesphereMag","twitter_site":"@PeoplesphereMag","twitter_misc":{"\u00c9crit par":"Jean-Paul Erhard","Dur\u00e9e de lecture estim\u00e9e":"1 minute"},"schema":{"@context":"https:\/\/schema.org","@graph":[{"@type":"Article","@id":"https:\/\/peoplesphere.be\/fr\/projets-pilotes-destines-a-prevention-burn-out-deuxieme-cycle-demarre-1er-juin\/#article","isPartOf":{"@id":"https:\/\/peoplesphere.be\/fr\/projets-pilotes-destines-a-prevention-burn-out-deuxieme-cycle-demarre-1er-juin\/"},"author":{"name":"Jean-Paul Erhard","@id":"https:\/\/peoplesphere.be\/fr\/#\/schema\/person\/7976225ff17988604334abb7b3536a7e"},"headline":"Projets pilotes destin\u00e9s \u00e0 la pr\u00e9vention du burn-out: le deuxi\u00e8me cycle d\u00e9marre le 1er juin.","datePublished":"2019-05-21T05:06:09+00:00","dateModified":"2019-05-21T05:06:09+00:00","mainEntityOfPage":{"@id":"https:\/\/peoplesphere.be\/fr\/projets-pilotes-destines-a-prevention-burn-out-deuxieme-cycle-demarre-1er-juin\/"},"wordCount":269,"publisher":{"@id":"https:\/\/peoplesphere.be\/fr\/#organization"},"keywords":["bien-\u00eatre","Burn-out","CNT","Conseil National du Travail","Pr\u00e9vention","Sant\u00e9"],"articleSection":["Actualit\u00e9s","Digital"],"inLanguage":"fr-FR"},{"@type":"WebPage","@id":"https:\/\/peoplesphere.be\/fr\/projets-pilotes-destines-a-prevention-burn-out-deuxieme-cycle-demarre-1er-juin\/","url":"https:\/\/peoplesphere.be\/fr\/projets-pilotes-destines-a-prevention-burn-out-deuxieme-cycle-demarre-1er-juin\/","name":"Projets pilotes destin\u00e9s \u00e0 la pr\u00e9vention du burn-out: le deuxi\u00e8me cycle d\u00e9marre le 1er juin. - Peoplesphere","isPartOf":{"@id":"https:\/\/peoplesphere.be\/fr\/#website"},"datePublished":"2019-05-21T05:06:09+00:00","dateModified":"2019-05-21T05:06:09+00:00","breadcrumb":{"@id":"https:\/\/peoplesphere.be\/fr\/projets-pilotes-destines-a-prevention-burn-out-deuxieme-cycle-demarre-1er-juin\/#breadcrumb"},"inLanguage":"fr-FR","potentialAction":[{"@type":"ReadAction","target":["https:\/\/peoplesphere.be\/fr\/projets-pilotes-destines-a-prevention-burn-out-deuxieme-cycle-demarre-1er-juin\/"]}]},{"@type":"BreadcrumbList","@id":"https:\/\/peoplesphere.be\/fr\/projets-pilotes-destines-a-prevention-burn-out-deuxieme-cycle-demarre-1er-juin\/#breadcrumb","itemListElement":[{"@type":"ListItem","position":1,"name":"Accueil","item":"https:\/\/peoplesphere.be\/fr\/"},{"@type":"ListItem","position":2,"name":"Projets pilotes destin\u00e9s \u00e0 la pr\u00e9vention du burn-out: le deuxi\u00e8me cycle d\u00e9marre le 1er juin."}]},{"@type":"WebSite","@id":"https:\/\/peoplesphere.be\/fr\/#website","url":"https:\/\/peoplesphere.be\/fr\/","name":"Peoplesphere","description":"The People Managers Magazine","publisher":{"@id":"https:\/\/peoplesphere.be\/fr\/#organization"},"potentialAction":[{"@type":"SearchAction","target":{"@type":"EntryPoint","urlTemplate":"https:\/\/peoplesphere.be\/fr\/?s={search_term_string}"},"query-input":"required name=search_term_string"}],"inLanguage":"fr-FR"},{"@type":"Organization","@id":"https:\/\/peoplesphere.be\/fr\/#organization","name":"Peoplesphere Company srl","url":"https:\/\/peoplesphere.be\/fr\/","logo":{"@type":"ImageObject","inLanguage":"fr-FR","@id":"https:\/\/peoplesphere.be\/fr\/#\/schema\/logo\/image\/","url":"https:\/\/peoplesphere.be\/fr\/wp-content\/uploads\/2023\/07\/peoplesphere-lgo-new-generik.jpg","contentUrl":"https:\/\/peoplesphere.be\/fr\/wp-content\/uploads\/2023\/07\/peoplesphere-lgo-new-generik.jpg","width":1031,"height":1479,"caption":"Peoplesphere Company srl"},"image":{"@id":"https:\/\/peoplesphere.be\/fr\/#\/schema\/logo\/image\/"},"sameAs":["https:\/\/www.facebook.com\/peoplesphere","https:\/\/twitter.com\/PeoplesphereMag","https:\/\/www.linkedin.com\/company\/7587361?trk","http:\/\/youtube.com\/peoplesphere"]},{"@type":"Person","@id":"https:\/\/peoplesphere.be\/fr\/#\/schema\/person\/7976225ff17988604334abb7b3536a7e","name":"Jean-Paul Erhard","image":{"@type":"ImageObject","inLanguage":"fr-FR","@id":"https:\/\/peoplesphere.be\/fr\/#\/schema\/person\/image\/","url":"https:\/\/secure.gravatar.com\/avatar\/f941e681460179738071629a51574930?s=96&d=mm&r=g","contentUrl":"https:\/\/secure.gravatar.com\/avatar\/f941e681460179738071629a51574930?s=96&d=mm&r=g","caption":"Jean-Paul Erhard"},"url":"https:\/\/peoplesphere.be\/fr\/author\/jpe\/"}]}},"_links":{"self":[{"href":"https:\/\/peoplesphere.be\/fr\/wp-json\/wp\/v2\/posts\/7821"}],"collection":[{"href":"https:\/\/peoplesphere.be\/fr\/wp-json\/wp\/v2\/posts"}],"about":[{"href":"https:\/\/peoplesphere.be\/fr\/wp-json\/wp\/v2\/types\/post"}],"author":[{"embeddable":true,"href":"https:\/\/peoplesphere.be\/fr\/wp-json\/wp\/v2\/users\/2"}],"replies":[{"embeddable":true,"href":"https:\/\/peoplesphere.be\/fr\/wp-json\/wp\/v2\/comments?post=7821"}],"version-history":[{"count":1,"href":"https:\/\/peoplesphere.be\/fr\/wp-json\/wp\/v2\/posts\/7821\/revisions"}],"predecessor-version":[{"id":7822,"href":"https:\/\/peoplesphere.be\/fr\/wp-json\/wp\/v2\/posts\/7821\/revisions\/7822"}],"wp:attachment":[{"href":"https:\/\/peoplesphere.be\/fr\/wp-json\/wp\/v2\/media?parent=7821"}],"wp:term":[{"taxonomy":"category","embeddable":true,"href":"https:\/\/peoplesphere.be\/fr\/wp-json\/wp\/v2\/categories?post=7821"},{"taxonomy":"post_tag","embeddable":true,"href":"https:\/\/peoplesphere.be\/fr\/wp-json\/wp\/v2\/tags?post=7821"}],"curies":[{"name":"wp","href":"https:\/\/api.w.org\/{rel}","templated":true}]}}