









{"id":7854,"date":"2019-05-29T15:15:21","date_gmt":"2019-05-29T13:15:21","guid":{"rendered":"http:\/\/www.peoplesphere.be\/fr\/?p=7854"},"modified":"2019-05-29T15:15:21","modified_gmt":"2019-05-29T13:15:21","slug":"secteur-de-linterim-baisse-avril-prelude-a-probable-recul-general-de-lactivite-economique","status":"publish","type":"post","link":"https:\/\/peoplesphere.be\/fr\/secteur-de-linterim-baisse-avril-prelude-a-probable-recul-general-de-lactivite-economique\/","title":{"rendered":"Le secteur de l&rsquo;int\u00e9rim en baisse en avril, le pr\u00e9lude \u00e0 un probable recul g\u00e9n\u00e9ral de l&rsquo;activit\u00e9 \u00e9conomique."},"content":{"rendered":"<p>Au mois d\u2019avril 2019, le nombre d\u2019heures d\u2019int\u00e9rim prest\u00e9es a diminu\u00e9 de -1,05% par rapport au mois pr\u00e9c\u00e9dent en donn\u00e9es corrig\u00e9es des variations saisonni\u00e8res et des effets de calendrier. Comme toujours, l&rsquo;\u00e9volution du secteur du travail int\u00e9rimaire annonce avec quelques mois d&rsquo;anticipation l&rsquo;\u00e9volution prochaine de notre activit\u00e9 \u00e9conomique.<!--more--><\/p>\n<p>Cette baisse r\u00e9sulte d\u2019une \u00e9volution n\u00e9gative dans les deux segments : le nombre d\u2019heures prest\u00e9es a diminu\u00e9 de -1,17% du c\u00f4t\u00e9 des ouvriers et de -0,88% du c\u00f4t\u00e9 des employ\u00e9s.<\/p>\n<p>Par rapport au mois d\u2019avril de l\u2019ann\u00e9e pr\u00e9c\u00e9dente, le secteur de l\u2019int\u00e9rim affiche une baisse de -4,07%. Ce chiffre r\u00e9sulte d\u2019une diminution de -4,92% dans le segment des ouvriers et de -2,88% dans le segment des employ\u00e9s.<\/p>\n<p>L\u2019indice Federgon a atteint 111,23 points en avril 2019 contre 112,40 points le mois pr\u00e9c\u00e9dent. Cet indice rend compte du niveau de l\u2019activit\u00e9 au cours du mois \u00e9tudi\u00e9 par rapport au mois de janvier 2007 (base 100), en chiffres d\u00e9saisonnalis\u00e9s.<\/p>\n<p><em>Source: Federgon<\/em><\/p>\n","protected":false},"excerpt":{"rendered":"<p>Au mois d\u2019avril 2019, le nombre d\u2019heures d\u2019int\u00e9rim prest\u00e9es a diminu\u00e9 de -1,05% par rapport au mois pr\u00e9c\u00e9dent en donn\u00e9es corrig\u00e9es des variations saisonni\u00e8res et des effets de calendrier. Comme toujours, l&rsquo;\u00e9volution du secteur du travail int\u00e9rimaire annonce avec quelques [&hellip;]<\/p>\n","protected":false},"author":2,"featured_media":0,"comment_status":"closed","ping_status":"open","sticky":false,"template":"","format":"standard","meta":[],"categories":[65,10],"tags":[198,12,44],"yoast_head":"<!-- This site is optimized with the Yoast SEO plugin v21.0 - https:\/\/yoast.com\/wordpress\/plugins\/seo\/ -->\n<title>Le secteur de l&#039;int\u00e9rim en baisse en avril, le pr\u00e9lude \u00e0 un probable recul g\u00e9n\u00e9ral de l&#039;activit\u00e9 \u00e9conomique. - Peoplesphere<\/title>\n<meta name=\"robots\" content=\"index, follow, max-snippet:-1, max-image-preview:large, max-video-preview:-1\" \/>\n<link rel=\"canonical\" href=\"https:\/\/peoplesphere.be\/fr\/secteur-de-linterim-baisse-avril-prelude-a-probable-recul-general-de-lactivite-economique\/\" \/>\n<meta property=\"og:locale\" content=\"fr_FR\" \/>\n<meta property=\"og:type\" content=\"article\" \/>\n<meta property=\"og:title\" content=\"Le secteur de l&#039;int\u00e9rim en baisse en avril, le pr\u00e9lude \u00e0 un probable recul g\u00e9n\u00e9ral de l&#039;activit\u00e9 \u00e9conomique. - Peoplesphere\" \/>\n<meta property=\"og:description\" content=\"Au mois d\u2019avril 2019, le nombre d\u2019heures d\u2019int\u00e9rim prest\u00e9es a diminu\u00e9 de -1,05% par rapport au mois pr\u00e9c\u00e9dent en donn\u00e9es corrig\u00e9es des variations saisonni\u00e8res et des effets de calendrier. Comme toujours, l&rsquo;\u00e9volution du secteur du travail int\u00e9rimaire annonce avec quelques [&hellip;]\" \/>\n<meta property=\"og:url\" content=\"https:\/\/peoplesphere.be\/fr\/secteur-de-linterim-baisse-avril-prelude-a-probable-recul-general-de-lactivite-economique\/\" \/>\n<meta property=\"og:site_name\" content=\"Peoplesphere\" \/>\n<meta property=\"article:publisher\" content=\"https:\/\/www.facebook.com\/peoplesphere\" \/>\n<meta property=\"article:published_time\" content=\"2019-05-29T13:15:21+00:00\" \/>\n<meta property=\"og:image\" content=\"http:\/\/www.peoplesphere.be\/fr\/wp-content\/uploads\/2016\/07\/facebook-default-posting-1200x628px.jpg\" \/>\n<meta name=\"author\" content=\"Jean-Paul Erhard\" \/>\n<meta name=\"twitter:card\" content=\"summary_large_image\" \/>\n<meta name=\"twitter:creator\" content=\"@PeoplesphereMag\" \/>\n<meta name=\"twitter:site\" content=\"@PeoplesphereMag\" \/>\n<meta name=\"twitter:label1\" content=\"\u00c9crit par\" \/>\n\t<meta name=\"twitter:data1\" content=\"Jean-Paul Erhard\" \/>\n\t<meta name=\"twitter:label2\" content=\"Dur\u00e9e de lecture estim\u00e9e\" \/>\n\t<meta name=\"twitter:data2\" content=\"1 minute\" \/>\n<script type=\"application\/ld+json\" class=\"yoast-schema-graph\">{\"@context\":\"https:\/\/schema.org\",\"@graph\":[{\"@type\":\"Article\",\"@id\":\"https:\/\/peoplesphere.be\/fr\/secteur-de-linterim-baisse-avril-prelude-a-probable-recul-general-de-lactivite-economique\/#article\",\"isPartOf\":{\"@id\":\"https:\/\/peoplesphere.be\/fr\/secteur-de-linterim-baisse-avril-prelude-a-probable-recul-general-de-lactivite-economique\/\"},\"author\":{\"name\":\"Jean-Paul Erhard\",\"@id\":\"https:\/\/peoplesphere.be\/fr\/#\/schema\/person\/7976225ff17988604334abb7b3536a7e\"},\"headline\":\"Le secteur de l&rsquo;int\u00e9rim en baisse en avril, le pr\u00e9lude \u00e0 un probable recul g\u00e9n\u00e9ral de l&rsquo;activit\u00e9 \u00e9conomique.\",\"datePublished\":\"2019-05-29T13:15:21+00:00\",\"dateModified\":\"2019-05-29T13:15:21+00:00\",\"mainEntityOfPage\":{\"@id\":\"https:\/\/peoplesphere.be\/fr\/secteur-de-linterim-baisse-avril-prelude-a-probable-recul-general-de-lactivite-economique\/\"},\"wordCount\":208,\"publisher\":{\"@id\":\"https:\/\/peoplesphere.be\/fr\/#organization\"},\"keywords\":[\"federgon\",\"int\u00e9rim\",\"Statistiques\"],\"articleSection\":[\"Actualit\u00e9s\",\"Digital\"],\"inLanguage\":\"fr-FR\"},{\"@type\":\"WebPage\",\"@id\":\"https:\/\/peoplesphere.be\/fr\/secteur-de-linterim-baisse-avril-prelude-a-probable-recul-general-de-lactivite-economique\/\",\"url\":\"https:\/\/peoplesphere.be\/fr\/secteur-de-linterim-baisse-avril-prelude-a-probable-recul-general-de-lactivite-economique\/\",\"name\":\"Le secteur de l'int\u00e9rim en baisse en avril, le pr\u00e9lude \u00e0 un probable recul g\u00e9n\u00e9ral de l'activit\u00e9 \u00e9conomique. - Peoplesphere\",\"isPartOf\":{\"@id\":\"https:\/\/peoplesphere.be\/fr\/#website\"},\"datePublished\":\"2019-05-29T13:15:21+00:00\",\"dateModified\":\"2019-05-29T13:15:21+00:00\",\"breadcrumb\":{\"@id\":\"https:\/\/peoplesphere.be\/fr\/secteur-de-linterim-baisse-avril-prelude-a-probable-recul-general-de-lactivite-economique\/#breadcrumb\"},\"inLanguage\":\"fr-FR\",\"potentialAction\":[{\"@type\":\"ReadAction\",\"target\":[\"https:\/\/peoplesphere.be\/fr\/secteur-de-linterim-baisse-avril-prelude-a-probable-recul-general-de-lactivite-economique\/\"]}]},{\"@type\":\"BreadcrumbList\",\"@id\":\"https:\/\/peoplesphere.be\/fr\/secteur-de-linterim-baisse-avril-prelude-a-probable-recul-general-de-lactivite-economique\/#breadcrumb\",\"itemListElement\":[{\"@type\":\"ListItem\",\"position\":1,\"name\":\"Accueil\",\"item\":\"https:\/\/peoplesphere.be\/fr\/\"},{\"@type\":\"ListItem\",\"position\":2,\"name\":\"Le secteur de l&rsquo;int\u00e9rim en baisse en avril, le pr\u00e9lude \u00e0 un probable recul g\u00e9n\u00e9ral de l&rsquo;activit\u00e9 \u00e9conomique.\"}]},{\"@type\":\"WebSite\",\"@id\":\"https:\/\/peoplesphere.be\/fr\/#website\",\"url\":\"https:\/\/peoplesphere.be\/fr\/\",\"name\":\"Peoplesphere\",\"description\":\"The People Managers Magazine\",\"publisher\":{\"@id\":\"https:\/\/peoplesphere.be\/fr\/#organization\"},\"potentialAction\":[{\"@type\":\"SearchAction\",\"target\":{\"@type\":\"EntryPoint\",\"urlTemplate\":\"https:\/\/peoplesphere.be\/fr\/?s={search_term_string}\"},\"query-input\":\"required name=search_term_string\"}],\"inLanguage\":\"fr-FR\"},{\"@type\":\"Organization\",\"@id\":\"https:\/\/peoplesphere.be\/fr\/#organization\",\"name\":\"Peoplesphere Company srl\",\"url\":\"https:\/\/peoplesphere.be\/fr\/\",\"logo\":{\"@type\":\"ImageObject\",\"inLanguage\":\"fr-FR\",\"@id\":\"https:\/\/peoplesphere.be\/fr\/#\/schema\/logo\/image\/\",\"url\":\"https:\/\/peoplesphere.be\/fr\/wp-content\/uploads\/2023\/07\/peoplesphere-lgo-new-generik.jpg\",\"contentUrl\":\"https:\/\/peoplesphere.be\/fr\/wp-content\/uploads\/2023\/07\/peoplesphere-lgo-new-generik.jpg\",\"width\":1031,\"height\":1479,\"caption\":\"Peoplesphere Company srl\"},\"image\":{\"@id\":\"https:\/\/peoplesphere.be\/fr\/#\/schema\/logo\/image\/\"},\"sameAs\":[\"https:\/\/www.facebook.com\/peoplesphere\",\"https:\/\/twitter.com\/PeoplesphereMag\",\"https:\/\/www.linkedin.com\/company\/7587361?trk\",\"http:\/\/youtube.com\/peoplesphere\"]},{\"@type\":\"Person\",\"@id\":\"https:\/\/peoplesphere.be\/fr\/#\/schema\/person\/7976225ff17988604334abb7b3536a7e\",\"name\":\"Jean-Paul Erhard\",\"image\":{\"@type\":\"ImageObject\",\"inLanguage\":\"fr-FR\",\"@id\":\"https:\/\/peoplesphere.be\/fr\/#\/schema\/person\/image\/\",\"url\":\"https:\/\/secure.gravatar.com\/avatar\/f941e681460179738071629a51574930?s=96&d=mm&r=g\",\"contentUrl\":\"https:\/\/secure.gravatar.com\/avatar\/f941e681460179738071629a51574930?s=96&d=mm&r=g\",\"caption\":\"Jean-Paul Erhard\"},\"url\":\"https:\/\/peoplesphere.be\/fr\/author\/jpe\/\"}]}<\/script>\n<!-- \/ Yoast SEO plugin. -->","yoast_head_json":{"title":"Le secteur de l'int\u00e9rim en baisse en avril, le pr\u00e9lude \u00e0 un probable recul g\u00e9n\u00e9ral de l'activit\u00e9 \u00e9conomique. - Peoplesphere","robots":{"index":"index","follow":"follow","max-snippet":"max-snippet:-1","max-image-preview":"max-image-preview:large","max-video-preview":"max-video-preview:-1"},"canonical":"https:\/\/peoplesphere.be\/fr\/secteur-de-linterim-baisse-avril-prelude-a-probable-recul-general-de-lactivite-economique\/","og_locale":"fr_FR","og_type":"article","og_title":"Le secteur de l'int\u00e9rim en baisse en avril, le pr\u00e9lude \u00e0 un probable recul g\u00e9n\u00e9ral de l'activit\u00e9 \u00e9conomique. - Peoplesphere","og_description":"Au mois d\u2019avril 2019, le nombre d\u2019heures d\u2019int\u00e9rim prest\u00e9es a diminu\u00e9 de -1,05% par rapport au mois pr\u00e9c\u00e9dent en donn\u00e9es corrig\u00e9es des variations saisonni\u00e8res et des effets de calendrier. Comme toujours, l&rsquo;\u00e9volution du secteur du travail int\u00e9rimaire annonce avec quelques [&hellip;]","og_url":"https:\/\/peoplesphere.be\/fr\/secteur-de-linterim-baisse-avril-prelude-a-probable-recul-general-de-lactivite-economique\/","og_site_name":"Peoplesphere","article_publisher":"https:\/\/www.facebook.com\/peoplesphere","article_published_time":"2019-05-29T13:15:21+00:00","og_image":[{"url":"http:\/\/www.peoplesphere.be\/fr\/wp-content\/uploads\/2016\/07\/facebook-default-posting-1200x628px.jpg"}],"author":"Jean-Paul Erhard","twitter_card":"summary_large_image","twitter_creator":"@PeoplesphereMag","twitter_site":"@PeoplesphereMag","twitter_misc":{"\u00c9crit par":"Jean-Paul Erhard","Dur\u00e9e de lecture estim\u00e9e":"1 minute"},"schema":{"@context":"https:\/\/schema.org","@graph":[{"@type":"Article","@id":"https:\/\/peoplesphere.be\/fr\/secteur-de-linterim-baisse-avril-prelude-a-probable-recul-general-de-lactivite-economique\/#article","isPartOf":{"@id":"https:\/\/peoplesphere.be\/fr\/secteur-de-linterim-baisse-avril-prelude-a-probable-recul-general-de-lactivite-economique\/"},"author":{"name":"Jean-Paul Erhard","@id":"https:\/\/peoplesphere.be\/fr\/#\/schema\/person\/7976225ff17988604334abb7b3536a7e"},"headline":"Le secteur de l&rsquo;int\u00e9rim en baisse en avril, le pr\u00e9lude \u00e0 un probable recul g\u00e9n\u00e9ral de l&rsquo;activit\u00e9 \u00e9conomique.","datePublished":"2019-05-29T13:15:21+00:00","dateModified":"2019-05-29T13:15:21+00:00","mainEntityOfPage":{"@id":"https:\/\/peoplesphere.be\/fr\/secteur-de-linterim-baisse-avril-prelude-a-probable-recul-general-de-lactivite-economique\/"},"wordCount":208,"publisher":{"@id":"https:\/\/peoplesphere.be\/fr\/#organization"},"keywords":["federgon","int\u00e9rim","Statistiques"],"articleSection":["Actualit\u00e9s","Digital"],"inLanguage":"fr-FR"},{"@type":"WebPage","@id":"https:\/\/peoplesphere.be\/fr\/secteur-de-linterim-baisse-avril-prelude-a-probable-recul-general-de-lactivite-economique\/","url":"https:\/\/peoplesphere.be\/fr\/secteur-de-linterim-baisse-avril-prelude-a-probable-recul-general-de-lactivite-economique\/","name":"Le secteur de l'int\u00e9rim en baisse en avril, le pr\u00e9lude \u00e0 un probable recul g\u00e9n\u00e9ral de l'activit\u00e9 \u00e9conomique. - Peoplesphere","isPartOf":{"@id":"https:\/\/peoplesphere.be\/fr\/#website"},"datePublished":"2019-05-29T13:15:21+00:00","dateModified":"2019-05-29T13:15:21+00:00","breadcrumb":{"@id":"https:\/\/peoplesphere.be\/fr\/secteur-de-linterim-baisse-avril-prelude-a-probable-recul-general-de-lactivite-economique\/#breadcrumb"},"inLanguage":"fr-FR","potentialAction":[{"@type":"ReadAction","target":["https:\/\/peoplesphere.be\/fr\/secteur-de-linterim-baisse-avril-prelude-a-probable-recul-general-de-lactivite-economique\/"]}]},{"@type":"BreadcrumbList","@id":"https:\/\/peoplesphere.be\/fr\/secteur-de-linterim-baisse-avril-prelude-a-probable-recul-general-de-lactivite-economique\/#breadcrumb","itemListElement":[{"@type":"ListItem","position":1,"name":"Accueil","item":"https:\/\/peoplesphere.be\/fr\/"},{"@type":"ListItem","position":2,"name":"Le secteur de l&rsquo;int\u00e9rim en baisse en avril, le pr\u00e9lude \u00e0 un probable recul g\u00e9n\u00e9ral de l&rsquo;activit\u00e9 \u00e9conomique."}]},{"@type":"WebSite","@id":"https:\/\/peoplesphere.be\/fr\/#website","url":"https:\/\/peoplesphere.be\/fr\/","name":"Peoplesphere","description":"The People Managers Magazine","publisher":{"@id":"https:\/\/peoplesphere.be\/fr\/#organization"},"potentialAction":[{"@type":"SearchAction","target":{"@type":"EntryPoint","urlTemplate":"https:\/\/peoplesphere.be\/fr\/?s={search_term_string}"},"query-input":"required name=search_term_string"}],"inLanguage":"fr-FR"},{"@type":"Organization","@id":"https:\/\/peoplesphere.be\/fr\/#organization","name":"Peoplesphere Company srl","url":"https:\/\/peoplesphere.be\/fr\/","logo":{"@type":"ImageObject","inLanguage":"fr-FR","@id":"https:\/\/peoplesphere.be\/fr\/#\/schema\/logo\/image\/","url":"https:\/\/peoplesphere.be\/fr\/wp-content\/uploads\/2023\/07\/peoplesphere-lgo-new-generik.jpg","contentUrl":"https:\/\/peoplesphere.be\/fr\/wp-content\/uploads\/2023\/07\/peoplesphere-lgo-new-generik.jpg","width":1031,"height":1479,"caption":"Peoplesphere Company srl"},"image":{"@id":"https:\/\/peoplesphere.be\/fr\/#\/schema\/logo\/image\/"},"sameAs":["https:\/\/www.facebook.com\/peoplesphere","https:\/\/twitter.com\/PeoplesphereMag","https:\/\/www.linkedin.com\/company\/7587361?trk","http:\/\/youtube.com\/peoplesphere"]},{"@type":"Person","@id":"https:\/\/peoplesphere.be\/fr\/#\/schema\/person\/7976225ff17988604334abb7b3536a7e","name":"Jean-Paul Erhard","image":{"@type":"ImageObject","inLanguage":"fr-FR","@id":"https:\/\/peoplesphere.be\/fr\/#\/schema\/person\/image\/","url":"https:\/\/secure.gravatar.com\/avatar\/f941e681460179738071629a51574930?s=96&d=mm&r=g","contentUrl":"https:\/\/secure.gravatar.com\/avatar\/f941e681460179738071629a51574930?s=96&d=mm&r=g","caption":"Jean-Paul Erhard"},"url":"https:\/\/peoplesphere.be\/fr\/author\/jpe\/"}]}},"_links":{"self":[{"href":"https:\/\/peoplesphere.be\/fr\/wp-json\/wp\/v2\/posts\/7854"}],"collection":[{"href":"https:\/\/peoplesphere.be\/fr\/wp-json\/wp\/v2\/posts"}],"about":[{"href":"https:\/\/peoplesphere.be\/fr\/wp-json\/wp\/v2\/types\/post"}],"author":[{"embeddable":true,"href":"https:\/\/peoplesphere.be\/fr\/wp-json\/wp\/v2\/users\/2"}],"replies":[{"embeddable":true,"href":"https:\/\/peoplesphere.be\/fr\/wp-json\/wp\/v2\/comments?post=7854"}],"version-history":[{"count":1,"href":"https:\/\/peoplesphere.be\/fr\/wp-json\/wp\/v2\/posts\/7854\/revisions"}],"predecessor-version":[{"id":7855,"href":"https:\/\/peoplesphere.be\/fr\/wp-json\/wp\/v2\/posts\/7854\/revisions\/7855"}],"wp:attachment":[{"href":"https:\/\/peoplesphere.be\/fr\/wp-json\/wp\/v2\/media?parent=7854"}],"wp:term":[{"taxonomy":"category","embeddable":true,"href":"https:\/\/peoplesphere.be\/fr\/wp-json\/wp\/v2\/categories?post=7854"},{"taxonomy":"post_tag","embeddable":true,"href":"https:\/\/peoplesphere.be\/fr\/wp-json\/wp\/v2\/tags?post=7854"}],"curies":[{"name":"wp","href":"https:\/\/api.w.org\/{rel}","templated":true}]}}