









{"id":7888,"date":"2019-06-05T19:41:44","date_gmt":"2019-06-05T17:41:44","guid":{"rendered":"http:\/\/www.peoplesphere.be\/fr\/?p=7888"},"modified":"2019-06-05T19:42:58","modified_gmt":"2019-06-05T17:42:58","slug":"selon-lorganisation-mondiale-de-sante-pollution-de-lair-interieur-constitue-menace-bien-plus-serieuse-pollution-exterieure","status":"publish","type":"post","link":"https:\/\/peoplesphere.be\/fr\/selon-lorganisation-mondiale-de-sante-pollution-de-lair-interieur-constitue-menace-bien-plus-serieuse-pollution-exterieure\/","title":{"rendered":"Selon l&rsquo;Organisation Mondiale de la Sant\u00e9, la pollution de l&rsquo;air int\u00e9rieur constitue une menace sanitaire bien plus s\u00e9rieuse que la pollution ext\u00e9rieure."},"content":{"rendered":"<p>A\u00a0l\u2019occasion de la Journ\u00e9e Mondiale de l\u2019Environnement qui s&rsquo;est tenue ce 5 juin, une grande enqu\u00eate r\u00e9alis\u00e9e par Elabe pour Veolia r\u00e9v\u00e8le que les Belges souffrent d&rsquo;une qualit\u00e9 de l&rsquo;air plus que d\u00e9plorable. Ils rejoignent les Fran\u00e7ais et les Chinois sur l\u2019enjeu sanitaire que repr\u00e9sente la qualit\u00e9 de l\u2019air, notamment celui que nous respirons \u00e0 notre domicile ou \u00e0 notre bureau. Pourtant, il appara\u00eet que\u00a06 Belges sur 10 ne savent pas qu\u2019ils sont davantage expos\u00e9s \u00e0 la pollution de l\u2019air int\u00e9rieur.<!--more--><br \/>\nDiverses \u00e9tudes ont d\u00e9montr\u00e9 que l\u2019\u00e9tat de sant\u00e9 des citoyens est impact\u00e9 par la qualit\u00e9 de l\u2019air respir\u00e9 \u00e0 l\u2019int\u00e9rieur de leur domicile et de leur bureau, dans les transports et dans les b\u00e2timents ouverts au public qu\u2019ils fr\u00e9quentent.<br \/>\nPour autant, il ressort de l\u2019enqu\u00eate Elabe que la plupart des Belges \u00e9valuent mal le risque sanitaire, notamment dans les lieux priv\u00e9s : plus de la moiti\u00e9 est surprise d\u2019apprendre que nous sommes davantage expos\u00e9s \u00e0 la pollution de l\u2019air \u00e0 l\u2019int\u00e9rieur de notre logement et des b\u00e2timents que nous fr\u00e9quentons qu\u2019\u00e0 l\u2019ext\u00e9rieur. Et 46 % des Belges ne se doutent pas des sources possibles de cette pollution ou de leur impact potentiel, comme par exemple les d\u00e9sodorisants d\u2019int\u00e9rieur, les produits m\u00e9nagers, les peintures ou encore les rev\u00eatements pour les murs et les sols.<\/p>\n<p>Le constat final est qu\u2019il est temps d\u2019agir et de sensibiliser sur les sources de pollution, les gestes \u00e0 adopter et les actions \u00e0 mettre en oeuvre pour am\u00e9liorer la qualit\u00e9 de l\u2019air int\u00e9rieur. Cet appel des citoyens \u00e0 une r\u00e9ponse collective traduit la formidable prise de conscience de l\u2019enjeu et de sa n\u00e9cessaire prise en compte par les acteurs tant publics que priv\u00e9s.<\/p>\n<p><strong><em>L\u2019air int\u00e9rieur peut \u00eatre jusqu\u2019\u00e0 8 fois plus pollu\u00e9 que l\u2019air ext\u00e9rieur.<\/em><\/strong><\/p>\n<p>Alors que l\u2019\u00eatre humain boit en moyenne 2 litres d\u2019eau par jour, il respire au repos pr\u00e8s de 15 000 litres d\u2019air, soit pr\u00e8s de 8 litres par minute et jusqu\u2019\u00e0 200 litres lorsque la respiration s&rsquo;acc\u00e9l\u00e8re lors d&rsquo;un effort. L\u2019\u00eatre humain respire en moyenne 16 fois par minute, et m\u00eame 40 fois pour un enfant. Soit 714 millions de respirations dans la vie d\u2019une femme, qui comme les enfants respirent plus vite que les hommes, et 664 millions dans la vie d&rsquo;un homme.<\/p>\n<p>Alors que l\u2019air int\u00e9rieur peut \u00eatre jusqu\u2019\u00e0 8 fois plus pollu\u00e9 que l\u2019air ext\u00e9rieur selon l\u2019Organisation mondiale de la Sant\u00e9 au cours de sa vie, un humain de 80 ans aura respir\u00e9 plus de 350 millions de litres d\u2019air.<\/p>\n<p>L\u2019OMS estime en outre que la pollution de l\u2019air est l\u2019un des principaux risques environnementaux mondiaux et le 4\u00e8me plus gros facteur de risque de mortalit\u00e9 dans le monde : 4,2 millions de d\u00e9c\u00e8s pr\u00e9matur\u00e9s sont attribu\u00e9s \u00e0 la pollution de l\u2019air ext\u00e9rieur et 3,8 millions \u00e0 l\u2019air \u00e0 l\u2019int\u00e9rieur des b\u00e2timents.<\/p>\n<p>Pourtant, la qualit\u00e9 de l\u2019air \u00e0 l\u2019int\u00e9rieur des b\u00e2timents est un enjeu encore tr\u00e8s peu pris en compte : l\u2019OMS estime que l\u2019air de 30% de b\u00e2timents neufs ou r\u00e9nov\u00e9s est malsain. Enfin, b\u00e9n\u00e9fice non n\u00e9gligeable : au moment de bien traiter l\u2019air int\u00e9rieur et en utilisant des \u00e9quipements performants de ventilation, il est possible de r\u00e9duire de 7 \u00e0 10% les consommations \u00e9nerg\u00e9tiques.<\/p>\n<p><em>\u00ab Conscient que la r\u00e9ponse \u00e0 ce d\u00e9fi sanitaire et de sensibilisation passe par l\u2019ensemble des acteurs, notamment des entreprises gestionnaires des syst\u00e8mes d\u2019a\u00e9ration et de chauffage des b\u00e2timents, Veolia a, au m\u00eame titre que de consid\u00e9rer l\u2019acc\u00e8s \u00e0 l\u2019eau potable comme levier essentiel de sant\u00e9 publique et de qualit\u00e9 de vie, d\u00e9cid\u00e9 d\u2019engager son expertise et ses solutions pour une meilleure qualit\u00e9 de l\u2019air int\u00e9rieur \u00bb<\/em> souligne Nicolas Germond, CEO de Veolia Belgique et Luxembourg, <em>\u2018\u2018Ainsi tant en Belgique qu\u2019au Luxembourg, nous avons d\u00e9cid\u00e9 de cr\u00e9er un p\u00f4le de comp\u00e9tence AIR qui assistera nos clients industriels, municipaux et tertiaires, leur proposera des solutions sur mesure et adapt\u00e9es \u00e0 leurs besoins pour qu\u2019ils puissent r\u00e9pondre de mani\u00e8re optimale aux attentes de leurs collaborateurs et de toute personnes se rendant dans leurs b\u00e2timents\u201d.<\/em><\/p>\n","protected":false},"excerpt":{"rendered":"<p>A\u00a0l\u2019occasion de la Journ\u00e9e Mondiale de l\u2019Environnement qui s&rsquo;est tenue ce 5 juin, une grande enqu\u00eate r\u00e9alis\u00e9e par Elabe pour Veolia r\u00e9v\u00e8le que les Belges souffrent d&rsquo;une qualit\u00e9 de l&rsquo;air plus que d\u00e9plorable. Ils rejoignent les Fran\u00e7ais et les Chinois [&hellip;]<\/p>\n","protected":false},"author":2,"featured_media":0,"comment_status":"closed","ping_status":"open","sticky":false,"template":"","format":"standard","meta":[],"categories":[1],"tags":[96,2580,2490,17,23],"yoast_head":"<!-- This site is optimized with the Yoast SEO plugin v21.0 - https:\/\/yoast.com\/wordpress\/plugins\/seo\/ -->\n<title>Selon l&#039;Organisation Mondiale de la Sant\u00e9, la pollution de l&#039;air int\u00e9rieur constitue une menace sanitaire bien plus s\u00e9rieuse que la pollution ext\u00e9rieure. - Peoplesphere<\/title>\n<meta name=\"robots\" content=\"index, follow, max-snippet:-1, max-image-preview:large, max-video-preview:-1\" \/>\n<link rel=\"canonical\" href=\"https:\/\/peoplesphere.be\/fr\/selon-lorganisation-mondiale-de-sante-pollution-de-lair-interieur-constitue-menace-bien-plus-serieuse-pollution-exterieure\/\" \/>\n<meta property=\"og:locale\" content=\"fr_FR\" \/>\n<meta property=\"og:type\" content=\"article\" \/>\n<meta property=\"og:title\" content=\"Selon l&#039;Organisation Mondiale de la Sant\u00e9, la pollution de l&#039;air int\u00e9rieur constitue une menace sanitaire bien plus s\u00e9rieuse que la pollution ext\u00e9rieure. - Peoplesphere\" \/>\n<meta property=\"og:description\" content=\"A\u00a0l\u2019occasion de la Journ\u00e9e Mondiale de l\u2019Environnement qui s&rsquo;est tenue ce 5 juin, une grande enqu\u00eate r\u00e9alis\u00e9e par Elabe pour Veolia r\u00e9v\u00e8le que les Belges souffrent d&rsquo;une qualit\u00e9 de l&rsquo;air plus que d\u00e9plorable. Ils rejoignent les Fran\u00e7ais et les Chinois [&hellip;]\" \/>\n<meta property=\"og:url\" content=\"https:\/\/peoplesphere.be\/fr\/selon-lorganisation-mondiale-de-sante-pollution-de-lair-interieur-constitue-menace-bien-plus-serieuse-pollution-exterieure\/\" \/>\n<meta property=\"og:site_name\" content=\"Peoplesphere\" \/>\n<meta property=\"article:publisher\" content=\"https:\/\/www.facebook.com\/peoplesphere\" \/>\n<meta property=\"article:published_time\" content=\"2019-06-05T17:41:44+00:00\" \/>\n<meta property=\"article:modified_time\" content=\"2019-06-05T17:42:58+00:00\" \/>\n<meta property=\"og:image\" content=\"http:\/\/www.peoplesphere.be\/fr\/wp-content\/uploads\/2016\/07\/facebook-default-posting-1200x628px.jpg\" \/>\n<meta name=\"author\" content=\"Jean-Paul Erhard\" \/>\n<meta name=\"twitter:card\" content=\"summary_large_image\" \/>\n<meta name=\"twitter:creator\" content=\"@PeoplesphereMag\" \/>\n<meta name=\"twitter:site\" content=\"@PeoplesphereMag\" \/>\n<meta name=\"twitter:label1\" content=\"\u00c9crit par\" \/>\n\t<meta name=\"twitter:data1\" content=\"Jean-Paul Erhard\" \/>\n\t<meta name=\"twitter:label2\" content=\"Dur\u00e9e de lecture estim\u00e9e\" \/>\n\t<meta name=\"twitter:data2\" content=\"4 minutes\" \/>\n<script type=\"application\/ld+json\" class=\"yoast-schema-graph\">{\"@context\":\"https:\/\/schema.org\",\"@graph\":[{\"@type\":\"Article\",\"@id\":\"https:\/\/peoplesphere.be\/fr\/selon-lorganisation-mondiale-de-sante-pollution-de-lair-interieur-constitue-menace-bien-plus-serieuse-pollution-exterieure\/#article\",\"isPartOf\":{\"@id\":\"https:\/\/peoplesphere.be\/fr\/selon-lorganisation-mondiale-de-sante-pollution-de-lair-interieur-constitue-menace-bien-plus-serieuse-pollution-exterieure\/\"},\"author\":{\"name\":\"Jean-Paul Erhard\",\"@id\":\"https:\/\/peoplesphere.be\/fr\/#\/schema\/person\/7976225ff17988604334abb7b3536a7e\"},\"headline\":\"Selon l&rsquo;Organisation Mondiale de la Sant\u00e9, la pollution de l&rsquo;air int\u00e9rieur constitue une menace sanitaire bien plus s\u00e9rieuse que la pollution ext\u00e9rieure.\",\"datePublished\":\"2019-06-05T17:41:44+00:00\",\"dateModified\":\"2019-06-05T17:42:58+00:00\",\"mainEntityOfPage\":{\"@id\":\"https:\/\/peoplesphere.be\/fr\/selon-lorganisation-mondiale-de-sante-pollution-de-lair-interieur-constitue-menace-bien-plus-serieuse-pollution-exterieure\/\"},\"wordCount\":771,\"publisher\":{\"@id\":\"https:\/\/peoplesphere.be\/fr\/#organization\"},\"keywords\":[\"bien-\u00eatre\",\"journ\u00e9e de l'environnement\",\"pollution\",\"Sant\u00e9\",\"S\u00e9curit\u00e9\"],\"inLanguage\":\"fr-FR\"},{\"@type\":\"WebPage\",\"@id\":\"https:\/\/peoplesphere.be\/fr\/selon-lorganisation-mondiale-de-sante-pollution-de-lair-interieur-constitue-menace-bien-plus-serieuse-pollution-exterieure\/\",\"url\":\"https:\/\/peoplesphere.be\/fr\/selon-lorganisation-mondiale-de-sante-pollution-de-lair-interieur-constitue-menace-bien-plus-serieuse-pollution-exterieure\/\",\"name\":\"Selon l'Organisation Mondiale de la Sant\u00e9, la pollution de l'air int\u00e9rieur constitue une menace sanitaire bien plus s\u00e9rieuse que la pollution ext\u00e9rieure. - Peoplesphere\",\"isPartOf\":{\"@id\":\"https:\/\/peoplesphere.be\/fr\/#website\"},\"datePublished\":\"2019-06-05T17:41:44+00:00\",\"dateModified\":\"2019-06-05T17:42:58+00:00\",\"breadcrumb\":{\"@id\":\"https:\/\/peoplesphere.be\/fr\/selon-lorganisation-mondiale-de-sante-pollution-de-lair-interieur-constitue-menace-bien-plus-serieuse-pollution-exterieure\/#breadcrumb\"},\"inLanguage\":\"fr-FR\",\"potentialAction\":[{\"@type\":\"ReadAction\",\"target\":[\"https:\/\/peoplesphere.be\/fr\/selon-lorganisation-mondiale-de-sante-pollution-de-lair-interieur-constitue-menace-bien-plus-serieuse-pollution-exterieure\/\"]}]},{\"@type\":\"BreadcrumbList\",\"@id\":\"https:\/\/peoplesphere.be\/fr\/selon-lorganisation-mondiale-de-sante-pollution-de-lair-interieur-constitue-menace-bien-plus-serieuse-pollution-exterieure\/#breadcrumb\",\"itemListElement\":[{\"@type\":\"ListItem\",\"position\":1,\"name\":\"Accueil\",\"item\":\"https:\/\/peoplesphere.be\/fr\/\"},{\"@type\":\"ListItem\",\"position\":2,\"name\":\"Selon l&rsquo;Organisation Mondiale de la Sant\u00e9, la pollution de l&rsquo;air int\u00e9rieur constitue une menace sanitaire bien plus s\u00e9rieuse que la pollution ext\u00e9rieure.\"}]},{\"@type\":\"WebSite\",\"@id\":\"https:\/\/peoplesphere.be\/fr\/#website\",\"url\":\"https:\/\/peoplesphere.be\/fr\/\",\"name\":\"Peoplesphere\",\"description\":\"The People Managers Magazine\",\"publisher\":{\"@id\":\"https:\/\/peoplesphere.be\/fr\/#organization\"},\"potentialAction\":[{\"@type\":\"SearchAction\",\"target\":{\"@type\":\"EntryPoint\",\"urlTemplate\":\"https:\/\/peoplesphere.be\/fr\/?s={search_term_string}\"},\"query-input\":\"required name=search_term_string\"}],\"inLanguage\":\"fr-FR\"},{\"@type\":\"Organization\",\"@id\":\"https:\/\/peoplesphere.be\/fr\/#organization\",\"name\":\"Peoplesphere Company srl\",\"url\":\"https:\/\/peoplesphere.be\/fr\/\",\"logo\":{\"@type\":\"ImageObject\",\"inLanguage\":\"fr-FR\",\"@id\":\"https:\/\/peoplesphere.be\/fr\/#\/schema\/logo\/image\/\",\"url\":\"https:\/\/peoplesphere.be\/fr\/wp-content\/uploads\/2023\/07\/peoplesphere-lgo-new-generik.jpg\",\"contentUrl\":\"https:\/\/peoplesphere.be\/fr\/wp-content\/uploads\/2023\/07\/peoplesphere-lgo-new-generik.jpg\",\"width\":1031,\"height\":1479,\"caption\":\"Peoplesphere Company srl\"},\"image\":{\"@id\":\"https:\/\/peoplesphere.be\/fr\/#\/schema\/logo\/image\/\"},\"sameAs\":[\"https:\/\/www.facebook.com\/peoplesphere\",\"https:\/\/twitter.com\/PeoplesphereMag\",\"https:\/\/www.linkedin.com\/company\/7587361?trk\",\"http:\/\/youtube.com\/peoplesphere\"]},{\"@type\":\"Person\",\"@id\":\"https:\/\/peoplesphere.be\/fr\/#\/schema\/person\/7976225ff17988604334abb7b3536a7e\",\"name\":\"Jean-Paul Erhard\",\"image\":{\"@type\":\"ImageObject\",\"inLanguage\":\"fr-FR\",\"@id\":\"https:\/\/peoplesphere.be\/fr\/#\/schema\/person\/image\/\",\"url\":\"https:\/\/secure.gravatar.com\/avatar\/f941e681460179738071629a51574930?s=96&d=mm&r=g\",\"contentUrl\":\"https:\/\/secure.gravatar.com\/avatar\/f941e681460179738071629a51574930?s=96&d=mm&r=g\",\"caption\":\"Jean-Paul Erhard\"},\"url\":\"https:\/\/peoplesphere.be\/fr\/author\/jpe\/\"}]}<\/script>\n<!-- \/ Yoast SEO plugin. -->","yoast_head_json":{"title":"Selon l'Organisation Mondiale de la Sant\u00e9, la pollution de l'air int\u00e9rieur constitue une menace sanitaire bien plus s\u00e9rieuse que la pollution ext\u00e9rieure. - Peoplesphere","robots":{"index":"index","follow":"follow","max-snippet":"max-snippet:-1","max-image-preview":"max-image-preview:large","max-video-preview":"max-video-preview:-1"},"canonical":"https:\/\/peoplesphere.be\/fr\/selon-lorganisation-mondiale-de-sante-pollution-de-lair-interieur-constitue-menace-bien-plus-serieuse-pollution-exterieure\/","og_locale":"fr_FR","og_type":"article","og_title":"Selon l'Organisation Mondiale de la Sant\u00e9, la pollution de l'air int\u00e9rieur constitue une menace sanitaire bien plus s\u00e9rieuse que la pollution ext\u00e9rieure. - Peoplesphere","og_description":"A\u00a0l\u2019occasion de la Journ\u00e9e Mondiale de l\u2019Environnement qui s&rsquo;est tenue ce 5 juin, une grande enqu\u00eate r\u00e9alis\u00e9e par Elabe pour Veolia r\u00e9v\u00e8le que les Belges souffrent d&rsquo;une qualit\u00e9 de l&rsquo;air plus que d\u00e9plorable. Ils rejoignent les Fran\u00e7ais et les Chinois [&hellip;]","og_url":"https:\/\/peoplesphere.be\/fr\/selon-lorganisation-mondiale-de-sante-pollution-de-lair-interieur-constitue-menace-bien-plus-serieuse-pollution-exterieure\/","og_site_name":"Peoplesphere","article_publisher":"https:\/\/www.facebook.com\/peoplesphere","article_published_time":"2019-06-05T17:41:44+00:00","article_modified_time":"2019-06-05T17:42:58+00:00","og_image":[{"url":"http:\/\/www.peoplesphere.be\/fr\/wp-content\/uploads\/2016\/07\/facebook-default-posting-1200x628px.jpg"}],"author":"Jean-Paul Erhard","twitter_card":"summary_large_image","twitter_creator":"@PeoplesphereMag","twitter_site":"@PeoplesphereMag","twitter_misc":{"\u00c9crit par":"Jean-Paul Erhard","Dur\u00e9e de lecture estim\u00e9e":"4 minutes"},"schema":{"@context":"https:\/\/schema.org","@graph":[{"@type":"Article","@id":"https:\/\/peoplesphere.be\/fr\/selon-lorganisation-mondiale-de-sante-pollution-de-lair-interieur-constitue-menace-bien-plus-serieuse-pollution-exterieure\/#article","isPartOf":{"@id":"https:\/\/peoplesphere.be\/fr\/selon-lorganisation-mondiale-de-sante-pollution-de-lair-interieur-constitue-menace-bien-plus-serieuse-pollution-exterieure\/"},"author":{"name":"Jean-Paul Erhard","@id":"https:\/\/peoplesphere.be\/fr\/#\/schema\/person\/7976225ff17988604334abb7b3536a7e"},"headline":"Selon l&rsquo;Organisation Mondiale de la Sant\u00e9, la pollution de l&rsquo;air int\u00e9rieur constitue une menace sanitaire bien plus s\u00e9rieuse que la pollution ext\u00e9rieure.","datePublished":"2019-06-05T17:41:44+00:00","dateModified":"2019-06-05T17:42:58+00:00","mainEntityOfPage":{"@id":"https:\/\/peoplesphere.be\/fr\/selon-lorganisation-mondiale-de-sante-pollution-de-lair-interieur-constitue-menace-bien-plus-serieuse-pollution-exterieure\/"},"wordCount":771,"publisher":{"@id":"https:\/\/peoplesphere.be\/fr\/#organization"},"keywords":["bien-\u00eatre","journ\u00e9e de l'environnement","pollution","Sant\u00e9","S\u00e9curit\u00e9"],"inLanguage":"fr-FR"},{"@type":"WebPage","@id":"https:\/\/peoplesphere.be\/fr\/selon-lorganisation-mondiale-de-sante-pollution-de-lair-interieur-constitue-menace-bien-plus-serieuse-pollution-exterieure\/","url":"https:\/\/peoplesphere.be\/fr\/selon-lorganisation-mondiale-de-sante-pollution-de-lair-interieur-constitue-menace-bien-plus-serieuse-pollution-exterieure\/","name":"Selon l'Organisation Mondiale de la Sant\u00e9, la pollution de l'air int\u00e9rieur constitue une menace sanitaire bien plus s\u00e9rieuse que la pollution ext\u00e9rieure. - Peoplesphere","isPartOf":{"@id":"https:\/\/peoplesphere.be\/fr\/#website"},"datePublished":"2019-06-05T17:41:44+00:00","dateModified":"2019-06-05T17:42:58+00:00","breadcrumb":{"@id":"https:\/\/peoplesphere.be\/fr\/selon-lorganisation-mondiale-de-sante-pollution-de-lair-interieur-constitue-menace-bien-plus-serieuse-pollution-exterieure\/#breadcrumb"},"inLanguage":"fr-FR","potentialAction":[{"@type":"ReadAction","target":["https:\/\/peoplesphere.be\/fr\/selon-lorganisation-mondiale-de-sante-pollution-de-lair-interieur-constitue-menace-bien-plus-serieuse-pollution-exterieure\/"]}]},{"@type":"BreadcrumbList","@id":"https:\/\/peoplesphere.be\/fr\/selon-lorganisation-mondiale-de-sante-pollution-de-lair-interieur-constitue-menace-bien-plus-serieuse-pollution-exterieure\/#breadcrumb","itemListElement":[{"@type":"ListItem","position":1,"name":"Accueil","item":"https:\/\/peoplesphere.be\/fr\/"},{"@type":"ListItem","position":2,"name":"Selon l&rsquo;Organisation Mondiale de la Sant\u00e9, la pollution de l&rsquo;air int\u00e9rieur constitue une menace sanitaire bien plus s\u00e9rieuse que la pollution ext\u00e9rieure."}]},{"@type":"WebSite","@id":"https:\/\/peoplesphere.be\/fr\/#website","url":"https:\/\/peoplesphere.be\/fr\/","name":"Peoplesphere","description":"The People Managers Magazine","publisher":{"@id":"https:\/\/peoplesphere.be\/fr\/#organization"},"potentialAction":[{"@type":"SearchAction","target":{"@type":"EntryPoint","urlTemplate":"https:\/\/peoplesphere.be\/fr\/?s={search_term_string}"},"query-input":"required name=search_term_string"}],"inLanguage":"fr-FR"},{"@type":"Organization","@id":"https:\/\/peoplesphere.be\/fr\/#organization","name":"Peoplesphere Company srl","url":"https:\/\/peoplesphere.be\/fr\/","logo":{"@type":"ImageObject","inLanguage":"fr-FR","@id":"https:\/\/peoplesphere.be\/fr\/#\/schema\/logo\/image\/","url":"https:\/\/peoplesphere.be\/fr\/wp-content\/uploads\/2023\/07\/peoplesphere-lgo-new-generik.jpg","contentUrl":"https:\/\/peoplesphere.be\/fr\/wp-content\/uploads\/2023\/07\/peoplesphere-lgo-new-generik.jpg","width":1031,"height":1479,"caption":"Peoplesphere Company srl"},"image":{"@id":"https:\/\/peoplesphere.be\/fr\/#\/schema\/logo\/image\/"},"sameAs":["https:\/\/www.facebook.com\/peoplesphere","https:\/\/twitter.com\/PeoplesphereMag","https:\/\/www.linkedin.com\/company\/7587361?trk","http:\/\/youtube.com\/peoplesphere"]},{"@type":"Person","@id":"https:\/\/peoplesphere.be\/fr\/#\/schema\/person\/7976225ff17988604334abb7b3536a7e","name":"Jean-Paul Erhard","image":{"@type":"ImageObject","inLanguage":"fr-FR","@id":"https:\/\/peoplesphere.be\/fr\/#\/schema\/person\/image\/","url":"https:\/\/secure.gravatar.com\/avatar\/f941e681460179738071629a51574930?s=96&d=mm&r=g","contentUrl":"https:\/\/secure.gravatar.com\/avatar\/f941e681460179738071629a51574930?s=96&d=mm&r=g","caption":"Jean-Paul Erhard"},"url":"https:\/\/peoplesphere.be\/fr\/author\/jpe\/"}]}},"_links":{"self":[{"href":"https:\/\/peoplesphere.be\/fr\/wp-json\/wp\/v2\/posts\/7888"}],"collection":[{"href":"https:\/\/peoplesphere.be\/fr\/wp-json\/wp\/v2\/posts"}],"about":[{"href":"https:\/\/peoplesphere.be\/fr\/wp-json\/wp\/v2\/types\/post"}],"author":[{"embeddable":true,"href":"https:\/\/peoplesphere.be\/fr\/wp-json\/wp\/v2\/users\/2"}],"replies":[{"embeddable":true,"href":"https:\/\/peoplesphere.be\/fr\/wp-json\/wp\/v2\/comments?post=7888"}],"version-history":[{"count":2,"href":"https:\/\/peoplesphere.be\/fr\/wp-json\/wp\/v2\/posts\/7888\/revisions"}],"predecessor-version":[{"id":7890,"href":"https:\/\/peoplesphere.be\/fr\/wp-json\/wp\/v2\/posts\/7888\/revisions\/7890"}],"wp:attachment":[{"href":"https:\/\/peoplesphere.be\/fr\/wp-json\/wp\/v2\/media?parent=7888"}],"wp:term":[{"taxonomy":"category","embeddable":true,"href":"https:\/\/peoplesphere.be\/fr\/wp-json\/wp\/v2\/categories?post=7888"},{"taxonomy":"post_tag","embeddable":true,"href":"https:\/\/peoplesphere.be\/fr\/wp-json\/wp\/v2\/tags?post=7888"}],"curies":[{"name":"wp","href":"https:\/\/api.w.org\/{rel}","templated":true}]}}