









{"id":7891,"date":"2019-06-06T05:05:40","date_gmt":"2019-06-06T03:05:40","guid":{"rendered":"http:\/\/www.peoplesphere.be\/fr\/?p=7891"},"modified":"2019-06-06T05:05:40","modified_gmt":"2019-06-06T03:05:40","slug":"taux-de-chomage-wallon-reste-stable-a-hauteur-de-122","status":"publish","type":"post","link":"https:\/\/peoplesphere.be\/fr\/taux-de-chomage-wallon-reste-stable-a-hauteur-de-122\/","title":{"rendered":"Le taux de ch\u00f4mage wallon reste stable \u00e0 hauteur de 12,2%."},"content":{"rendered":"<p>Fin mai 2019, le nombre de demandeurs d\u2019emploi inoccup\u00e9s en Wallonie reste sous la barre des 200.000, \u00e0 savoir 192.098. Le taux d\u2019emploi \u00e0 un an est stable par rapport \u00e0 mai 2018 : 12,2 %.\u00a0Les diminutions de la demande d\u2019emploi les plus marqu\u00e9es \u00e0 un an d\u2019\u00e9cart concernent les demandeurs d&#8217;emploi \u00e2g\u00e9s de 25 \u00e0 moins de 30 ans (- 5,8 %), ainsi que les jeunes de moins de 25 ans (- 4,2 %).<!--more--><\/p>\n<p>Fin mai 2019, la Wallonie compte 125.576 demandeurs d\u2019emploi (D.E.) demandeurs d\u2019allocations (dont 1.466 en Communaut\u00e9 germanophone) et 23.390 jeunes en stage d\u2019insertion professionnelle (dont 106 en Communaut\u00e9 germanophone). \u00c0 ceux-ci s\u2019ajoutent d\u2019autres demandeurs d\u2019emploi inoccup\u00e9s (D.E.I.) : 30.545 personnes inscrites obligatoirement et 12.587 demandeurs d\u2019emploi qui se sont librement inscrits, pour un total de 192.098 D.E.I. Ceux-ci repr\u00e9sentent 12,2 % de la population active wallonne.<\/p>\n<p>Parmi ces 192.098 D.E.I. wallons :<\/p>\n<ul>\n<li>53 % sont des hommes ;<\/li>\n<li>17 % sont \u00e2g\u00e9s de moins de 25 ans, 27 % ont 50 ans et plus ;<\/li>\n<li>47 % sont au plus dipl\u00f4m\u00e9s de l\u2019enseignement secondaire du 2e degr\u00e9 ;<\/li>\n<li>25 % sont inoccup\u00e9s depuis moins de six mois et 40 % depuis deux ans et plus.<\/li>\n<\/ul>\n<p><strong><em>5.225 demandeurs d\u2019emploi de moins qu\u2019en avril 2019 (\u00e9cart mensuel)<\/em><\/strong><\/p>\n<p>Entre fin avril et fin mai 2019, le nombre de D.E.I. a diminu\u00e9 de 2,6 %, ce qui \u00e9quivaut \u00e0 5.225 personnes de moins dans la demande d\u2019emploi wallonne. Cette situation sur base mensuelle est habituellement observ\u00e9e \u00e0 cette p\u00e9riode de l\u2019ann\u00e9e.<\/p>\n<p><em><strong>450 demandeurs d\u2019emploi de plus qu\u2019en mai 2018 (\u00e9cart annuel)<\/strong><\/em><\/p>\n<p>La demande d\u2019emploi wallonne augmente tr\u00e8s l\u00e9g\u00e8rement \u00e0 un an d\u2019\u00e9cart (+ 450 personnes) malgr\u00e9 une baisse de 7.781 demandeurs d\u2019emploi demandeurs d\u2019allocations. Cette hausse fait suite \u00e0 une mesure correctrice, datant de juillet 2018, visant \u00e0 r\u00e9int\u00e9grer des personnes inoccup\u00e9es dans la cat\u00e9gorie \u00ab inscrits obligatoirement \u00bb. Cette op\u00e9ration affectera quelques mois encore les chiffres de la demande de l\u2019emploi.<\/p>\n<p>Presque toutes les cat\u00e9gories administratives de demandeurs d\u2019emploi \u00e0 un an d\u2019\u00e9cart sont \u00e0 la baisse \u00e0 l\u2019exception des inscrits obligatoirement :<\/p>\n<ul>\n<li>demandeurs d\u2019emploi demandeurs d\u2019allocations : &#8211; 5,8 % (soit 7.781 personnes)<\/li>\n<li>jeunes en stage d\u2019insertion : &#8211; 10,6% (soit 2.779 personnes)<\/li>\n<li>demandeurs d\u2019emploi inscrits librement : &#8211; 2,4 % (soit 315 personnes)<\/li>\n<li>demandeurs d\u2019emploi inscrits obligatoirement : + 58,9 % (soit 11.325 personnes).<\/li>\n<\/ul>\n<p>Concernant la dur\u00e9e d\u2019inoccupation, la demande d\u2019emploi augmente sur base annuelle parmi les personnes le plus r\u00e9cemment entr\u00e9es dans la demande d\u2019emploi (+ 8,3 % de personnes comptant moins de six mois d\u2019inoccupation et + 1,4 % de personnes comptant de 6 mois \u00e0 un an d\u2019inoccupation).<\/p>\n<p><em>Source: Forem<\/em><\/p>\n","protected":false},"excerpt":{"rendered":"<p>Fin mai 2019, le nombre de demandeurs d\u2019emploi inoccup\u00e9s en Wallonie reste sous la barre des 200.000, \u00e0 savoir 192.098. Le taux d\u2019emploi \u00e0 un an est stable par rapport \u00e0 mai 2018 : 12,2 %.\u00a0Les diminutions de la demande [&hellip;]<\/p>\n","protected":false},"author":2,"featured_media":0,"comment_status":"closed","ping_status":"open","sticky":false,"template":"","format":"standard","meta":[],"categories":[1],"tags":[331,702,703],"yoast_head":"<!-- This site is optimized with the Yoast SEO plugin v21.0 - https:\/\/yoast.com\/wordpress\/plugins\/seo\/ -->\n<title>Le taux de ch\u00f4mage wallon reste stable \u00e0 hauteur de 12,2%. - Peoplesphere<\/title>\n<meta name=\"robots\" content=\"index, follow, max-snippet:-1, max-image-preview:large, max-video-preview:-1\" \/>\n<link rel=\"canonical\" href=\"https:\/\/peoplesphere.be\/fr\/taux-de-chomage-wallon-reste-stable-a-hauteur-de-122\/\" \/>\n<meta property=\"og:locale\" content=\"fr_FR\" \/>\n<meta property=\"og:type\" content=\"article\" \/>\n<meta property=\"og:title\" content=\"Le taux de ch\u00f4mage wallon reste stable \u00e0 hauteur de 12,2%. - Peoplesphere\" \/>\n<meta property=\"og:description\" content=\"Fin mai 2019, le nombre de demandeurs d\u2019emploi inoccup\u00e9s en Wallonie reste sous la barre des 200.000, \u00e0 savoir 192.098. Le taux d\u2019emploi \u00e0 un an est stable par rapport \u00e0 mai 2018 : 12,2 %.\u00a0Les diminutions de la demande [&hellip;]\" \/>\n<meta property=\"og:url\" content=\"https:\/\/peoplesphere.be\/fr\/taux-de-chomage-wallon-reste-stable-a-hauteur-de-122\/\" \/>\n<meta property=\"og:site_name\" content=\"Peoplesphere\" \/>\n<meta property=\"article:publisher\" content=\"https:\/\/www.facebook.com\/peoplesphere\" \/>\n<meta property=\"article:published_time\" content=\"2019-06-06T03:05:40+00:00\" \/>\n<meta property=\"og:image\" content=\"http:\/\/www.peoplesphere.be\/fr\/wp-content\/uploads\/2016\/07\/facebook-default-posting-1200x628px.jpg\" \/>\n<meta name=\"author\" content=\"Jean-Paul Erhard\" \/>\n<meta name=\"twitter:card\" content=\"summary_large_image\" \/>\n<meta name=\"twitter:creator\" content=\"@PeoplesphereMag\" \/>\n<meta name=\"twitter:site\" content=\"@PeoplesphereMag\" \/>\n<meta name=\"twitter:label1\" content=\"\u00c9crit par\" \/>\n\t<meta name=\"twitter:data1\" content=\"Jean-Paul Erhard\" \/>\n\t<meta name=\"twitter:label2\" content=\"Dur\u00e9e de lecture estim\u00e9e\" \/>\n\t<meta name=\"twitter:data2\" content=\"2 minutes\" \/>\n<script type=\"application\/ld+json\" class=\"yoast-schema-graph\">{\"@context\":\"https:\/\/schema.org\",\"@graph\":[{\"@type\":\"Article\",\"@id\":\"https:\/\/peoplesphere.be\/fr\/taux-de-chomage-wallon-reste-stable-a-hauteur-de-122\/#article\",\"isPartOf\":{\"@id\":\"https:\/\/peoplesphere.be\/fr\/taux-de-chomage-wallon-reste-stable-a-hauteur-de-122\/\"},\"author\":{\"name\":\"Jean-Paul Erhard\",\"@id\":\"https:\/\/peoplesphere.be\/fr\/#\/schema\/person\/7976225ff17988604334abb7b3536a7e\"},\"headline\":\"Le taux de ch\u00f4mage wallon reste stable \u00e0 hauteur de 12,2%.\",\"datePublished\":\"2019-06-06T03:05:40+00:00\",\"dateModified\":\"2019-06-06T03:05:40+00:00\",\"mainEntityOfPage\":{\"@id\":\"https:\/\/peoplesphere.be\/fr\/taux-de-chomage-wallon-reste-stable-a-hauteur-de-122\/\"},\"wordCount\":420,\"publisher\":{\"@id\":\"https:\/\/peoplesphere.be\/fr\/#organization\"},\"keywords\":[\"forem\",\"march\u00e9 de l'emploi\",\"taux de ch\u00f4mage\"],\"inLanguage\":\"fr-FR\"},{\"@type\":\"WebPage\",\"@id\":\"https:\/\/peoplesphere.be\/fr\/taux-de-chomage-wallon-reste-stable-a-hauteur-de-122\/\",\"url\":\"https:\/\/peoplesphere.be\/fr\/taux-de-chomage-wallon-reste-stable-a-hauteur-de-122\/\",\"name\":\"Le taux de ch\u00f4mage wallon reste stable \u00e0 hauteur de 12,2%. - Peoplesphere\",\"isPartOf\":{\"@id\":\"https:\/\/peoplesphere.be\/fr\/#website\"},\"datePublished\":\"2019-06-06T03:05:40+00:00\",\"dateModified\":\"2019-06-06T03:05:40+00:00\",\"breadcrumb\":{\"@id\":\"https:\/\/peoplesphere.be\/fr\/taux-de-chomage-wallon-reste-stable-a-hauteur-de-122\/#breadcrumb\"},\"inLanguage\":\"fr-FR\",\"potentialAction\":[{\"@type\":\"ReadAction\",\"target\":[\"https:\/\/peoplesphere.be\/fr\/taux-de-chomage-wallon-reste-stable-a-hauteur-de-122\/\"]}]},{\"@type\":\"BreadcrumbList\",\"@id\":\"https:\/\/peoplesphere.be\/fr\/taux-de-chomage-wallon-reste-stable-a-hauteur-de-122\/#breadcrumb\",\"itemListElement\":[{\"@type\":\"ListItem\",\"position\":1,\"name\":\"Accueil\",\"item\":\"https:\/\/peoplesphere.be\/fr\/\"},{\"@type\":\"ListItem\",\"position\":2,\"name\":\"Le taux de ch\u00f4mage wallon reste stable \u00e0 hauteur de 12,2%.\"}]},{\"@type\":\"WebSite\",\"@id\":\"https:\/\/peoplesphere.be\/fr\/#website\",\"url\":\"https:\/\/peoplesphere.be\/fr\/\",\"name\":\"Peoplesphere\",\"description\":\"The People Managers Magazine\",\"publisher\":{\"@id\":\"https:\/\/peoplesphere.be\/fr\/#organization\"},\"potentialAction\":[{\"@type\":\"SearchAction\",\"target\":{\"@type\":\"EntryPoint\",\"urlTemplate\":\"https:\/\/peoplesphere.be\/fr\/?s={search_term_string}\"},\"query-input\":\"required name=search_term_string\"}],\"inLanguage\":\"fr-FR\"},{\"@type\":\"Organization\",\"@id\":\"https:\/\/peoplesphere.be\/fr\/#organization\",\"name\":\"Peoplesphere Company srl\",\"url\":\"https:\/\/peoplesphere.be\/fr\/\",\"logo\":{\"@type\":\"ImageObject\",\"inLanguage\":\"fr-FR\",\"@id\":\"https:\/\/peoplesphere.be\/fr\/#\/schema\/logo\/image\/\",\"url\":\"https:\/\/peoplesphere.be\/fr\/wp-content\/uploads\/2023\/07\/peoplesphere-lgo-new-generik.jpg\",\"contentUrl\":\"https:\/\/peoplesphere.be\/fr\/wp-content\/uploads\/2023\/07\/peoplesphere-lgo-new-generik.jpg\",\"width\":1031,\"height\":1479,\"caption\":\"Peoplesphere Company srl\"},\"image\":{\"@id\":\"https:\/\/peoplesphere.be\/fr\/#\/schema\/logo\/image\/\"},\"sameAs\":[\"https:\/\/www.facebook.com\/peoplesphere\",\"https:\/\/twitter.com\/PeoplesphereMag\",\"https:\/\/www.linkedin.com\/company\/7587361?trk\",\"http:\/\/youtube.com\/peoplesphere\"]},{\"@type\":\"Person\",\"@id\":\"https:\/\/peoplesphere.be\/fr\/#\/schema\/person\/7976225ff17988604334abb7b3536a7e\",\"name\":\"Jean-Paul Erhard\",\"image\":{\"@type\":\"ImageObject\",\"inLanguage\":\"fr-FR\",\"@id\":\"https:\/\/peoplesphere.be\/fr\/#\/schema\/person\/image\/\",\"url\":\"https:\/\/secure.gravatar.com\/avatar\/f941e681460179738071629a51574930?s=96&d=mm&r=g\",\"contentUrl\":\"https:\/\/secure.gravatar.com\/avatar\/f941e681460179738071629a51574930?s=96&d=mm&r=g\",\"caption\":\"Jean-Paul Erhard\"},\"url\":\"https:\/\/peoplesphere.be\/fr\/author\/jpe\/\"}]}<\/script>\n<!-- \/ Yoast SEO plugin. -->","yoast_head_json":{"title":"Le taux de ch\u00f4mage wallon reste stable \u00e0 hauteur de 12,2%. - Peoplesphere","robots":{"index":"index","follow":"follow","max-snippet":"max-snippet:-1","max-image-preview":"max-image-preview:large","max-video-preview":"max-video-preview:-1"},"canonical":"https:\/\/peoplesphere.be\/fr\/taux-de-chomage-wallon-reste-stable-a-hauteur-de-122\/","og_locale":"fr_FR","og_type":"article","og_title":"Le taux de ch\u00f4mage wallon reste stable \u00e0 hauteur de 12,2%. - Peoplesphere","og_description":"Fin mai 2019, le nombre de demandeurs d\u2019emploi inoccup\u00e9s en Wallonie reste sous la barre des 200.000, \u00e0 savoir 192.098. Le taux d\u2019emploi \u00e0 un an est stable par rapport \u00e0 mai 2018 : 12,2 %.\u00a0Les diminutions de la demande [&hellip;]","og_url":"https:\/\/peoplesphere.be\/fr\/taux-de-chomage-wallon-reste-stable-a-hauteur-de-122\/","og_site_name":"Peoplesphere","article_publisher":"https:\/\/www.facebook.com\/peoplesphere","article_published_time":"2019-06-06T03:05:40+00:00","og_image":[{"url":"http:\/\/www.peoplesphere.be\/fr\/wp-content\/uploads\/2016\/07\/facebook-default-posting-1200x628px.jpg"}],"author":"Jean-Paul Erhard","twitter_card":"summary_large_image","twitter_creator":"@PeoplesphereMag","twitter_site":"@PeoplesphereMag","twitter_misc":{"\u00c9crit par":"Jean-Paul Erhard","Dur\u00e9e de lecture estim\u00e9e":"2 minutes"},"schema":{"@context":"https:\/\/schema.org","@graph":[{"@type":"Article","@id":"https:\/\/peoplesphere.be\/fr\/taux-de-chomage-wallon-reste-stable-a-hauteur-de-122\/#article","isPartOf":{"@id":"https:\/\/peoplesphere.be\/fr\/taux-de-chomage-wallon-reste-stable-a-hauteur-de-122\/"},"author":{"name":"Jean-Paul Erhard","@id":"https:\/\/peoplesphere.be\/fr\/#\/schema\/person\/7976225ff17988604334abb7b3536a7e"},"headline":"Le taux de ch\u00f4mage wallon reste stable \u00e0 hauteur de 12,2%.","datePublished":"2019-06-06T03:05:40+00:00","dateModified":"2019-06-06T03:05:40+00:00","mainEntityOfPage":{"@id":"https:\/\/peoplesphere.be\/fr\/taux-de-chomage-wallon-reste-stable-a-hauteur-de-122\/"},"wordCount":420,"publisher":{"@id":"https:\/\/peoplesphere.be\/fr\/#organization"},"keywords":["forem","march\u00e9 de l'emploi","taux de ch\u00f4mage"],"inLanguage":"fr-FR"},{"@type":"WebPage","@id":"https:\/\/peoplesphere.be\/fr\/taux-de-chomage-wallon-reste-stable-a-hauteur-de-122\/","url":"https:\/\/peoplesphere.be\/fr\/taux-de-chomage-wallon-reste-stable-a-hauteur-de-122\/","name":"Le taux de ch\u00f4mage wallon reste stable \u00e0 hauteur de 12,2%. - Peoplesphere","isPartOf":{"@id":"https:\/\/peoplesphere.be\/fr\/#website"},"datePublished":"2019-06-06T03:05:40+00:00","dateModified":"2019-06-06T03:05:40+00:00","breadcrumb":{"@id":"https:\/\/peoplesphere.be\/fr\/taux-de-chomage-wallon-reste-stable-a-hauteur-de-122\/#breadcrumb"},"inLanguage":"fr-FR","potentialAction":[{"@type":"ReadAction","target":["https:\/\/peoplesphere.be\/fr\/taux-de-chomage-wallon-reste-stable-a-hauteur-de-122\/"]}]},{"@type":"BreadcrumbList","@id":"https:\/\/peoplesphere.be\/fr\/taux-de-chomage-wallon-reste-stable-a-hauteur-de-122\/#breadcrumb","itemListElement":[{"@type":"ListItem","position":1,"name":"Accueil","item":"https:\/\/peoplesphere.be\/fr\/"},{"@type":"ListItem","position":2,"name":"Le taux de ch\u00f4mage wallon reste stable \u00e0 hauteur de 12,2%."}]},{"@type":"WebSite","@id":"https:\/\/peoplesphere.be\/fr\/#website","url":"https:\/\/peoplesphere.be\/fr\/","name":"Peoplesphere","description":"The People Managers Magazine","publisher":{"@id":"https:\/\/peoplesphere.be\/fr\/#organization"},"potentialAction":[{"@type":"SearchAction","target":{"@type":"EntryPoint","urlTemplate":"https:\/\/peoplesphere.be\/fr\/?s={search_term_string}"},"query-input":"required name=search_term_string"}],"inLanguage":"fr-FR"},{"@type":"Organization","@id":"https:\/\/peoplesphere.be\/fr\/#organization","name":"Peoplesphere Company srl","url":"https:\/\/peoplesphere.be\/fr\/","logo":{"@type":"ImageObject","inLanguage":"fr-FR","@id":"https:\/\/peoplesphere.be\/fr\/#\/schema\/logo\/image\/","url":"https:\/\/peoplesphere.be\/fr\/wp-content\/uploads\/2023\/07\/peoplesphere-lgo-new-generik.jpg","contentUrl":"https:\/\/peoplesphere.be\/fr\/wp-content\/uploads\/2023\/07\/peoplesphere-lgo-new-generik.jpg","width":1031,"height":1479,"caption":"Peoplesphere Company srl"},"image":{"@id":"https:\/\/peoplesphere.be\/fr\/#\/schema\/logo\/image\/"},"sameAs":["https:\/\/www.facebook.com\/peoplesphere","https:\/\/twitter.com\/PeoplesphereMag","https:\/\/www.linkedin.com\/company\/7587361?trk","http:\/\/youtube.com\/peoplesphere"]},{"@type":"Person","@id":"https:\/\/peoplesphere.be\/fr\/#\/schema\/person\/7976225ff17988604334abb7b3536a7e","name":"Jean-Paul Erhard","image":{"@type":"ImageObject","inLanguage":"fr-FR","@id":"https:\/\/peoplesphere.be\/fr\/#\/schema\/person\/image\/","url":"https:\/\/secure.gravatar.com\/avatar\/f941e681460179738071629a51574930?s=96&d=mm&r=g","contentUrl":"https:\/\/secure.gravatar.com\/avatar\/f941e681460179738071629a51574930?s=96&d=mm&r=g","caption":"Jean-Paul Erhard"},"url":"https:\/\/peoplesphere.be\/fr\/author\/jpe\/"}]}},"_links":{"self":[{"href":"https:\/\/peoplesphere.be\/fr\/wp-json\/wp\/v2\/posts\/7891"}],"collection":[{"href":"https:\/\/peoplesphere.be\/fr\/wp-json\/wp\/v2\/posts"}],"about":[{"href":"https:\/\/peoplesphere.be\/fr\/wp-json\/wp\/v2\/types\/post"}],"author":[{"embeddable":true,"href":"https:\/\/peoplesphere.be\/fr\/wp-json\/wp\/v2\/users\/2"}],"replies":[{"embeddable":true,"href":"https:\/\/peoplesphere.be\/fr\/wp-json\/wp\/v2\/comments?post=7891"}],"version-history":[{"count":1,"href":"https:\/\/peoplesphere.be\/fr\/wp-json\/wp\/v2\/posts\/7891\/revisions"}],"predecessor-version":[{"id":7892,"href":"https:\/\/peoplesphere.be\/fr\/wp-json\/wp\/v2\/posts\/7891\/revisions\/7892"}],"wp:attachment":[{"href":"https:\/\/peoplesphere.be\/fr\/wp-json\/wp\/v2\/media?parent=7891"}],"wp:term":[{"taxonomy":"category","embeddable":true,"href":"https:\/\/peoplesphere.be\/fr\/wp-json\/wp\/v2\/categories?post=7891"},{"taxonomy":"post_tag","embeddable":true,"href":"https:\/\/peoplesphere.be\/fr\/wp-json\/wp\/v2\/tags?post=7891"}],"curies":[{"name":"wp","href":"https:\/\/api.w.org\/{rel}","templated":true}]}}