









{"id":7898,"date":"2019-06-06T05:32:49","date_gmt":"2019-06-06T03:32:49","guid":{"rendered":"http:\/\/www.peoplesphere.be\/fr\/?p=7898"},"modified":"2019-06-06T05:32:49","modified_gmt":"2019-06-06T03:32:49","slug":"chomage-europe-a-niveau-plus-faible-lan-2000","status":"publish","type":"post","link":"https:\/\/peoplesphere.be\/fr\/chomage-europe-a-niveau-plus-faible-lan-2000\/","title":{"rendered":"Le ch\u00f4mage en Europe \u00e0 son niveau le plus faible depuis l&rsquo;an 2000."},"content":{"rendered":"<p>Dans la zone euro (ZE19), le taux de ch\u00f4mage corrig\u00e9 des variations saisonni\u00e8res s\u2019est \u00e9tabli \u00e0 7,6% en avril 2019, en baisse par rapport au taux de 7,7% de mars 2019 et au taux de 8,4% d\u2019avril 2018. Cela est le taux le plus faible enregistr\u00e9 dans la zone euro depuis ao\u00fbt 2008. Dans l\u2019UE28, le taux de ch\u00f4mage s\u2019est \u00e9tabli \u00e0 6,4% en avril 2019, inchang\u00e9 par rapport au taux de mars 2019 et en baisse par rapport au taux de 7,0% d\u2019avril 2018. Cela est le taux le plus faible enregistr\u00e9 dans l&rsquo;UE28 depuis le d\u00e9but de la s\u00e9rie mensuelle sur le ch\u00f4mage en janvier 2000.<!--more--><\/p>\n<p>Eurostat estime qu\u2019en avril 2019, 15,802 millions d\u2019hommes et de femmes \u00e9taient au ch\u00f4mage dans l\u2019UE28, dont 12,529 millions dans la zone euro. Par rapport \u00e0 mars 2019, le nombre de ch\u00f4meurs a diminu\u00e9 de 108.000 dans l\u2019UE28 et de 64.000 dans la zone euro. Compar\u00e9 \u00e0 avril 2018, le ch\u00f4mage a baiss\u00e9 de 1.394 million de personnes dans l\u2019UE28 et de 1.147 million dans la zone euro.<\/p>\n<p>Parmi les \u00c9tats membres, les taux de ch\u00f4mage les plus faibles en avril 2019 ont \u00e9t\u00e9 enregistr\u00e9s en Tch\u00e9quie (2,1%), en Allemagne (3,2%) et aux Pays-Bas (3,3%). Les taux de ch\u00f4mage les plus \u00e9lev\u00e9s ont quant \u00e0 eux \u00e9t\u00e9 relev\u00e9s en Gr\u00e8ce (18,5% en f\u00e9vrier 2019), en Espagne (13,8%) et en Italie (10,2%).<\/p>\n<p>Sur un an, le taux de ch\u00f4mage a baiss\u00e9 dans tous les \u00c9tats membres, \u00e0 l\u2019exception du Luxembourg et de la Pologne o\u00f9 il est rest\u00e9 stable, tandis qu\u2019une augmentation a \u00e9t\u00e9 enregistr\u00e9e au Danemark (de 5,2% \u00e0 5,3%). Les baisses les plus marqu\u00e9es ont \u00e9t\u00e9 observ\u00e9es en Gr\u00e8ce (de 20,6% \u00e0 18,5% entre f\u00e9vrier 2018 et f\u00e9vrier 2019), en Estonie (de 6,0% \u00e0 4,1% entre mars 2018 et mars 2019) et en Espagne (de 15,6% \u00e0 13,8%).<br \/>\nEn avril 2019, le taux de ch\u00f4mage aux \u00c9tats-Unis s\u2019est \u00e9tabli \u00e0 3,6%, en baisse par rapport au taux de 3,8% de mars 2019 et au taux de 3,9% d\u2019avril 2018.<\/p>\n<p>En avril 2019, 3,213 millions de jeunes de moins de 25 ans \u00e9taient au ch\u00f4mage dans l\u2019UE28, dont 2,308 millions dans la zone euro. Par rapport \u00e0 avril 2018, le nombre de jeunes ch\u00f4meurs a diminu\u00e9 de 246 000 dans l\u2019UE28 et de 151 000 dans la zone euro. En avril 2019, le taux de ch\u00f4mage des jeunes s\u2019est \u00e9tabli \u00e0 14,2% dans l\u2019UE28 et \u00e0 15,8% dans la zone euro, contre respectivement 15,4% et 17,2% en avril 2018. Les taux les plus faibles en avril 2019 ont \u00e9t\u00e9 observ\u00e9s en Allemagne (5,3%) et aux Pays-Bas (6,2%), tandis que les plus \u00e9lev\u00e9s ont \u00e9t\u00e9 enregistr\u00e9s en Gr\u00e8ce (38,8% en f\u00e9vrier 2019), en Espagne (32,7%) et en Italie (31,4%).<\/p>\n<p><em>Source: Eurostat<\/em><\/p>\n","protected":false},"excerpt":{"rendered":"<p>Dans la zone euro (ZE19), le taux de ch\u00f4mage corrig\u00e9 des variations saisonni\u00e8res s\u2019est \u00e9tabli \u00e0 7,6% en avril 2019, en baisse par rapport au taux de 7,7% de mars 2019 et au taux de 8,4% d\u2019avril 2018. Cela est [&hellip;]<\/p>\n","protected":false},"author":2,"featured_media":0,"comment_status":"closed","ping_status":"open","sticky":false,"template":"","format":"standard","meta":[],"categories":[65,10],"tags":[305,703],"yoast_head":"<!-- This site is optimized with the Yoast SEO plugin v21.0 - https:\/\/yoast.com\/wordpress\/plugins\/seo\/ -->\n<title>Le ch\u00f4mage en Europe \u00e0 son niveau le plus faible depuis l&#039;an 2000. - Peoplesphere<\/title>\n<meta name=\"robots\" content=\"index, follow, max-snippet:-1, max-image-preview:large, max-video-preview:-1\" \/>\n<link rel=\"canonical\" href=\"https:\/\/peoplesphere.be\/fr\/chomage-europe-a-niveau-plus-faible-lan-2000\/\" \/>\n<meta property=\"og:locale\" content=\"fr_FR\" \/>\n<meta property=\"og:type\" content=\"article\" \/>\n<meta property=\"og:title\" content=\"Le ch\u00f4mage en Europe \u00e0 son niveau le plus faible depuis l&#039;an 2000. - Peoplesphere\" \/>\n<meta property=\"og:description\" content=\"Dans la zone euro (ZE19), le taux de ch\u00f4mage corrig\u00e9 des variations saisonni\u00e8res s\u2019est \u00e9tabli \u00e0 7,6% en avril 2019, en baisse par rapport au taux de 7,7% de mars 2019 et au taux de 8,4% d\u2019avril 2018. Cela est [&hellip;]\" \/>\n<meta property=\"og:url\" content=\"https:\/\/peoplesphere.be\/fr\/chomage-europe-a-niveau-plus-faible-lan-2000\/\" \/>\n<meta property=\"og:site_name\" content=\"Peoplesphere\" \/>\n<meta property=\"article:publisher\" content=\"https:\/\/www.facebook.com\/peoplesphere\" \/>\n<meta property=\"article:published_time\" content=\"2019-06-06T03:32:49+00:00\" \/>\n<meta property=\"og:image\" content=\"http:\/\/www.peoplesphere.be\/fr\/wp-content\/uploads\/2016\/07\/facebook-default-posting-1200x628px.jpg\" \/>\n<meta name=\"author\" content=\"Jean-Paul Erhard\" \/>\n<meta name=\"twitter:card\" content=\"summary_large_image\" \/>\n<meta name=\"twitter:creator\" content=\"@PeoplesphereMag\" \/>\n<meta name=\"twitter:site\" content=\"@PeoplesphereMag\" \/>\n<meta name=\"twitter:label1\" content=\"\u00c9crit par\" \/>\n\t<meta name=\"twitter:data1\" content=\"Jean-Paul Erhard\" \/>\n\t<meta name=\"twitter:label2\" content=\"Dur\u00e9e de lecture estim\u00e9e\" \/>\n\t<meta name=\"twitter:data2\" content=\"2 minutes\" \/>\n<script type=\"application\/ld+json\" class=\"yoast-schema-graph\">{\"@context\":\"https:\/\/schema.org\",\"@graph\":[{\"@type\":\"Article\",\"@id\":\"https:\/\/peoplesphere.be\/fr\/chomage-europe-a-niveau-plus-faible-lan-2000\/#article\",\"isPartOf\":{\"@id\":\"https:\/\/peoplesphere.be\/fr\/chomage-europe-a-niveau-plus-faible-lan-2000\/\"},\"author\":{\"name\":\"Jean-Paul Erhard\",\"@id\":\"https:\/\/peoplesphere.be\/fr\/#\/schema\/person\/7976225ff17988604334abb7b3536a7e\"},\"headline\":\"Le ch\u00f4mage en Europe \u00e0 son niveau le plus faible depuis l&rsquo;an 2000.\",\"datePublished\":\"2019-06-06T03:32:49+00:00\",\"dateModified\":\"2019-06-06T03:32:49+00:00\",\"mainEntityOfPage\":{\"@id\":\"https:\/\/peoplesphere.be\/fr\/chomage-europe-a-niveau-plus-faible-lan-2000\/\"},\"wordCount\":438,\"publisher\":{\"@id\":\"https:\/\/peoplesphere.be\/fr\/#organization\"},\"keywords\":[\"eurostat\",\"taux de ch\u00f4mage\"],\"articleSection\":[\"Actualit\u00e9s\",\"Digital\"],\"inLanguage\":\"fr-FR\"},{\"@type\":\"WebPage\",\"@id\":\"https:\/\/peoplesphere.be\/fr\/chomage-europe-a-niveau-plus-faible-lan-2000\/\",\"url\":\"https:\/\/peoplesphere.be\/fr\/chomage-europe-a-niveau-plus-faible-lan-2000\/\",\"name\":\"Le ch\u00f4mage en Europe \u00e0 son niveau le plus faible depuis l'an 2000. - Peoplesphere\",\"isPartOf\":{\"@id\":\"https:\/\/peoplesphere.be\/fr\/#website\"},\"datePublished\":\"2019-06-06T03:32:49+00:00\",\"dateModified\":\"2019-06-06T03:32:49+00:00\",\"breadcrumb\":{\"@id\":\"https:\/\/peoplesphere.be\/fr\/chomage-europe-a-niveau-plus-faible-lan-2000\/#breadcrumb\"},\"inLanguage\":\"fr-FR\",\"potentialAction\":[{\"@type\":\"ReadAction\",\"target\":[\"https:\/\/peoplesphere.be\/fr\/chomage-europe-a-niveau-plus-faible-lan-2000\/\"]}]},{\"@type\":\"BreadcrumbList\",\"@id\":\"https:\/\/peoplesphere.be\/fr\/chomage-europe-a-niveau-plus-faible-lan-2000\/#breadcrumb\",\"itemListElement\":[{\"@type\":\"ListItem\",\"position\":1,\"name\":\"Accueil\",\"item\":\"https:\/\/peoplesphere.be\/fr\/\"},{\"@type\":\"ListItem\",\"position\":2,\"name\":\"Le ch\u00f4mage en Europe \u00e0 son niveau le plus faible depuis l&rsquo;an 2000.\"}]},{\"@type\":\"WebSite\",\"@id\":\"https:\/\/peoplesphere.be\/fr\/#website\",\"url\":\"https:\/\/peoplesphere.be\/fr\/\",\"name\":\"Peoplesphere\",\"description\":\"The People Managers Magazine\",\"publisher\":{\"@id\":\"https:\/\/peoplesphere.be\/fr\/#organization\"},\"potentialAction\":[{\"@type\":\"SearchAction\",\"target\":{\"@type\":\"EntryPoint\",\"urlTemplate\":\"https:\/\/peoplesphere.be\/fr\/?s={search_term_string}\"},\"query-input\":\"required name=search_term_string\"}],\"inLanguage\":\"fr-FR\"},{\"@type\":\"Organization\",\"@id\":\"https:\/\/peoplesphere.be\/fr\/#organization\",\"name\":\"Peoplesphere Company srl\",\"url\":\"https:\/\/peoplesphere.be\/fr\/\",\"logo\":{\"@type\":\"ImageObject\",\"inLanguage\":\"fr-FR\",\"@id\":\"https:\/\/peoplesphere.be\/fr\/#\/schema\/logo\/image\/\",\"url\":\"https:\/\/peoplesphere.be\/fr\/wp-content\/uploads\/2023\/07\/peoplesphere-lgo-new-generik.jpg\",\"contentUrl\":\"https:\/\/peoplesphere.be\/fr\/wp-content\/uploads\/2023\/07\/peoplesphere-lgo-new-generik.jpg\",\"width\":1031,\"height\":1479,\"caption\":\"Peoplesphere Company srl\"},\"image\":{\"@id\":\"https:\/\/peoplesphere.be\/fr\/#\/schema\/logo\/image\/\"},\"sameAs\":[\"https:\/\/www.facebook.com\/peoplesphere\",\"https:\/\/twitter.com\/PeoplesphereMag\",\"https:\/\/www.linkedin.com\/company\/7587361?trk\",\"http:\/\/youtube.com\/peoplesphere\"]},{\"@type\":\"Person\",\"@id\":\"https:\/\/peoplesphere.be\/fr\/#\/schema\/person\/7976225ff17988604334abb7b3536a7e\",\"name\":\"Jean-Paul Erhard\",\"image\":{\"@type\":\"ImageObject\",\"inLanguage\":\"fr-FR\",\"@id\":\"https:\/\/peoplesphere.be\/fr\/#\/schema\/person\/image\/\",\"url\":\"https:\/\/secure.gravatar.com\/avatar\/f941e681460179738071629a51574930?s=96&d=mm&r=g\",\"contentUrl\":\"https:\/\/secure.gravatar.com\/avatar\/f941e681460179738071629a51574930?s=96&d=mm&r=g\",\"caption\":\"Jean-Paul Erhard\"},\"url\":\"https:\/\/peoplesphere.be\/fr\/author\/jpe\/\"}]}<\/script>\n<!-- \/ Yoast SEO plugin. -->","yoast_head_json":{"title":"Le ch\u00f4mage en Europe \u00e0 son niveau le plus faible depuis l'an 2000. - Peoplesphere","robots":{"index":"index","follow":"follow","max-snippet":"max-snippet:-1","max-image-preview":"max-image-preview:large","max-video-preview":"max-video-preview:-1"},"canonical":"https:\/\/peoplesphere.be\/fr\/chomage-europe-a-niveau-plus-faible-lan-2000\/","og_locale":"fr_FR","og_type":"article","og_title":"Le ch\u00f4mage en Europe \u00e0 son niveau le plus faible depuis l'an 2000. - Peoplesphere","og_description":"Dans la zone euro (ZE19), le taux de ch\u00f4mage corrig\u00e9 des variations saisonni\u00e8res s\u2019est \u00e9tabli \u00e0 7,6% en avril 2019, en baisse par rapport au taux de 7,7% de mars 2019 et au taux de 8,4% d\u2019avril 2018. Cela est [&hellip;]","og_url":"https:\/\/peoplesphere.be\/fr\/chomage-europe-a-niveau-plus-faible-lan-2000\/","og_site_name":"Peoplesphere","article_publisher":"https:\/\/www.facebook.com\/peoplesphere","article_published_time":"2019-06-06T03:32:49+00:00","og_image":[{"url":"http:\/\/www.peoplesphere.be\/fr\/wp-content\/uploads\/2016\/07\/facebook-default-posting-1200x628px.jpg"}],"author":"Jean-Paul Erhard","twitter_card":"summary_large_image","twitter_creator":"@PeoplesphereMag","twitter_site":"@PeoplesphereMag","twitter_misc":{"\u00c9crit par":"Jean-Paul Erhard","Dur\u00e9e de lecture estim\u00e9e":"2 minutes"},"schema":{"@context":"https:\/\/schema.org","@graph":[{"@type":"Article","@id":"https:\/\/peoplesphere.be\/fr\/chomage-europe-a-niveau-plus-faible-lan-2000\/#article","isPartOf":{"@id":"https:\/\/peoplesphere.be\/fr\/chomage-europe-a-niveau-plus-faible-lan-2000\/"},"author":{"name":"Jean-Paul Erhard","@id":"https:\/\/peoplesphere.be\/fr\/#\/schema\/person\/7976225ff17988604334abb7b3536a7e"},"headline":"Le ch\u00f4mage en Europe \u00e0 son niveau le plus faible depuis l&rsquo;an 2000.","datePublished":"2019-06-06T03:32:49+00:00","dateModified":"2019-06-06T03:32:49+00:00","mainEntityOfPage":{"@id":"https:\/\/peoplesphere.be\/fr\/chomage-europe-a-niveau-plus-faible-lan-2000\/"},"wordCount":438,"publisher":{"@id":"https:\/\/peoplesphere.be\/fr\/#organization"},"keywords":["eurostat","taux de ch\u00f4mage"],"articleSection":["Actualit\u00e9s","Digital"],"inLanguage":"fr-FR"},{"@type":"WebPage","@id":"https:\/\/peoplesphere.be\/fr\/chomage-europe-a-niveau-plus-faible-lan-2000\/","url":"https:\/\/peoplesphere.be\/fr\/chomage-europe-a-niveau-plus-faible-lan-2000\/","name":"Le ch\u00f4mage en Europe \u00e0 son niveau le plus faible depuis l'an 2000. - Peoplesphere","isPartOf":{"@id":"https:\/\/peoplesphere.be\/fr\/#website"},"datePublished":"2019-06-06T03:32:49+00:00","dateModified":"2019-06-06T03:32:49+00:00","breadcrumb":{"@id":"https:\/\/peoplesphere.be\/fr\/chomage-europe-a-niveau-plus-faible-lan-2000\/#breadcrumb"},"inLanguage":"fr-FR","potentialAction":[{"@type":"ReadAction","target":["https:\/\/peoplesphere.be\/fr\/chomage-europe-a-niveau-plus-faible-lan-2000\/"]}]},{"@type":"BreadcrumbList","@id":"https:\/\/peoplesphere.be\/fr\/chomage-europe-a-niveau-plus-faible-lan-2000\/#breadcrumb","itemListElement":[{"@type":"ListItem","position":1,"name":"Accueil","item":"https:\/\/peoplesphere.be\/fr\/"},{"@type":"ListItem","position":2,"name":"Le ch\u00f4mage en Europe \u00e0 son niveau le plus faible depuis l&rsquo;an 2000."}]},{"@type":"WebSite","@id":"https:\/\/peoplesphere.be\/fr\/#website","url":"https:\/\/peoplesphere.be\/fr\/","name":"Peoplesphere","description":"The People Managers Magazine","publisher":{"@id":"https:\/\/peoplesphere.be\/fr\/#organization"},"potentialAction":[{"@type":"SearchAction","target":{"@type":"EntryPoint","urlTemplate":"https:\/\/peoplesphere.be\/fr\/?s={search_term_string}"},"query-input":"required name=search_term_string"}],"inLanguage":"fr-FR"},{"@type":"Organization","@id":"https:\/\/peoplesphere.be\/fr\/#organization","name":"Peoplesphere Company srl","url":"https:\/\/peoplesphere.be\/fr\/","logo":{"@type":"ImageObject","inLanguage":"fr-FR","@id":"https:\/\/peoplesphere.be\/fr\/#\/schema\/logo\/image\/","url":"https:\/\/peoplesphere.be\/fr\/wp-content\/uploads\/2023\/07\/peoplesphere-lgo-new-generik.jpg","contentUrl":"https:\/\/peoplesphere.be\/fr\/wp-content\/uploads\/2023\/07\/peoplesphere-lgo-new-generik.jpg","width":1031,"height":1479,"caption":"Peoplesphere Company srl"},"image":{"@id":"https:\/\/peoplesphere.be\/fr\/#\/schema\/logo\/image\/"},"sameAs":["https:\/\/www.facebook.com\/peoplesphere","https:\/\/twitter.com\/PeoplesphereMag","https:\/\/www.linkedin.com\/company\/7587361?trk","http:\/\/youtube.com\/peoplesphere"]},{"@type":"Person","@id":"https:\/\/peoplesphere.be\/fr\/#\/schema\/person\/7976225ff17988604334abb7b3536a7e","name":"Jean-Paul Erhard","image":{"@type":"ImageObject","inLanguage":"fr-FR","@id":"https:\/\/peoplesphere.be\/fr\/#\/schema\/person\/image\/","url":"https:\/\/secure.gravatar.com\/avatar\/f941e681460179738071629a51574930?s=96&d=mm&r=g","contentUrl":"https:\/\/secure.gravatar.com\/avatar\/f941e681460179738071629a51574930?s=96&d=mm&r=g","caption":"Jean-Paul Erhard"},"url":"https:\/\/peoplesphere.be\/fr\/author\/jpe\/"}]}},"_links":{"self":[{"href":"https:\/\/peoplesphere.be\/fr\/wp-json\/wp\/v2\/posts\/7898"}],"collection":[{"href":"https:\/\/peoplesphere.be\/fr\/wp-json\/wp\/v2\/posts"}],"about":[{"href":"https:\/\/peoplesphere.be\/fr\/wp-json\/wp\/v2\/types\/post"}],"author":[{"embeddable":true,"href":"https:\/\/peoplesphere.be\/fr\/wp-json\/wp\/v2\/users\/2"}],"replies":[{"embeddable":true,"href":"https:\/\/peoplesphere.be\/fr\/wp-json\/wp\/v2\/comments?post=7898"}],"version-history":[{"count":1,"href":"https:\/\/peoplesphere.be\/fr\/wp-json\/wp\/v2\/posts\/7898\/revisions"}],"predecessor-version":[{"id":7899,"href":"https:\/\/peoplesphere.be\/fr\/wp-json\/wp\/v2\/posts\/7898\/revisions\/7899"}],"wp:attachment":[{"href":"https:\/\/peoplesphere.be\/fr\/wp-json\/wp\/v2\/media?parent=7898"}],"wp:term":[{"taxonomy":"category","embeddable":true,"href":"https:\/\/peoplesphere.be\/fr\/wp-json\/wp\/v2\/categories?post=7898"},{"taxonomy":"post_tag","embeddable":true,"href":"https:\/\/peoplesphere.be\/fr\/wp-json\/wp\/v2\/tags?post=7898"}],"curies":[{"name":"wp","href":"https:\/\/api.w.org\/{rel}","templated":true}]}}