









{"id":7909,"date":"2019-06-10T10:42:05","date_gmt":"2019-06-10T08:42:05","guid":{"rendered":"http:\/\/www.peoplesphere.be\/fr\/?p=7909"},"modified":"2019-06-10T10:42:05","modified_gmt":"2019-06-10T08:42:05","slug":"lemploi-booste-pme-de-de-20-personnes-debut-de-cette-annee-2019","status":"publish","type":"post","link":"https:\/\/peoplesphere.be\/fr\/lemploi-booste-pme-de-de-20-personnes-debut-de-cette-annee-2019\/","title":{"rendered":"L&#8217;emploi boost\u00e9 par les PME de moins de 20 personnes au d\u00e9but de cette ann\u00e9e 2019."},"content":{"rendered":"<p>Pendant le premier trimestre 2019, l&#8217;emploi a de nouveau augment\u00e9 dans les entreprises belges comptant cent travailleurs maximum, avec une progression de 0,9% par rapport au quatri\u00e8me trimestre 2018. Cette augmentation est comparable \u00e0 celle enregistr\u00e9e en Q1 2018, lorsque nous avions enregistr\u00e9 l&rsquo;augmentation trimestrielle la plus importante depuis 2008. Les PME wallonnes ont connu une croissance de 0,7%, les PME bruxelloises une croissance de 1,1%.<!--more--><\/p>\n<p>De nouveau, nous assistons \u00e0 un bon premier trimestre pour les PME belges.\u00a0L\u2019indice emploi PME de SD Worx suit depuis 2006 l\u2019\u00e9volution de l\u2019occupation structurelle dans les PME belges.\u00a0Au premier trimestre de cette ann\u00e9e, l&#8217;emploi dans nos PME a augment\u00e9 de 0,9%. La croissance est tr\u00e8s belle surtout dans les plus petites PME (organisations comptant moins de 20 travailleurs): 0,92%. Dans les PME comptant 20-49 travailleurs, nous constatons une croissance de 0,6%. Une stagnation est constat\u00e9e surtout dans les grandes PME (+50 travailleurs): apr\u00e8s une croissance pendant les deux derniers trimestres de l\u2019ann\u00e9e pr\u00e9c\u00e9dente, aucune croissance n&rsquo;est \u00e0 enregistrer (0%) au cours du premier trimestre.<br \/>\n\ufffc<br \/>\nAinsi, apr\u00e8s Q1 2019, l&rsquo;indice d&#8217;emploi PME de SD Worx s&rsquo;est cl\u00f4tur\u00e9 \u00e0 117,9 points d&rsquo;indice. Ce chiffre signifie qu\u2019\u00e0 la fin du mois de mars 2019, nos PME ont engag\u00e9 17,9% en plus de personnes qu&rsquo;en 2005, l&rsquo;ann\u00e9e de r\u00e9f\u00e9rence pour le calcul de cet indice.<\/p>\n<p><em><strong>Bruxelles est de nouveau en t\u00eate des trois r\u00e9gions<\/strong><\/em><\/p>\n<p>De toutes les r\u00e9gions, ce sont les PME bruxelloises qui enregistrent le meilleur score en termes de croissance d&#8217;emploi. En Q1 2019, les petites et moyennes entreprises bruxelloises ont engag\u00e9 1,1% de personnes en plus que le trimestre pr\u00e9c\u00e9dent. Cette croissance est surtout due \u00e0 l&rsquo;augmentation dans les plus petites PME (1,2%). Dans les grandes PME bruxelloises, nous constatons m\u00eame un l\u00e9ger recul (-0,1%).<br \/>\nLes PME wallonnes ont connu une croissance d\u2019emploi moins \u00e9lev\u00e9e par rapport aux autres r\u00e9gions (+0,7%). Ce sont surtout les plus petites PME (+0,7%) et les PME de taille moyenne (+0,8%) qui ont connu les plus grandes croissances. Les plus grandes PME (+50 employ\u00e9s) ont connu une baisse d\u2019emploi de 1%.<\/p>\n<p>La PME Keymolen Agri SA, bas\u00e9e \u00e0 Rebecq, entre Enghien et Nivelles, est sp\u00e9cialis\u00e9e dans la vente, l\u2019apr\u00e8s-vente, la r\u00e9paration de machines agricoles et industrielles et pour des engins de manutention. La soci\u00e9t\u00e9 compte une vingtaine de travailleurs (ouvriers et employ\u00e9s). Sophie Keymolen, une des quatre dirigeants de l\u2019entreprise, explique le recrutement de l\u2019entreprise du dernier trimestre : \u00ab\u00a0<em>Dans le secteur de l\u2019agriculture, le travail est de plus en plus complexe et les profils de m\u00e9canicien font partie des m\u00e9tiers. Il est donc tr\u00e8s difficile de recruter. Nous\u00a0avons pu engager derni\u00e8rement un m\u00e9canicien qui a fait son stage chez nous. Nous avons vraiment besoin de profils techniques tr\u00e8s pointus, qui veulent \u2013 et ont les comp\u00e9tences pour \u2013 travailler dans un secteur tr\u00e8s sp\u00e9cialis\u00e9, avec une activit\u00e9 saisonni\u00e8re. Les valeurs de notre entreprise sont le service et la qualit\u00e9 donc nous cherchons des collaborateurs avec de bonnes aptitudes et orient\u00e9s client. Nous sommes toujours enthousiastes lorsque nous rencontrons quelqu\u2019un avec du potentiel et de la motivation vu la complexit\u00e9 de notre m\u00e9tier.\u00a0\u00bb<\/em><\/p>\n<p>Le travail \u00e0 temps partiel augmente plus fortement que le travail \u00e0 temps plein<br \/>\nVassilios Skarlidis, Directeur R\u00e9gional PME chez SD Worx d\u00e9clare : <em>\u00ab\u00a0L&rsquo;ann\u00e9e a d\u00e9marr\u00e9 en force dans nos PME en termes d&#8217;emploi. La croissance a \u00e9t\u00e9 plus importante chez les ouvriers que chez les employ\u00e9s et elle l&rsquo;a encore \u00e9t\u00e9 davantage dans le secteur secondaire par rapport au secteur tertiaire. M\u00eame si l&#8217;emploi \u00e0 temps plein devance l&#8217;emploi effectif et les plans de recrutement, nous constatons qu&rsquo;en 2019, la croissance de l&#8217;emploi est plus marqu\u00e9e dans l&#8217;emploi \u00e0 temps partiel que dans l&#8217;emploi \u00e0 temps plein. Une tendance que la Banque Nationale rel\u00e8ve \u00e9galement dans son rapport annuel. Il convient \u00e9galement de remarquer le l\u00e9ger recul dans le secteur bancaire, des assurances ou de la comptabilit\u00e9 et ce, dans toutes les r\u00e9gions.\u00a0\u00bb<\/em><\/p>\n<p>Les secteurs qui se portent bien ce trimestre-ci (par rapport au pr\u00e9c\u00e9dent) en termes d&#8217;emploi dans les PME concernent \u00e9galement le secteur secondaire, tel que la fabrication de machines, d&rsquo;appareils \u00e9lectriques, de produits informatiques, de caoutchouc, de plastique et de produits pharmaceutiques, voire d&rsquo;aliments, ainsi que le g\u00e9nie civil et les travaux de construction. Le secteur quartaire marche plut\u00f4t bien aussi en termes d&rsquo;associations, d&rsquo;activit\u00e9s cr\u00e9atives, d&rsquo;art et de divertissements, de sport et de services sociaux (sans logement). La croissance est moins prononc\u00e9e dans le secteur tertiaire mais les chiffres sont tout de m\u00eame encourageants dans les domaines du transport terrestre et via pipelines, de l&rsquo;h\u00e9bergement, de la production de films, de vid\u00e9os et de programmes t\u00e9l\u00e9vis\u00e9s, de l&rsquo;enregistrement sonore et de l&rsquo;\u00e9dition musicale, des activit\u00e9s de services en mati\u00e8re d&rsquo;informations, pour les architectes et les ing\u00e9nieurs, des tests et des contr\u00f4les techniques et d&rsquo;autres activit\u00e9s sp\u00e9cialis\u00e9es scientifiques et techniques.<\/p>\n<p><em>Source : indice de l\u2019emploi au sein des PME de SD Worx qui suit depuis 2006 l\u2019\u00e9volution de l\u2019emploi structurel dans les PME (jusqu\u2019\u00e0 cent collaborateurs). Cet emploi structurel ne prend pas en compte les emplois temporaires, tels que l\u2019int\u00e9rim et les jobs d\u2019\u00e9tudiant. L\u2019indice est bas\u00e9 sur un \u00e9chantillon de 20.000 entreprises qui emploient ensemble plus de 200.000 personnes.<\/em><\/p>\n","protected":false},"excerpt":{"rendered":"<p>Pendant le premier trimestre 2019, l&#8217;emploi a de nouveau augment\u00e9 dans les entreprises belges comptant cent travailleurs maximum, avec une progression de 0,9% par rapport au quatri\u00e8me trimestre 2018. Cette augmentation est comparable \u00e0 celle enregistr\u00e9e en Q1 2018, lorsque [&hellip;]<\/p>\n","protected":false},"author":2,"featured_media":0,"comment_status":"closed","ping_status":"open","sticky":false,"template":"","format":"standard","meta":[],"categories":[65,10],"tags":[2583,702,72,671],"yoast_head":"<!-- This site is optimized with the Yoast SEO plugin v21.0 - https:\/\/yoast.com\/wordpress\/plugins\/seo\/ -->\n<title>L&#039;emploi boost\u00e9 par les PME de moins de 20 personnes au d\u00e9but de cette ann\u00e9e 2019. - Peoplesphere<\/title>\n<meta name=\"robots\" content=\"index, follow, max-snippet:-1, max-image-preview:large, max-video-preview:-1\" \/>\n<link rel=\"canonical\" href=\"https:\/\/peoplesphere.be\/fr\/lemploi-booste-pme-de-de-20-personnes-debut-de-cette-annee-2019\/\" \/>\n<meta property=\"og:locale\" content=\"fr_FR\" \/>\n<meta property=\"og:type\" content=\"article\" \/>\n<meta property=\"og:title\" content=\"L&#039;emploi boost\u00e9 par les PME de moins de 20 personnes au d\u00e9but de cette ann\u00e9e 2019. - Peoplesphere\" \/>\n<meta property=\"og:description\" content=\"Pendant le premier trimestre 2019, l&#8217;emploi a de nouveau augment\u00e9 dans les entreprises belges comptant cent travailleurs maximum, avec une progression de 0,9% par rapport au quatri\u00e8me trimestre 2018. Cette augmentation est comparable \u00e0 celle enregistr\u00e9e en Q1 2018, lorsque [&hellip;]\" \/>\n<meta property=\"og:url\" content=\"https:\/\/peoplesphere.be\/fr\/lemploi-booste-pme-de-de-20-personnes-debut-de-cette-annee-2019\/\" \/>\n<meta property=\"og:site_name\" content=\"Peoplesphere\" \/>\n<meta property=\"article:publisher\" content=\"https:\/\/www.facebook.com\/peoplesphere\" \/>\n<meta property=\"article:published_time\" content=\"2019-06-10T08:42:05+00:00\" \/>\n<meta property=\"og:image\" content=\"http:\/\/www.peoplesphere.be\/fr\/wp-content\/uploads\/2016\/07\/facebook-default-posting-1200x628px.jpg\" \/>\n<meta name=\"author\" content=\"Jean-Paul Erhard\" \/>\n<meta name=\"twitter:card\" content=\"summary_large_image\" \/>\n<meta name=\"twitter:creator\" content=\"@PeoplesphereMag\" \/>\n<meta name=\"twitter:site\" content=\"@PeoplesphereMag\" \/>\n<meta name=\"twitter:label1\" content=\"\u00c9crit par\" \/>\n\t<meta name=\"twitter:data1\" content=\"Jean-Paul Erhard\" \/>\n\t<meta name=\"twitter:label2\" content=\"Dur\u00e9e de lecture estim\u00e9e\" \/>\n\t<meta name=\"twitter:data2\" content=\"5 minutes\" \/>\n<script type=\"application\/ld+json\" class=\"yoast-schema-graph\">{\"@context\":\"https:\/\/schema.org\",\"@graph\":[{\"@type\":\"Article\",\"@id\":\"https:\/\/peoplesphere.be\/fr\/lemploi-booste-pme-de-de-20-personnes-debut-de-cette-annee-2019\/#article\",\"isPartOf\":{\"@id\":\"https:\/\/peoplesphere.be\/fr\/lemploi-booste-pme-de-de-20-personnes-debut-de-cette-annee-2019\/\"},\"author\":{\"name\":\"Jean-Paul Erhard\",\"@id\":\"https:\/\/peoplesphere.be\/fr\/#\/schema\/person\/7976225ff17988604334abb7b3536a7e\"},\"headline\":\"L&#8217;emploi boost\u00e9 par les PME de moins de 20 personnes au d\u00e9but de cette ann\u00e9e 2019.\",\"datePublished\":\"2019-06-10T08:42:05+00:00\",\"dateModified\":\"2019-06-10T08:42:05+00:00\",\"mainEntityOfPage\":{\"@id\":\"https:\/\/peoplesphere.be\/fr\/lemploi-booste-pme-de-de-20-personnes-debut-de-cette-annee-2019\/\"},\"wordCount\":923,\"publisher\":{\"@id\":\"https:\/\/peoplesphere.be\/fr\/#organization\"},\"keywords\":[\"indice emploi\",\"march\u00e9 de l'emploi\",\"recrutement\",\"SD Worx\"],\"articleSection\":[\"Actualit\u00e9s\",\"Digital\"],\"inLanguage\":\"fr-FR\"},{\"@type\":\"WebPage\",\"@id\":\"https:\/\/peoplesphere.be\/fr\/lemploi-booste-pme-de-de-20-personnes-debut-de-cette-annee-2019\/\",\"url\":\"https:\/\/peoplesphere.be\/fr\/lemploi-booste-pme-de-de-20-personnes-debut-de-cette-annee-2019\/\",\"name\":\"L'emploi boost\u00e9 par les PME de moins de 20 personnes au d\u00e9but de cette ann\u00e9e 2019. - Peoplesphere\",\"isPartOf\":{\"@id\":\"https:\/\/peoplesphere.be\/fr\/#website\"},\"datePublished\":\"2019-06-10T08:42:05+00:00\",\"dateModified\":\"2019-06-10T08:42:05+00:00\",\"breadcrumb\":{\"@id\":\"https:\/\/peoplesphere.be\/fr\/lemploi-booste-pme-de-de-20-personnes-debut-de-cette-annee-2019\/#breadcrumb\"},\"inLanguage\":\"fr-FR\",\"potentialAction\":[{\"@type\":\"ReadAction\",\"target\":[\"https:\/\/peoplesphere.be\/fr\/lemploi-booste-pme-de-de-20-personnes-debut-de-cette-annee-2019\/\"]}]},{\"@type\":\"BreadcrumbList\",\"@id\":\"https:\/\/peoplesphere.be\/fr\/lemploi-booste-pme-de-de-20-personnes-debut-de-cette-annee-2019\/#breadcrumb\",\"itemListElement\":[{\"@type\":\"ListItem\",\"position\":1,\"name\":\"Accueil\",\"item\":\"https:\/\/peoplesphere.be\/fr\/\"},{\"@type\":\"ListItem\",\"position\":2,\"name\":\"L&#8217;emploi boost\u00e9 par les PME de moins de 20 personnes au d\u00e9but de cette ann\u00e9e 2019.\"}]},{\"@type\":\"WebSite\",\"@id\":\"https:\/\/peoplesphere.be\/fr\/#website\",\"url\":\"https:\/\/peoplesphere.be\/fr\/\",\"name\":\"Peoplesphere\",\"description\":\"The People Managers Magazine\",\"publisher\":{\"@id\":\"https:\/\/peoplesphere.be\/fr\/#organization\"},\"potentialAction\":[{\"@type\":\"SearchAction\",\"target\":{\"@type\":\"EntryPoint\",\"urlTemplate\":\"https:\/\/peoplesphere.be\/fr\/?s={search_term_string}\"},\"query-input\":\"required name=search_term_string\"}],\"inLanguage\":\"fr-FR\"},{\"@type\":\"Organization\",\"@id\":\"https:\/\/peoplesphere.be\/fr\/#organization\",\"name\":\"Peoplesphere Company srl\",\"url\":\"https:\/\/peoplesphere.be\/fr\/\",\"logo\":{\"@type\":\"ImageObject\",\"inLanguage\":\"fr-FR\",\"@id\":\"https:\/\/peoplesphere.be\/fr\/#\/schema\/logo\/image\/\",\"url\":\"https:\/\/peoplesphere.be\/fr\/wp-content\/uploads\/2023\/07\/peoplesphere-lgo-new-generik.jpg\",\"contentUrl\":\"https:\/\/peoplesphere.be\/fr\/wp-content\/uploads\/2023\/07\/peoplesphere-lgo-new-generik.jpg\",\"width\":1031,\"height\":1479,\"caption\":\"Peoplesphere Company srl\"},\"image\":{\"@id\":\"https:\/\/peoplesphere.be\/fr\/#\/schema\/logo\/image\/\"},\"sameAs\":[\"https:\/\/www.facebook.com\/peoplesphere\",\"https:\/\/twitter.com\/PeoplesphereMag\",\"https:\/\/www.linkedin.com\/company\/7587361?trk\",\"http:\/\/youtube.com\/peoplesphere\"]},{\"@type\":\"Person\",\"@id\":\"https:\/\/peoplesphere.be\/fr\/#\/schema\/person\/7976225ff17988604334abb7b3536a7e\",\"name\":\"Jean-Paul Erhard\",\"image\":{\"@type\":\"ImageObject\",\"inLanguage\":\"fr-FR\",\"@id\":\"https:\/\/peoplesphere.be\/fr\/#\/schema\/person\/image\/\",\"url\":\"https:\/\/secure.gravatar.com\/avatar\/f941e681460179738071629a51574930?s=96&d=mm&r=g\",\"contentUrl\":\"https:\/\/secure.gravatar.com\/avatar\/f941e681460179738071629a51574930?s=96&d=mm&r=g\",\"caption\":\"Jean-Paul Erhard\"},\"url\":\"https:\/\/peoplesphere.be\/fr\/author\/jpe\/\"}]}<\/script>\n<!-- \/ Yoast SEO plugin. -->","yoast_head_json":{"title":"L'emploi boost\u00e9 par les PME de moins de 20 personnes au d\u00e9but de cette ann\u00e9e 2019. - Peoplesphere","robots":{"index":"index","follow":"follow","max-snippet":"max-snippet:-1","max-image-preview":"max-image-preview:large","max-video-preview":"max-video-preview:-1"},"canonical":"https:\/\/peoplesphere.be\/fr\/lemploi-booste-pme-de-de-20-personnes-debut-de-cette-annee-2019\/","og_locale":"fr_FR","og_type":"article","og_title":"L'emploi boost\u00e9 par les PME de moins de 20 personnes au d\u00e9but de cette ann\u00e9e 2019. - Peoplesphere","og_description":"Pendant le premier trimestre 2019, l&#8217;emploi a de nouveau augment\u00e9 dans les entreprises belges comptant cent travailleurs maximum, avec une progression de 0,9% par rapport au quatri\u00e8me trimestre 2018. Cette augmentation est comparable \u00e0 celle enregistr\u00e9e en Q1 2018, lorsque [&hellip;]","og_url":"https:\/\/peoplesphere.be\/fr\/lemploi-booste-pme-de-de-20-personnes-debut-de-cette-annee-2019\/","og_site_name":"Peoplesphere","article_publisher":"https:\/\/www.facebook.com\/peoplesphere","article_published_time":"2019-06-10T08:42:05+00:00","og_image":[{"url":"http:\/\/www.peoplesphere.be\/fr\/wp-content\/uploads\/2016\/07\/facebook-default-posting-1200x628px.jpg"}],"author":"Jean-Paul Erhard","twitter_card":"summary_large_image","twitter_creator":"@PeoplesphereMag","twitter_site":"@PeoplesphereMag","twitter_misc":{"\u00c9crit par":"Jean-Paul Erhard","Dur\u00e9e de lecture estim\u00e9e":"5 minutes"},"schema":{"@context":"https:\/\/schema.org","@graph":[{"@type":"Article","@id":"https:\/\/peoplesphere.be\/fr\/lemploi-booste-pme-de-de-20-personnes-debut-de-cette-annee-2019\/#article","isPartOf":{"@id":"https:\/\/peoplesphere.be\/fr\/lemploi-booste-pme-de-de-20-personnes-debut-de-cette-annee-2019\/"},"author":{"name":"Jean-Paul Erhard","@id":"https:\/\/peoplesphere.be\/fr\/#\/schema\/person\/7976225ff17988604334abb7b3536a7e"},"headline":"L&#8217;emploi boost\u00e9 par les PME de moins de 20 personnes au d\u00e9but de cette ann\u00e9e 2019.","datePublished":"2019-06-10T08:42:05+00:00","dateModified":"2019-06-10T08:42:05+00:00","mainEntityOfPage":{"@id":"https:\/\/peoplesphere.be\/fr\/lemploi-booste-pme-de-de-20-personnes-debut-de-cette-annee-2019\/"},"wordCount":923,"publisher":{"@id":"https:\/\/peoplesphere.be\/fr\/#organization"},"keywords":["indice emploi","march\u00e9 de l'emploi","recrutement","SD Worx"],"articleSection":["Actualit\u00e9s","Digital"],"inLanguage":"fr-FR"},{"@type":"WebPage","@id":"https:\/\/peoplesphere.be\/fr\/lemploi-booste-pme-de-de-20-personnes-debut-de-cette-annee-2019\/","url":"https:\/\/peoplesphere.be\/fr\/lemploi-booste-pme-de-de-20-personnes-debut-de-cette-annee-2019\/","name":"L'emploi boost\u00e9 par les PME de moins de 20 personnes au d\u00e9but de cette ann\u00e9e 2019. - Peoplesphere","isPartOf":{"@id":"https:\/\/peoplesphere.be\/fr\/#website"},"datePublished":"2019-06-10T08:42:05+00:00","dateModified":"2019-06-10T08:42:05+00:00","breadcrumb":{"@id":"https:\/\/peoplesphere.be\/fr\/lemploi-booste-pme-de-de-20-personnes-debut-de-cette-annee-2019\/#breadcrumb"},"inLanguage":"fr-FR","potentialAction":[{"@type":"ReadAction","target":["https:\/\/peoplesphere.be\/fr\/lemploi-booste-pme-de-de-20-personnes-debut-de-cette-annee-2019\/"]}]},{"@type":"BreadcrumbList","@id":"https:\/\/peoplesphere.be\/fr\/lemploi-booste-pme-de-de-20-personnes-debut-de-cette-annee-2019\/#breadcrumb","itemListElement":[{"@type":"ListItem","position":1,"name":"Accueil","item":"https:\/\/peoplesphere.be\/fr\/"},{"@type":"ListItem","position":2,"name":"L&#8217;emploi boost\u00e9 par les PME de moins de 20 personnes au d\u00e9but de cette ann\u00e9e 2019."}]},{"@type":"WebSite","@id":"https:\/\/peoplesphere.be\/fr\/#website","url":"https:\/\/peoplesphere.be\/fr\/","name":"Peoplesphere","description":"The People Managers Magazine","publisher":{"@id":"https:\/\/peoplesphere.be\/fr\/#organization"},"potentialAction":[{"@type":"SearchAction","target":{"@type":"EntryPoint","urlTemplate":"https:\/\/peoplesphere.be\/fr\/?s={search_term_string}"},"query-input":"required name=search_term_string"}],"inLanguage":"fr-FR"},{"@type":"Organization","@id":"https:\/\/peoplesphere.be\/fr\/#organization","name":"Peoplesphere Company srl","url":"https:\/\/peoplesphere.be\/fr\/","logo":{"@type":"ImageObject","inLanguage":"fr-FR","@id":"https:\/\/peoplesphere.be\/fr\/#\/schema\/logo\/image\/","url":"https:\/\/peoplesphere.be\/fr\/wp-content\/uploads\/2023\/07\/peoplesphere-lgo-new-generik.jpg","contentUrl":"https:\/\/peoplesphere.be\/fr\/wp-content\/uploads\/2023\/07\/peoplesphere-lgo-new-generik.jpg","width":1031,"height":1479,"caption":"Peoplesphere Company srl"},"image":{"@id":"https:\/\/peoplesphere.be\/fr\/#\/schema\/logo\/image\/"},"sameAs":["https:\/\/www.facebook.com\/peoplesphere","https:\/\/twitter.com\/PeoplesphereMag","https:\/\/www.linkedin.com\/company\/7587361?trk","http:\/\/youtube.com\/peoplesphere"]},{"@type":"Person","@id":"https:\/\/peoplesphere.be\/fr\/#\/schema\/person\/7976225ff17988604334abb7b3536a7e","name":"Jean-Paul Erhard","image":{"@type":"ImageObject","inLanguage":"fr-FR","@id":"https:\/\/peoplesphere.be\/fr\/#\/schema\/person\/image\/","url":"https:\/\/secure.gravatar.com\/avatar\/f941e681460179738071629a51574930?s=96&d=mm&r=g","contentUrl":"https:\/\/secure.gravatar.com\/avatar\/f941e681460179738071629a51574930?s=96&d=mm&r=g","caption":"Jean-Paul Erhard"},"url":"https:\/\/peoplesphere.be\/fr\/author\/jpe\/"}]}},"_links":{"self":[{"href":"https:\/\/peoplesphere.be\/fr\/wp-json\/wp\/v2\/posts\/7909"}],"collection":[{"href":"https:\/\/peoplesphere.be\/fr\/wp-json\/wp\/v2\/posts"}],"about":[{"href":"https:\/\/peoplesphere.be\/fr\/wp-json\/wp\/v2\/types\/post"}],"author":[{"embeddable":true,"href":"https:\/\/peoplesphere.be\/fr\/wp-json\/wp\/v2\/users\/2"}],"replies":[{"embeddable":true,"href":"https:\/\/peoplesphere.be\/fr\/wp-json\/wp\/v2\/comments?post=7909"}],"version-history":[{"count":1,"href":"https:\/\/peoplesphere.be\/fr\/wp-json\/wp\/v2\/posts\/7909\/revisions"}],"predecessor-version":[{"id":7910,"href":"https:\/\/peoplesphere.be\/fr\/wp-json\/wp\/v2\/posts\/7909\/revisions\/7910"}],"wp:attachment":[{"href":"https:\/\/peoplesphere.be\/fr\/wp-json\/wp\/v2\/media?parent=7909"}],"wp:term":[{"taxonomy":"category","embeddable":true,"href":"https:\/\/peoplesphere.be\/fr\/wp-json\/wp\/v2\/categories?post=7909"},{"taxonomy":"post_tag","embeddable":true,"href":"https:\/\/peoplesphere.be\/fr\/wp-json\/wp\/v2\/tags?post=7909"}],"curies":[{"name":"wp","href":"https:\/\/api.w.org\/{rel}","templated":true}]}}