









{"id":7940,"date":"2019-06-17T15:45:22","date_gmt":"2019-06-17T13:45:22","guid":{"rendered":"http:\/\/www.peoplesphere.be\/fr\/?p=7940"},"modified":"2019-06-17T15:45:22","modified_gmt":"2019-06-17T13:45:22","slug":"680-000-travailleurs-interimaires-disposent-desormais-dun-centre-de-ressources-outil-de-formation-web","status":"publish","type":"post","link":"https:\/\/peoplesphere.be\/fr\/680-000-travailleurs-interimaires-disposent-desormais-dun-centre-de-ressources-outil-de-formation-web\/","title":{"rendered":"Les 680.000 travailleurs int\u00e9rimaires disposent d\u00e9sormais d&rsquo;un centre de ressources et outil de formation sur le web."},"content":{"rendered":"<p>Plus de 680.000 personnes travaillent comme travailleurs int\u00e9rimaires chaque ann\u00e9e. Cependant, beaucoup de personnes se posent encore des questions: puis-je prendre des vacances en tant que travailleur int\u00e9rimaire, que fait un consultant en agence, qu&rsquo;en est-il du cong\u00e9 de maternit\u00e9? Pour y r\u00e9pondre, le Fonds de Formation pour les Int\u00e9rimaires (FFI) a d\u00e9velopp\u00e9 un e-learning. \u00a0Vous voulez tout savoir sur le travail int\u00e9rimaire? C&rsquo;est d\u00e9sormais possible via <a href=\"http:\/\/www.interiminfo.be\">www.interiminfo.be <\/a><!--more--><\/p>\n<p>Les utilisateurs de cet outil re\u00e7oivent des conseils sur la meilleure mani\u00e8re de postuler par l&rsquo;interm\u00e9diaire d&rsquo;une agence de travail int\u00e9rimaire ou trouvent des r\u00e9ponses \u00e0 toutes leurs questions concernant le travail int\u00e9rimaire. Les coachs ainsi que les enseignants peuvent utiliser cette information pour guider les demandeurs d\u2019emploi et les sortants de l\u2019\u00e9cole.<\/p>\n<p>Cet e-learning est un des r\u00e9sultats du projet Welqome (<a href=\"http:\/\/www.welqome.be\">www.welqome.be<\/a>). Ce projet du FFI, avec le soutien financier du gouvernement f\u00e9d\u00e9ral, veut accueillir les jeunes sur le march\u00e9 du travail et leur offrir davantage d&rsquo;opportunit\u00e9s pour trouver un emploi adapt\u00e9. De nombreux \u00e9v\u00e9nements ont \u00e9t\u00e9 organis\u00e9s: des coachs de jeunes et des consultants d\u2019agences de travail int\u00e9rimaire ont appris \u00e0 mieux se conna\u00eetre lors de Job Scoutings, les jeunes ont renforc\u00e9 leurs comp\u00e9tences pour postuler lors de Job Orientations et ont rencontr\u00e9 des agences de travail int\u00e9rimaire pour un entretien d&#8217;embauche lors de Job Huntings. Jusqu\u2019\u00e0 pr\u00e9sent, une centaine d&rsquo;\u00e9v\u00e9nements ont \u00e9t\u00e9 organis\u00e9s et Welqome a atteint 2.700 jeunes. De plus, le projet a mis l&rsquo;accent sur l&rsquo;accueil (processus de coaching pour les nouveaux travailleurs int\u00e9rimaires) via la toute nouvelle application Welqome, qui peut offrir chaque jour un moment d&rsquo;apprentissage sur mesure li\u00e9 \u00e0 une entreprise. Cette application a \u00e9t\u00e9 t\u00e9l\u00e9charg\u00e9e 800 fois depuis son lancement et touche environ 420 personnes par jour.<\/p>\n<p>Enfin, le FFI a \u00e9galement d\u00e9velopp\u00e9 un e-learning sur le travail int\u00e9rimaire. <em>\u00ab\u00a0Nous avons collabor\u00e9 avec des consultants d\u2019agences de travail int\u00e9rimaire, des coachs de jeunes, des b\u00e9n\u00e9voles et des juristes pour pouvoir couvrir toutes les questions et tous les aspects du travail int\u00e9rimaire\u00a0\u00bb<\/em>, a d\u00e9clar\u00e9 Brenda Van Deursen, responsable du projet Welqome.<\/p>\n<p><em>\u00ab\u00a0Travailler avec diff\u00e9rentes parties prenantes a \u00e9t\u00e9 tr\u00e8s positif et a abouti \u00e0 un tr\u00e8s bon r\u00e9sultat final\u00a0\u00bb<\/em>, a d\u00e9clar\u00e9 Vincent Vandenameele, directeur du FFI. <em>\u00ab Nous voulons que tout le monde soit inform\u00e9 sur le travail int\u00e9rimaire de mani\u00e8re accessible. Cet outil va plus loin que les instruments existants et aborde toutes les questions qui pourraient \u00e9ventuellement exister en ce qui concerne le travail int\u00e9rimaire. De plus, nous allons \u00e9galement mettre les informations \u00e0 jour afin de rester la r\u00e9f\u00e9rence pour les questions relatives au travail int\u00e9rimaire. \u201d<\/em><\/p>\n<p>L\u2019e-learning est facilement accessible via www.interiminfo.be, est gratuit pour tout le monde et disponible sur smartphones. Vous pouvez parcourir les diff\u00e9rentes parties une par une depuis \u00ab\u00a0Je cherche du travail\u00a0\u00bb \u00e0 \u00ab\u00a0Je suis \u00e0 la fin de mon contrat de travail int\u00e9rimaire\u00a0\u00bb ou vous pouvez rechercher un mot cl\u00e9 \u00e0 l&rsquo;aide de la barre de recherche. \u00ab\u00a0Nous esp\u00e9rons ainsi \u00e9liminer de nombreuses incertitudes concernant le travail int\u00e9rimaire\u00a0\u00bb, a d\u00e9clar\u00e9 Vincent Vandenameele.<\/p>\n<p>Le 12 d\u00e9cembre 2019, le FFI ach\u00e8vera le projet Welqome avec une v\u00e9ritable c\u00e9r\u00e9monie de remise des prix. <em>\u00ab Nous accordons une attention particuli\u00e8re au secteur du travail temporaire et aux organisations<\/em><br \/>\n<em> partenaires. Ces personnes sont d\u00e9termin\u00e9es \u00e0 guider les jeunes vers le travail tous les jours et m\u00e9ritent plus que jamais notre attention \u00bb<\/em>, conclut Vincent Vandenameele.<\/p>\n<p><em>Source : Fonds Formation Int\u00e9rimaire FFI<\/em><\/p>\n","protected":false},"excerpt":{"rendered":"<p>Plus de 680.000 personnes travaillent comme travailleurs int\u00e9rimaires chaque ann\u00e9e. Cependant, beaucoup de personnes se posent encore des questions: puis-je prendre des vacances en tant que travailleur int\u00e9rimaire, que fait un consultant en agence, qu&rsquo;en est-il du cong\u00e9 de maternit\u00e9? [&hellip;]<\/p>\n","protected":false},"author":2,"featured_media":0,"comment_status":"closed","ping_status":"open","sticky":false,"template":"","format":"standard","meta":[],"categories":[65,10],"tags":[419,1951,12,1838,2593],"yoast_head":"<!-- This site is optimized with the Yoast SEO plugin v21.0 - https:\/\/yoast.com\/wordpress\/plugins\/seo\/ -->\n<title>Les 680.000 travailleurs int\u00e9rimaires disposent d\u00e9sormais d&#039;un centre de ressources et outil de formation sur le web. - Peoplesphere<\/title>\n<meta name=\"robots\" content=\"index, follow, max-snippet:-1, max-image-preview:large, max-video-preview:-1\" \/>\n<link rel=\"canonical\" href=\"https:\/\/peoplesphere.be\/fr\/680-000-travailleurs-interimaires-disposent-desormais-dun-centre-de-ressources-outil-de-formation-web\/\" \/>\n<meta property=\"og:locale\" content=\"fr_FR\" \/>\n<meta property=\"og:type\" content=\"article\" \/>\n<meta property=\"og:title\" content=\"Les 680.000 travailleurs int\u00e9rimaires disposent d\u00e9sormais d&#039;un centre de ressources et outil de formation sur le web. - Peoplesphere\" \/>\n<meta property=\"og:description\" content=\"Plus de 680.000 personnes travaillent comme travailleurs int\u00e9rimaires chaque ann\u00e9e. Cependant, beaucoup de personnes se posent encore des questions: puis-je prendre des vacances en tant que travailleur int\u00e9rimaire, que fait un consultant en agence, qu&rsquo;en est-il du cong\u00e9 de maternit\u00e9? [&hellip;]\" \/>\n<meta property=\"og:url\" content=\"https:\/\/peoplesphere.be\/fr\/680-000-travailleurs-interimaires-disposent-desormais-dun-centre-de-ressources-outil-de-formation-web\/\" \/>\n<meta property=\"og:site_name\" content=\"Peoplesphere\" \/>\n<meta property=\"article:publisher\" content=\"https:\/\/www.facebook.com\/peoplesphere\" \/>\n<meta property=\"article:published_time\" content=\"2019-06-17T13:45:22+00:00\" \/>\n<meta property=\"og:image\" content=\"http:\/\/www.peoplesphere.be\/fr\/wp-content\/uploads\/2016\/07\/facebook-default-posting-1200x628px.jpg\" \/>\n<meta name=\"author\" content=\"Jean-Paul Erhard\" \/>\n<meta name=\"twitter:card\" content=\"summary_large_image\" \/>\n<meta name=\"twitter:creator\" content=\"@PeoplesphereMag\" \/>\n<meta name=\"twitter:site\" content=\"@PeoplesphereMag\" \/>\n<meta name=\"twitter:label1\" content=\"\u00c9crit par\" \/>\n\t<meta name=\"twitter:data1\" content=\"Jean-Paul Erhard\" \/>\n\t<meta name=\"twitter:label2\" content=\"Dur\u00e9e de lecture estim\u00e9e\" \/>\n\t<meta name=\"twitter:data2\" content=\"3 minutes\" \/>\n<script type=\"application\/ld+json\" class=\"yoast-schema-graph\">{\"@context\":\"https:\/\/schema.org\",\"@graph\":[{\"@type\":\"Article\",\"@id\":\"https:\/\/peoplesphere.be\/fr\/680-000-travailleurs-interimaires-disposent-desormais-dun-centre-de-ressources-outil-de-formation-web\/#article\",\"isPartOf\":{\"@id\":\"https:\/\/peoplesphere.be\/fr\/680-000-travailleurs-interimaires-disposent-desormais-dun-centre-de-ressources-outil-de-formation-web\/\"},\"author\":{\"name\":\"Jean-Paul Erhard\",\"@id\":\"https:\/\/peoplesphere.be\/fr\/#\/schema\/person\/7976225ff17988604334abb7b3536a7e\"},\"headline\":\"Les 680.000 travailleurs int\u00e9rimaires disposent d\u00e9sormais d&rsquo;un centre de ressources et outil de formation sur le web.\",\"datePublished\":\"2019-06-17T13:45:22+00:00\",\"dateModified\":\"2019-06-17T13:45:22+00:00\",\"mainEntityOfPage\":{\"@id\":\"https:\/\/peoplesphere.be\/fr\/680-000-travailleurs-interimaires-disposent-desormais-dun-centre-de-ressources-outil-de-formation-web\/\"},\"wordCount\":635,\"publisher\":{\"@id\":\"https:\/\/peoplesphere.be\/fr\/#organization\"},\"keywords\":[\"e-learning\",\"FFI\",\"int\u00e9rim\",\"travail temporaire\",\"Welcome\"],\"articleSection\":[\"Actualit\u00e9s\",\"Digital\"],\"inLanguage\":\"fr-FR\"},{\"@type\":\"WebPage\",\"@id\":\"https:\/\/peoplesphere.be\/fr\/680-000-travailleurs-interimaires-disposent-desormais-dun-centre-de-ressources-outil-de-formation-web\/\",\"url\":\"https:\/\/peoplesphere.be\/fr\/680-000-travailleurs-interimaires-disposent-desormais-dun-centre-de-ressources-outil-de-formation-web\/\",\"name\":\"Les 680.000 travailleurs int\u00e9rimaires disposent d\u00e9sormais d'un centre de ressources et outil de formation sur le web. - Peoplesphere\",\"isPartOf\":{\"@id\":\"https:\/\/peoplesphere.be\/fr\/#website\"},\"datePublished\":\"2019-06-17T13:45:22+00:00\",\"dateModified\":\"2019-06-17T13:45:22+00:00\",\"breadcrumb\":{\"@id\":\"https:\/\/peoplesphere.be\/fr\/680-000-travailleurs-interimaires-disposent-desormais-dun-centre-de-ressources-outil-de-formation-web\/#breadcrumb\"},\"inLanguage\":\"fr-FR\",\"potentialAction\":[{\"@type\":\"ReadAction\",\"target\":[\"https:\/\/peoplesphere.be\/fr\/680-000-travailleurs-interimaires-disposent-desormais-dun-centre-de-ressources-outil-de-formation-web\/\"]}]},{\"@type\":\"BreadcrumbList\",\"@id\":\"https:\/\/peoplesphere.be\/fr\/680-000-travailleurs-interimaires-disposent-desormais-dun-centre-de-ressources-outil-de-formation-web\/#breadcrumb\",\"itemListElement\":[{\"@type\":\"ListItem\",\"position\":1,\"name\":\"Accueil\",\"item\":\"https:\/\/peoplesphere.be\/fr\/\"},{\"@type\":\"ListItem\",\"position\":2,\"name\":\"Les 680.000 travailleurs int\u00e9rimaires disposent d\u00e9sormais d&rsquo;un centre de ressources et outil de formation sur le web.\"}]},{\"@type\":\"WebSite\",\"@id\":\"https:\/\/peoplesphere.be\/fr\/#website\",\"url\":\"https:\/\/peoplesphere.be\/fr\/\",\"name\":\"Peoplesphere\",\"description\":\"The People Managers Magazine\",\"publisher\":{\"@id\":\"https:\/\/peoplesphere.be\/fr\/#organization\"},\"potentialAction\":[{\"@type\":\"SearchAction\",\"target\":{\"@type\":\"EntryPoint\",\"urlTemplate\":\"https:\/\/peoplesphere.be\/fr\/?s={search_term_string}\"},\"query-input\":\"required name=search_term_string\"}],\"inLanguage\":\"fr-FR\"},{\"@type\":\"Organization\",\"@id\":\"https:\/\/peoplesphere.be\/fr\/#organization\",\"name\":\"Peoplesphere Company srl\",\"url\":\"https:\/\/peoplesphere.be\/fr\/\",\"logo\":{\"@type\":\"ImageObject\",\"inLanguage\":\"fr-FR\",\"@id\":\"https:\/\/peoplesphere.be\/fr\/#\/schema\/logo\/image\/\",\"url\":\"https:\/\/peoplesphere.be\/fr\/wp-content\/uploads\/2023\/07\/peoplesphere-lgo-new-generik.jpg\",\"contentUrl\":\"https:\/\/peoplesphere.be\/fr\/wp-content\/uploads\/2023\/07\/peoplesphere-lgo-new-generik.jpg\",\"width\":1031,\"height\":1479,\"caption\":\"Peoplesphere Company srl\"},\"image\":{\"@id\":\"https:\/\/peoplesphere.be\/fr\/#\/schema\/logo\/image\/\"},\"sameAs\":[\"https:\/\/www.facebook.com\/peoplesphere\",\"https:\/\/twitter.com\/PeoplesphereMag\",\"https:\/\/www.linkedin.com\/company\/7587361?trk\",\"http:\/\/youtube.com\/peoplesphere\"]},{\"@type\":\"Person\",\"@id\":\"https:\/\/peoplesphere.be\/fr\/#\/schema\/person\/7976225ff17988604334abb7b3536a7e\",\"name\":\"Jean-Paul Erhard\",\"image\":{\"@type\":\"ImageObject\",\"inLanguage\":\"fr-FR\",\"@id\":\"https:\/\/peoplesphere.be\/fr\/#\/schema\/person\/image\/\",\"url\":\"https:\/\/secure.gravatar.com\/avatar\/f941e681460179738071629a51574930?s=96&d=mm&r=g\",\"contentUrl\":\"https:\/\/secure.gravatar.com\/avatar\/f941e681460179738071629a51574930?s=96&d=mm&r=g\",\"caption\":\"Jean-Paul Erhard\"},\"url\":\"https:\/\/peoplesphere.be\/fr\/author\/jpe\/\"}]}<\/script>\n<!-- \/ Yoast SEO plugin. -->","yoast_head_json":{"title":"Les 680.000 travailleurs int\u00e9rimaires disposent d\u00e9sormais d'un centre de ressources et outil de formation sur le web. - Peoplesphere","robots":{"index":"index","follow":"follow","max-snippet":"max-snippet:-1","max-image-preview":"max-image-preview:large","max-video-preview":"max-video-preview:-1"},"canonical":"https:\/\/peoplesphere.be\/fr\/680-000-travailleurs-interimaires-disposent-desormais-dun-centre-de-ressources-outil-de-formation-web\/","og_locale":"fr_FR","og_type":"article","og_title":"Les 680.000 travailleurs int\u00e9rimaires disposent d\u00e9sormais d'un centre de ressources et outil de formation sur le web. - Peoplesphere","og_description":"Plus de 680.000 personnes travaillent comme travailleurs int\u00e9rimaires chaque ann\u00e9e. Cependant, beaucoup de personnes se posent encore des questions: puis-je prendre des vacances en tant que travailleur int\u00e9rimaire, que fait un consultant en agence, qu&rsquo;en est-il du cong\u00e9 de maternit\u00e9? [&hellip;]","og_url":"https:\/\/peoplesphere.be\/fr\/680-000-travailleurs-interimaires-disposent-desormais-dun-centre-de-ressources-outil-de-formation-web\/","og_site_name":"Peoplesphere","article_publisher":"https:\/\/www.facebook.com\/peoplesphere","article_published_time":"2019-06-17T13:45:22+00:00","og_image":[{"url":"http:\/\/www.peoplesphere.be\/fr\/wp-content\/uploads\/2016\/07\/facebook-default-posting-1200x628px.jpg"}],"author":"Jean-Paul Erhard","twitter_card":"summary_large_image","twitter_creator":"@PeoplesphereMag","twitter_site":"@PeoplesphereMag","twitter_misc":{"\u00c9crit par":"Jean-Paul Erhard","Dur\u00e9e de lecture estim\u00e9e":"3 minutes"},"schema":{"@context":"https:\/\/schema.org","@graph":[{"@type":"Article","@id":"https:\/\/peoplesphere.be\/fr\/680-000-travailleurs-interimaires-disposent-desormais-dun-centre-de-ressources-outil-de-formation-web\/#article","isPartOf":{"@id":"https:\/\/peoplesphere.be\/fr\/680-000-travailleurs-interimaires-disposent-desormais-dun-centre-de-ressources-outil-de-formation-web\/"},"author":{"name":"Jean-Paul Erhard","@id":"https:\/\/peoplesphere.be\/fr\/#\/schema\/person\/7976225ff17988604334abb7b3536a7e"},"headline":"Les 680.000 travailleurs int\u00e9rimaires disposent d\u00e9sormais d&rsquo;un centre de ressources et outil de formation sur le web.","datePublished":"2019-06-17T13:45:22+00:00","dateModified":"2019-06-17T13:45:22+00:00","mainEntityOfPage":{"@id":"https:\/\/peoplesphere.be\/fr\/680-000-travailleurs-interimaires-disposent-desormais-dun-centre-de-ressources-outil-de-formation-web\/"},"wordCount":635,"publisher":{"@id":"https:\/\/peoplesphere.be\/fr\/#organization"},"keywords":["e-learning","FFI","int\u00e9rim","travail temporaire","Welcome"],"articleSection":["Actualit\u00e9s","Digital"],"inLanguage":"fr-FR"},{"@type":"WebPage","@id":"https:\/\/peoplesphere.be\/fr\/680-000-travailleurs-interimaires-disposent-desormais-dun-centre-de-ressources-outil-de-formation-web\/","url":"https:\/\/peoplesphere.be\/fr\/680-000-travailleurs-interimaires-disposent-desormais-dun-centre-de-ressources-outil-de-formation-web\/","name":"Les 680.000 travailleurs int\u00e9rimaires disposent d\u00e9sormais d'un centre de ressources et outil de formation sur le web. - Peoplesphere","isPartOf":{"@id":"https:\/\/peoplesphere.be\/fr\/#website"},"datePublished":"2019-06-17T13:45:22+00:00","dateModified":"2019-06-17T13:45:22+00:00","breadcrumb":{"@id":"https:\/\/peoplesphere.be\/fr\/680-000-travailleurs-interimaires-disposent-desormais-dun-centre-de-ressources-outil-de-formation-web\/#breadcrumb"},"inLanguage":"fr-FR","potentialAction":[{"@type":"ReadAction","target":["https:\/\/peoplesphere.be\/fr\/680-000-travailleurs-interimaires-disposent-desormais-dun-centre-de-ressources-outil-de-formation-web\/"]}]},{"@type":"BreadcrumbList","@id":"https:\/\/peoplesphere.be\/fr\/680-000-travailleurs-interimaires-disposent-desormais-dun-centre-de-ressources-outil-de-formation-web\/#breadcrumb","itemListElement":[{"@type":"ListItem","position":1,"name":"Accueil","item":"https:\/\/peoplesphere.be\/fr\/"},{"@type":"ListItem","position":2,"name":"Les 680.000 travailleurs int\u00e9rimaires disposent d\u00e9sormais d&rsquo;un centre de ressources et outil de formation sur le web."}]},{"@type":"WebSite","@id":"https:\/\/peoplesphere.be\/fr\/#website","url":"https:\/\/peoplesphere.be\/fr\/","name":"Peoplesphere","description":"The People Managers Magazine","publisher":{"@id":"https:\/\/peoplesphere.be\/fr\/#organization"},"potentialAction":[{"@type":"SearchAction","target":{"@type":"EntryPoint","urlTemplate":"https:\/\/peoplesphere.be\/fr\/?s={search_term_string}"},"query-input":"required name=search_term_string"}],"inLanguage":"fr-FR"},{"@type":"Organization","@id":"https:\/\/peoplesphere.be\/fr\/#organization","name":"Peoplesphere Company srl","url":"https:\/\/peoplesphere.be\/fr\/","logo":{"@type":"ImageObject","inLanguage":"fr-FR","@id":"https:\/\/peoplesphere.be\/fr\/#\/schema\/logo\/image\/","url":"https:\/\/peoplesphere.be\/fr\/wp-content\/uploads\/2023\/07\/peoplesphere-lgo-new-generik.jpg","contentUrl":"https:\/\/peoplesphere.be\/fr\/wp-content\/uploads\/2023\/07\/peoplesphere-lgo-new-generik.jpg","width":1031,"height":1479,"caption":"Peoplesphere Company srl"},"image":{"@id":"https:\/\/peoplesphere.be\/fr\/#\/schema\/logo\/image\/"},"sameAs":["https:\/\/www.facebook.com\/peoplesphere","https:\/\/twitter.com\/PeoplesphereMag","https:\/\/www.linkedin.com\/company\/7587361?trk","http:\/\/youtube.com\/peoplesphere"]},{"@type":"Person","@id":"https:\/\/peoplesphere.be\/fr\/#\/schema\/person\/7976225ff17988604334abb7b3536a7e","name":"Jean-Paul Erhard","image":{"@type":"ImageObject","inLanguage":"fr-FR","@id":"https:\/\/peoplesphere.be\/fr\/#\/schema\/person\/image\/","url":"https:\/\/secure.gravatar.com\/avatar\/f941e681460179738071629a51574930?s=96&d=mm&r=g","contentUrl":"https:\/\/secure.gravatar.com\/avatar\/f941e681460179738071629a51574930?s=96&d=mm&r=g","caption":"Jean-Paul Erhard"},"url":"https:\/\/peoplesphere.be\/fr\/author\/jpe\/"}]}},"_links":{"self":[{"href":"https:\/\/peoplesphere.be\/fr\/wp-json\/wp\/v2\/posts\/7940"}],"collection":[{"href":"https:\/\/peoplesphere.be\/fr\/wp-json\/wp\/v2\/posts"}],"about":[{"href":"https:\/\/peoplesphere.be\/fr\/wp-json\/wp\/v2\/types\/post"}],"author":[{"embeddable":true,"href":"https:\/\/peoplesphere.be\/fr\/wp-json\/wp\/v2\/users\/2"}],"replies":[{"embeddable":true,"href":"https:\/\/peoplesphere.be\/fr\/wp-json\/wp\/v2\/comments?post=7940"}],"version-history":[{"count":1,"href":"https:\/\/peoplesphere.be\/fr\/wp-json\/wp\/v2\/posts\/7940\/revisions"}],"predecessor-version":[{"id":7941,"href":"https:\/\/peoplesphere.be\/fr\/wp-json\/wp\/v2\/posts\/7940\/revisions\/7941"}],"wp:attachment":[{"href":"https:\/\/peoplesphere.be\/fr\/wp-json\/wp\/v2\/media?parent=7940"}],"wp:term":[{"taxonomy":"category","embeddable":true,"href":"https:\/\/peoplesphere.be\/fr\/wp-json\/wp\/v2\/categories?post=7940"},{"taxonomy":"post_tag","embeddable":true,"href":"https:\/\/peoplesphere.be\/fr\/wp-json\/wp\/v2\/tags?post=7940"}],"curies":[{"name":"wp","href":"https:\/\/api.w.org\/{rel}","templated":true}]}}