









{"id":7947,"date":"2019-06-18T08:17:06","date_gmt":"2019-06-18T06:17:06","guid":{"rendered":"http:\/\/www.peoplesphere.be\/fr\/?p=7947"},"modified":"2019-06-18T08:17:06","modified_gmt":"2019-06-18T06:17:06","slug":"impact-leadership-labsenteisme-collaborateurs-travaillent-obligation-plus-souvent-absents-beaucoup-plus-exposes-burn-out","status":"publish","type":"post","link":"https:\/\/peoplesphere.be\/fr\/impact-leadership-labsenteisme-collaborateurs-travaillent-obligation-plus-souvent-absents-beaucoup-plus-exposes-burn-out\/","title":{"rendered":"Impact du leadership sur l&rsquo;absent\u00e9isme: les collaborateurs qui travaillent par &lsquo;obligation&rsquo; sont plus souvent absents et beaucoup plus expos\u00e9s au burn-out."},"content":{"rendered":"<p>L&rsquo;\u00e9tude men\u00e9e par Securex tente d&rsquo;\u00e9tablir et de quantifier la relation de causalit\u00e9 entre la qualit\u00e9 du leadership et la motivation autonome des travailleurs. Les r\u00e9sultats confirment la plupart des affirmations classiques en faveur d&rsquo;un management durable: le sup\u00e9rieur hi\u00e9rarchique reste \u00e0 l&rsquo;\u00e9vidence un maillon crucial dans la r\u00e9duction de l\u2019absent\u00e9isme, du risque de burn-out et de la rotation du personnel.\u00a0Pas moins de 1 travailleur sur 5 (22 %) qui travaille par obligation est absent au moins 21 jours pour cause de maladie ou d\u2019accident domestique \u2013 parmi ceux qui choisissent d\u00e9lib\u00e9r\u00e9ment de travailler, ils ne sont que 1 sur 10. Aussi, ceux qui travaillent parce qu\u2019ils le souhaitent (par envie) sont dispos\u00e9s \u00e0 travailler 4 ans de plus que ceux qui travaillent parce qu\u2019il le faut.<!--more--><\/p>\n<p>Ceux qui travaillent parce qu\u2019ils le souhaitent courent moins de risques de burn-out, envisagent moins souvent de changer d\u2019employeur et sont dispos\u00e9s \u00e0 travailler 4 ans de plus que ceux qui travaillent parce qu\u2019ils le doivent. \u00a0Le sup\u00e9rieur hi\u00e9rarchique joue un r\u00f4le cl\u00e9 dans l\u2019accroissement de la motivation au travail. Jusqu\u2019\u00e0 un cinqui\u00e8me (20%) de cette motivation d\u00e9pend du r\u00f4le exerc\u00e9 par le sup\u00e9rieur.<\/p>\n<p><em><strong>Travailler parce qu\u2019on le souhaite et non parce qu\u2019on le doit&#8230;<\/strong><\/em><\/p>\n<p>Une personne motiv\u00e9e de mani\u00e8re autonome travaille parce qu\u2019elle le souhaite et donc par envie ou parce qu\u2019elle trouve que son travail a du sens. Cette motivation autonome s\u2019accro\u00eet par l\u2019accomplissement de trois besoins de base universels : se sentir autonome dans sa fonction (A), se sentir reli\u00e9(e) avec les coll\u00e8gues sur le lieu de travail (B) et se sentir comp\u00e9tent(e) dans le travail (C) (l\u2019ABC de la motivation).<\/p>\n<p>Plus la motivation autonome d\u2019un travailleur est \u00e9lev\u00e9e, moins il est absent (tant en termes de d\u00e9clarations de maladie qu\u2019en termes de nombre de jours) : les travailleurs qui ne travaillent que parce qu\u2019il le faut sont deux fois plus longtemps absents que leurs coll\u00e8gues. Pas moins de 1 personne sur 5 (22 %) qui ne travaille que parce qu\u2019il le faut est absente au moins 21 jours pour maladie ou accident domestique contre 10 % chez leurs coll\u00e8gues motiv\u00e9s de mani\u00e8re autonome. L\u2019augmentation de la motivation autonome r\u00e9duit donc consid\u00e9rablement le risque d\u2019absences de longue dur\u00e9e. Qui plus est, leur besoin de r\u00e9cup\u00e9ration est \u00e9galement plus \u00e9lev\u00e9 (60 % vs. 40%).<\/p>\n<p>Les travailleurs qui travaillent parce qu\u2019ils le doivent se portent presque deux fois plus souvent malades sans l\u2019\u00eatre vraiment (17 % vs. 10 %).<\/p>\n<p>\u00c0 peine 7 % des personnes motiv\u00e9es de mani\u00e8re autonome encourent un risque de burn-out. Parmi les travailleurs qui ne travaillent que parce que c\u2019est obligatoire, ils sont pr\u00e8s de la moiti\u00e9 (49 %), soit pas moins de sept fois plus. Les travailleurs qui travaillent par obligation souffrent plus de probl\u00e8mes de tension ou de stress.<\/p>\n<p>Enfin, les collaborateurs qui travaillent parce qu\u2019ils le souhaitent personnellement ont moins vite l\u2019intention de quitter l\u2019entreprise (8 % vs. 16 %). Il ressort \u00e9galement des r\u00e9sultats de l\u2019\u00e9tude que ces travailleurs sont dispos\u00e9s \u00e0 travailler 4 ans de plus (jusqu\u2019\u00e0 60 ans) que ceux qui travaillent par obligation (jusqu\u2019\u00e0 56 ans).<\/p>\n<p>Hermina Van Coillie, HR Research Expert chez Securex : <em>\u00ab La motivation autonome exerce un impact incroyablement important sur l\u2019individu et la culture d\u2019entreprise. Et pas seulement sur les d\u00e9clarations de maladie et le burn-out, car la motivation autonome am\u00e9liore, outre le bien-\u00eatre g\u00e9n\u00e9ral et la sant\u00e9 physique et psychologique du travailleur, aussi la cr\u00e9ativit\u00e9, l\u2019implication sur le lieu de travail et la sant\u00e9 \u00e9conomique de l\u2019entreprise. \u00bb<\/em><\/p>\n<p><strong><em>20% de la motivation intrins\u00e8que.<\/em><\/strong><\/p>\n<p>Le sup\u00e9rieur hi\u00e9rarchique joue un r\u00f4le crucial dans l\u2019accroissement de la motivation autonome du travailleur et donc \u00e9galement dans la r\u00e9duction du risque d\u2019absence de longue dur\u00e9e, de burn-out et de stress. Il ressort de l\u2019\u00e9tude de Securex que jusqu\u2019\u00e0 un cinqui\u00e8me (20 %) de la motivation autonome d\u2019un travailleur peut \u00eatre expliqu\u00e9 par le leadership de son(ses) sup\u00e9rieur(s). Un sup\u00e9rieur hi\u00e9rarchique a donc bien plus d\u2019impact sur des ph\u00e9nom\u00e8nes tels que l\u2019absent\u00e9isme, le burn-out et la rotation du personnel qu\u2019on ne le pense g\u00e9n\u00e9ralement.<\/p>\n<p>Nous appelons le leadership qui accro\u00eet la motivation autonome un leadership \u2018rassembleur\u2019. Les entreprises et les pouvoirs publics peuvent soutenir les dirigeants dans l\u2019accroissement de la qualit\u00e9 de leur leadership.\u00a0Diane Hulsbosch, Business Unit Director HR Consulting chez Securex : <em>\u00ab Ce leadership \u2018rassembleur\u2019 permet de relier des \u00e9l\u00e9ments du contexte externe et interne avec les besoins du travailleur. Un leadership fond\u00e9 sur l\u2019accroissement de l\u2019autonomie, de l\u2019implication et des comp\u00e9tences peut constituer une arme efficace dans la lutte contre l\u2019absent\u00e9isme, la guerre des talents et les burn-outs. \u00bb<\/em><\/p>\n<p><em>Source: Securex &#8211; \u00e9tude bas\u00e9e sur un \u00e9chantillon repr\u00e9sentatif de 1 500 r\u00e9pondants, dont 302 cadres et 1198 collaborateurs. Il ressort d\u2019une comparaison avec les donn\u00e9es de population de l\u2019ONSS que l&rsquo;\u00e9chantillon refl\u00e8te le march\u00e9 de l\u2019emploi belge pour ce qui est du genre, de l\u2019\u00e2ge, de la r\u00e9gion et du statut. L\u2019enqu\u00eate a \u00e9t\u00e9 r\u00e9alis\u00e9e en ligne par un bureau d\u2019\u00e9tudes de march\u00e9 et a eu lieu en juillet et en ao\u00fbt 2018. Les ind\u00e9pendants, les stagiaires et les travailleurs d\u00e9tenteurs d\u2019un contrat d\u2019apprentissage n\u2019ont pas \u00e9t\u00e9 sond\u00e9s dans cette \u00e9tude. Il s&rsquo;agit de mettre l\u2019accent sur la mani\u00e8re dont les collaborateurs ressentent les qualit\u00e9s de leadership de leurs sup\u00e9rieurs. Les sup\u00e9rieurs hi\u00e9rarchiques et les collaborateurs ont \u00e9t\u00e9 interrog\u00e9s ind\u00e9pendamment les uns des autres. Autrement dit, il n\u2019y a aucune corr\u00e9lation entre les sup\u00e9rieurs hi\u00e9rarchiques et les collaborateurs dans cet \u00e9chantillon.<\/em><\/p>\n","protected":false},"excerpt":{"rendered":"<p>L&rsquo;\u00e9tude men\u00e9e par Securex tente d&rsquo;\u00e9tablir et de quantifier la relation de causalit\u00e9 entre la qualit\u00e9 du leadership et la motivation autonome des travailleurs. Les r\u00e9sultats confirment la plupart des affirmations classiques en faveur d&rsquo;un management durable: le sup\u00e9rieur hi\u00e9rarchique [&hellip;]<\/p>\n","protected":false},"author":2,"featured_media":0,"comment_status":"closed","ping_status":"open","sticky":false,"template":"","format":"standard","meta":[],"categories":[65,10],"tags":[145,96,208,189,16,90,1792],"yoast_head":"<!-- This site is optimized with the Yoast SEO plugin v21.0 - https:\/\/yoast.com\/wordpress\/plugins\/seo\/ -->\n<title>Impact du leadership sur l&#039;absent\u00e9isme: les collaborateurs qui travaillent par &#039;obligation&#039; sont plus souvent absents et beaucoup plus expos\u00e9s au burn-out. - Peoplesphere<\/title>\n<meta name=\"robots\" content=\"index, follow, max-snippet:-1, max-image-preview:large, max-video-preview:-1\" \/>\n<link rel=\"canonical\" href=\"https:\/\/peoplesphere.be\/fr\/impact-leadership-labsenteisme-collaborateurs-travaillent-obligation-plus-souvent-absents-beaucoup-plus-exposes-burn-out\/\" \/>\n<meta property=\"og:locale\" content=\"fr_FR\" \/>\n<meta property=\"og:type\" content=\"article\" \/>\n<meta property=\"og:title\" content=\"Impact du leadership sur l&#039;absent\u00e9isme: les collaborateurs qui travaillent par &#039;obligation&#039; sont plus souvent absents et beaucoup plus expos\u00e9s au burn-out. - Peoplesphere\" \/>\n<meta property=\"og:description\" content=\"L&rsquo;\u00e9tude men\u00e9e par Securex tente d&rsquo;\u00e9tablir et de quantifier la relation de causalit\u00e9 entre la qualit\u00e9 du leadership et la motivation autonome des travailleurs. Les r\u00e9sultats confirment la plupart des affirmations classiques en faveur d&rsquo;un management durable: le sup\u00e9rieur hi\u00e9rarchique [&hellip;]\" \/>\n<meta property=\"og:url\" content=\"https:\/\/peoplesphere.be\/fr\/impact-leadership-labsenteisme-collaborateurs-travaillent-obligation-plus-souvent-absents-beaucoup-plus-exposes-burn-out\/\" \/>\n<meta property=\"og:site_name\" content=\"Peoplesphere\" \/>\n<meta property=\"article:publisher\" content=\"https:\/\/www.facebook.com\/peoplesphere\" \/>\n<meta property=\"article:published_time\" content=\"2019-06-18T06:17:06+00:00\" \/>\n<meta property=\"og:image\" content=\"http:\/\/www.peoplesphere.be\/fr\/wp-content\/uploads\/2016\/07\/facebook-default-posting-1200x628px.jpg\" \/>\n<meta name=\"author\" content=\"Jean-Paul Erhard\" \/>\n<meta name=\"twitter:card\" content=\"summary_large_image\" \/>\n<meta name=\"twitter:creator\" content=\"@PeoplesphereMag\" \/>\n<meta name=\"twitter:site\" content=\"@PeoplesphereMag\" \/>\n<meta name=\"twitter:label1\" content=\"\u00c9crit par\" \/>\n\t<meta name=\"twitter:data1\" content=\"Jean-Paul Erhard\" \/>\n\t<meta name=\"twitter:label2\" content=\"Dur\u00e9e de lecture estim\u00e9e\" \/>\n\t<meta name=\"twitter:data2\" content=\"5 minutes\" \/>\n<script type=\"application\/ld+json\" class=\"yoast-schema-graph\">{\"@context\":\"https:\/\/schema.org\",\"@graph\":[{\"@type\":\"Article\",\"@id\":\"https:\/\/peoplesphere.be\/fr\/impact-leadership-labsenteisme-collaborateurs-travaillent-obligation-plus-souvent-absents-beaucoup-plus-exposes-burn-out\/#article\",\"isPartOf\":{\"@id\":\"https:\/\/peoplesphere.be\/fr\/impact-leadership-labsenteisme-collaborateurs-travaillent-obligation-plus-souvent-absents-beaucoup-plus-exposes-burn-out\/\"},\"author\":{\"name\":\"Jean-Paul Erhard\",\"@id\":\"https:\/\/peoplesphere.be\/fr\/#\/schema\/person\/7976225ff17988604334abb7b3536a7e\"},\"headline\":\"Impact du leadership sur l&rsquo;absent\u00e9isme: les collaborateurs qui travaillent par &lsquo;obligation&rsquo; sont plus souvent absents et beaucoup plus expos\u00e9s au burn-out.\",\"datePublished\":\"2019-06-18T06:17:06+00:00\",\"dateModified\":\"2019-06-18T06:17:06+00:00\",\"mainEntityOfPage\":{\"@id\":\"https:\/\/peoplesphere.be\/fr\/impact-leadership-labsenteisme-collaborateurs-travaillent-obligation-plus-souvent-absents-beaucoup-plus-exposes-burn-out\/\"},\"wordCount\":1022,\"publisher\":{\"@id\":\"https:\/\/peoplesphere.be\/fr\/#organization\"},\"keywords\":[\"absent\u00e9isme\",\"bien-\u00eatre\",\"engagement\",\"leadership\",\"Maladie\",\"motivation\",\"securex\"],\"articleSection\":[\"Actualit\u00e9s\",\"Digital\"],\"inLanguage\":\"fr-FR\"},{\"@type\":\"WebPage\",\"@id\":\"https:\/\/peoplesphere.be\/fr\/impact-leadership-labsenteisme-collaborateurs-travaillent-obligation-plus-souvent-absents-beaucoup-plus-exposes-burn-out\/\",\"url\":\"https:\/\/peoplesphere.be\/fr\/impact-leadership-labsenteisme-collaborateurs-travaillent-obligation-plus-souvent-absents-beaucoup-plus-exposes-burn-out\/\",\"name\":\"Impact du leadership sur l'absent\u00e9isme: les collaborateurs qui travaillent par 'obligation' sont plus souvent absents et beaucoup plus expos\u00e9s au burn-out. - Peoplesphere\",\"isPartOf\":{\"@id\":\"https:\/\/peoplesphere.be\/fr\/#website\"},\"datePublished\":\"2019-06-18T06:17:06+00:00\",\"dateModified\":\"2019-06-18T06:17:06+00:00\",\"breadcrumb\":{\"@id\":\"https:\/\/peoplesphere.be\/fr\/impact-leadership-labsenteisme-collaborateurs-travaillent-obligation-plus-souvent-absents-beaucoup-plus-exposes-burn-out\/#breadcrumb\"},\"inLanguage\":\"fr-FR\",\"potentialAction\":[{\"@type\":\"ReadAction\",\"target\":[\"https:\/\/peoplesphere.be\/fr\/impact-leadership-labsenteisme-collaborateurs-travaillent-obligation-plus-souvent-absents-beaucoup-plus-exposes-burn-out\/\"]}]},{\"@type\":\"BreadcrumbList\",\"@id\":\"https:\/\/peoplesphere.be\/fr\/impact-leadership-labsenteisme-collaborateurs-travaillent-obligation-plus-souvent-absents-beaucoup-plus-exposes-burn-out\/#breadcrumb\",\"itemListElement\":[{\"@type\":\"ListItem\",\"position\":1,\"name\":\"Accueil\",\"item\":\"https:\/\/peoplesphere.be\/fr\/\"},{\"@type\":\"ListItem\",\"position\":2,\"name\":\"Impact du leadership sur l&rsquo;absent\u00e9isme: les collaborateurs qui travaillent par &lsquo;obligation&rsquo; sont plus souvent absents et beaucoup plus expos\u00e9s au burn-out.\"}]},{\"@type\":\"WebSite\",\"@id\":\"https:\/\/peoplesphere.be\/fr\/#website\",\"url\":\"https:\/\/peoplesphere.be\/fr\/\",\"name\":\"Peoplesphere\",\"description\":\"The People Managers Magazine\",\"publisher\":{\"@id\":\"https:\/\/peoplesphere.be\/fr\/#organization\"},\"potentialAction\":[{\"@type\":\"SearchAction\",\"target\":{\"@type\":\"EntryPoint\",\"urlTemplate\":\"https:\/\/peoplesphere.be\/fr\/?s={search_term_string}\"},\"query-input\":\"required name=search_term_string\"}],\"inLanguage\":\"fr-FR\"},{\"@type\":\"Organization\",\"@id\":\"https:\/\/peoplesphere.be\/fr\/#organization\",\"name\":\"Peoplesphere Company srl\",\"url\":\"https:\/\/peoplesphere.be\/fr\/\",\"logo\":{\"@type\":\"ImageObject\",\"inLanguage\":\"fr-FR\",\"@id\":\"https:\/\/peoplesphere.be\/fr\/#\/schema\/logo\/image\/\",\"url\":\"https:\/\/peoplesphere.be\/fr\/wp-content\/uploads\/2023\/07\/peoplesphere-lgo-new-generik.jpg\",\"contentUrl\":\"https:\/\/peoplesphere.be\/fr\/wp-content\/uploads\/2023\/07\/peoplesphere-lgo-new-generik.jpg\",\"width\":1031,\"height\":1479,\"caption\":\"Peoplesphere Company srl\"},\"image\":{\"@id\":\"https:\/\/peoplesphere.be\/fr\/#\/schema\/logo\/image\/\"},\"sameAs\":[\"https:\/\/www.facebook.com\/peoplesphere\",\"https:\/\/twitter.com\/PeoplesphereMag\",\"https:\/\/www.linkedin.com\/company\/7587361?trk\",\"http:\/\/youtube.com\/peoplesphere\"]},{\"@type\":\"Person\",\"@id\":\"https:\/\/peoplesphere.be\/fr\/#\/schema\/person\/7976225ff17988604334abb7b3536a7e\",\"name\":\"Jean-Paul Erhard\",\"image\":{\"@type\":\"ImageObject\",\"inLanguage\":\"fr-FR\",\"@id\":\"https:\/\/peoplesphere.be\/fr\/#\/schema\/person\/image\/\",\"url\":\"https:\/\/secure.gravatar.com\/avatar\/f941e681460179738071629a51574930?s=96&d=mm&r=g\",\"contentUrl\":\"https:\/\/secure.gravatar.com\/avatar\/f941e681460179738071629a51574930?s=96&d=mm&r=g\",\"caption\":\"Jean-Paul Erhard\"},\"url\":\"https:\/\/peoplesphere.be\/fr\/author\/jpe\/\"}]}<\/script>\n<!-- \/ Yoast SEO plugin. -->","yoast_head_json":{"title":"Impact du leadership sur l'absent\u00e9isme: les collaborateurs qui travaillent par 'obligation' sont plus souvent absents et beaucoup plus expos\u00e9s au burn-out. - Peoplesphere","robots":{"index":"index","follow":"follow","max-snippet":"max-snippet:-1","max-image-preview":"max-image-preview:large","max-video-preview":"max-video-preview:-1"},"canonical":"https:\/\/peoplesphere.be\/fr\/impact-leadership-labsenteisme-collaborateurs-travaillent-obligation-plus-souvent-absents-beaucoup-plus-exposes-burn-out\/","og_locale":"fr_FR","og_type":"article","og_title":"Impact du leadership sur l'absent\u00e9isme: les collaborateurs qui travaillent par 'obligation' sont plus souvent absents et beaucoup plus expos\u00e9s au burn-out. - Peoplesphere","og_description":"L&rsquo;\u00e9tude men\u00e9e par Securex tente d&rsquo;\u00e9tablir et de quantifier la relation de causalit\u00e9 entre la qualit\u00e9 du leadership et la motivation autonome des travailleurs. Les r\u00e9sultats confirment la plupart des affirmations classiques en faveur d&rsquo;un management durable: le sup\u00e9rieur hi\u00e9rarchique [&hellip;]","og_url":"https:\/\/peoplesphere.be\/fr\/impact-leadership-labsenteisme-collaborateurs-travaillent-obligation-plus-souvent-absents-beaucoup-plus-exposes-burn-out\/","og_site_name":"Peoplesphere","article_publisher":"https:\/\/www.facebook.com\/peoplesphere","article_published_time":"2019-06-18T06:17:06+00:00","og_image":[{"url":"http:\/\/www.peoplesphere.be\/fr\/wp-content\/uploads\/2016\/07\/facebook-default-posting-1200x628px.jpg"}],"author":"Jean-Paul Erhard","twitter_card":"summary_large_image","twitter_creator":"@PeoplesphereMag","twitter_site":"@PeoplesphereMag","twitter_misc":{"\u00c9crit par":"Jean-Paul Erhard","Dur\u00e9e de lecture estim\u00e9e":"5 minutes"},"schema":{"@context":"https:\/\/schema.org","@graph":[{"@type":"Article","@id":"https:\/\/peoplesphere.be\/fr\/impact-leadership-labsenteisme-collaborateurs-travaillent-obligation-plus-souvent-absents-beaucoup-plus-exposes-burn-out\/#article","isPartOf":{"@id":"https:\/\/peoplesphere.be\/fr\/impact-leadership-labsenteisme-collaborateurs-travaillent-obligation-plus-souvent-absents-beaucoup-plus-exposes-burn-out\/"},"author":{"name":"Jean-Paul Erhard","@id":"https:\/\/peoplesphere.be\/fr\/#\/schema\/person\/7976225ff17988604334abb7b3536a7e"},"headline":"Impact du leadership sur l&rsquo;absent\u00e9isme: les collaborateurs qui travaillent par &lsquo;obligation&rsquo; sont plus souvent absents et beaucoup plus expos\u00e9s au burn-out.","datePublished":"2019-06-18T06:17:06+00:00","dateModified":"2019-06-18T06:17:06+00:00","mainEntityOfPage":{"@id":"https:\/\/peoplesphere.be\/fr\/impact-leadership-labsenteisme-collaborateurs-travaillent-obligation-plus-souvent-absents-beaucoup-plus-exposes-burn-out\/"},"wordCount":1022,"publisher":{"@id":"https:\/\/peoplesphere.be\/fr\/#organization"},"keywords":["absent\u00e9isme","bien-\u00eatre","engagement","leadership","Maladie","motivation","securex"],"articleSection":["Actualit\u00e9s","Digital"],"inLanguage":"fr-FR"},{"@type":"WebPage","@id":"https:\/\/peoplesphere.be\/fr\/impact-leadership-labsenteisme-collaborateurs-travaillent-obligation-plus-souvent-absents-beaucoup-plus-exposes-burn-out\/","url":"https:\/\/peoplesphere.be\/fr\/impact-leadership-labsenteisme-collaborateurs-travaillent-obligation-plus-souvent-absents-beaucoup-plus-exposes-burn-out\/","name":"Impact du leadership sur l'absent\u00e9isme: les collaborateurs qui travaillent par 'obligation' sont plus souvent absents et beaucoup plus expos\u00e9s au burn-out. - Peoplesphere","isPartOf":{"@id":"https:\/\/peoplesphere.be\/fr\/#website"},"datePublished":"2019-06-18T06:17:06+00:00","dateModified":"2019-06-18T06:17:06+00:00","breadcrumb":{"@id":"https:\/\/peoplesphere.be\/fr\/impact-leadership-labsenteisme-collaborateurs-travaillent-obligation-plus-souvent-absents-beaucoup-plus-exposes-burn-out\/#breadcrumb"},"inLanguage":"fr-FR","potentialAction":[{"@type":"ReadAction","target":["https:\/\/peoplesphere.be\/fr\/impact-leadership-labsenteisme-collaborateurs-travaillent-obligation-plus-souvent-absents-beaucoup-plus-exposes-burn-out\/"]}]},{"@type":"BreadcrumbList","@id":"https:\/\/peoplesphere.be\/fr\/impact-leadership-labsenteisme-collaborateurs-travaillent-obligation-plus-souvent-absents-beaucoup-plus-exposes-burn-out\/#breadcrumb","itemListElement":[{"@type":"ListItem","position":1,"name":"Accueil","item":"https:\/\/peoplesphere.be\/fr\/"},{"@type":"ListItem","position":2,"name":"Impact du leadership sur l&rsquo;absent\u00e9isme: les collaborateurs qui travaillent par &lsquo;obligation&rsquo; sont plus souvent absents et beaucoup plus expos\u00e9s au burn-out."}]},{"@type":"WebSite","@id":"https:\/\/peoplesphere.be\/fr\/#website","url":"https:\/\/peoplesphere.be\/fr\/","name":"Peoplesphere","description":"The People Managers Magazine","publisher":{"@id":"https:\/\/peoplesphere.be\/fr\/#organization"},"potentialAction":[{"@type":"SearchAction","target":{"@type":"EntryPoint","urlTemplate":"https:\/\/peoplesphere.be\/fr\/?s={search_term_string}"},"query-input":"required name=search_term_string"}],"inLanguage":"fr-FR"},{"@type":"Organization","@id":"https:\/\/peoplesphere.be\/fr\/#organization","name":"Peoplesphere Company srl","url":"https:\/\/peoplesphere.be\/fr\/","logo":{"@type":"ImageObject","inLanguage":"fr-FR","@id":"https:\/\/peoplesphere.be\/fr\/#\/schema\/logo\/image\/","url":"https:\/\/peoplesphere.be\/fr\/wp-content\/uploads\/2023\/07\/peoplesphere-lgo-new-generik.jpg","contentUrl":"https:\/\/peoplesphere.be\/fr\/wp-content\/uploads\/2023\/07\/peoplesphere-lgo-new-generik.jpg","width":1031,"height":1479,"caption":"Peoplesphere Company srl"},"image":{"@id":"https:\/\/peoplesphere.be\/fr\/#\/schema\/logo\/image\/"},"sameAs":["https:\/\/www.facebook.com\/peoplesphere","https:\/\/twitter.com\/PeoplesphereMag","https:\/\/www.linkedin.com\/company\/7587361?trk","http:\/\/youtube.com\/peoplesphere"]},{"@type":"Person","@id":"https:\/\/peoplesphere.be\/fr\/#\/schema\/person\/7976225ff17988604334abb7b3536a7e","name":"Jean-Paul Erhard","image":{"@type":"ImageObject","inLanguage":"fr-FR","@id":"https:\/\/peoplesphere.be\/fr\/#\/schema\/person\/image\/","url":"https:\/\/secure.gravatar.com\/avatar\/f941e681460179738071629a51574930?s=96&d=mm&r=g","contentUrl":"https:\/\/secure.gravatar.com\/avatar\/f941e681460179738071629a51574930?s=96&d=mm&r=g","caption":"Jean-Paul Erhard"},"url":"https:\/\/peoplesphere.be\/fr\/author\/jpe\/"}]}},"_links":{"self":[{"href":"https:\/\/peoplesphere.be\/fr\/wp-json\/wp\/v2\/posts\/7947"}],"collection":[{"href":"https:\/\/peoplesphere.be\/fr\/wp-json\/wp\/v2\/posts"}],"about":[{"href":"https:\/\/peoplesphere.be\/fr\/wp-json\/wp\/v2\/types\/post"}],"author":[{"embeddable":true,"href":"https:\/\/peoplesphere.be\/fr\/wp-json\/wp\/v2\/users\/2"}],"replies":[{"embeddable":true,"href":"https:\/\/peoplesphere.be\/fr\/wp-json\/wp\/v2\/comments?post=7947"}],"version-history":[{"count":1,"href":"https:\/\/peoplesphere.be\/fr\/wp-json\/wp\/v2\/posts\/7947\/revisions"}],"predecessor-version":[{"id":7948,"href":"https:\/\/peoplesphere.be\/fr\/wp-json\/wp\/v2\/posts\/7947\/revisions\/7948"}],"wp:attachment":[{"href":"https:\/\/peoplesphere.be\/fr\/wp-json\/wp\/v2\/media?parent=7947"}],"wp:term":[{"taxonomy":"category","embeddable":true,"href":"https:\/\/peoplesphere.be\/fr\/wp-json\/wp\/v2\/categories?post=7947"},{"taxonomy":"post_tag","embeddable":true,"href":"https:\/\/peoplesphere.be\/fr\/wp-json\/wp\/v2\/tags?post=7947"}],"curies":[{"name":"wp","href":"https:\/\/api.w.org\/{rel}","templated":true}]}}