









{"id":7949,"date":"2019-06-18T08:51:06","date_gmt":"2019-06-18T06:51:06","guid":{"rendered":"http:\/\/www.peoplesphere.be\/fr\/?p=7949"},"modified":"2019-06-18T08:51:06","modified_gmt":"2019-06-18T06:51:06","slug":"vacances-restent-rares-independants-peinent-vraiment-a-se-deconnecter-de-leurs-clients","status":"publish","type":"post","link":"https:\/\/peoplesphere.be\/fr\/vacances-restent-rares-independants-peinent-vraiment-a-se-deconnecter-de-leurs-clients\/","title":{"rendered":"Les vacances restent rares pour les ind\u00e9pendants qui peinent vraiment \u00e0 se d\u00e9connecter de leurs clients&#8230;"},"content":{"rendered":"<p>Un peu plus d\u2019un ind\u00e9pendant sur 3 (36 %) ne prend pas plus d\u2019une semaine de vacances. Ils ne peuvent pas se permettre une plus longue p\u00e9riode sans revenu ainsi que le co\u00fbt du voyage. Et quand l\u2019ind\u00e9pendant part tout de m\u00eame en voyage, plus de 6 sur 10 restent disponibles, ce qui supprime le sentiment de vacances. Tendance r\u00e9cente: les starters font davantage attention aux vacances que les anciens.<!--more--><\/p>\n<p>\u00c0 la question \u00ab\u2009Qu\u2019est-ce qui repr\u00e9sente vraiment des vacances pour vous\u2009?\u2009\u00bb, 72 % des ind\u00e9pendants ont r\u00e9pondu : un s\u00e9jour \u00e0 l\u2019\u00e9tranger. Prendre v\u00e9ritablement un peu de distance, au sens propre comme au sens figur\u00e9. Rester disponible ou prendre des vacances \u00e0 la maison supprime le v\u00e9ritable sentiment de vacances.<\/p>\n<p>En 2018, l\u2019ind\u00e9pendant a-t-il r\u00e9alis\u00e9 ce voyage souhait\u00e9 \u00e0 l\u2019\u00e9tranger\u2009? 71 % sont en effet partis. D\u2019autre part, 67 % affirment \u00eatre rest\u00e9s disponibles pendant les vacances et, de ce fait, celles-ci n\u2019en \u00e9taient plus vraiment.<\/p>\n<p>Se relaxer chaque ann\u00e9e deux semaines en Espagne, en Turquie ou n\u2019importe o\u00f9 n\u2019est pas la r\u00e9alit\u00e9 de la plupart des ind\u00e9pendants. 36 % d\u2019entre eux ne parviennent pas \u00e0 prendre plus d\u2019une semaine de vacances chaque ann\u00e9e. Un sur trois ne prend pas deux semaines compl\u00e8tes cons\u00e9cutives chaque ann\u00e9e. La plupart, \u00e0 savoir les trois quarts des ind\u00e9pendants, r\u00e9ussissent cependant \u00e0 prendre plusieurs fois par an un jour, voire deux ou trois. Environ la moiti\u00e9 des ind\u00e9pendants s\u2019en contente. L\u2019autre moiti\u00e9 aimerait prendre davantage de vacances.<\/p>\n<p>Nadine Morren, Directrice Service \u00e0 la Client\u00e8le chez Acerta, d\u00e9clare : <em>\u00ab\u2009Chaque secteur se heurte \u00e0 ses obstacles emp\u00eachant de prendre des vacances. Un seul secteur sort du lot, mais au sens n\u00e9gatif : il s\u2019agit de l\u2019agriculture et de l\u2019horticulture o\u00f9 le nombre de jours de vacances est le plus bas. Prendre plus d\u2019un jour de vacances est difficile. 45 % des agriculteurs et horticulteurs n\u2019arrivent jamais \u00e0 une semaine tandis que 72,5 % ne prennent jamais plus de 7 jours.\u2009\u00bb<\/em><\/p>\n<p><strong><em>Des vacances cher pay\u00e9es: absence de revenu +\u00a0co\u00fbt du voyage<\/em><\/strong><\/p>\n<p>Les vacances n\u2019ont pas seulement un impact sur les clients, elles en ont aussi un sur le revenu. Les vacances signifient pour beaucoup d\u2019ind\u00e9pendants : pas de revenu, aucun p\u00e9cule de vacances comme celui des travailleurs, sans compter le co\u00fbt de l\u2019\u00e9ventuel voyage qui vient encore s\u2019accumuler. Les ind\u00e9pendants qui ne prennent pas de vacances citent principalement le budget comme motif.<\/p>\n<p><em><strong>Les starters font plus attention aux vacances que les anciens.<\/strong><\/em><\/p>\n<p>L\u2019ind\u00e9pendant doit prendre de nombreux \u00e9l\u00e9ments en consid\u00e9ration avant de partir (ou non) en vacances. Toutefois, les ind\u00e9pendants ont, comme tout le monde, besoin de vacances de temps en temps : soit pour passer du temps en famille ou entre amis, soit pour recharger leurs batteries. <em>\u00ab\u2009Pour les ind\u00e9pendants aussi, les vacances repr\u00e9sentent une p\u00e9riode de relaxation et de repos. Ils ont \u00e9galement besoin de vacances, entre autres pour leur propre sant\u00e9 ainsi que pour trouver une nouvelle inspiration \u2013 reculer pour mieux sauter. Nous constatons que les ind\u00e9pendants qui \u00e9taient encore starters en 2018 sont ceux qui font le mieux attention \u00e0 la planification r\u00e9elle de leurs vacances. Les anciens \u2013 ceux qui \u00e9taient d\u00e9j\u00e0 actifs depuis plus de 10 ans en 2018 \u2013 sont manifestement moins bons pour donner la priorit\u00e9 aux vacances.\u2009\u00bb<\/em><\/p>\n<p><strong><em>Rester disponible, une r\u00e9alit\u00e9 pour 67 %.<\/em><\/strong><\/p>\n<p>Pour leurs intentions de vacances, qui sont d\u00e9j\u00e0 en r\u00e9alit\u00e9 tr\u00e8s rares, les ind\u00e9pendants tiennent compte des autres : des pics d\u2019activit\u00e9, des vacances scolaires&#8230; ils visent le plus faible impact possible pour leurs clients. Leur communication montre \u00e9galement que les ind\u00e9pendants essaient que leurs vacances passent aussi inaper\u00e7ues que possible. 16 % NE disent RIEN \u00e0 propos de leurs vacances et 48 % le font oralement, ce qui peut \u00eatre interpr\u00e9t\u00e9 comme : ils communiquent \u00e0 ce sujet si besoin. Nadine Morren ajoute : <em>\u00ab\u2009Les professions lib\u00e9rales peuvent pour ainsi dire dissimuler leur p\u00e9riode de vacances : les m\u00e9decins ne prennent pas de rendez-vous pendant cette p\u00e9riode, les architectes r\u00e9pondent tout de m\u00eame \u00e0 des mails durant cette p\u00e9riode, etc.\u2009\u00bb<\/em> Pour les magasins, la situation est diff\u00e9rente : quand ils ferment, ils doivent l\u2019indiquer. Pour ce faire, ils utilisent manifestement des canaux plus r\u00e9cents : e-mail, r\u00e9seaux sociaux, site web.<\/p>\n<p>Les vacances impliquent des risques pour l\u2019ind\u00e9pendant. Les clients partiront peut-\u00eatre ailleurs\u2009? Reviendront-ils apr\u00e8s les vacances\u2009? C\u2019est pourquoi les ind\u00e9pendants essaient, dans la mesure du possible, que l\u2019activit\u00e9 se poursuive, p. ex. gr\u00e2ce \u00e0 des collaborateurs, en faisant eux-m\u00eames appel \u00e0 des coll\u00e8gues ou en continuant quand m\u00eame \u00e0 suivre le cours des choses eux-m\u00eames. Nadine Morren conclut : <em>\u00ab\u2009Tous les secteurs ne peuvent pas compenser la p\u00e9riode de vacances de la m\u00eame mani\u00e8re. Un m\u00e9decin ne peut, par exemple, se faire remplacer que par des m\u00e9decins, tandis qu\u2019un agriculteur peut \u00e9galement faire appel \u00e0 sa famille et ses amis. Pour un architecte ou un avocat, il est plus facile de suivre le cours des choses tout en \u00e9tant en vacances alors qu\u2019un exploitant du secteur horeca ne peut \u00e9videmment pas continuer \u00e0 servir les clients. Le secteur des services, comptant de nombreux experts, est le secteur qui choisit le plus souvent de mettre l\u2019activit\u00e9 \u201cen attente\u201d pendant les vacances. Les vacances constituent ainsi pour chaque ind\u00e9pendant un d\u00e9fi avec des caract\u00e9ristiques propres.\u2009\u00bb<\/em><\/p>\n<p><em>\u00c0 propos des chiffres &#8211; Les donn\u00e9es sont le r\u00e9sultat d\u2019une enqu\u00eate d\u2019ACERTA men\u00e9e en mai 2019 aupr\u00e8s de starters et d\u2019ind\u00e9pendants. 621 starters et ind\u00e9pendants, dont 70 % n\u2019ont pas de personnel, y ont pris part.<\/em><\/p>\n","protected":false},"excerpt":{"rendered":"<p>Un peu plus d\u2019un ind\u00e9pendant sur 3 (36 %) ne prend pas plus d\u2019une semaine de vacances. Ils ne peuvent pas se permettre une plus longue p\u00e9riode sans revenu ainsi que le co\u00fbt du voyage. Et quand l\u2019ind\u00e9pendant part tout [&hellip;]<\/p>\n","protected":false},"author":2,"featured_media":0,"comment_status":"closed","ping_status":"open","sticky":false,"template":"","format":"standard","meta":[],"categories":[65,10],"tags":[271,647,727],"yoast_head":"<!-- This site is optimized with the Yoast SEO plugin v21.0 - https:\/\/yoast.com\/wordpress\/plugins\/seo\/ -->\n<title>Les vacances restent rares pour les ind\u00e9pendants qui peinent vraiment \u00e0 se d\u00e9connecter de leurs clients... - Peoplesphere<\/title>\n<meta name=\"robots\" content=\"index, follow, max-snippet:-1, max-image-preview:large, max-video-preview:-1\" \/>\n<link rel=\"canonical\" href=\"https:\/\/peoplesphere.be\/fr\/vacances-restent-rares-independants-peinent-vraiment-a-se-deconnecter-de-leurs-clients\/\" \/>\n<meta property=\"og:locale\" content=\"fr_FR\" \/>\n<meta property=\"og:type\" content=\"article\" \/>\n<meta property=\"og:title\" content=\"Les vacances restent rares pour les ind\u00e9pendants qui peinent vraiment \u00e0 se d\u00e9connecter de leurs clients... - Peoplesphere\" \/>\n<meta property=\"og:description\" content=\"Un peu plus d\u2019un ind\u00e9pendant sur 3 (36 %) ne prend pas plus d\u2019une semaine de vacances. Ils ne peuvent pas se permettre une plus longue p\u00e9riode sans revenu ainsi que le co\u00fbt du voyage. Et quand l\u2019ind\u00e9pendant part tout [&hellip;]\" \/>\n<meta property=\"og:url\" content=\"https:\/\/peoplesphere.be\/fr\/vacances-restent-rares-independants-peinent-vraiment-a-se-deconnecter-de-leurs-clients\/\" \/>\n<meta property=\"og:site_name\" content=\"Peoplesphere\" \/>\n<meta property=\"article:publisher\" content=\"https:\/\/www.facebook.com\/peoplesphere\" \/>\n<meta property=\"article:published_time\" content=\"2019-06-18T06:51:06+00:00\" \/>\n<meta property=\"og:image\" content=\"http:\/\/www.peoplesphere.be\/fr\/wp-content\/uploads\/2016\/07\/facebook-default-posting-1200x628px.jpg\" \/>\n<meta name=\"author\" content=\"Jean-Paul Erhard\" \/>\n<meta name=\"twitter:card\" content=\"summary_large_image\" \/>\n<meta name=\"twitter:creator\" content=\"@PeoplesphereMag\" \/>\n<meta name=\"twitter:site\" content=\"@PeoplesphereMag\" \/>\n<meta name=\"twitter:label1\" content=\"\u00c9crit par\" \/>\n\t<meta name=\"twitter:data1\" content=\"Jean-Paul Erhard\" \/>\n\t<meta name=\"twitter:label2\" content=\"Dur\u00e9e de lecture estim\u00e9e\" \/>\n\t<meta name=\"twitter:data2\" content=\"5 minutes\" \/>\n<script type=\"application\/ld+json\" class=\"yoast-schema-graph\">{\"@context\":\"https:\/\/schema.org\",\"@graph\":[{\"@type\":\"Article\",\"@id\":\"https:\/\/peoplesphere.be\/fr\/vacances-restent-rares-independants-peinent-vraiment-a-se-deconnecter-de-leurs-clients\/#article\",\"isPartOf\":{\"@id\":\"https:\/\/peoplesphere.be\/fr\/vacances-restent-rares-independants-peinent-vraiment-a-se-deconnecter-de-leurs-clients\/\"},\"author\":{\"name\":\"Jean-Paul Erhard\",\"@id\":\"https:\/\/peoplesphere.be\/fr\/#\/schema\/person\/7976225ff17988604334abb7b3536a7e\"},\"headline\":\"Les vacances restent rares pour les ind\u00e9pendants qui peinent vraiment \u00e0 se d\u00e9connecter de leurs clients&#8230;\",\"datePublished\":\"2019-06-18T06:51:06+00:00\",\"dateModified\":\"2019-06-18T06:51:06+00:00\",\"mainEntityOfPage\":{\"@id\":\"https:\/\/peoplesphere.be\/fr\/vacances-restent-rares-independants-peinent-vraiment-a-se-deconnecter-de-leurs-clients\/\"},\"wordCount\":983,\"publisher\":{\"@id\":\"https:\/\/peoplesphere.be\/fr\/#organization\"},\"keywords\":[\"acerta\",\"\u00e9quilibre priv\u00e9\/professionnel\",\"travailleur ind\u00e9pendant\"],\"articleSection\":[\"Actualit\u00e9s\",\"Digital\"],\"inLanguage\":\"fr-FR\"},{\"@type\":\"WebPage\",\"@id\":\"https:\/\/peoplesphere.be\/fr\/vacances-restent-rares-independants-peinent-vraiment-a-se-deconnecter-de-leurs-clients\/\",\"url\":\"https:\/\/peoplesphere.be\/fr\/vacances-restent-rares-independants-peinent-vraiment-a-se-deconnecter-de-leurs-clients\/\",\"name\":\"Les vacances restent rares pour les ind\u00e9pendants qui peinent vraiment \u00e0 se d\u00e9connecter de leurs clients... - Peoplesphere\",\"isPartOf\":{\"@id\":\"https:\/\/peoplesphere.be\/fr\/#website\"},\"datePublished\":\"2019-06-18T06:51:06+00:00\",\"dateModified\":\"2019-06-18T06:51:06+00:00\",\"breadcrumb\":{\"@id\":\"https:\/\/peoplesphere.be\/fr\/vacances-restent-rares-independants-peinent-vraiment-a-se-deconnecter-de-leurs-clients\/#breadcrumb\"},\"inLanguage\":\"fr-FR\",\"potentialAction\":[{\"@type\":\"ReadAction\",\"target\":[\"https:\/\/peoplesphere.be\/fr\/vacances-restent-rares-independants-peinent-vraiment-a-se-deconnecter-de-leurs-clients\/\"]}]},{\"@type\":\"BreadcrumbList\",\"@id\":\"https:\/\/peoplesphere.be\/fr\/vacances-restent-rares-independants-peinent-vraiment-a-se-deconnecter-de-leurs-clients\/#breadcrumb\",\"itemListElement\":[{\"@type\":\"ListItem\",\"position\":1,\"name\":\"Accueil\",\"item\":\"https:\/\/peoplesphere.be\/fr\/\"},{\"@type\":\"ListItem\",\"position\":2,\"name\":\"Les vacances restent rares pour les ind\u00e9pendants qui peinent vraiment \u00e0 se d\u00e9connecter de leurs clients&#8230;\"}]},{\"@type\":\"WebSite\",\"@id\":\"https:\/\/peoplesphere.be\/fr\/#website\",\"url\":\"https:\/\/peoplesphere.be\/fr\/\",\"name\":\"Peoplesphere\",\"description\":\"The People Managers Magazine\",\"publisher\":{\"@id\":\"https:\/\/peoplesphere.be\/fr\/#organization\"},\"potentialAction\":[{\"@type\":\"SearchAction\",\"target\":{\"@type\":\"EntryPoint\",\"urlTemplate\":\"https:\/\/peoplesphere.be\/fr\/?s={search_term_string}\"},\"query-input\":\"required name=search_term_string\"}],\"inLanguage\":\"fr-FR\"},{\"@type\":\"Organization\",\"@id\":\"https:\/\/peoplesphere.be\/fr\/#organization\",\"name\":\"Peoplesphere Company srl\",\"url\":\"https:\/\/peoplesphere.be\/fr\/\",\"logo\":{\"@type\":\"ImageObject\",\"inLanguage\":\"fr-FR\",\"@id\":\"https:\/\/peoplesphere.be\/fr\/#\/schema\/logo\/image\/\",\"url\":\"https:\/\/peoplesphere.be\/fr\/wp-content\/uploads\/2023\/07\/peoplesphere-lgo-new-generik.jpg\",\"contentUrl\":\"https:\/\/peoplesphere.be\/fr\/wp-content\/uploads\/2023\/07\/peoplesphere-lgo-new-generik.jpg\",\"width\":1031,\"height\":1479,\"caption\":\"Peoplesphere Company srl\"},\"image\":{\"@id\":\"https:\/\/peoplesphere.be\/fr\/#\/schema\/logo\/image\/\"},\"sameAs\":[\"https:\/\/www.facebook.com\/peoplesphere\",\"https:\/\/twitter.com\/PeoplesphereMag\",\"https:\/\/www.linkedin.com\/company\/7587361?trk\",\"http:\/\/youtube.com\/peoplesphere\"]},{\"@type\":\"Person\",\"@id\":\"https:\/\/peoplesphere.be\/fr\/#\/schema\/person\/7976225ff17988604334abb7b3536a7e\",\"name\":\"Jean-Paul Erhard\",\"image\":{\"@type\":\"ImageObject\",\"inLanguage\":\"fr-FR\",\"@id\":\"https:\/\/peoplesphere.be\/fr\/#\/schema\/person\/image\/\",\"url\":\"https:\/\/secure.gravatar.com\/avatar\/f941e681460179738071629a51574930?s=96&d=mm&r=g\",\"contentUrl\":\"https:\/\/secure.gravatar.com\/avatar\/f941e681460179738071629a51574930?s=96&d=mm&r=g\",\"caption\":\"Jean-Paul Erhard\"},\"url\":\"https:\/\/peoplesphere.be\/fr\/author\/jpe\/\"}]}<\/script>\n<!-- \/ Yoast SEO plugin. -->","yoast_head_json":{"title":"Les vacances restent rares pour les ind\u00e9pendants qui peinent vraiment \u00e0 se d\u00e9connecter de leurs clients... - Peoplesphere","robots":{"index":"index","follow":"follow","max-snippet":"max-snippet:-1","max-image-preview":"max-image-preview:large","max-video-preview":"max-video-preview:-1"},"canonical":"https:\/\/peoplesphere.be\/fr\/vacances-restent-rares-independants-peinent-vraiment-a-se-deconnecter-de-leurs-clients\/","og_locale":"fr_FR","og_type":"article","og_title":"Les vacances restent rares pour les ind\u00e9pendants qui peinent vraiment \u00e0 se d\u00e9connecter de leurs clients... - Peoplesphere","og_description":"Un peu plus d\u2019un ind\u00e9pendant sur 3 (36 %) ne prend pas plus d\u2019une semaine de vacances. Ils ne peuvent pas se permettre une plus longue p\u00e9riode sans revenu ainsi que le co\u00fbt du voyage. Et quand l\u2019ind\u00e9pendant part tout [&hellip;]","og_url":"https:\/\/peoplesphere.be\/fr\/vacances-restent-rares-independants-peinent-vraiment-a-se-deconnecter-de-leurs-clients\/","og_site_name":"Peoplesphere","article_publisher":"https:\/\/www.facebook.com\/peoplesphere","article_published_time":"2019-06-18T06:51:06+00:00","og_image":[{"url":"http:\/\/www.peoplesphere.be\/fr\/wp-content\/uploads\/2016\/07\/facebook-default-posting-1200x628px.jpg"}],"author":"Jean-Paul Erhard","twitter_card":"summary_large_image","twitter_creator":"@PeoplesphereMag","twitter_site":"@PeoplesphereMag","twitter_misc":{"\u00c9crit par":"Jean-Paul Erhard","Dur\u00e9e de lecture estim\u00e9e":"5 minutes"},"schema":{"@context":"https:\/\/schema.org","@graph":[{"@type":"Article","@id":"https:\/\/peoplesphere.be\/fr\/vacances-restent-rares-independants-peinent-vraiment-a-se-deconnecter-de-leurs-clients\/#article","isPartOf":{"@id":"https:\/\/peoplesphere.be\/fr\/vacances-restent-rares-independants-peinent-vraiment-a-se-deconnecter-de-leurs-clients\/"},"author":{"name":"Jean-Paul Erhard","@id":"https:\/\/peoplesphere.be\/fr\/#\/schema\/person\/7976225ff17988604334abb7b3536a7e"},"headline":"Les vacances restent rares pour les ind\u00e9pendants qui peinent vraiment \u00e0 se d\u00e9connecter de leurs clients&#8230;","datePublished":"2019-06-18T06:51:06+00:00","dateModified":"2019-06-18T06:51:06+00:00","mainEntityOfPage":{"@id":"https:\/\/peoplesphere.be\/fr\/vacances-restent-rares-independants-peinent-vraiment-a-se-deconnecter-de-leurs-clients\/"},"wordCount":983,"publisher":{"@id":"https:\/\/peoplesphere.be\/fr\/#organization"},"keywords":["acerta","\u00e9quilibre priv\u00e9\/professionnel","travailleur ind\u00e9pendant"],"articleSection":["Actualit\u00e9s","Digital"],"inLanguage":"fr-FR"},{"@type":"WebPage","@id":"https:\/\/peoplesphere.be\/fr\/vacances-restent-rares-independants-peinent-vraiment-a-se-deconnecter-de-leurs-clients\/","url":"https:\/\/peoplesphere.be\/fr\/vacances-restent-rares-independants-peinent-vraiment-a-se-deconnecter-de-leurs-clients\/","name":"Les vacances restent rares pour les ind\u00e9pendants qui peinent vraiment \u00e0 se d\u00e9connecter de leurs clients... - Peoplesphere","isPartOf":{"@id":"https:\/\/peoplesphere.be\/fr\/#website"},"datePublished":"2019-06-18T06:51:06+00:00","dateModified":"2019-06-18T06:51:06+00:00","breadcrumb":{"@id":"https:\/\/peoplesphere.be\/fr\/vacances-restent-rares-independants-peinent-vraiment-a-se-deconnecter-de-leurs-clients\/#breadcrumb"},"inLanguage":"fr-FR","potentialAction":[{"@type":"ReadAction","target":["https:\/\/peoplesphere.be\/fr\/vacances-restent-rares-independants-peinent-vraiment-a-se-deconnecter-de-leurs-clients\/"]}]},{"@type":"BreadcrumbList","@id":"https:\/\/peoplesphere.be\/fr\/vacances-restent-rares-independants-peinent-vraiment-a-se-deconnecter-de-leurs-clients\/#breadcrumb","itemListElement":[{"@type":"ListItem","position":1,"name":"Accueil","item":"https:\/\/peoplesphere.be\/fr\/"},{"@type":"ListItem","position":2,"name":"Les vacances restent rares pour les ind\u00e9pendants qui peinent vraiment \u00e0 se d\u00e9connecter de leurs clients&#8230;"}]},{"@type":"WebSite","@id":"https:\/\/peoplesphere.be\/fr\/#website","url":"https:\/\/peoplesphere.be\/fr\/","name":"Peoplesphere","description":"The People Managers Magazine","publisher":{"@id":"https:\/\/peoplesphere.be\/fr\/#organization"},"potentialAction":[{"@type":"SearchAction","target":{"@type":"EntryPoint","urlTemplate":"https:\/\/peoplesphere.be\/fr\/?s={search_term_string}"},"query-input":"required name=search_term_string"}],"inLanguage":"fr-FR"},{"@type":"Organization","@id":"https:\/\/peoplesphere.be\/fr\/#organization","name":"Peoplesphere Company srl","url":"https:\/\/peoplesphere.be\/fr\/","logo":{"@type":"ImageObject","inLanguage":"fr-FR","@id":"https:\/\/peoplesphere.be\/fr\/#\/schema\/logo\/image\/","url":"https:\/\/peoplesphere.be\/fr\/wp-content\/uploads\/2023\/07\/peoplesphere-lgo-new-generik.jpg","contentUrl":"https:\/\/peoplesphere.be\/fr\/wp-content\/uploads\/2023\/07\/peoplesphere-lgo-new-generik.jpg","width":1031,"height":1479,"caption":"Peoplesphere Company srl"},"image":{"@id":"https:\/\/peoplesphere.be\/fr\/#\/schema\/logo\/image\/"},"sameAs":["https:\/\/www.facebook.com\/peoplesphere","https:\/\/twitter.com\/PeoplesphereMag","https:\/\/www.linkedin.com\/company\/7587361?trk","http:\/\/youtube.com\/peoplesphere"]},{"@type":"Person","@id":"https:\/\/peoplesphere.be\/fr\/#\/schema\/person\/7976225ff17988604334abb7b3536a7e","name":"Jean-Paul Erhard","image":{"@type":"ImageObject","inLanguage":"fr-FR","@id":"https:\/\/peoplesphere.be\/fr\/#\/schema\/person\/image\/","url":"https:\/\/secure.gravatar.com\/avatar\/f941e681460179738071629a51574930?s=96&d=mm&r=g","contentUrl":"https:\/\/secure.gravatar.com\/avatar\/f941e681460179738071629a51574930?s=96&d=mm&r=g","caption":"Jean-Paul Erhard"},"url":"https:\/\/peoplesphere.be\/fr\/author\/jpe\/"}]}},"_links":{"self":[{"href":"https:\/\/peoplesphere.be\/fr\/wp-json\/wp\/v2\/posts\/7949"}],"collection":[{"href":"https:\/\/peoplesphere.be\/fr\/wp-json\/wp\/v2\/posts"}],"about":[{"href":"https:\/\/peoplesphere.be\/fr\/wp-json\/wp\/v2\/types\/post"}],"author":[{"embeddable":true,"href":"https:\/\/peoplesphere.be\/fr\/wp-json\/wp\/v2\/users\/2"}],"replies":[{"embeddable":true,"href":"https:\/\/peoplesphere.be\/fr\/wp-json\/wp\/v2\/comments?post=7949"}],"version-history":[{"count":1,"href":"https:\/\/peoplesphere.be\/fr\/wp-json\/wp\/v2\/posts\/7949\/revisions"}],"predecessor-version":[{"id":7950,"href":"https:\/\/peoplesphere.be\/fr\/wp-json\/wp\/v2\/posts\/7949\/revisions\/7950"}],"wp:attachment":[{"href":"https:\/\/peoplesphere.be\/fr\/wp-json\/wp\/v2\/media?parent=7949"}],"wp:term":[{"taxonomy":"category","embeddable":true,"href":"https:\/\/peoplesphere.be\/fr\/wp-json\/wp\/v2\/categories?post=7949"},{"taxonomy":"post_tag","embeddable":true,"href":"https:\/\/peoplesphere.be\/fr\/wp-json\/wp\/v2\/tags?post=7949"}],"curies":[{"name":"wp","href":"https:\/\/api.w.org\/{rel}","templated":true}]}}