









{"id":7977,"date":"2019-06-25T09:09:42","date_gmt":"2019-06-25T07:09:42","guid":{"rendered":"http:\/\/www.peoplesphere.be\/fr\/?p=7977"},"modified":"2019-06-25T09:09:42","modified_gmt":"2019-06-25T07:09:42","slug":"pres-de-moitie-travailleurs-francophones-restent-joignables-disponibles-pendant-leurs-vacances","status":"publish","type":"post","link":"https:\/\/peoplesphere.be\/fr\/pres-de-moitie-travailleurs-francophones-restent-joignables-disponibles-pendant-leurs-vacances\/","title":{"rendered":"Pr\u00e8s de la moiti\u00e9 des travailleurs francophones restent joignables et disponibles pendant leurs vacances."},"content":{"rendered":"<p>Mauvaise nouvelle pour les partisans de la d\u00e9connexion totale&#8230; Selon une \u00e9tude commandit\u00e9e par Protime, plus de 4 travailleurs sur 10 (43%) restent joignables pour le travail pendant leurs vacances. Ils continuent \u00e0 consulter leurs e-mails (26%) et\/ou \u00e0 r\u00e9pondre au t\u00e9l\u00e9phone (26%).\u00a0<!--more--><\/p>\n<p>Rester accessible, ou non, pour le boulot? Plus de la moiti\u00e9 des francophones (57%) choisissent de couper le cordon et de profiter de leurs vacances pour recharger compl\u00e8tement leurs batteries.\u00a0Quelque 13% des travailleurs restent joignables par t\u00e9l\u00e9phone pour le travail pendant leurs vacances. Une proportion \u00e9quivalente de r\u00e9pondants choisissent de ne r\u00e9pondre qu\u2019aux appels les plus urgents.<\/p>\n<p>Plus d\u2019un quart des r\u00e9pondants (26%) ne d\u00e9laissent pas leurs e-mails professionnels. Ils sont 7% \u00e0 r\u00e9pondre \u00e0 tous les courriers \u00e9lectroniques concernant le boulot, et 11% seulement aux e-mails qui doivent recevoir un suivi. Quelque 8% se contentent de prendre connaissance des e-mails.<br \/>\nSophie Henrion, porte-parole de Protime : <em>\u201cIl n\u2019est pas toujours simple de d\u00e9brancher compl\u00e8tement la prise. Or, pour tous les travailleurs, il est essentiel de se d\u00e9tacher de temps en temps \u00e0 100% du travail et du stress qui l\u2019accompagne. La solution pour des vacances r\u00e9ellement \u2018farniente\u2019 ? D\u00e9l\u00e9guer aux coll\u00e8gues et utiliser les bons outils logiciels. Pensez aussi \u00e0 sauvegarder vos informations. Les outils logiciels modernes vous informent clairement quant au statut des diff\u00e9rentes t\u00e2ches et centralisent toutes les donn\u00e9es, de sorte que les coll\u00e8gues peuvent plus efficacement prendre le relais.\u00bb<\/em><\/p>\n<p>Les travailleurs francophones restent disponibles pour leur travail non seulement pendant leurs vacances, mais aussi durant leurs loisirs (52%). Trois r\u00e9pondants sur dix optent spontan\u00e9ment pour cette disponibilit\u00e9 mais, pour 22% d\u2019entre eux, c\u2019est leur employeur qui leur impose (tacitement) de rester disponibles. Pour 15% des r\u00e9pondants, l&#8217;employeur souhaite au contraire qu\u2019ils passent r\u00e9solument en mode \u2018offline\u2019 apr\u00e8s le travail. Quant aux 33% restants, ils optent d\u00e9lib\u00e9r\u00e9ment pour une coupure compl\u00e8te.<\/p>\n<p><em>M\u00e9thodologie &#8211;\u00a0Cette \u00e9tude a \u00e9t\u00e9 r\u00e9alis\u00e9e via internet par le bureau d\u2019\u00e9tudes MarktEffect pour le compte de Protime. Quelque 1.023 travailleurs francophones belges ont r\u00e9pondu au questionnaire entre le 5 et le 19 septembre 2018. Ces r\u00e9pondants composent un \u00e9chantillon repr\u00e9sentatif de la population active de la Belgique francophone. Ils sont \u00e2g\u00e9s de 18 \u00e0 65 ans et se r\u00e9partissent \u00e9quitablement entre tous les secteurs. La marge d\u2019erreur maximale est de 3,1%.<\/em><\/p>\n","protected":false},"excerpt":{"rendered":"<p>Mauvaise nouvelle pour les partisans de la d\u00e9connexion totale&#8230; Selon une \u00e9tude commandit\u00e9e par Protime, plus de 4 travailleurs sur 10 (43%) restent joignables pour le travail pendant leurs vacances. Ils continuent \u00e0 consulter leurs e-mails (26%) et\/ou \u00e0 r\u00e9pondre [&hellip;]<\/p>\n","protected":false},"author":2,"featured_media":0,"comment_status":"closed","ping_status":"open","sticky":false,"template":"","format":"standard","meta":[],"categories":[65,10],"tags":[1103,647,2370,6],"yoast_head":"<!-- This site is optimized with the Yoast SEO plugin v21.0 - https:\/\/yoast.com\/wordpress\/plugins\/seo\/ -->\n<title>Pr\u00e8s de la moiti\u00e9 des travailleurs francophones restent joignables et disponibles pendant leurs vacances. - Peoplesphere<\/title>\n<meta name=\"robots\" content=\"index, follow, max-snippet:-1, max-image-preview:large, max-video-preview:-1\" \/>\n<link rel=\"canonical\" href=\"https:\/\/peoplesphere.be\/fr\/pres-de-moitie-travailleurs-francophones-restent-joignables-disponibles-pendant-leurs-vacances\/\" \/>\n<meta property=\"og:locale\" content=\"fr_FR\" \/>\n<meta property=\"og:type\" content=\"article\" \/>\n<meta property=\"og:title\" content=\"Pr\u00e8s de la moiti\u00e9 des travailleurs francophones restent joignables et disponibles pendant leurs vacances. - Peoplesphere\" \/>\n<meta property=\"og:description\" content=\"Mauvaise nouvelle pour les partisans de la d\u00e9connexion totale&#8230; Selon une \u00e9tude commandit\u00e9e par Protime, plus de 4 travailleurs sur 10 (43%) restent joignables pour le travail pendant leurs vacances. Ils continuent \u00e0 consulter leurs e-mails (26%) et\/ou \u00e0 r\u00e9pondre [&hellip;]\" \/>\n<meta property=\"og:url\" content=\"https:\/\/peoplesphere.be\/fr\/pres-de-moitie-travailleurs-francophones-restent-joignables-disponibles-pendant-leurs-vacances\/\" \/>\n<meta property=\"og:site_name\" content=\"Peoplesphere\" \/>\n<meta property=\"article:publisher\" content=\"https:\/\/www.facebook.com\/peoplesphere\" \/>\n<meta property=\"article:published_time\" content=\"2019-06-25T07:09:42+00:00\" \/>\n<meta property=\"og:image\" content=\"http:\/\/www.peoplesphere.be\/fr\/wp-content\/uploads\/2016\/07\/facebook-default-posting-1200x628px.jpg\" \/>\n<meta name=\"author\" content=\"Jean-Paul Erhard\" \/>\n<meta name=\"twitter:card\" content=\"summary_large_image\" \/>\n<meta name=\"twitter:creator\" content=\"@PeoplesphereMag\" \/>\n<meta name=\"twitter:site\" content=\"@PeoplesphereMag\" \/>\n<meta name=\"twitter:label1\" content=\"\u00c9crit par\" \/>\n\t<meta name=\"twitter:data1\" content=\"Jean-Paul Erhard\" \/>\n\t<meta name=\"twitter:label2\" content=\"Dur\u00e9e de lecture estim\u00e9e\" \/>\n\t<meta name=\"twitter:data2\" content=\"2 minutes\" \/>\n<script type=\"application\/ld+json\" class=\"yoast-schema-graph\">{\"@context\":\"https:\/\/schema.org\",\"@graph\":[{\"@type\":\"Article\",\"@id\":\"https:\/\/peoplesphere.be\/fr\/pres-de-moitie-travailleurs-francophones-restent-joignables-disponibles-pendant-leurs-vacances\/#article\",\"isPartOf\":{\"@id\":\"https:\/\/peoplesphere.be\/fr\/pres-de-moitie-travailleurs-francophones-restent-joignables-disponibles-pendant-leurs-vacances\/\"},\"author\":{\"name\":\"Jean-Paul Erhard\",\"@id\":\"https:\/\/peoplesphere.be\/fr\/#\/schema\/person\/7976225ff17988604334abb7b3536a7e\"},\"headline\":\"Pr\u00e8s de la moiti\u00e9 des travailleurs francophones restent joignables et disponibles pendant leurs vacances.\",\"datePublished\":\"2019-06-25T07:09:42+00:00\",\"dateModified\":\"2019-06-25T07:09:42+00:00\",\"mainEntityOfPage\":{\"@id\":\"https:\/\/peoplesphere.be\/fr\/pres-de-moitie-travailleurs-francophones-restent-joignables-disponibles-pendant-leurs-vacances\/\"},\"wordCount\":415,\"publisher\":{\"@id\":\"https:\/\/peoplesphere.be\/fr\/#organization\"},\"keywords\":[\"d\u00e9connexion\",\"\u00e9quilibre priv\u00e9\/professionnel\",\"protime\",\"Vacances\"],\"articleSection\":[\"Actualit\u00e9s\",\"Digital\"],\"inLanguage\":\"fr-FR\"},{\"@type\":\"WebPage\",\"@id\":\"https:\/\/peoplesphere.be\/fr\/pres-de-moitie-travailleurs-francophones-restent-joignables-disponibles-pendant-leurs-vacances\/\",\"url\":\"https:\/\/peoplesphere.be\/fr\/pres-de-moitie-travailleurs-francophones-restent-joignables-disponibles-pendant-leurs-vacances\/\",\"name\":\"Pr\u00e8s de la moiti\u00e9 des travailleurs francophones restent joignables et disponibles pendant leurs vacances. - Peoplesphere\",\"isPartOf\":{\"@id\":\"https:\/\/peoplesphere.be\/fr\/#website\"},\"datePublished\":\"2019-06-25T07:09:42+00:00\",\"dateModified\":\"2019-06-25T07:09:42+00:00\",\"breadcrumb\":{\"@id\":\"https:\/\/peoplesphere.be\/fr\/pres-de-moitie-travailleurs-francophones-restent-joignables-disponibles-pendant-leurs-vacances\/#breadcrumb\"},\"inLanguage\":\"fr-FR\",\"potentialAction\":[{\"@type\":\"ReadAction\",\"target\":[\"https:\/\/peoplesphere.be\/fr\/pres-de-moitie-travailleurs-francophones-restent-joignables-disponibles-pendant-leurs-vacances\/\"]}]},{\"@type\":\"BreadcrumbList\",\"@id\":\"https:\/\/peoplesphere.be\/fr\/pres-de-moitie-travailleurs-francophones-restent-joignables-disponibles-pendant-leurs-vacances\/#breadcrumb\",\"itemListElement\":[{\"@type\":\"ListItem\",\"position\":1,\"name\":\"Accueil\",\"item\":\"https:\/\/peoplesphere.be\/fr\/\"},{\"@type\":\"ListItem\",\"position\":2,\"name\":\"Pr\u00e8s de la moiti\u00e9 des travailleurs francophones restent joignables et disponibles pendant leurs vacances.\"}]},{\"@type\":\"WebSite\",\"@id\":\"https:\/\/peoplesphere.be\/fr\/#website\",\"url\":\"https:\/\/peoplesphere.be\/fr\/\",\"name\":\"Peoplesphere\",\"description\":\"The People Managers Magazine\",\"publisher\":{\"@id\":\"https:\/\/peoplesphere.be\/fr\/#organization\"},\"potentialAction\":[{\"@type\":\"SearchAction\",\"target\":{\"@type\":\"EntryPoint\",\"urlTemplate\":\"https:\/\/peoplesphere.be\/fr\/?s={search_term_string}\"},\"query-input\":\"required name=search_term_string\"}],\"inLanguage\":\"fr-FR\"},{\"@type\":\"Organization\",\"@id\":\"https:\/\/peoplesphere.be\/fr\/#organization\",\"name\":\"Peoplesphere Company srl\",\"url\":\"https:\/\/peoplesphere.be\/fr\/\",\"logo\":{\"@type\":\"ImageObject\",\"inLanguage\":\"fr-FR\",\"@id\":\"https:\/\/peoplesphere.be\/fr\/#\/schema\/logo\/image\/\",\"url\":\"https:\/\/peoplesphere.be\/fr\/wp-content\/uploads\/2023\/07\/peoplesphere-lgo-new-generik.jpg\",\"contentUrl\":\"https:\/\/peoplesphere.be\/fr\/wp-content\/uploads\/2023\/07\/peoplesphere-lgo-new-generik.jpg\",\"width\":1031,\"height\":1479,\"caption\":\"Peoplesphere Company srl\"},\"image\":{\"@id\":\"https:\/\/peoplesphere.be\/fr\/#\/schema\/logo\/image\/\"},\"sameAs\":[\"https:\/\/www.facebook.com\/peoplesphere\",\"https:\/\/twitter.com\/PeoplesphereMag\",\"https:\/\/www.linkedin.com\/company\/7587361?trk\",\"http:\/\/youtube.com\/peoplesphere\"]},{\"@type\":\"Person\",\"@id\":\"https:\/\/peoplesphere.be\/fr\/#\/schema\/person\/7976225ff17988604334abb7b3536a7e\",\"name\":\"Jean-Paul Erhard\",\"image\":{\"@type\":\"ImageObject\",\"inLanguage\":\"fr-FR\",\"@id\":\"https:\/\/peoplesphere.be\/fr\/#\/schema\/person\/image\/\",\"url\":\"https:\/\/secure.gravatar.com\/avatar\/f941e681460179738071629a51574930?s=96&d=mm&r=g\",\"contentUrl\":\"https:\/\/secure.gravatar.com\/avatar\/f941e681460179738071629a51574930?s=96&d=mm&r=g\",\"caption\":\"Jean-Paul Erhard\"},\"url\":\"https:\/\/peoplesphere.be\/fr\/author\/jpe\/\"}]}<\/script>\n<!-- \/ Yoast SEO plugin. -->","yoast_head_json":{"title":"Pr\u00e8s de la moiti\u00e9 des travailleurs francophones restent joignables et disponibles pendant leurs vacances. - Peoplesphere","robots":{"index":"index","follow":"follow","max-snippet":"max-snippet:-1","max-image-preview":"max-image-preview:large","max-video-preview":"max-video-preview:-1"},"canonical":"https:\/\/peoplesphere.be\/fr\/pres-de-moitie-travailleurs-francophones-restent-joignables-disponibles-pendant-leurs-vacances\/","og_locale":"fr_FR","og_type":"article","og_title":"Pr\u00e8s de la moiti\u00e9 des travailleurs francophones restent joignables et disponibles pendant leurs vacances. - Peoplesphere","og_description":"Mauvaise nouvelle pour les partisans de la d\u00e9connexion totale&#8230; Selon une \u00e9tude commandit\u00e9e par Protime, plus de 4 travailleurs sur 10 (43%) restent joignables pour le travail pendant leurs vacances. Ils continuent \u00e0 consulter leurs e-mails (26%) et\/ou \u00e0 r\u00e9pondre [&hellip;]","og_url":"https:\/\/peoplesphere.be\/fr\/pres-de-moitie-travailleurs-francophones-restent-joignables-disponibles-pendant-leurs-vacances\/","og_site_name":"Peoplesphere","article_publisher":"https:\/\/www.facebook.com\/peoplesphere","article_published_time":"2019-06-25T07:09:42+00:00","og_image":[{"url":"http:\/\/www.peoplesphere.be\/fr\/wp-content\/uploads\/2016\/07\/facebook-default-posting-1200x628px.jpg"}],"author":"Jean-Paul Erhard","twitter_card":"summary_large_image","twitter_creator":"@PeoplesphereMag","twitter_site":"@PeoplesphereMag","twitter_misc":{"\u00c9crit par":"Jean-Paul Erhard","Dur\u00e9e de lecture estim\u00e9e":"2 minutes"},"schema":{"@context":"https:\/\/schema.org","@graph":[{"@type":"Article","@id":"https:\/\/peoplesphere.be\/fr\/pres-de-moitie-travailleurs-francophones-restent-joignables-disponibles-pendant-leurs-vacances\/#article","isPartOf":{"@id":"https:\/\/peoplesphere.be\/fr\/pres-de-moitie-travailleurs-francophones-restent-joignables-disponibles-pendant-leurs-vacances\/"},"author":{"name":"Jean-Paul Erhard","@id":"https:\/\/peoplesphere.be\/fr\/#\/schema\/person\/7976225ff17988604334abb7b3536a7e"},"headline":"Pr\u00e8s de la moiti\u00e9 des travailleurs francophones restent joignables et disponibles pendant leurs vacances.","datePublished":"2019-06-25T07:09:42+00:00","dateModified":"2019-06-25T07:09:42+00:00","mainEntityOfPage":{"@id":"https:\/\/peoplesphere.be\/fr\/pres-de-moitie-travailleurs-francophones-restent-joignables-disponibles-pendant-leurs-vacances\/"},"wordCount":415,"publisher":{"@id":"https:\/\/peoplesphere.be\/fr\/#organization"},"keywords":["d\u00e9connexion","\u00e9quilibre priv\u00e9\/professionnel","protime","Vacances"],"articleSection":["Actualit\u00e9s","Digital"],"inLanguage":"fr-FR"},{"@type":"WebPage","@id":"https:\/\/peoplesphere.be\/fr\/pres-de-moitie-travailleurs-francophones-restent-joignables-disponibles-pendant-leurs-vacances\/","url":"https:\/\/peoplesphere.be\/fr\/pres-de-moitie-travailleurs-francophones-restent-joignables-disponibles-pendant-leurs-vacances\/","name":"Pr\u00e8s de la moiti\u00e9 des travailleurs francophones restent joignables et disponibles pendant leurs vacances. - Peoplesphere","isPartOf":{"@id":"https:\/\/peoplesphere.be\/fr\/#website"},"datePublished":"2019-06-25T07:09:42+00:00","dateModified":"2019-06-25T07:09:42+00:00","breadcrumb":{"@id":"https:\/\/peoplesphere.be\/fr\/pres-de-moitie-travailleurs-francophones-restent-joignables-disponibles-pendant-leurs-vacances\/#breadcrumb"},"inLanguage":"fr-FR","potentialAction":[{"@type":"ReadAction","target":["https:\/\/peoplesphere.be\/fr\/pres-de-moitie-travailleurs-francophones-restent-joignables-disponibles-pendant-leurs-vacances\/"]}]},{"@type":"BreadcrumbList","@id":"https:\/\/peoplesphere.be\/fr\/pres-de-moitie-travailleurs-francophones-restent-joignables-disponibles-pendant-leurs-vacances\/#breadcrumb","itemListElement":[{"@type":"ListItem","position":1,"name":"Accueil","item":"https:\/\/peoplesphere.be\/fr\/"},{"@type":"ListItem","position":2,"name":"Pr\u00e8s de la moiti\u00e9 des travailleurs francophones restent joignables et disponibles pendant leurs vacances."}]},{"@type":"WebSite","@id":"https:\/\/peoplesphere.be\/fr\/#website","url":"https:\/\/peoplesphere.be\/fr\/","name":"Peoplesphere","description":"The People Managers Magazine","publisher":{"@id":"https:\/\/peoplesphere.be\/fr\/#organization"},"potentialAction":[{"@type":"SearchAction","target":{"@type":"EntryPoint","urlTemplate":"https:\/\/peoplesphere.be\/fr\/?s={search_term_string}"},"query-input":"required name=search_term_string"}],"inLanguage":"fr-FR"},{"@type":"Organization","@id":"https:\/\/peoplesphere.be\/fr\/#organization","name":"Peoplesphere Company srl","url":"https:\/\/peoplesphere.be\/fr\/","logo":{"@type":"ImageObject","inLanguage":"fr-FR","@id":"https:\/\/peoplesphere.be\/fr\/#\/schema\/logo\/image\/","url":"https:\/\/peoplesphere.be\/fr\/wp-content\/uploads\/2023\/07\/peoplesphere-lgo-new-generik.jpg","contentUrl":"https:\/\/peoplesphere.be\/fr\/wp-content\/uploads\/2023\/07\/peoplesphere-lgo-new-generik.jpg","width":1031,"height":1479,"caption":"Peoplesphere Company srl"},"image":{"@id":"https:\/\/peoplesphere.be\/fr\/#\/schema\/logo\/image\/"},"sameAs":["https:\/\/www.facebook.com\/peoplesphere","https:\/\/twitter.com\/PeoplesphereMag","https:\/\/www.linkedin.com\/company\/7587361?trk","http:\/\/youtube.com\/peoplesphere"]},{"@type":"Person","@id":"https:\/\/peoplesphere.be\/fr\/#\/schema\/person\/7976225ff17988604334abb7b3536a7e","name":"Jean-Paul Erhard","image":{"@type":"ImageObject","inLanguage":"fr-FR","@id":"https:\/\/peoplesphere.be\/fr\/#\/schema\/person\/image\/","url":"https:\/\/secure.gravatar.com\/avatar\/f941e681460179738071629a51574930?s=96&d=mm&r=g","contentUrl":"https:\/\/secure.gravatar.com\/avatar\/f941e681460179738071629a51574930?s=96&d=mm&r=g","caption":"Jean-Paul Erhard"},"url":"https:\/\/peoplesphere.be\/fr\/author\/jpe\/"}]}},"_links":{"self":[{"href":"https:\/\/peoplesphere.be\/fr\/wp-json\/wp\/v2\/posts\/7977"}],"collection":[{"href":"https:\/\/peoplesphere.be\/fr\/wp-json\/wp\/v2\/posts"}],"about":[{"href":"https:\/\/peoplesphere.be\/fr\/wp-json\/wp\/v2\/types\/post"}],"author":[{"embeddable":true,"href":"https:\/\/peoplesphere.be\/fr\/wp-json\/wp\/v2\/users\/2"}],"replies":[{"embeddable":true,"href":"https:\/\/peoplesphere.be\/fr\/wp-json\/wp\/v2\/comments?post=7977"}],"version-history":[{"count":1,"href":"https:\/\/peoplesphere.be\/fr\/wp-json\/wp\/v2\/posts\/7977\/revisions"}],"predecessor-version":[{"id":7978,"href":"https:\/\/peoplesphere.be\/fr\/wp-json\/wp\/v2\/posts\/7977\/revisions\/7978"}],"wp:attachment":[{"href":"https:\/\/peoplesphere.be\/fr\/wp-json\/wp\/v2\/media?parent=7977"}],"wp:term":[{"taxonomy":"category","embeddable":true,"href":"https:\/\/peoplesphere.be\/fr\/wp-json\/wp\/v2\/categories?post=7977"},{"taxonomy":"post_tag","embeddable":true,"href":"https:\/\/peoplesphere.be\/fr\/wp-json\/wp\/v2\/tags?post=7977"}],"curies":[{"name":"wp","href":"https:\/\/api.w.org\/{rel}","templated":true}]}}