









{"id":7979,"date":"2019-06-25T10:12:50","date_gmt":"2019-06-25T08:12:50","guid":{"rendered":"http:\/\/www.peoplesphere.be\/fr\/?p=7979"},"modified":"2019-06-25T10:12:50","modified_gmt":"2019-06-25T08:12:50","slug":"services-publics-federaux-peuvent-afficher-de-reels-progres-matiere-de-developpement-durable-malgre-labsence-dimpulsion-politique","status":"publish","type":"post","link":"https:\/\/peoplesphere.be\/fr\/services-publics-federaux-peuvent-afficher-de-reels-progres-matiere-de-developpement-durable-malgre-labsence-dimpulsion-politique\/","title":{"rendered":"Les services publics f\u00e9d\u00e9raux peuvent afficher de r\u00e9els progr\u00e8s en mati\u00e8re de d\u00e9veloppement durable malgr\u00e9 l&rsquo;absence d&rsquo;impulsion politique."},"content":{"rendered":"<p>La Belgique s&rsquo;est engag\u00e9e \u00e0 atteindre l\u2019ensemble des objectifs mondiaux de d\u00e9veloppement durable (SDG) en 2030. Sans nouvelles mesures, beaucoup de ces objectifs ne seront pas atteints. Les services publics f\u00e9d\u00e9raux ont pourtant \u00e0 leur actif des r\u00e9alisations concr\u00e8tes, malgr\u00e9 le manque d&rsquo;une impulsion politique pour r\u00e9aliser ces SDG. Le Bureau F\u00e9d\u00e9ral du Plan liste une s\u00e9rie de recommandations afin d&rsquo;impulser une dynamique nouvelle en la mati\u00e8re.<!--more--><\/p>\n<p>Face aux d\u00e9fis mondiaux tels que la pauvret\u00e9, les in\u00e9galit\u00e9s, les changements climatiques et l&rsquo;appauvrissement de la diversit\u00e9 biologique, tous les pays du monde ont adopt\u00e9 les Objectifs de d\u00e9veloppement durable (Sustainable development goals ou SDG). Le Rapport f\u00e9d\u00e9ral sur le d\u00e9veloppement durable 2019 constate qu&rsquo;en Belgique, la prolongation des tendances actuelles ne permet pas d&rsquo;atteindre l\u2019ensemble de ces objectifs. De nouvelles politiques sont n\u00e9cessaires pour atteindre les objectifs de d\u00e9veloppement durable.<\/p>\n<p>Sur un ensemble de 51 indicateurs de suivi des SDG, seuls 4 indicateurs atteignent leur objectif chiffr\u00e9 en 2030 : Recherche et d\u00e9veloppement, Exposition aux particules fines, Pollution par les hydrocarbures et Surface marine en zone Natura 2000.<\/p>\n<p>Sans nouvelles politiques, 17 autres indicateurs n\u2019atteignent pas leur objectif chiffr\u00e9 en 2030. C\u2019est le cas entre autres pour Fumeurs quotidiens: la part des fumeurs quotidiens est en diminution, mais pas assez rapidement pour diminuer de 30% par rapport \u00e0 2013, l&rsquo;objectif d\u00e9fini par l&rsquo;OMS. Un autre exemple est Transport de personnes en voiture: la part des voitures dans le transport de personnes reste stable autour de 80% jusqu&rsquo;en 2030, alors qu&rsquo;elle doit diminuer jusque 67% en 2030.<\/p>\n<p>Pour les autres indicateurs, il n\u2019existe pas de texte officiel qui permette de d\u00e9finir un objectif chiffr\u00e9 pour 2030, mais la direction dans laquelle ils doivent \u00e9voluer est claire. Sur la p\u00e9riode 2000-2018, 11 d\u2019entre eux \u00e9voluent dans la direction souhait\u00e9e. Toutefois, l\u2019absence d\u2019objectif ne permet pas de savoir si cette \u00e9volution est suffisante.<\/p>\n<p><strong><em>Utilit\u00e9 du d\u00e9veloppement durable pour pr\u00e9parer les politiques<\/em><\/strong><\/p>\n<p>Le choix de politiques qui contribuent le plus \u00e0 atteindre l\u2019ensemble des SDG demande d&rsquo;\u00e9valuer leurs impacts sur ces SDG. Les alternatives aux voitures de soci\u00e9t\u00e9 et la taxe CO2 ont \u00e9t\u00e9 examin\u00e9s.<\/p>\n<p>Dans le cas d\u2019une taxe sur le CO2, si les revenus de cette taxe sont utilis\u00e9s pour diminuer la TVA sur l\u2019\u00e9lectricit\u00e9, les impacts sont favorables sur la pauvret\u00e9 (SDG 1) et les in\u00e9galit\u00e9s (SDG 10), mais font augmenter la consommation d\u2019\u00e9nergie (SDG 7) et les \u00e9missions de CO2 (SDG 13). Par contre, utiliser ces revenus pour allouer un ch\u00e8que \u00e9nergie aux m\u00e9nages les plus affect\u00e9s par la taxe CO2 a \u00e9galement des impacts positifs sur la pauvret\u00e9 et les in\u00e9galit\u00e9s, mais sans les impacts n\u00e9gatifs sur l&rsquo;\u00e9nergie et le climat.<\/p>\n<p><strong><em>Des r\u00e9alisations concr\u00e8tes des administrations f\u00e9d\u00e9rales<\/em><\/strong><\/p>\n<p>Des institutions f\u00e9d\u00e9rales d\u00e9di\u00e9es au d\u00e9veloppement durable ont \u00e9t\u00e9 mises en place depuis plus de 20 ans gr\u00e2ce \u00e0 la loi de 1997 sur le d\u00e9veloppement durable. Il s\u2019agit entre autres de la Commission interd\u00e9partementale du d\u00e9veloppement durable, qui regroupe toutes les administrations et dont le secr\u00e9tariat est assur\u00e9 par l\u2019Institut f\u00e9d\u00e9ral pour le d\u00e9veloppement durable. \u00c0 l\u2019actif de ces acteurs, on peut noter:<\/p>\n<ul>\n<li>la pr\u00e9paration d\u2019un Avant-projet de Plan f\u00e9d\u00e9ral de d\u00e9veloppement durable 2015-2020, qui n&rsquo;a pas \u00e9t\u00e9 adopt\u00e9 par le gouvernement;<\/li>\n<li>la pr\u00e9paration d\u2019un Avant-projet de Plan f\u00e9d\u00e9ral d\u00e9veloppement durable 2020-2025, \u00e0 adopter et r\u00e9aliser par le prochain gouvernement;<\/li>\n<li>la contribution au Plan national d\u2019actions entreprises et droits de l\u2019homme et au Plan in\u00e9galit\u00e9s en mati\u00e8re de sant\u00e9;<\/li>\n<li>l&rsquo;am\u00e9lioration des performances environnementales des administrations f\u00e9d\u00e9rales (consommations diverses, mobilit\u00e9, d\u00e9chets), entre autres gr\u00e2ce \u00e0 l&rsquo;enregistrement EMAS obtenu par beaucoup d&rsquo;entre elles.<\/li>\n<\/ul>\n<p><em><strong>Au niveau f\u00e9d\u00e9ral, peu d\u2019impulsion politique pour prendre en compte les SDG<\/strong><\/em><\/p>\n<p>Depuis l\u2019adoption des SDG en 2015, plusieurs textes et d\u00e9clarations politiques, par exemple le rapport d\u2019\u00c9valuation nationale volontaire pr\u00e9sent\u00e9 \u00e0 l\u2019ONU en 2017, contiennent des propositions pour prendre en compte ces objectifs. Elles n&rsquo;ont pas eu beaucoup de cons\u00e9quences concr\u00e8tes. Mettre en \u0153uvre ces propositions serait pourtant utile pour installer une culture du d\u00e9veloppement durable dans la pr\u00e9paration des politiques.<\/p>\n<p><strong><em>Une coop\u00e9ration interf\u00e9d\u00e9rale sur le d\u00e9veloppement durable au ralenti<\/em><\/strong><\/p>\n<p>Une Strat\u00e9gie nationale de d\u00e9veloppement durable a \u00e9t\u00e9 adopt\u00e9e avec les entit\u00e9s f\u00e9d\u00e9r\u00e9es en 2017, mais est peu ambitieuse. Elle a \u00e9t\u00e9 jug\u00e9e \u2018insuffisante\u2019 par les 9 Conseils d\u2019avis consult\u00e9s. Cette strat\u00e9gie propose 6 chantiers de collaborations. Peu d&rsquo;actions de ces chantiers ont \u00e9t\u00e9 r\u00e9alis\u00e9es. Or les 51 indicateurs \u00e9valu\u00e9s par le BFP montrent le besoin d&rsquo;actions nouvelles. L&rsquo;ampleur des d\u00e9fis demande une collaboration renforc\u00e9e ainsi qu&rsquo;un plus grand nombre de chantiers.<\/p>\n<p>La coop\u00e9ration interf\u00e9d\u00e9rale au sein de la Conf\u00e9rence interminist\u00e9rielle du d\u00e9veloppement durable est quasi \u00e0 l\u2019arr\u00eat depuis fin 2017. L\u2019\u00e9valuation de la Strat\u00e9gie nationale de d\u00e9veloppement durable pr\u00e9vue au d\u00e9but de 2019, n\u2019a pas \u00e9t\u00e9 faite. Seul un groupe technique sur les march\u00e9s publics durables fonctionne actuellement.<\/p>\n<p><strong><em>Les recommandations du Bureau F\u00e9d\u00e9ral du Plan :\u00a0<\/em><\/strong><br \/>\n1. Traduire les SDG en objectifs pr\u00e9cis et concrets pour la Belgique.<br \/>\n2. Analyser les impacts des politiques en pr\u00e9paration sur l&rsquo;ensemble des SDG.<\/p>\n<p>3. Adopter et mettre en \u0153uvre un nouveau Plan f\u00e9d\u00e9ral de d\u00e9veloppement durable;<br \/>\n4. Int\u00e9grer les SDG dans les d\u00e9clarations politiques telles que les d\u00e9clarations gouvernementales et les notes de politique g\u00e9n\u00e9rale;<br \/>\n5. Prendre en compte les SDG dans les d\u00e9bats parlementaires.<\/p>\n<p>6. Relancer la coop\u00e9ration interf\u00e9d\u00e9rale sur le d\u00e9veloppement durable;<\/p>\n<p>7. Augmenter le nombre de chantiers de la strat\u00e9gie nationale de d\u00e9veloppement durable et proc\u00e9der \u00e0 une \u00e9valuation de celle-ci.<\/p>\n<p><em>Source: Bureau F\u00e9d\u00e9ral du Plan<\/em><\/p>\n","protected":false},"excerpt":{"rendered":"<p>La Belgique s&rsquo;est engag\u00e9e \u00e0 atteindre l\u2019ensemble des objectifs mondiaux de d\u00e9veloppement durable (SDG) en 2030. Sans nouvelles mesures, beaucoup de ces objectifs ne seront pas atteints. Les services publics f\u00e9d\u00e9raux ont pourtant \u00e0 leur actif des r\u00e9alisations concr\u00e8tes, malgr\u00e9 [&hellip;]<\/p>\n","protected":false},"author":2,"featured_media":0,"comment_status":"closed","ping_status":"open","sticky":false,"template":"","format":"standard","meta":[],"categories":[65,10],"tags":[1374,823,1133,136,42,17,2608],"yoast_head":"<!-- This site is optimized with the Yoast SEO plugin v21.0 - https:\/\/yoast.com\/wordpress\/plugins\/seo\/ -->\n<title>Les services publics f\u00e9d\u00e9raux peuvent afficher de r\u00e9els progr\u00e8s en mati\u00e8re de d\u00e9veloppement durable malgr\u00e9 l&#039;absence d&#039;impulsion politique. - Peoplesphere<\/title>\n<meta name=\"robots\" content=\"index, follow, max-snippet:-1, max-image-preview:large, max-video-preview:-1\" \/>\n<link rel=\"canonical\" href=\"https:\/\/peoplesphere.be\/fr\/services-publics-federaux-peuvent-afficher-de-reels-progres-matiere-de-developpement-durable-malgre-labsence-dimpulsion-politique\/\" \/>\n<meta property=\"og:locale\" content=\"fr_FR\" \/>\n<meta property=\"og:type\" content=\"article\" \/>\n<meta property=\"og:title\" content=\"Les services publics f\u00e9d\u00e9raux peuvent afficher de r\u00e9els progr\u00e8s en mati\u00e8re de d\u00e9veloppement durable malgr\u00e9 l&#039;absence d&#039;impulsion politique. - Peoplesphere\" \/>\n<meta property=\"og:description\" content=\"La Belgique s&rsquo;est engag\u00e9e \u00e0 atteindre l\u2019ensemble des objectifs mondiaux de d\u00e9veloppement durable (SDG) en 2030. Sans nouvelles mesures, beaucoup de ces objectifs ne seront pas atteints. Les services publics f\u00e9d\u00e9raux ont pourtant \u00e0 leur actif des r\u00e9alisations concr\u00e8tes, malgr\u00e9 [&hellip;]\" \/>\n<meta property=\"og:url\" content=\"https:\/\/peoplesphere.be\/fr\/services-publics-federaux-peuvent-afficher-de-reels-progres-matiere-de-developpement-durable-malgre-labsence-dimpulsion-politique\/\" \/>\n<meta property=\"og:site_name\" content=\"Peoplesphere\" \/>\n<meta property=\"article:publisher\" content=\"https:\/\/www.facebook.com\/peoplesphere\" \/>\n<meta property=\"article:published_time\" content=\"2019-06-25T08:12:50+00:00\" \/>\n<meta property=\"og:image\" content=\"http:\/\/www.peoplesphere.be\/fr\/wp-content\/uploads\/2016\/07\/facebook-default-posting-1200x628px.jpg\" \/>\n<meta name=\"author\" content=\"Jean-Paul Erhard\" \/>\n<meta name=\"twitter:card\" content=\"summary_large_image\" \/>\n<meta name=\"twitter:creator\" content=\"@PeoplesphereMag\" \/>\n<meta name=\"twitter:site\" content=\"@PeoplesphereMag\" \/>\n<meta name=\"twitter:label1\" content=\"\u00c9crit par\" \/>\n\t<meta name=\"twitter:data1\" content=\"Jean-Paul Erhard\" \/>\n\t<meta name=\"twitter:label2\" content=\"Dur\u00e9e de lecture estim\u00e9e\" \/>\n\t<meta name=\"twitter:data2\" content=\"5 minutes\" \/>\n<script type=\"application\/ld+json\" class=\"yoast-schema-graph\">{\"@context\":\"https:\/\/schema.org\",\"@graph\":[{\"@type\":\"Article\",\"@id\":\"https:\/\/peoplesphere.be\/fr\/services-publics-federaux-peuvent-afficher-de-reels-progres-matiere-de-developpement-durable-malgre-labsence-dimpulsion-politique\/#article\",\"isPartOf\":{\"@id\":\"https:\/\/peoplesphere.be\/fr\/services-publics-federaux-peuvent-afficher-de-reels-progres-matiere-de-developpement-durable-malgre-labsence-dimpulsion-politique\/\"},\"author\":{\"name\":\"Jean-Paul Erhard\",\"@id\":\"https:\/\/peoplesphere.be\/fr\/#\/schema\/person\/7976225ff17988604334abb7b3536a7e\"},\"headline\":\"Les services publics f\u00e9d\u00e9raux peuvent afficher de r\u00e9els progr\u00e8s en mati\u00e8re de d\u00e9veloppement durable malgr\u00e9 l&rsquo;absence d&rsquo;impulsion politique.\",\"datePublished\":\"2019-06-25T08:12:50+00:00\",\"dateModified\":\"2019-06-25T08:12:50+00:00\",\"mainEntityOfPage\":{\"@id\":\"https:\/\/peoplesphere.be\/fr\/services-publics-federaux-peuvent-afficher-de-reels-progres-matiere-de-developpement-durable-malgre-labsence-dimpulsion-politique\/\"},\"wordCount\":1033,\"publisher\":{\"@id\":\"https:\/\/peoplesphere.be\/fr\/#organization\"},\"keywords\":[\"bureau f\u00e9d\u00e9ral du plan\",\"d\u00e9veloppement durable\",\"in\u00e9galit\u00e9s\",\"mobilit\u00e9\",\"Pr\u00e9vention\",\"Sant\u00e9\",\"SDG\"],\"articleSection\":[\"Actualit\u00e9s\",\"Digital\"],\"inLanguage\":\"fr-FR\"},{\"@type\":\"WebPage\",\"@id\":\"https:\/\/peoplesphere.be\/fr\/services-publics-federaux-peuvent-afficher-de-reels-progres-matiere-de-developpement-durable-malgre-labsence-dimpulsion-politique\/\",\"url\":\"https:\/\/peoplesphere.be\/fr\/services-publics-federaux-peuvent-afficher-de-reels-progres-matiere-de-developpement-durable-malgre-labsence-dimpulsion-politique\/\",\"name\":\"Les services publics f\u00e9d\u00e9raux peuvent afficher de r\u00e9els progr\u00e8s en mati\u00e8re de d\u00e9veloppement durable malgr\u00e9 l'absence d'impulsion politique. - Peoplesphere\",\"isPartOf\":{\"@id\":\"https:\/\/peoplesphere.be\/fr\/#website\"},\"datePublished\":\"2019-06-25T08:12:50+00:00\",\"dateModified\":\"2019-06-25T08:12:50+00:00\",\"breadcrumb\":{\"@id\":\"https:\/\/peoplesphere.be\/fr\/services-publics-federaux-peuvent-afficher-de-reels-progres-matiere-de-developpement-durable-malgre-labsence-dimpulsion-politique\/#breadcrumb\"},\"inLanguage\":\"fr-FR\",\"potentialAction\":[{\"@type\":\"ReadAction\",\"target\":[\"https:\/\/peoplesphere.be\/fr\/services-publics-federaux-peuvent-afficher-de-reels-progres-matiere-de-developpement-durable-malgre-labsence-dimpulsion-politique\/\"]}]},{\"@type\":\"BreadcrumbList\",\"@id\":\"https:\/\/peoplesphere.be\/fr\/services-publics-federaux-peuvent-afficher-de-reels-progres-matiere-de-developpement-durable-malgre-labsence-dimpulsion-politique\/#breadcrumb\",\"itemListElement\":[{\"@type\":\"ListItem\",\"position\":1,\"name\":\"Accueil\",\"item\":\"https:\/\/peoplesphere.be\/fr\/\"},{\"@type\":\"ListItem\",\"position\":2,\"name\":\"Les services publics f\u00e9d\u00e9raux peuvent afficher de r\u00e9els progr\u00e8s en mati\u00e8re de d\u00e9veloppement durable malgr\u00e9 l&rsquo;absence d&rsquo;impulsion politique.\"}]},{\"@type\":\"WebSite\",\"@id\":\"https:\/\/peoplesphere.be\/fr\/#website\",\"url\":\"https:\/\/peoplesphere.be\/fr\/\",\"name\":\"Peoplesphere\",\"description\":\"The People Managers Magazine\",\"publisher\":{\"@id\":\"https:\/\/peoplesphere.be\/fr\/#organization\"},\"potentialAction\":[{\"@type\":\"SearchAction\",\"target\":{\"@type\":\"EntryPoint\",\"urlTemplate\":\"https:\/\/peoplesphere.be\/fr\/?s={search_term_string}\"},\"query-input\":\"required name=search_term_string\"}],\"inLanguage\":\"fr-FR\"},{\"@type\":\"Organization\",\"@id\":\"https:\/\/peoplesphere.be\/fr\/#organization\",\"name\":\"Peoplesphere Company srl\",\"url\":\"https:\/\/peoplesphere.be\/fr\/\",\"logo\":{\"@type\":\"ImageObject\",\"inLanguage\":\"fr-FR\",\"@id\":\"https:\/\/peoplesphere.be\/fr\/#\/schema\/logo\/image\/\",\"url\":\"https:\/\/peoplesphere.be\/fr\/wp-content\/uploads\/2023\/07\/peoplesphere-lgo-new-generik.jpg\",\"contentUrl\":\"https:\/\/peoplesphere.be\/fr\/wp-content\/uploads\/2023\/07\/peoplesphere-lgo-new-generik.jpg\",\"width\":1031,\"height\":1479,\"caption\":\"Peoplesphere Company srl\"},\"image\":{\"@id\":\"https:\/\/peoplesphere.be\/fr\/#\/schema\/logo\/image\/\"},\"sameAs\":[\"https:\/\/www.facebook.com\/peoplesphere\",\"https:\/\/twitter.com\/PeoplesphereMag\",\"https:\/\/www.linkedin.com\/company\/7587361?trk\",\"http:\/\/youtube.com\/peoplesphere\"]},{\"@type\":\"Person\",\"@id\":\"https:\/\/peoplesphere.be\/fr\/#\/schema\/person\/7976225ff17988604334abb7b3536a7e\",\"name\":\"Jean-Paul Erhard\",\"image\":{\"@type\":\"ImageObject\",\"inLanguage\":\"fr-FR\",\"@id\":\"https:\/\/peoplesphere.be\/fr\/#\/schema\/person\/image\/\",\"url\":\"https:\/\/secure.gravatar.com\/avatar\/f941e681460179738071629a51574930?s=96&d=mm&r=g\",\"contentUrl\":\"https:\/\/secure.gravatar.com\/avatar\/f941e681460179738071629a51574930?s=96&d=mm&r=g\",\"caption\":\"Jean-Paul Erhard\"},\"url\":\"https:\/\/peoplesphere.be\/fr\/author\/jpe\/\"}]}<\/script>\n<!-- \/ Yoast SEO plugin. -->","yoast_head_json":{"title":"Les services publics f\u00e9d\u00e9raux peuvent afficher de r\u00e9els progr\u00e8s en mati\u00e8re de d\u00e9veloppement durable malgr\u00e9 l'absence d'impulsion politique. - Peoplesphere","robots":{"index":"index","follow":"follow","max-snippet":"max-snippet:-1","max-image-preview":"max-image-preview:large","max-video-preview":"max-video-preview:-1"},"canonical":"https:\/\/peoplesphere.be\/fr\/services-publics-federaux-peuvent-afficher-de-reels-progres-matiere-de-developpement-durable-malgre-labsence-dimpulsion-politique\/","og_locale":"fr_FR","og_type":"article","og_title":"Les services publics f\u00e9d\u00e9raux peuvent afficher de r\u00e9els progr\u00e8s en mati\u00e8re de d\u00e9veloppement durable malgr\u00e9 l'absence d'impulsion politique. - Peoplesphere","og_description":"La Belgique s&rsquo;est engag\u00e9e \u00e0 atteindre l\u2019ensemble des objectifs mondiaux de d\u00e9veloppement durable (SDG) en 2030. Sans nouvelles mesures, beaucoup de ces objectifs ne seront pas atteints. Les services publics f\u00e9d\u00e9raux ont pourtant \u00e0 leur actif des r\u00e9alisations concr\u00e8tes, malgr\u00e9 [&hellip;]","og_url":"https:\/\/peoplesphere.be\/fr\/services-publics-federaux-peuvent-afficher-de-reels-progres-matiere-de-developpement-durable-malgre-labsence-dimpulsion-politique\/","og_site_name":"Peoplesphere","article_publisher":"https:\/\/www.facebook.com\/peoplesphere","article_published_time":"2019-06-25T08:12:50+00:00","og_image":[{"url":"http:\/\/www.peoplesphere.be\/fr\/wp-content\/uploads\/2016\/07\/facebook-default-posting-1200x628px.jpg"}],"author":"Jean-Paul Erhard","twitter_card":"summary_large_image","twitter_creator":"@PeoplesphereMag","twitter_site":"@PeoplesphereMag","twitter_misc":{"\u00c9crit par":"Jean-Paul Erhard","Dur\u00e9e de lecture estim\u00e9e":"5 minutes"},"schema":{"@context":"https:\/\/schema.org","@graph":[{"@type":"Article","@id":"https:\/\/peoplesphere.be\/fr\/services-publics-federaux-peuvent-afficher-de-reels-progres-matiere-de-developpement-durable-malgre-labsence-dimpulsion-politique\/#article","isPartOf":{"@id":"https:\/\/peoplesphere.be\/fr\/services-publics-federaux-peuvent-afficher-de-reels-progres-matiere-de-developpement-durable-malgre-labsence-dimpulsion-politique\/"},"author":{"name":"Jean-Paul Erhard","@id":"https:\/\/peoplesphere.be\/fr\/#\/schema\/person\/7976225ff17988604334abb7b3536a7e"},"headline":"Les services publics f\u00e9d\u00e9raux peuvent afficher de r\u00e9els progr\u00e8s en mati\u00e8re de d\u00e9veloppement durable malgr\u00e9 l&rsquo;absence d&rsquo;impulsion politique.","datePublished":"2019-06-25T08:12:50+00:00","dateModified":"2019-06-25T08:12:50+00:00","mainEntityOfPage":{"@id":"https:\/\/peoplesphere.be\/fr\/services-publics-federaux-peuvent-afficher-de-reels-progres-matiere-de-developpement-durable-malgre-labsence-dimpulsion-politique\/"},"wordCount":1033,"publisher":{"@id":"https:\/\/peoplesphere.be\/fr\/#organization"},"keywords":["bureau f\u00e9d\u00e9ral du plan","d\u00e9veloppement durable","in\u00e9galit\u00e9s","mobilit\u00e9","Pr\u00e9vention","Sant\u00e9","SDG"],"articleSection":["Actualit\u00e9s","Digital"],"inLanguage":"fr-FR"},{"@type":"WebPage","@id":"https:\/\/peoplesphere.be\/fr\/services-publics-federaux-peuvent-afficher-de-reels-progres-matiere-de-developpement-durable-malgre-labsence-dimpulsion-politique\/","url":"https:\/\/peoplesphere.be\/fr\/services-publics-federaux-peuvent-afficher-de-reels-progres-matiere-de-developpement-durable-malgre-labsence-dimpulsion-politique\/","name":"Les services publics f\u00e9d\u00e9raux peuvent afficher de r\u00e9els progr\u00e8s en mati\u00e8re de d\u00e9veloppement durable malgr\u00e9 l'absence d'impulsion politique. - Peoplesphere","isPartOf":{"@id":"https:\/\/peoplesphere.be\/fr\/#website"},"datePublished":"2019-06-25T08:12:50+00:00","dateModified":"2019-06-25T08:12:50+00:00","breadcrumb":{"@id":"https:\/\/peoplesphere.be\/fr\/services-publics-federaux-peuvent-afficher-de-reels-progres-matiere-de-developpement-durable-malgre-labsence-dimpulsion-politique\/#breadcrumb"},"inLanguage":"fr-FR","potentialAction":[{"@type":"ReadAction","target":["https:\/\/peoplesphere.be\/fr\/services-publics-federaux-peuvent-afficher-de-reels-progres-matiere-de-developpement-durable-malgre-labsence-dimpulsion-politique\/"]}]},{"@type":"BreadcrumbList","@id":"https:\/\/peoplesphere.be\/fr\/services-publics-federaux-peuvent-afficher-de-reels-progres-matiere-de-developpement-durable-malgre-labsence-dimpulsion-politique\/#breadcrumb","itemListElement":[{"@type":"ListItem","position":1,"name":"Accueil","item":"https:\/\/peoplesphere.be\/fr\/"},{"@type":"ListItem","position":2,"name":"Les services publics f\u00e9d\u00e9raux peuvent afficher de r\u00e9els progr\u00e8s en mati\u00e8re de d\u00e9veloppement durable malgr\u00e9 l&rsquo;absence d&rsquo;impulsion politique."}]},{"@type":"WebSite","@id":"https:\/\/peoplesphere.be\/fr\/#website","url":"https:\/\/peoplesphere.be\/fr\/","name":"Peoplesphere","description":"The People Managers Magazine","publisher":{"@id":"https:\/\/peoplesphere.be\/fr\/#organization"},"potentialAction":[{"@type":"SearchAction","target":{"@type":"EntryPoint","urlTemplate":"https:\/\/peoplesphere.be\/fr\/?s={search_term_string}"},"query-input":"required name=search_term_string"}],"inLanguage":"fr-FR"},{"@type":"Organization","@id":"https:\/\/peoplesphere.be\/fr\/#organization","name":"Peoplesphere Company srl","url":"https:\/\/peoplesphere.be\/fr\/","logo":{"@type":"ImageObject","inLanguage":"fr-FR","@id":"https:\/\/peoplesphere.be\/fr\/#\/schema\/logo\/image\/","url":"https:\/\/peoplesphere.be\/fr\/wp-content\/uploads\/2023\/07\/peoplesphere-lgo-new-generik.jpg","contentUrl":"https:\/\/peoplesphere.be\/fr\/wp-content\/uploads\/2023\/07\/peoplesphere-lgo-new-generik.jpg","width":1031,"height":1479,"caption":"Peoplesphere Company srl"},"image":{"@id":"https:\/\/peoplesphere.be\/fr\/#\/schema\/logo\/image\/"},"sameAs":["https:\/\/www.facebook.com\/peoplesphere","https:\/\/twitter.com\/PeoplesphereMag","https:\/\/www.linkedin.com\/company\/7587361?trk","http:\/\/youtube.com\/peoplesphere"]},{"@type":"Person","@id":"https:\/\/peoplesphere.be\/fr\/#\/schema\/person\/7976225ff17988604334abb7b3536a7e","name":"Jean-Paul Erhard","image":{"@type":"ImageObject","inLanguage":"fr-FR","@id":"https:\/\/peoplesphere.be\/fr\/#\/schema\/person\/image\/","url":"https:\/\/secure.gravatar.com\/avatar\/f941e681460179738071629a51574930?s=96&d=mm&r=g","contentUrl":"https:\/\/secure.gravatar.com\/avatar\/f941e681460179738071629a51574930?s=96&d=mm&r=g","caption":"Jean-Paul Erhard"},"url":"https:\/\/peoplesphere.be\/fr\/author\/jpe\/"}]}},"_links":{"self":[{"href":"https:\/\/peoplesphere.be\/fr\/wp-json\/wp\/v2\/posts\/7979"}],"collection":[{"href":"https:\/\/peoplesphere.be\/fr\/wp-json\/wp\/v2\/posts"}],"about":[{"href":"https:\/\/peoplesphere.be\/fr\/wp-json\/wp\/v2\/types\/post"}],"author":[{"embeddable":true,"href":"https:\/\/peoplesphere.be\/fr\/wp-json\/wp\/v2\/users\/2"}],"replies":[{"embeddable":true,"href":"https:\/\/peoplesphere.be\/fr\/wp-json\/wp\/v2\/comments?post=7979"}],"version-history":[{"count":1,"href":"https:\/\/peoplesphere.be\/fr\/wp-json\/wp\/v2\/posts\/7979\/revisions"}],"predecessor-version":[{"id":7980,"href":"https:\/\/peoplesphere.be\/fr\/wp-json\/wp\/v2\/posts\/7979\/revisions\/7980"}],"wp:attachment":[{"href":"https:\/\/peoplesphere.be\/fr\/wp-json\/wp\/v2\/media?parent=7979"}],"wp:term":[{"taxonomy":"category","embeddable":true,"href":"https:\/\/peoplesphere.be\/fr\/wp-json\/wp\/v2\/categories?post=7979"},{"taxonomy":"post_tag","embeddable":true,"href":"https:\/\/peoplesphere.be\/fr\/wp-json\/wp\/v2\/tags?post=7979"}],"curies":[{"name":"wp","href":"https:\/\/api.w.org\/{rel}","templated":true}]}}