









{"id":8003,"date":"2019-06-28T12:08:56","date_gmt":"2019-06-28T10:08:56","guid":{"rendered":"http:\/\/www.peoplesphere.be\/fr\/?p=8003"},"modified":"2019-06-28T12:08:56","modified_gmt":"2019-06-28T10:08:56","slug":"formation-gouvernement-wallon-lucm-sinquiete-de-double-absence-de-formation-alternance-soutien-aux-nouveaux-independants-priorites-formateurs","status":"publish","type":"post","link":"https:\/\/peoplesphere.be\/fr\/formation-gouvernement-wallon-lucm-sinquiete-de-double-absence-de-formation-alternance-soutien-aux-nouveaux-independants-priorites-formateurs\/","title":{"rendered":"Formation du gouvernement wallon: l&rsquo;UCM s&rsquo;inqui\u00e8te de la double absence de la formation en alternance et du soutien aux nouveaux ind\u00e9pendants dans les priorit\u00e9s des formateurs."},"content":{"rendered":"<p>Les formateurs wallons ont re\u00e7u ce matin les partenaires sociaux. L&rsquo;UCM a pris la parole au nom des ind\u00e9pendants et chefs de PME. La note propos\u00e9e aux acteurs de la soci\u00e9t\u00e9 civile suscite quelques inqui\u00e9tudes\u2026<!--more--><\/p>\n<p>Arnaud Deplae, secr\u00e9taire g\u00e9n\u00e9ral de l&rsquo;UCM s&rsquo;est d&rsquo;abord dit satisfait que les ind\u00e9pendants et les petites entreprises soient consid\u00e9r\u00e9s par les formateurs PS et \u00c9colo comme des acteurs importants du redressement wallon et comme des partenaires essentiels de la transition vers une \u00e9conomie durable. Toutefois, il faut bien constater que les mesures envisag\u00e9es pour soutenir leur activit\u00e9 sont exprim\u00e9es en termes g\u00e9n\u00e9raux, assez flous et vagues. La note est beaucoup plus pr\u00e9cise sur d&rsquo;autres points, ce qui pose des questions sur les priorit\u00e9s.<\/p>\n<p>Le document ne donne aucune indication budg\u00e9taire, alors que la situation de la Wallonie est inconfortable. L&rsquo;UCM craint donc que des dispositifs de soutien aux entrepreneurs non repris dans le texte (Airbag, Sesam, aides \u00e0 l&#8217;emploi\u2026) ne soient sous-financ\u00e9s, voire supprim\u00e9s.<\/p>\n<p>Enfin, l&rsquo;UCM s&rsquo;inqui\u00e8te de ne pas retrouver dans la note deux priorit\u00e9s fondamentales. D&rsquo;abord, la cr\u00e9ation d&#8217;emplois ind\u00e9pendants n&rsquo;est pas consid\u00e9r\u00e9e comme une solution pour r\u00e9duire le ch\u00f4mage \u00e0 un taux proche du plein emploi. En second lieu, la formation en alternance n&rsquo;est pas mentionn\u00e9e explicitement comme une fili\u00e8re privil\u00e9gi\u00e9e pour r\u00e9pondre aux d\u00e9fis de l&rsquo;insertion sur le march\u00e9 de l&#8217;emploi.<\/p>\n<p>L&rsquo;organisation repr\u00e9sentative des ind\u00e9pendants rappelle son attachement \u00e0 la stabilit\u00e9 politique, \u00e0 l&rsquo;existence de gouvernements solides capables de prendre des d\u00e9cisions claires et parfois courageuses pour soutenir l&rsquo;initiative priv\u00e9e et la croissance des entreprises.<br \/>\nEn clair, la formule d&rsquo;un gouvernement minoritaire ne peut inspirer confiance qu&rsquo;avec de s\u00e9rieuses garanties de p\u00e9rennit\u00e9 et de capacit\u00e9 de d\u00e9cision.<\/p>\n<p><em>Source: UCM<\/em><\/p>\n","protected":false},"excerpt":{"rendered":"<p>Les formateurs wallons ont re\u00e7u ce matin les partenaires sociaux. L&rsquo;UCM a pris la parole au nom des ind\u00e9pendants et chefs de PME. La note propos\u00e9e aux acteurs de la soci\u00e9t\u00e9 civile suscite quelques inqui\u00e9tudes\u2026<\/p>\n","protected":false},"author":2,"featured_media":0,"comment_status":"closed","ping_status":"open","sticky":false,"template":"","format":"standard","meta":[],"categories":[65,10],"tags":[1452,1439,285,1350],"yoast_head":"<!-- This site is optimized with the Yoast SEO plugin v21.0 - https:\/\/yoast.com\/wordpress\/plugins\/seo\/ -->\n<title>Formation du gouvernement wallon: l&#039;UCM s&#039;inqui\u00e8te de la double absence de la formation en alternance et du soutien aux nouveaux ind\u00e9pendants dans les priorit\u00e9s des formateurs. - Peoplesphere<\/title>\n<meta name=\"robots\" content=\"index, follow, max-snippet:-1, max-image-preview:large, max-video-preview:-1\" \/>\n<link rel=\"canonical\" href=\"https:\/\/peoplesphere.be\/fr\/formation-gouvernement-wallon-lucm-sinquiete-de-double-absence-de-formation-alternance-soutien-aux-nouveaux-independants-priorites-formateurs\/\" \/>\n<meta property=\"og:locale\" content=\"fr_FR\" \/>\n<meta property=\"og:type\" content=\"article\" \/>\n<meta property=\"og:title\" content=\"Formation du gouvernement wallon: l&#039;UCM s&#039;inqui\u00e8te de la double absence de la formation en alternance et du soutien aux nouveaux ind\u00e9pendants dans les priorit\u00e9s des formateurs. - Peoplesphere\" \/>\n<meta property=\"og:description\" content=\"Les formateurs wallons ont re\u00e7u ce matin les partenaires sociaux. L&rsquo;UCM a pris la parole au nom des ind\u00e9pendants et chefs de PME. La note propos\u00e9e aux acteurs de la soci\u00e9t\u00e9 civile suscite quelques inqui\u00e9tudes\u2026\" \/>\n<meta property=\"og:url\" content=\"https:\/\/peoplesphere.be\/fr\/formation-gouvernement-wallon-lucm-sinquiete-de-double-absence-de-formation-alternance-soutien-aux-nouveaux-independants-priorites-formateurs\/\" \/>\n<meta property=\"og:site_name\" content=\"Peoplesphere\" \/>\n<meta property=\"article:publisher\" content=\"https:\/\/www.facebook.com\/peoplesphere\" \/>\n<meta property=\"article:published_time\" content=\"2019-06-28T10:08:56+00:00\" \/>\n<meta property=\"og:image\" content=\"http:\/\/www.peoplesphere.be\/fr\/wp-content\/uploads\/2016\/07\/facebook-default-posting-1200x628px.jpg\" \/>\n<meta name=\"author\" content=\"Jean-Paul Erhard\" \/>\n<meta name=\"twitter:card\" content=\"summary_large_image\" \/>\n<meta name=\"twitter:creator\" content=\"@PeoplesphereMag\" \/>\n<meta name=\"twitter:site\" content=\"@PeoplesphereMag\" \/>\n<meta name=\"twitter:label1\" content=\"\u00c9crit par\" \/>\n\t<meta name=\"twitter:data1\" content=\"Jean-Paul Erhard\" \/>\n\t<meta name=\"twitter:label2\" content=\"Dur\u00e9e de lecture estim\u00e9e\" \/>\n\t<meta name=\"twitter:data2\" content=\"2 minutes\" \/>\n<script type=\"application\/ld+json\" class=\"yoast-schema-graph\">{\"@context\":\"https:\/\/schema.org\",\"@graph\":[{\"@type\":\"Article\",\"@id\":\"https:\/\/peoplesphere.be\/fr\/formation-gouvernement-wallon-lucm-sinquiete-de-double-absence-de-formation-alternance-soutien-aux-nouveaux-independants-priorites-formateurs\/#article\",\"isPartOf\":{\"@id\":\"https:\/\/peoplesphere.be\/fr\/formation-gouvernement-wallon-lucm-sinquiete-de-double-absence-de-formation-alternance-soutien-aux-nouveaux-independants-priorites-formateurs\/\"},\"author\":{\"name\":\"Jean-Paul Erhard\",\"@id\":\"https:\/\/peoplesphere.be\/fr\/#\/schema\/person\/7976225ff17988604334abb7b3536a7e\"},\"headline\":\"Formation du gouvernement wallon: l&rsquo;UCM s&rsquo;inqui\u00e8te de la double absence de la formation en alternance et du soutien aux nouveaux ind\u00e9pendants dans les priorit\u00e9s des formateurs.\",\"datePublished\":\"2019-06-28T10:08:56+00:00\",\"dateModified\":\"2019-06-28T10:08:56+00:00\",\"mainEntityOfPage\":{\"@id\":\"https:\/\/peoplesphere.be\/fr\/formation-gouvernement-wallon-lucm-sinquiete-de-double-absence-de-formation-alternance-soutien-aux-nouveaux-independants-priorites-formateurs\/\"},\"wordCount\":344,\"publisher\":{\"@id\":\"https:\/\/peoplesphere.be\/fr\/#organization\"},\"keywords\":[\"cr\u00e9ation d'entreprise\",\"formation en alternance\",\"ind\u00e9pendants\",\"ucm\"],\"articleSection\":[\"Actualit\u00e9s\",\"Digital\"],\"inLanguage\":\"fr-FR\"},{\"@type\":\"WebPage\",\"@id\":\"https:\/\/peoplesphere.be\/fr\/formation-gouvernement-wallon-lucm-sinquiete-de-double-absence-de-formation-alternance-soutien-aux-nouveaux-independants-priorites-formateurs\/\",\"url\":\"https:\/\/peoplesphere.be\/fr\/formation-gouvernement-wallon-lucm-sinquiete-de-double-absence-de-formation-alternance-soutien-aux-nouveaux-independants-priorites-formateurs\/\",\"name\":\"Formation du gouvernement wallon: l'UCM s'inqui\u00e8te de la double absence de la formation en alternance et du soutien aux nouveaux ind\u00e9pendants dans les priorit\u00e9s des formateurs. - Peoplesphere\",\"isPartOf\":{\"@id\":\"https:\/\/peoplesphere.be\/fr\/#website\"},\"datePublished\":\"2019-06-28T10:08:56+00:00\",\"dateModified\":\"2019-06-28T10:08:56+00:00\",\"breadcrumb\":{\"@id\":\"https:\/\/peoplesphere.be\/fr\/formation-gouvernement-wallon-lucm-sinquiete-de-double-absence-de-formation-alternance-soutien-aux-nouveaux-independants-priorites-formateurs\/#breadcrumb\"},\"inLanguage\":\"fr-FR\",\"potentialAction\":[{\"@type\":\"ReadAction\",\"target\":[\"https:\/\/peoplesphere.be\/fr\/formation-gouvernement-wallon-lucm-sinquiete-de-double-absence-de-formation-alternance-soutien-aux-nouveaux-independants-priorites-formateurs\/\"]}]},{\"@type\":\"BreadcrumbList\",\"@id\":\"https:\/\/peoplesphere.be\/fr\/formation-gouvernement-wallon-lucm-sinquiete-de-double-absence-de-formation-alternance-soutien-aux-nouveaux-independants-priorites-formateurs\/#breadcrumb\",\"itemListElement\":[{\"@type\":\"ListItem\",\"position\":1,\"name\":\"Accueil\",\"item\":\"https:\/\/peoplesphere.be\/fr\/\"},{\"@type\":\"ListItem\",\"position\":2,\"name\":\"Formation du gouvernement wallon: l&rsquo;UCM s&rsquo;inqui\u00e8te de la double absence de la formation en alternance et du soutien aux nouveaux ind\u00e9pendants dans les priorit\u00e9s des formateurs.\"}]},{\"@type\":\"WebSite\",\"@id\":\"https:\/\/peoplesphere.be\/fr\/#website\",\"url\":\"https:\/\/peoplesphere.be\/fr\/\",\"name\":\"Peoplesphere\",\"description\":\"The People Managers Magazine\",\"publisher\":{\"@id\":\"https:\/\/peoplesphere.be\/fr\/#organization\"},\"potentialAction\":[{\"@type\":\"SearchAction\",\"target\":{\"@type\":\"EntryPoint\",\"urlTemplate\":\"https:\/\/peoplesphere.be\/fr\/?s={search_term_string}\"},\"query-input\":\"required name=search_term_string\"}],\"inLanguage\":\"fr-FR\"},{\"@type\":\"Organization\",\"@id\":\"https:\/\/peoplesphere.be\/fr\/#organization\",\"name\":\"Peoplesphere Company srl\",\"url\":\"https:\/\/peoplesphere.be\/fr\/\",\"logo\":{\"@type\":\"ImageObject\",\"inLanguage\":\"fr-FR\",\"@id\":\"https:\/\/peoplesphere.be\/fr\/#\/schema\/logo\/image\/\",\"url\":\"https:\/\/peoplesphere.be\/fr\/wp-content\/uploads\/2023\/07\/peoplesphere-lgo-new-generik.jpg\",\"contentUrl\":\"https:\/\/peoplesphere.be\/fr\/wp-content\/uploads\/2023\/07\/peoplesphere-lgo-new-generik.jpg\",\"width\":1031,\"height\":1479,\"caption\":\"Peoplesphere Company srl\"},\"image\":{\"@id\":\"https:\/\/peoplesphere.be\/fr\/#\/schema\/logo\/image\/\"},\"sameAs\":[\"https:\/\/www.facebook.com\/peoplesphere\",\"https:\/\/twitter.com\/PeoplesphereMag\",\"https:\/\/www.linkedin.com\/company\/7587361?trk\",\"http:\/\/youtube.com\/peoplesphere\"]},{\"@type\":\"Person\",\"@id\":\"https:\/\/peoplesphere.be\/fr\/#\/schema\/person\/7976225ff17988604334abb7b3536a7e\",\"name\":\"Jean-Paul Erhard\",\"image\":{\"@type\":\"ImageObject\",\"inLanguage\":\"fr-FR\",\"@id\":\"https:\/\/peoplesphere.be\/fr\/#\/schema\/person\/image\/\",\"url\":\"https:\/\/secure.gravatar.com\/avatar\/f941e681460179738071629a51574930?s=96&d=mm&r=g\",\"contentUrl\":\"https:\/\/secure.gravatar.com\/avatar\/f941e681460179738071629a51574930?s=96&d=mm&r=g\",\"caption\":\"Jean-Paul Erhard\"},\"url\":\"https:\/\/peoplesphere.be\/fr\/author\/jpe\/\"}]}<\/script>\n<!-- \/ Yoast SEO plugin. -->","yoast_head_json":{"title":"Formation du gouvernement wallon: l'UCM s'inqui\u00e8te de la double absence de la formation en alternance et du soutien aux nouveaux ind\u00e9pendants dans les priorit\u00e9s des formateurs. - Peoplesphere","robots":{"index":"index","follow":"follow","max-snippet":"max-snippet:-1","max-image-preview":"max-image-preview:large","max-video-preview":"max-video-preview:-1"},"canonical":"https:\/\/peoplesphere.be\/fr\/formation-gouvernement-wallon-lucm-sinquiete-de-double-absence-de-formation-alternance-soutien-aux-nouveaux-independants-priorites-formateurs\/","og_locale":"fr_FR","og_type":"article","og_title":"Formation du gouvernement wallon: l'UCM s'inqui\u00e8te de la double absence de la formation en alternance et du soutien aux nouveaux ind\u00e9pendants dans les priorit\u00e9s des formateurs. - Peoplesphere","og_description":"Les formateurs wallons ont re\u00e7u ce matin les partenaires sociaux. L&rsquo;UCM a pris la parole au nom des ind\u00e9pendants et chefs de PME. La note propos\u00e9e aux acteurs de la soci\u00e9t\u00e9 civile suscite quelques inqui\u00e9tudes\u2026","og_url":"https:\/\/peoplesphere.be\/fr\/formation-gouvernement-wallon-lucm-sinquiete-de-double-absence-de-formation-alternance-soutien-aux-nouveaux-independants-priorites-formateurs\/","og_site_name":"Peoplesphere","article_publisher":"https:\/\/www.facebook.com\/peoplesphere","article_published_time":"2019-06-28T10:08:56+00:00","og_image":[{"url":"http:\/\/www.peoplesphere.be\/fr\/wp-content\/uploads\/2016\/07\/facebook-default-posting-1200x628px.jpg"}],"author":"Jean-Paul Erhard","twitter_card":"summary_large_image","twitter_creator":"@PeoplesphereMag","twitter_site":"@PeoplesphereMag","twitter_misc":{"\u00c9crit par":"Jean-Paul Erhard","Dur\u00e9e de lecture estim\u00e9e":"2 minutes"},"schema":{"@context":"https:\/\/schema.org","@graph":[{"@type":"Article","@id":"https:\/\/peoplesphere.be\/fr\/formation-gouvernement-wallon-lucm-sinquiete-de-double-absence-de-formation-alternance-soutien-aux-nouveaux-independants-priorites-formateurs\/#article","isPartOf":{"@id":"https:\/\/peoplesphere.be\/fr\/formation-gouvernement-wallon-lucm-sinquiete-de-double-absence-de-formation-alternance-soutien-aux-nouveaux-independants-priorites-formateurs\/"},"author":{"name":"Jean-Paul Erhard","@id":"https:\/\/peoplesphere.be\/fr\/#\/schema\/person\/7976225ff17988604334abb7b3536a7e"},"headline":"Formation du gouvernement wallon: l&rsquo;UCM s&rsquo;inqui\u00e8te de la double absence de la formation en alternance et du soutien aux nouveaux ind\u00e9pendants dans les priorit\u00e9s des formateurs.","datePublished":"2019-06-28T10:08:56+00:00","dateModified":"2019-06-28T10:08:56+00:00","mainEntityOfPage":{"@id":"https:\/\/peoplesphere.be\/fr\/formation-gouvernement-wallon-lucm-sinquiete-de-double-absence-de-formation-alternance-soutien-aux-nouveaux-independants-priorites-formateurs\/"},"wordCount":344,"publisher":{"@id":"https:\/\/peoplesphere.be\/fr\/#organization"},"keywords":["cr\u00e9ation d'entreprise","formation en alternance","ind\u00e9pendants","ucm"],"articleSection":["Actualit\u00e9s","Digital"],"inLanguage":"fr-FR"},{"@type":"WebPage","@id":"https:\/\/peoplesphere.be\/fr\/formation-gouvernement-wallon-lucm-sinquiete-de-double-absence-de-formation-alternance-soutien-aux-nouveaux-independants-priorites-formateurs\/","url":"https:\/\/peoplesphere.be\/fr\/formation-gouvernement-wallon-lucm-sinquiete-de-double-absence-de-formation-alternance-soutien-aux-nouveaux-independants-priorites-formateurs\/","name":"Formation du gouvernement wallon: l'UCM s'inqui\u00e8te de la double absence de la formation en alternance et du soutien aux nouveaux ind\u00e9pendants dans les priorit\u00e9s des formateurs. - Peoplesphere","isPartOf":{"@id":"https:\/\/peoplesphere.be\/fr\/#website"},"datePublished":"2019-06-28T10:08:56+00:00","dateModified":"2019-06-28T10:08:56+00:00","breadcrumb":{"@id":"https:\/\/peoplesphere.be\/fr\/formation-gouvernement-wallon-lucm-sinquiete-de-double-absence-de-formation-alternance-soutien-aux-nouveaux-independants-priorites-formateurs\/#breadcrumb"},"inLanguage":"fr-FR","potentialAction":[{"@type":"ReadAction","target":["https:\/\/peoplesphere.be\/fr\/formation-gouvernement-wallon-lucm-sinquiete-de-double-absence-de-formation-alternance-soutien-aux-nouveaux-independants-priorites-formateurs\/"]}]},{"@type":"BreadcrumbList","@id":"https:\/\/peoplesphere.be\/fr\/formation-gouvernement-wallon-lucm-sinquiete-de-double-absence-de-formation-alternance-soutien-aux-nouveaux-independants-priorites-formateurs\/#breadcrumb","itemListElement":[{"@type":"ListItem","position":1,"name":"Accueil","item":"https:\/\/peoplesphere.be\/fr\/"},{"@type":"ListItem","position":2,"name":"Formation du gouvernement wallon: l&rsquo;UCM s&rsquo;inqui\u00e8te de la double absence de la formation en alternance et du soutien aux nouveaux ind\u00e9pendants dans les priorit\u00e9s des formateurs."}]},{"@type":"WebSite","@id":"https:\/\/peoplesphere.be\/fr\/#website","url":"https:\/\/peoplesphere.be\/fr\/","name":"Peoplesphere","description":"The People Managers Magazine","publisher":{"@id":"https:\/\/peoplesphere.be\/fr\/#organization"},"potentialAction":[{"@type":"SearchAction","target":{"@type":"EntryPoint","urlTemplate":"https:\/\/peoplesphere.be\/fr\/?s={search_term_string}"},"query-input":"required name=search_term_string"}],"inLanguage":"fr-FR"},{"@type":"Organization","@id":"https:\/\/peoplesphere.be\/fr\/#organization","name":"Peoplesphere Company srl","url":"https:\/\/peoplesphere.be\/fr\/","logo":{"@type":"ImageObject","inLanguage":"fr-FR","@id":"https:\/\/peoplesphere.be\/fr\/#\/schema\/logo\/image\/","url":"https:\/\/peoplesphere.be\/fr\/wp-content\/uploads\/2023\/07\/peoplesphere-lgo-new-generik.jpg","contentUrl":"https:\/\/peoplesphere.be\/fr\/wp-content\/uploads\/2023\/07\/peoplesphere-lgo-new-generik.jpg","width":1031,"height":1479,"caption":"Peoplesphere Company srl"},"image":{"@id":"https:\/\/peoplesphere.be\/fr\/#\/schema\/logo\/image\/"},"sameAs":["https:\/\/www.facebook.com\/peoplesphere","https:\/\/twitter.com\/PeoplesphereMag","https:\/\/www.linkedin.com\/company\/7587361?trk","http:\/\/youtube.com\/peoplesphere"]},{"@type":"Person","@id":"https:\/\/peoplesphere.be\/fr\/#\/schema\/person\/7976225ff17988604334abb7b3536a7e","name":"Jean-Paul Erhard","image":{"@type":"ImageObject","inLanguage":"fr-FR","@id":"https:\/\/peoplesphere.be\/fr\/#\/schema\/person\/image\/","url":"https:\/\/secure.gravatar.com\/avatar\/f941e681460179738071629a51574930?s=96&d=mm&r=g","contentUrl":"https:\/\/secure.gravatar.com\/avatar\/f941e681460179738071629a51574930?s=96&d=mm&r=g","caption":"Jean-Paul Erhard"},"url":"https:\/\/peoplesphere.be\/fr\/author\/jpe\/"}]}},"_links":{"self":[{"href":"https:\/\/peoplesphere.be\/fr\/wp-json\/wp\/v2\/posts\/8003"}],"collection":[{"href":"https:\/\/peoplesphere.be\/fr\/wp-json\/wp\/v2\/posts"}],"about":[{"href":"https:\/\/peoplesphere.be\/fr\/wp-json\/wp\/v2\/types\/post"}],"author":[{"embeddable":true,"href":"https:\/\/peoplesphere.be\/fr\/wp-json\/wp\/v2\/users\/2"}],"replies":[{"embeddable":true,"href":"https:\/\/peoplesphere.be\/fr\/wp-json\/wp\/v2\/comments?post=8003"}],"version-history":[{"count":1,"href":"https:\/\/peoplesphere.be\/fr\/wp-json\/wp\/v2\/posts\/8003\/revisions"}],"predecessor-version":[{"id":8004,"href":"https:\/\/peoplesphere.be\/fr\/wp-json\/wp\/v2\/posts\/8003\/revisions\/8004"}],"wp:attachment":[{"href":"https:\/\/peoplesphere.be\/fr\/wp-json\/wp\/v2\/media?parent=8003"}],"wp:term":[{"taxonomy":"category","embeddable":true,"href":"https:\/\/peoplesphere.be\/fr\/wp-json\/wp\/v2\/categories?post=8003"},{"taxonomy":"post_tag","embeddable":true,"href":"https:\/\/peoplesphere.be\/fr\/wp-json\/wp\/v2\/tags?post=8003"}],"curies":[{"name":"wp","href":"https:\/\/api.w.org\/{rel}","templated":true}]}}