









{"id":8060,"date":"2019-07-10T11:47:51","date_gmt":"2019-07-10T09:47:51","guid":{"rendered":"http:\/\/www.peoplesphere.be\/fr\/?p=8060"},"modified":"2019-07-10T11:47:51","modified_gmt":"2019-07-10T09:47:51","slug":"phenomene-detachement-temporaire-provoque-de-nouveaux-schemas-de-migration-de-mobilite","status":"publish","type":"post","link":"https:\/\/peoplesphere.be\/fr\/phenomene-detachement-temporaire-provoque-de-nouveaux-schemas-de-migration-de-mobilite\/","title":{"rendered":"Le ph\u00e9nom\u00e8ne du d\u00e9tachement temporaire provoque de nouveaux sch\u00e9mas de migration et de mobilit\u00e9."},"content":{"rendered":"<p>Sur le march\u00e9 unique europ\u00e9en du travail, le d\u00e9tachement temporaire de travailleurs d&rsquo;un \u00c9tat membre dans un autre devient de plus en plus important. Le nombre de travailleurs d\u00e9tach\u00e9s et de prestataires de services ind\u00e9pendants en Belgique a, par exemple, doubl\u00e9 en dix ans pour atteindre 230.000 personnes en 2018. Dans une contribution au rapport La migration en chiffres et en droits 2019 des chercheurs de l&rsquo;Universiteit Antwerpen exposent la diversit\u00e9 du ph\u00e9nom\u00e8ne, ses origines et ses \u00e9volutions rapides.<!--more--><\/p>\n<p>Cette contribution souligne l&rsquo;importance du d\u00e9tachement temporaire et des services en tant que forme de mobilit\u00e9 de la main-d&rsquo;\u0153uvre sur le march\u00e9 unique europ\u00e9en du travail. Le d\u00e9tachement est principalement abord\u00e9 dans le d\u00e9bat social et dans les m\u00e9dias dans le cadre de la lutte contre la fraude et le dumping social. L&rsquo;attention (n\u00e9gative) accord\u00e9e au d\u00e9tachement ne permet cependant pas toujours de mettre suffisamment en lumi\u00e8re la diversit\u00e9 et les \u00e9volutions rapides du ph\u00e9nom\u00e8ne.<\/p>\n<p>Par d\u00e9tachement, nous entendons l&rsquo;envoi temporaire de travailleurs employ\u00e9s dans un \u00c9tat membre de l&rsquo;UE vers un autre \u00c9tat membre de l\u2019UE pour y ex\u00e9cuter un contrat de service, et ce dans le contexte de la libre circulation des services. Les d\u00e9tachements et les prestations de services refl\u00e8tent une forme de mobilit\u00e9 de la main-d&rsquo;\u0153uvre dans laquelle le lien avec le pays d&rsquo;accueil est moins fort. Il n&rsquo;y a pas de contrat de travail avec un employeur en Belgique, mais il existe un contrat de d\u00e9tachement (ou un simple contrat pour la r\u00e9alisation d&rsquo;une mission sp\u00e9cifique). En principe, le d\u00e9tachement est temporaire et \u2013 dans la pratique \u2013 le plus souvent de courte dur\u00e9e, mais cela n\u2019emp\u00eache qu\u2019il peut \u00eatre de longue dur\u00e9e. Cependant, il n&rsquo;y a aucune perspective de r\u00e9sidence permanente pour le travailleur. Les cotisations sociales pour le travailleur ne sont pas pay\u00e9es en Belgique, mais dans le pays o\u00f9 l\u2019employeur est \u00e9tabli et actif.<\/p>\n<p>Les auteurs\u00a0d\u00e9montrent que le d\u00e9tachement joue un r\u00f4le de plus en plus important dans les diff\u00e9rents flux de mobilit\u00e9 en Europe. M\u00eame si une libre circulation plus permanente des personnes a toujours \u00e9t\u00e9 le fer de lance de la pens\u00e9e traditionnelle sur la mobilit\u00e9, le d\u00e9tachement d\u00e9passe progressivement la libre circulation.<\/p>\n<p>Les personnes d\u00e9tach\u00e9es ont aussi des origines nationales plus diverses qu&rsquo;on ne le pense g\u00e9n\u00e9ralement. Les donn\u00e9es pour la Belgique montrent qu&rsquo;un nombre croissant de ressortissants de pays tiers sont mobiles en Europe en tant que travailleurs d\u00e9tach\u00e9s ou ind\u00e9pendants. Les ressortissants de pays tiers sont g\u00e9n\u00e9ralement associ\u00e9s \u00e0 la forme \u00ab traditionnelle \u00bb de migration de main-d&rsquo;\u0153uvre, bas\u00e9e sur une autorisation au travail et un permis de s\u00e9jour (depuis le 1er janvier un permis unique). Mais l&rsquo;\u00e9volution\u00a0de la jurisprudence europ\u00e9enne a entrain\u00e9 une augmentation des entr\u00e9es de ressortissants de pays tiers par le canal des prestations de services \u00e0 l\u2019int\u00e9rieur de l\u2019UE via le d\u00e9tachement.<\/p>\n<p><strong><em>La Belgique, portrait de flux de mobilit\u00e9 de plus en plus diversifi\u00e9s<\/em><\/strong><\/p>\n<p>La \u00ab\u00a0mobilit\u00e9\u00a0\u00bb en Europe est principalement associ\u00e9e \u00e0 la migration permanente d&rsquo;un \u00c9tat membre vers un autre, et ce sur la base de la libre circulation de personnes. La libre circulation des travailleurs, qui est l&rsquo;une des quatre libert\u00e9s consacr\u00e9es par le Trait\u00e9 de Rome (1957), est activement r\u00e9glement\u00e9e et promue depuis les ann\u00e9es 1960, avec, entre autres, des dispositions complexes pour coordonner la s\u00e9curit\u00e9 sociale des travailleurs mobiles. En effet, ils \u00e9taient consid\u00e9r\u00e9s comme la force motrice d&rsquo;un march\u00e9 du travail europ\u00e9en unifi\u00e9. Toutefois, les chiffres montrent que cette mobilit\u00e9 intracommunautaire permanente des travailleurs reste un ph\u00e9nom\u00e8ne tr\u00e8s modeste, y compris pour la Belgique. Selon les statistiques d&rsquo;EUROSTAT sur la population et les migrations, en 2017, environ 600.000 citoyens de l&rsquo;UE en \u00e2ge de travailler vivaient en Belgique, soit 9% de la population active totale (stock). L&rsquo;afflux annuel de citoyens de l&rsquo;UE en Belgique en 2017 \u00e9tait d&rsquo;environ 47.000, soit 0,7% de la population totale en \u00e2ge de travailler (flow). De plus, ces chiffres sont rest\u00e9s tr\u00e8s stables entre 2009 et 2017.<\/p>\n<p>Les niveaux plut\u00f4t modestes et stables de la mobilit\u00e9 permanente contrastent fortement avec l&rsquo;afflux croissant de travailleurs d\u00e9tach\u00e9s et ind\u00e9pendants en Belgique. Les chiffres refl\u00e8tent une augmentation forte et r\u00e9guli\u00e8re du nombre de d\u00e9tach\u00e9s : alors qu&rsquo;en 2008, environ 115.000 salari\u00e9s d\u00e9tach\u00e9s et prestataires de services ind\u00e9pendants \u00e9taient enregistr\u00e9s, ce chiffre a progressivement augment\u00e9 pour atteindre environ 230.000 d\u00e9tach\u00e9s en 201853. La mobilit\u00e9 permanente fond\u00e9e sur la libre circulation des personnes est de plus en plus compl\u00e9t\u00e9e et m\u00eame d\u00e9pass\u00e9e par des flux de mobilit\u00e9 tr\u00e8s circulaires et plus temporaires fond\u00e9s sur la libre circulation des services.<\/p>\n<p>Sur les 230.000 d\u00e9tach\u00e9s en 2018, 117.000 (51%) sont des citoyens des \u00c9tats membres de l&rsquo;UE-15 (principalement des Pays-Bas, de France, du Portugal et d&rsquo;Allemagne). Environ 55.000 (24%) sont citoyens des \u00c9tats membres de l&rsquo;UE-10 (principalement de Pologne) et 29.000 (12%) viennent des \u00c9tats membres de l&rsquo;UE-3 (principalement de Roumanie)55. Toutefois, la part des travailleurs d\u00e9tach\u00e9s des pays de l&rsquo;UE-10 et de l&rsquo;UE-3 augmente fortement avec le temps, passant de 24% en 2008 \u00e0 37% en 2018. Et ce, principalement au d\u00e9triment de la part de d\u00e9tach\u00e9s de l&rsquo;UE-15.<\/p>\n<p><strong><em>Origines nationales diverses<\/em><\/strong><\/p>\n<p>Outre le fait que le d\u00e9tachement repr\u00e9sente une part croissante de la mobilit\u00e9 europ\u00e9enne, il est \u00e9galement important d&rsquo;attirer l&rsquo;attention sur la diversit\u00e9 grandissante des origines nationales des travailleurs d\u00e9tach\u00e9s. De plus en plus de ressortissants de pays tiers sont d\u00e9tach\u00e9s librement par leur employeur, situ\u00e9 dans un pays membre, dans toute l&rsquo;UE sur la base de la libre circulation des services. En 2018, LIMOSA a enregistr\u00e9 28.000 ressortissants de pays tiers, dont 20.000 (72%) ont \u00e9t\u00e9 d\u00e9tach\u00e9s en Belgique depuis d&rsquo;autres \u00c9tats membres de l&rsquo;UE, c&rsquo;est-\u00e0-dire sans permis de travail belge.<\/p>\n<p>Le r\u00e9gime de mobilit\u00e9 des ressortissants de pays tiers d\u00e9tach\u00e9s \u00e0 l&rsquo;int\u00e9rieur de l&rsquo;UE est utilis\u00e9 par de nombreuses nationalit\u00e9s (environ 200 nationalit\u00e9s diff\u00e9rentes). Pour avoir une meilleure id\u00e9e de qui utilise principalement ce r\u00e9gime de mobilit\u00e9, nous nous focalisons sur les 6 nationalit\u00e9s les plus d\u00e9tach\u00e9es en Belgique depuis d&rsquo;autres \u00c9tats membres de l&rsquo;UE au cours de la p\u00e9riode 2008-2018. Le top 6 se compose des Ukrainiens, des Turcs, des Bosniaques, des Br\u00e9siliens, des Kosovars et des Marocains. Tout d&rsquo;abord, pour tous les groupes (\u00e0 l&rsquo;exception des Turcs), nous constatons une nette augmentation du nombre d&rsquo;individus d\u00e9tach\u00e9s au cours de la p\u00e9riode d&rsquo;observation. La Pologne est le pays d\u00e9tachant le plus important pour les d\u00e9tach\u00e9s ukrainiens, sachant par ailleurs que ceux-ci sont \u00e9galement envoy\u00e9s depuis des entreprises portugaises et lituaniennes. Les travailleurs d\u00e9tach\u00e9s bosniaques et kosovars sont principalement d\u00e9tach\u00e9s par des entreprises slov\u00e8nes. Les Turcs sont principalement d\u00e9tach\u00e9s d&rsquo;Allemagne et des Pays-Bas, tandis que les Br\u00e9siliens sont principalement envoy\u00e9s depuis le Portugal. Enfin, les Marocains sont pour leur part d\u00e9tach\u00e9s depuis des entreprises fran\u00e7aises, hollandaises, espagnoles et italiennes.<\/p>\n<p>Les chiffres montrent que la migration classique de main-d&rsquo;\u0153uvre, o\u00f9 un travailleur \u00e9tranger vient en Belgique pour travailler sur la base d&rsquo;un permis de travail et d&rsquo;une carte professionnelle, est de plus en plus compl\u00e9t\u00e9e et m\u00eame d\u00e9pass\u00e9e par des flux de mobilit\u00e9 tr\u00e8s circulaires et temporaires, sous forme de d\u00e9tachement. Toutefois, il est particuli\u00e8rement important de nuancer cette comparaison, pr\u00e9cis\u00e9ment en raison de la nature temporaire et se reproduisant souvent et donc circulaire du d\u00e9tachement. L\u2019autorisation de travail (assortie d\u2019un permis de travail) (dans le cadre du r\u00e8glement qui \u00e9tait en vigueur jusque fin 2018) offre un droit de s\u00e9jour permanent d&rsquo;un an, qui est g\u00e9n\u00e9ralement utilis\u00e9. Ce n&rsquo;est pas le cas du d\u00e9tachement : ces personnes viennent (souvent plus d&rsquo;une fois) pour des p\u00e9riodes de service plus courtes.<\/p>\n<p>Le secteur principal est incontestablement celui de la construction, et ce pour toutes les nationalit\u00e9s. La construction est suivie du transport, de la m\u00e9tallurgie, de l&rsquo;entretien des installations \u00e9lectriques, de la p\u00e9trochimie et de la viande. L&rsquo;importance relative des \u00ab secteurs \u00e0 risque \u00bb (transport, viande et construction) diff\u00e8re en fonction des diff\u00e9rentes nationalit\u00e9s. Parmi les ressortissants de pays tiers envoy\u00e9s depuis des entreprises d\u2019\u00c9tats membres de l&rsquo;UE-28, 50% travaillent dans le secteur de la construction, 15% dans le secteur des transports, 7% dans le secteur de la m\u00e9tallurgie et 3% dans l&rsquo;entretien des installations \u00e9lectriques. Cela montre que le profil des ressortissants de pays tiers \u00e0 l&rsquo;int\u00e9rieur de l&rsquo;UE est tr\u00e8s diff\u00e9rent de celui des ressortissants de pays tiers venant travailler en Belgique sous le couvert d&rsquo;un permis de travail. En effet, les permis de travail couvrent principalement des cat\u00e9gories d&rsquo;exception (personnes hautement qualifi\u00e9es et cadres).<\/p>\n<p>Le d\u00e9tachement est un ph\u00e9nom\u00e8ne diversifi\u00e9 qui se produit au sein de l\u2019UE-15 et de l\u2019UE-28. L\u2019analyse des chiffres indique un nombre croissant de ressortissants de pays tiers qui sont d\u00e9tach\u00e9s en Belgique en provenance d&rsquo;autres \u00c9tats membres de l&rsquo;UE, sans conditions d\u2019autorisation suppl\u00e9mentaires. Le profil des d\u00e9tach\u00e9s est tr\u00e8s diff\u00e9rent du profil des travailleurs qui travaillent en Belgique sur base de la migration de travail traditionnelle (avec une autorisation au travail et depuis r\u00e9cemment, avec un<br \/>\npermis combin\u00e9). C&rsquo;est particuli\u00e8rement vrai pour les ressortissants de pays tiers d\u00e9tach\u00e9s depuis une entreprise d\u2019un \u00c9tat membre de l&rsquo;UE-28. Les ressortissants de pays tiers qui entrent sur le territoire avec un permis de travail belge sont soumis \u00e0 une enqu\u00eate sur le march\u00e9 de l&#8217;emploi ou doivent relever d&rsquo;une cat\u00e9gorie d&rsquo;exception (par exemple, \u00eatre hautement qualifi\u00e9s). Les ressortissants de pays tiers d\u00e9tach\u00e9s d&rsquo;autres pays de l&rsquo;UE ne sont pas tenus de se soumettre \u00e0 une \u00e9tude du march\u00e9 de l&#8217;emploi, \u00e0 une condition de revenu ou \u00e0 une exigence de dipl\u00f4me.<\/p>\n<p><em>Source: Myria &#8211; &lsquo;D\u00e9tachement en Belgique \u2013 portrait de nouveaux mod\u00e8les migratoires et de mobilit\u00e9&rsquo;, par Dries Lens &#8211; chercheur doctorant Centre de politique sociale Universiteit Antwerpen &#8211; et Ninke Mussche<br \/>\nChercheur postdoctoral Centre de politique sociale Universiteit Antwerpen.<\/em><\/p>\n","protected":false},"excerpt":{"rendered":"<p>Sur le march\u00e9 unique europ\u00e9en du travail, le d\u00e9tachement temporaire de travailleurs d&rsquo;un \u00c9tat membre dans un autre devient de plus en plus important. Le nombre de travailleurs d\u00e9tach\u00e9s et de prestataires de services ind\u00e9pendants en Belgique a, par exemple, [&hellip;]<\/p>\n","protected":false},"author":2,"featured_media":0,"comment_status":"closed","ping_status":"open","sticky":false,"template":"","format":"standard","meta":[],"categories":[65,10],"tags":[2633,656,136,2632],"yoast_head":"<!-- This site is optimized with the Yoast SEO plugin v21.0 - https:\/\/yoast.com\/wordpress\/plugins\/seo\/ -->\n<title>Le ph\u00e9nom\u00e8ne du d\u00e9tachement temporaire provoque de nouveaux sch\u00e9mas de migration et de mobilit\u00e9. - Peoplesphere<\/title>\n<meta name=\"robots\" content=\"index, follow, max-snippet:-1, max-image-preview:large, max-video-preview:-1\" \/>\n<link rel=\"canonical\" href=\"https:\/\/peoplesphere.be\/fr\/phenomene-detachement-temporaire-provoque-de-nouveaux-schemas-de-migration-de-mobilite\/\" \/>\n<meta property=\"og:locale\" content=\"fr_FR\" \/>\n<meta property=\"og:type\" content=\"article\" \/>\n<meta property=\"og:title\" content=\"Le ph\u00e9nom\u00e8ne du d\u00e9tachement temporaire provoque de nouveaux sch\u00e9mas de migration et de mobilit\u00e9. - Peoplesphere\" \/>\n<meta property=\"og:description\" content=\"Sur le march\u00e9 unique europ\u00e9en du travail, le d\u00e9tachement temporaire de travailleurs d&rsquo;un \u00c9tat membre dans un autre devient de plus en plus important. Le nombre de travailleurs d\u00e9tach\u00e9s et de prestataires de services ind\u00e9pendants en Belgique a, par exemple, [&hellip;]\" \/>\n<meta property=\"og:url\" content=\"https:\/\/peoplesphere.be\/fr\/phenomene-detachement-temporaire-provoque-de-nouveaux-schemas-de-migration-de-mobilite\/\" \/>\n<meta property=\"og:site_name\" content=\"Peoplesphere\" \/>\n<meta property=\"article:publisher\" content=\"https:\/\/www.facebook.com\/peoplesphere\" \/>\n<meta property=\"article:published_time\" content=\"2019-07-10T09:47:51+00:00\" \/>\n<meta property=\"og:image\" content=\"http:\/\/www.peoplesphere.be\/fr\/wp-content\/uploads\/2016\/07\/facebook-default-posting-1200x628px.jpg\" \/>\n<meta name=\"author\" content=\"Jean-Paul Erhard\" \/>\n<meta name=\"twitter:card\" content=\"summary_large_image\" \/>\n<meta name=\"twitter:creator\" content=\"@PeoplesphereMag\" \/>\n<meta name=\"twitter:site\" content=\"@PeoplesphereMag\" \/>\n<meta name=\"twitter:label1\" content=\"\u00c9crit par\" \/>\n\t<meta name=\"twitter:data1\" content=\"Jean-Paul Erhard\" \/>\n\t<meta name=\"twitter:label2\" content=\"Dur\u00e9e de lecture estim\u00e9e\" \/>\n\t<meta name=\"twitter:data2\" content=\"9 minutes\" \/>\n<script type=\"application\/ld+json\" class=\"yoast-schema-graph\">{\"@context\":\"https:\/\/schema.org\",\"@graph\":[{\"@type\":\"Article\",\"@id\":\"https:\/\/peoplesphere.be\/fr\/phenomene-detachement-temporaire-provoque-de-nouveaux-schemas-de-migration-de-mobilite\/#article\",\"isPartOf\":{\"@id\":\"https:\/\/peoplesphere.be\/fr\/phenomene-detachement-temporaire-provoque-de-nouveaux-schemas-de-migration-de-mobilite\/\"},\"author\":{\"name\":\"Jean-Paul Erhard\",\"@id\":\"https:\/\/peoplesphere.be\/fr\/#\/schema\/person\/7976225ff17988604334abb7b3536a7e\"},\"headline\":\"Le ph\u00e9nom\u00e8ne du d\u00e9tachement temporaire provoque de nouveaux sch\u00e9mas de migration et de mobilit\u00e9.\",\"datePublished\":\"2019-07-10T09:47:51+00:00\",\"dateModified\":\"2019-07-10T09:47:51+00:00\",\"mainEntityOfPage\":{\"@id\":\"https:\/\/peoplesphere.be\/fr\/phenomene-detachement-temporaire-provoque-de-nouveaux-schemas-de-migration-de-mobilite\/\"},\"wordCount\":1775,\"publisher\":{\"@id\":\"https:\/\/peoplesphere.be\/fr\/#organization\"},\"keywords\":[\"d\u00e9tachement temporaire\",\"migration\",\"mobilit\u00e9\",\"Myria\"],\"articleSection\":[\"Actualit\u00e9s\",\"Digital\"],\"inLanguage\":\"fr-FR\"},{\"@type\":\"WebPage\",\"@id\":\"https:\/\/peoplesphere.be\/fr\/phenomene-detachement-temporaire-provoque-de-nouveaux-schemas-de-migration-de-mobilite\/\",\"url\":\"https:\/\/peoplesphere.be\/fr\/phenomene-detachement-temporaire-provoque-de-nouveaux-schemas-de-migration-de-mobilite\/\",\"name\":\"Le ph\u00e9nom\u00e8ne du d\u00e9tachement temporaire provoque de nouveaux sch\u00e9mas de migration et de mobilit\u00e9. - Peoplesphere\",\"isPartOf\":{\"@id\":\"https:\/\/peoplesphere.be\/fr\/#website\"},\"datePublished\":\"2019-07-10T09:47:51+00:00\",\"dateModified\":\"2019-07-10T09:47:51+00:00\",\"breadcrumb\":{\"@id\":\"https:\/\/peoplesphere.be\/fr\/phenomene-detachement-temporaire-provoque-de-nouveaux-schemas-de-migration-de-mobilite\/#breadcrumb\"},\"inLanguage\":\"fr-FR\",\"potentialAction\":[{\"@type\":\"ReadAction\",\"target\":[\"https:\/\/peoplesphere.be\/fr\/phenomene-detachement-temporaire-provoque-de-nouveaux-schemas-de-migration-de-mobilite\/\"]}]},{\"@type\":\"BreadcrumbList\",\"@id\":\"https:\/\/peoplesphere.be\/fr\/phenomene-detachement-temporaire-provoque-de-nouveaux-schemas-de-migration-de-mobilite\/#breadcrumb\",\"itemListElement\":[{\"@type\":\"ListItem\",\"position\":1,\"name\":\"Accueil\",\"item\":\"https:\/\/peoplesphere.be\/fr\/\"},{\"@type\":\"ListItem\",\"position\":2,\"name\":\"Le ph\u00e9nom\u00e8ne du d\u00e9tachement temporaire provoque de nouveaux sch\u00e9mas de migration et de mobilit\u00e9.\"}]},{\"@type\":\"WebSite\",\"@id\":\"https:\/\/peoplesphere.be\/fr\/#website\",\"url\":\"https:\/\/peoplesphere.be\/fr\/\",\"name\":\"Peoplesphere\",\"description\":\"The People Managers Magazine\",\"publisher\":{\"@id\":\"https:\/\/peoplesphere.be\/fr\/#organization\"},\"potentialAction\":[{\"@type\":\"SearchAction\",\"target\":{\"@type\":\"EntryPoint\",\"urlTemplate\":\"https:\/\/peoplesphere.be\/fr\/?s={search_term_string}\"},\"query-input\":\"required name=search_term_string\"}],\"inLanguage\":\"fr-FR\"},{\"@type\":\"Organization\",\"@id\":\"https:\/\/peoplesphere.be\/fr\/#organization\",\"name\":\"Peoplesphere Company srl\",\"url\":\"https:\/\/peoplesphere.be\/fr\/\",\"logo\":{\"@type\":\"ImageObject\",\"inLanguage\":\"fr-FR\",\"@id\":\"https:\/\/peoplesphere.be\/fr\/#\/schema\/logo\/image\/\",\"url\":\"https:\/\/peoplesphere.be\/fr\/wp-content\/uploads\/2023\/07\/peoplesphere-lgo-new-generik.jpg\",\"contentUrl\":\"https:\/\/peoplesphere.be\/fr\/wp-content\/uploads\/2023\/07\/peoplesphere-lgo-new-generik.jpg\",\"width\":1031,\"height\":1479,\"caption\":\"Peoplesphere Company srl\"},\"image\":{\"@id\":\"https:\/\/peoplesphere.be\/fr\/#\/schema\/logo\/image\/\"},\"sameAs\":[\"https:\/\/www.facebook.com\/peoplesphere\",\"https:\/\/twitter.com\/PeoplesphereMag\",\"https:\/\/www.linkedin.com\/company\/7587361?trk\",\"http:\/\/youtube.com\/peoplesphere\"]},{\"@type\":\"Person\",\"@id\":\"https:\/\/peoplesphere.be\/fr\/#\/schema\/person\/7976225ff17988604334abb7b3536a7e\",\"name\":\"Jean-Paul Erhard\",\"image\":{\"@type\":\"ImageObject\",\"inLanguage\":\"fr-FR\",\"@id\":\"https:\/\/peoplesphere.be\/fr\/#\/schema\/person\/image\/\",\"url\":\"https:\/\/secure.gravatar.com\/avatar\/f941e681460179738071629a51574930?s=96&d=mm&r=g\",\"contentUrl\":\"https:\/\/secure.gravatar.com\/avatar\/f941e681460179738071629a51574930?s=96&d=mm&r=g\",\"caption\":\"Jean-Paul Erhard\"},\"url\":\"https:\/\/peoplesphere.be\/fr\/author\/jpe\/\"}]}<\/script>\n<!-- \/ Yoast SEO plugin. -->","yoast_head_json":{"title":"Le ph\u00e9nom\u00e8ne du d\u00e9tachement temporaire provoque de nouveaux sch\u00e9mas de migration et de mobilit\u00e9. - Peoplesphere","robots":{"index":"index","follow":"follow","max-snippet":"max-snippet:-1","max-image-preview":"max-image-preview:large","max-video-preview":"max-video-preview:-1"},"canonical":"https:\/\/peoplesphere.be\/fr\/phenomene-detachement-temporaire-provoque-de-nouveaux-schemas-de-migration-de-mobilite\/","og_locale":"fr_FR","og_type":"article","og_title":"Le ph\u00e9nom\u00e8ne du d\u00e9tachement temporaire provoque de nouveaux sch\u00e9mas de migration et de mobilit\u00e9. - Peoplesphere","og_description":"Sur le march\u00e9 unique europ\u00e9en du travail, le d\u00e9tachement temporaire de travailleurs d&rsquo;un \u00c9tat membre dans un autre devient de plus en plus important. Le nombre de travailleurs d\u00e9tach\u00e9s et de prestataires de services ind\u00e9pendants en Belgique a, par exemple, [&hellip;]","og_url":"https:\/\/peoplesphere.be\/fr\/phenomene-detachement-temporaire-provoque-de-nouveaux-schemas-de-migration-de-mobilite\/","og_site_name":"Peoplesphere","article_publisher":"https:\/\/www.facebook.com\/peoplesphere","article_published_time":"2019-07-10T09:47:51+00:00","og_image":[{"url":"http:\/\/www.peoplesphere.be\/fr\/wp-content\/uploads\/2016\/07\/facebook-default-posting-1200x628px.jpg"}],"author":"Jean-Paul Erhard","twitter_card":"summary_large_image","twitter_creator":"@PeoplesphereMag","twitter_site":"@PeoplesphereMag","twitter_misc":{"\u00c9crit par":"Jean-Paul Erhard","Dur\u00e9e de lecture estim\u00e9e":"9 minutes"},"schema":{"@context":"https:\/\/schema.org","@graph":[{"@type":"Article","@id":"https:\/\/peoplesphere.be\/fr\/phenomene-detachement-temporaire-provoque-de-nouveaux-schemas-de-migration-de-mobilite\/#article","isPartOf":{"@id":"https:\/\/peoplesphere.be\/fr\/phenomene-detachement-temporaire-provoque-de-nouveaux-schemas-de-migration-de-mobilite\/"},"author":{"name":"Jean-Paul Erhard","@id":"https:\/\/peoplesphere.be\/fr\/#\/schema\/person\/7976225ff17988604334abb7b3536a7e"},"headline":"Le ph\u00e9nom\u00e8ne du d\u00e9tachement temporaire provoque de nouveaux sch\u00e9mas de migration et de mobilit\u00e9.","datePublished":"2019-07-10T09:47:51+00:00","dateModified":"2019-07-10T09:47:51+00:00","mainEntityOfPage":{"@id":"https:\/\/peoplesphere.be\/fr\/phenomene-detachement-temporaire-provoque-de-nouveaux-schemas-de-migration-de-mobilite\/"},"wordCount":1775,"publisher":{"@id":"https:\/\/peoplesphere.be\/fr\/#organization"},"keywords":["d\u00e9tachement temporaire","migration","mobilit\u00e9","Myria"],"articleSection":["Actualit\u00e9s","Digital"],"inLanguage":"fr-FR"},{"@type":"WebPage","@id":"https:\/\/peoplesphere.be\/fr\/phenomene-detachement-temporaire-provoque-de-nouveaux-schemas-de-migration-de-mobilite\/","url":"https:\/\/peoplesphere.be\/fr\/phenomene-detachement-temporaire-provoque-de-nouveaux-schemas-de-migration-de-mobilite\/","name":"Le ph\u00e9nom\u00e8ne du d\u00e9tachement temporaire provoque de nouveaux sch\u00e9mas de migration et de mobilit\u00e9. - Peoplesphere","isPartOf":{"@id":"https:\/\/peoplesphere.be\/fr\/#website"},"datePublished":"2019-07-10T09:47:51+00:00","dateModified":"2019-07-10T09:47:51+00:00","breadcrumb":{"@id":"https:\/\/peoplesphere.be\/fr\/phenomene-detachement-temporaire-provoque-de-nouveaux-schemas-de-migration-de-mobilite\/#breadcrumb"},"inLanguage":"fr-FR","potentialAction":[{"@type":"ReadAction","target":["https:\/\/peoplesphere.be\/fr\/phenomene-detachement-temporaire-provoque-de-nouveaux-schemas-de-migration-de-mobilite\/"]}]},{"@type":"BreadcrumbList","@id":"https:\/\/peoplesphere.be\/fr\/phenomene-detachement-temporaire-provoque-de-nouveaux-schemas-de-migration-de-mobilite\/#breadcrumb","itemListElement":[{"@type":"ListItem","position":1,"name":"Accueil","item":"https:\/\/peoplesphere.be\/fr\/"},{"@type":"ListItem","position":2,"name":"Le ph\u00e9nom\u00e8ne du d\u00e9tachement temporaire provoque de nouveaux sch\u00e9mas de migration et de mobilit\u00e9."}]},{"@type":"WebSite","@id":"https:\/\/peoplesphere.be\/fr\/#website","url":"https:\/\/peoplesphere.be\/fr\/","name":"Peoplesphere","description":"The People Managers Magazine","publisher":{"@id":"https:\/\/peoplesphere.be\/fr\/#organization"},"potentialAction":[{"@type":"SearchAction","target":{"@type":"EntryPoint","urlTemplate":"https:\/\/peoplesphere.be\/fr\/?s={search_term_string}"},"query-input":"required name=search_term_string"}],"inLanguage":"fr-FR"},{"@type":"Organization","@id":"https:\/\/peoplesphere.be\/fr\/#organization","name":"Peoplesphere Company srl","url":"https:\/\/peoplesphere.be\/fr\/","logo":{"@type":"ImageObject","inLanguage":"fr-FR","@id":"https:\/\/peoplesphere.be\/fr\/#\/schema\/logo\/image\/","url":"https:\/\/peoplesphere.be\/fr\/wp-content\/uploads\/2023\/07\/peoplesphere-lgo-new-generik.jpg","contentUrl":"https:\/\/peoplesphere.be\/fr\/wp-content\/uploads\/2023\/07\/peoplesphere-lgo-new-generik.jpg","width":1031,"height":1479,"caption":"Peoplesphere Company srl"},"image":{"@id":"https:\/\/peoplesphere.be\/fr\/#\/schema\/logo\/image\/"},"sameAs":["https:\/\/www.facebook.com\/peoplesphere","https:\/\/twitter.com\/PeoplesphereMag","https:\/\/www.linkedin.com\/company\/7587361?trk","http:\/\/youtube.com\/peoplesphere"]},{"@type":"Person","@id":"https:\/\/peoplesphere.be\/fr\/#\/schema\/person\/7976225ff17988604334abb7b3536a7e","name":"Jean-Paul Erhard","image":{"@type":"ImageObject","inLanguage":"fr-FR","@id":"https:\/\/peoplesphere.be\/fr\/#\/schema\/person\/image\/","url":"https:\/\/secure.gravatar.com\/avatar\/f941e681460179738071629a51574930?s=96&d=mm&r=g","contentUrl":"https:\/\/secure.gravatar.com\/avatar\/f941e681460179738071629a51574930?s=96&d=mm&r=g","caption":"Jean-Paul Erhard"},"url":"https:\/\/peoplesphere.be\/fr\/author\/jpe\/"}]}},"_links":{"self":[{"href":"https:\/\/peoplesphere.be\/fr\/wp-json\/wp\/v2\/posts\/8060"}],"collection":[{"href":"https:\/\/peoplesphere.be\/fr\/wp-json\/wp\/v2\/posts"}],"about":[{"href":"https:\/\/peoplesphere.be\/fr\/wp-json\/wp\/v2\/types\/post"}],"author":[{"embeddable":true,"href":"https:\/\/peoplesphere.be\/fr\/wp-json\/wp\/v2\/users\/2"}],"replies":[{"embeddable":true,"href":"https:\/\/peoplesphere.be\/fr\/wp-json\/wp\/v2\/comments?post=8060"}],"version-history":[{"count":1,"href":"https:\/\/peoplesphere.be\/fr\/wp-json\/wp\/v2\/posts\/8060\/revisions"}],"predecessor-version":[{"id":8061,"href":"https:\/\/peoplesphere.be\/fr\/wp-json\/wp\/v2\/posts\/8060\/revisions\/8061"}],"wp:attachment":[{"href":"https:\/\/peoplesphere.be\/fr\/wp-json\/wp\/v2\/media?parent=8060"}],"wp:term":[{"taxonomy":"category","embeddable":true,"href":"https:\/\/peoplesphere.be\/fr\/wp-json\/wp\/v2\/categories?post=8060"},{"taxonomy":"post_tag","embeddable":true,"href":"https:\/\/peoplesphere.be\/fr\/wp-json\/wp\/v2\/tags?post=8060"}],"curies":[{"name":"wp","href":"https:\/\/api.w.org\/{rel}","templated":true}]}}