









{"id":8097,"date":"2019-07-24T10:50:45","date_gmt":"2019-07-24T08:50:45","guid":{"rendered":"http:\/\/www.peoplesphere.be\/fr\/?p=8097"},"modified":"2019-07-24T10:50:45","modified_gmt":"2019-07-24T08:50:45","slug":"barometre-statut-social-travailleurs-independants-restent-toujours-mal-informes-quant-a-leurs-droits-sociaux","status":"publish","type":"post","link":"https:\/\/peoplesphere.be\/fr\/barometre-statut-social-travailleurs-independants-restent-toujours-mal-informes-quant-a-leurs-droits-sociaux\/","title":{"rendered":"Barom\u00e8tre du statut social des travailleurs ind\u00e9pendants: ils restent toujours aussi mal inform\u00e9s quant \u00e0 leurs droits sociaux."},"content":{"rendered":"<p>Constat premier du quatri\u00e8me barom\u00e8tre propos\u00e9 par l&rsquo;UCM quant \u00e0 l&rsquo;\u00e9volution du statut des ind\u00e9pendants: ces derniers m\u00e9connaissent leurs droits sociaux. Ils se focalisent sur leur entreprise et sont souvent mal inform\u00e9s sur leurs droits en mati\u00e8re de s\u00e9curit\u00e9 sociale.\u00a0<!--more--><\/p>\n<p>Par rapport aux barom\u00e8tres pr\u00e9c\u00e9dents, les trois priorit\u00e9s des ind\u00e9pendants ne varient pas. La pension reste le premier souci. Plus de huit r\u00e9pondants sur dix (82,5 %) souhaitent une am\u00e9lioration du montant de la pension l\u00e9gale. L&rsquo;information pose probl\u00e8me : pr\u00e8s de quatre ind\u00e9pendants sur dix (38 %) ne savent pas \u00e0 quel revenu ils peuvent pr\u00e9tendre pendant leur retraite. Les changements introduits par le gouvernement sortant n&rsquo;ont pas contribu\u00e9 \u00e0 \u00e9claircir la situation. Pr\u00e8s d&rsquo;une personne sur trois (30,5 %) ne voit pas clair dans les r\u00e9formes effectu\u00e9es.<\/p>\n<p>En deuxi\u00e8me position, plus de quatre ind\u00e9pendants sur dix (46 %) souhaitent une meilleure prise en charge des arr\u00eats maladie. En particulier, en cas d&rsquo;incapacit\u00e9 de longue dur\u00e9e, plus de huit ind\u00e9pendants sur dix jugent les montants allou\u00e9s nettement insuffisants pour limiter la perte du pouvoir d&rsquo;achat.\u00a0Pour les maladies de courte dur\u00e9e, 55 % des sond\u00e9s ignorent qu&rsquo;ils disposent depuis peu d&rsquo;une indemnisation d\u00e8s le premier jour sous certificat m\u00e9dical de huit jours ou plus.<\/p>\n<p>Le renforcement du droit passerelle ou couverture en cas de faillite est la troisi\u00e8me priorit\u00e9, cit\u00e9e pas quatre ind\u00e9pendants sur dix (41,6 %). Pr\u00e8s de sept sur dix, il est vrai, ignorent l&rsquo;aide financi\u00e8re existante en cas de faillite ou de cessation forc\u00e9e (68,3 %).<\/p>\n<p>Pr\u00e8s de six entrepreneurs sur dix ne connaissent pas les contours du cong\u00e9 de maternit\u00e9 et les 105 titres-services fournis gratuitement \u00e0 la jeune maman.<\/p>\n<p>Il appara\u00eet donc que les ind\u00e9pendants connaissent mal leurs droits sociaux, en d\u00e9pit des campagnes r\u00e9guli\u00e8res et de l&rsquo;effort r\u00e9alis\u00e9 en 2018 pour les cinquante ans du statut social.<\/p>\n<p>Au four et au moulin, les ind\u00e9pendants ont besoin d&rsquo;une information imm\u00e9diate, compl\u00e8te et personnalis\u00e9e en cas de besoin. Dans ce cadre, l&rsquo;UCM sugg\u00e8re de puiser dans les 3,5 milliards du fonds \u00ab\u00a0pour le bien-\u00eatre des travailleurs ind\u00e9pendants\u00a0\u00bb les sommes n\u00e9cessaires afin de d\u00e9velopper des applications mobiles et autres services digitaux.<\/p>\n<p><em>Source: UCM &#8211; Quatri\u00e8me barom\u00e8tre du statut social des ind\u00e9pendants, enqu\u00eate r\u00e9alis\u00e9e sur un \u00e9chantillon repr\u00e9sentatif de 480 personnes.<\/em><\/p>\n","protected":false},"excerpt":{"rendered":"<p>Constat premier du quatri\u00e8me barom\u00e8tre propos\u00e9 par l&rsquo;UCM quant \u00e0 l&rsquo;\u00e9volution du statut des ind\u00e9pendants: ces derniers m\u00e9connaissent leurs droits sociaux. Ils se focalisent sur leur entreprise et sont souvent mal inform\u00e9s sur leurs droits en mati\u00e8re de s\u00e9curit\u00e9 sociale.\u00a0<\/p>\n","protected":false},"author":2,"featured_media":0,"comment_status":"closed","ping_status":"open","sticky":false,"template":"","format":"standard","meta":[],"categories":[65,10],"tags":[250,1522,1815,978,1350],"yoast_head":"<!-- This site is optimized with the Yoast SEO plugin v21.0 - https:\/\/yoast.com\/wordpress\/plugins\/seo\/ -->\n<title>Barom\u00e8tre du statut social des travailleurs ind\u00e9pendants: ils restent toujours aussi mal inform\u00e9s quant \u00e0 leurs droits sociaux. - Peoplesphere<\/title>\n<meta name=\"robots\" content=\"index, follow, max-snippet:-1, max-image-preview:large, max-video-preview:-1\" \/>\n<link rel=\"canonical\" href=\"https:\/\/peoplesphere.be\/fr\/barometre-statut-social-travailleurs-independants-restent-toujours-mal-informes-quant-a-leurs-droits-sociaux\/\" \/>\n<meta property=\"og:locale\" content=\"fr_FR\" \/>\n<meta property=\"og:type\" content=\"article\" \/>\n<meta property=\"og:title\" content=\"Barom\u00e8tre du statut social des travailleurs ind\u00e9pendants: ils restent toujours aussi mal inform\u00e9s quant \u00e0 leurs droits sociaux. - Peoplesphere\" \/>\n<meta property=\"og:description\" content=\"Constat premier du quatri\u00e8me barom\u00e8tre propos\u00e9 par l&rsquo;UCM quant \u00e0 l&rsquo;\u00e9volution du statut des ind\u00e9pendants: ces derniers m\u00e9connaissent leurs droits sociaux. Ils se focalisent sur leur entreprise et sont souvent mal inform\u00e9s sur leurs droits en mati\u00e8re de s\u00e9curit\u00e9 sociale.\u00a0\" \/>\n<meta property=\"og:url\" content=\"https:\/\/peoplesphere.be\/fr\/barometre-statut-social-travailleurs-independants-restent-toujours-mal-informes-quant-a-leurs-droits-sociaux\/\" \/>\n<meta property=\"og:site_name\" content=\"Peoplesphere\" \/>\n<meta property=\"article:publisher\" content=\"https:\/\/www.facebook.com\/peoplesphere\" \/>\n<meta property=\"article:published_time\" content=\"2019-07-24T08:50:45+00:00\" \/>\n<meta property=\"og:image\" content=\"http:\/\/www.peoplesphere.be\/fr\/wp-content\/uploads\/2016\/07\/facebook-default-posting-1200x628px.jpg\" \/>\n<meta name=\"author\" content=\"Jean-Paul Erhard\" \/>\n<meta name=\"twitter:card\" content=\"summary_large_image\" \/>\n<meta name=\"twitter:creator\" content=\"@PeoplesphereMag\" \/>\n<meta name=\"twitter:site\" content=\"@PeoplesphereMag\" \/>\n<meta name=\"twitter:label1\" content=\"\u00c9crit par\" \/>\n\t<meta name=\"twitter:data1\" content=\"Jean-Paul Erhard\" \/>\n\t<meta name=\"twitter:label2\" content=\"Dur\u00e9e de lecture estim\u00e9e\" \/>\n\t<meta name=\"twitter:data2\" content=\"2 minutes\" \/>\n<script type=\"application\/ld+json\" class=\"yoast-schema-graph\">{\"@context\":\"https:\/\/schema.org\",\"@graph\":[{\"@type\":\"Article\",\"@id\":\"https:\/\/peoplesphere.be\/fr\/barometre-statut-social-travailleurs-independants-restent-toujours-mal-informes-quant-a-leurs-droits-sociaux\/#article\",\"isPartOf\":{\"@id\":\"https:\/\/peoplesphere.be\/fr\/barometre-statut-social-travailleurs-independants-restent-toujours-mal-informes-quant-a-leurs-droits-sociaux\/\"},\"author\":{\"name\":\"Jean-Paul Erhard\",\"@id\":\"https:\/\/peoplesphere.be\/fr\/#\/schema\/person\/7976225ff17988604334abb7b3536a7e\"},\"headline\":\"Barom\u00e8tre du statut social des travailleurs ind\u00e9pendants: ils restent toujours aussi mal inform\u00e9s quant \u00e0 leurs droits sociaux.\",\"datePublished\":\"2019-07-24T08:50:45+00:00\",\"dateModified\":\"2019-07-24T08:50:45+00:00\",\"mainEntityOfPage\":{\"@id\":\"https:\/\/peoplesphere.be\/fr\/barometre-statut-social-travailleurs-independants-restent-toujours-mal-informes-quant-a-leurs-droits-sociaux\/\"},\"wordCount\":433,\"publisher\":{\"@id\":\"https:\/\/peoplesphere.be\/fr\/#organization\"},\"keywords\":[\"barom\u00e8tre\",\"droits sociaux\",\"statut social\",\"travailleurs ind\u00e9pendants\",\"ucm\"],\"articleSection\":[\"Actualit\u00e9s\",\"Digital\"],\"inLanguage\":\"fr-FR\"},{\"@type\":\"WebPage\",\"@id\":\"https:\/\/peoplesphere.be\/fr\/barometre-statut-social-travailleurs-independants-restent-toujours-mal-informes-quant-a-leurs-droits-sociaux\/\",\"url\":\"https:\/\/peoplesphere.be\/fr\/barometre-statut-social-travailleurs-independants-restent-toujours-mal-informes-quant-a-leurs-droits-sociaux\/\",\"name\":\"Barom\u00e8tre du statut social des travailleurs ind\u00e9pendants: ils restent toujours aussi mal inform\u00e9s quant \u00e0 leurs droits sociaux. - Peoplesphere\",\"isPartOf\":{\"@id\":\"https:\/\/peoplesphere.be\/fr\/#website\"},\"datePublished\":\"2019-07-24T08:50:45+00:00\",\"dateModified\":\"2019-07-24T08:50:45+00:00\",\"breadcrumb\":{\"@id\":\"https:\/\/peoplesphere.be\/fr\/barometre-statut-social-travailleurs-independants-restent-toujours-mal-informes-quant-a-leurs-droits-sociaux\/#breadcrumb\"},\"inLanguage\":\"fr-FR\",\"potentialAction\":[{\"@type\":\"ReadAction\",\"target\":[\"https:\/\/peoplesphere.be\/fr\/barometre-statut-social-travailleurs-independants-restent-toujours-mal-informes-quant-a-leurs-droits-sociaux\/\"]}]},{\"@type\":\"BreadcrumbList\",\"@id\":\"https:\/\/peoplesphere.be\/fr\/barometre-statut-social-travailleurs-independants-restent-toujours-mal-informes-quant-a-leurs-droits-sociaux\/#breadcrumb\",\"itemListElement\":[{\"@type\":\"ListItem\",\"position\":1,\"name\":\"Accueil\",\"item\":\"https:\/\/peoplesphere.be\/fr\/\"},{\"@type\":\"ListItem\",\"position\":2,\"name\":\"Barom\u00e8tre du statut social des travailleurs ind\u00e9pendants: ils restent toujours aussi mal inform\u00e9s quant \u00e0 leurs droits sociaux.\"}]},{\"@type\":\"WebSite\",\"@id\":\"https:\/\/peoplesphere.be\/fr\/#website\",\"url\":\"https:\/\/peoplesphere.be\/fr\/\",\"name\":\"Peoplesphere\",\"description\":\"The People Managers Magazine\",\"publisher\":{\"@id\":\"https:\/\/peoplesphere.be\/fr\/#organization\"},\"potentialAction\":[{\"@type\":\"SearchAction\",\"target\":{\"@type\":\"EntryPoint\",\"urlTemplate\":\"https:\/\/peoplesphere.be\/fr\/?s={search_term_string}\"},\"query-input\":\"required name=search_term_string\"}],\"inLanguage\":\"fr-FR\"},{\"@type\":\"Organization\",\"@id\":\"https:\/\/peoplesphere.be\/fr\/#organization\",\"name\":\"Peoplesphere Company srl\",\"url\":\"https:\/\/peoplesphere.be\/fr\/\",\"logo\":{\"@type\":\"ImageObject\",\"inLanguage\":\"fr-FR\",\"@id\":\"https:\/\/peoplesphere.be\/fr\/#\/schema\/logo\/image\/\",\"url\":\"https:\/\/peoplesphere.be\/fr\/wp-content\/uploads\/2023\/07\/peoplesphere-lgo-new-generik.jpg\",\"contentUrl\":\"https:\/\/peoplesphere.be\/fr\/wp-content\/uploads\/2023\/07\/peoplesphere-lgo-new-generik.jpg\",\"width\":1031,\"height\":1479,\"caption\":\"Peoplesphere Company srl\"},\"image\":{\"@id\":\"https:\/\/peoplesphere.be\/fr\/#\/schema\/logo\/image\/\"},\"sameAs\":[\"https:\/\/www.facebook.com\/peoplesphere\",\"https:\/\/twitter.com\/PeoplesphereMag\",\"https:\/\/www.linkedin.com\/company\/7587361?trk\",\"http:\/\/youtube.com\/peoplesphere\"]},{\"@type\":\"Person\",\"@id\":\"https:\/\/peoplesphere.be\/fr\/#\/schema\/person\/7976225ff17988604334abb7b3536a7e\",\"name\":\"Jean-Paul Erhard\",\"image\":{\"@type\":\"ImageObject\",\"inLanguage\":\"fr-FR\",\"@id\":\"https:\/\/peoplesphere.be\/fr\/#\/schema\/person\/image\/\",\"url\":\"https:\/\/secure.gravatar.com\/avatar\/f941e681460179738071629a51574930?s=96&d=mm&r=g\",\"contentUrl\":\"https:\/\/secure.gravatar.com\/avatar\/f941e681460179738071629a51574930?s=96&d=mm&r=g\",\"caption\":\"Jean-Paul Erhard\"},\"url\":\"https:\/\/peoplesphere.be\/fr\/author\/jpe\/\"}]}<\/script>\n<!-- \/ Yoast SEO plugin. -->","yoast_head_json":{"title":"Barom\u00e8tre du statut social des travailleurs ind\u00e9pendants: ils restent toujours aussi mal inform\u00e9s quant \u00e0 leurs droits sociaux. - Peoplesphere","robots":{"index":"index","follow":"follow","max-snippet":"max-snippet:-1","max-image-preview":"max-image-preview:large","max-video-preview":"max-video-preview:-1"},"canonical":"https:\/\/peoplesphere.be\/fr\/barometre-statut-social-travailleurs-independants-restent-toujours-mal-informes-quant-a-leurs-droits-sociaux\/","og_locale":"fr_FR","og_type":"article","og_title":"Barom\u00e8tre du statut social des travailleurs ind\u00e9pendants: ils restent toujours aussi mal inform\u00e9s quant \u00e0 leurs droits sociaux. - Peoplesphere","og_description":"Constat premier du quatri\u00e8me barom\u00e8tre propos\u00e9 par l&rsquo;UCM quant \u00e0 l&rsquo;\u00e9volution du statut des ind\u00e9pendants: ces derniers m\u00e9connaissent leurs droits sociaux. Ils se focalisent sur leur entreprise et sont souvent mal inform\u00e9s sur leurs droits en mati\u00e8re de s\u00e9curit\u00e9 sociale.\u00a0","og_url":"https:\/\/peoplesphere.be\/fr\/barometre-statut-social-travailleurs-independants-restent-toujours-mal-informes-quant-a-leurs-droits-sociaux\/","og_site_name":"Peoplesphere","article_publisher":"https:\/\/www.facebook.com\/peoplesphere","article_published_time":"2019-07-24T08:50:45+00:00","og_image":[{"url":"http:\/\/www.peoplesphere.be\/fr\/wp-content\/uploads\/2016\/07\/facebook-default-posting-1200x628px.jpg"}],"author":"Jean-Paul Erhard","twitter_card":"summary_large_image","twitter_creator":"@PeoplesphereMag","twitter_site":"@PeoplesphereMag","twitter_misc":{"\u00c9crit par":"Jean-Paul Erhard","Dur\u00e9e de lecture estim\u00e9e":"2 minutes"},"schema":{"@context":"https:\/\/schema.org","@graph":[{"@type":"Article","@id":"https:\/\/peoplesphere.be\/fr\/barometre-statut-social-travailleurs-independants-restent-toujours-mal-informes-quant-a-leurs-droits-sociaux\/#article","isPartOf":{"@id":"https:\/\/peoplesphere.be\/fr\/barometre-statut-social-travailleurs-independants-restent-toujours-mal-informes-quant-a-leurs-droits-sociaux\/"},"author":{"name":"Jean-Paul Erhard","@id":"https:\/\/peoplesphere.be\/fr\/#\/schema\/person\/7976225ff17988604334abb7b3536a7e"},"headline":"Barom\u00e8tre du statut social des travailleurs ind\u00e9pendants: ils restent toujours aussi mal inform\u00e9s quant \u00e0 leurs droits sociaux.","datePublished":"2019-07-24T08:50:45+00:00","dateModified":"2019-07-24T08:50:45+00:00","mainEntityOfPage":{"@id":"https:\/\/peoplesphere.be\/fr\/barometre-statut-social-travailleurs-independants-restent-toujours-mal-informes-quant-a-leurs-droits-sociaux\/"},"wordCount":433,"publisher":{"@id":"https:\/\/peoplesphere.be\/fr\/#organization"},"keywords":["barom\u00e8tre","droits sociaux","statut social","travailleurs ind\u00e9pendants","ucm"],"articleSection":["Actualit\u00e9s","Digital"],"inLanguage":"fr-FR"},{"@type":"WebPage","@id":"https:\/\/peoplesphere.be\/fr\/barometre-statut-social-travailleurs-independants-restent-toujours-mal-informes-quant-a-leurs-droits-sociaux\/","url":"https:\/\/peoplesphere.be\/fr\/barometre-statut-social-travailleurs-independants-restent-toujours-mal-informes-quant-a-leurs-droits-sociaux\/","name":"Barom\u00e8tre du statut social des travailleurs ind\u00e9pendants: ils restent toujours aussi mal inform\u00e9s quant \u00e0 leurs droits sociaux. - Peoplesphere","isPartOf":{"@id":"https:\/\/peoplesphere.be\/fr\/#website"},"datePublished":"2019-07-24T08:50:45+00:00","dateModified":"2019-07-24T08:50:45+00:00","breadcrumb":{"@id":"https:\/\/peoplesphere.be\/fr\/barometre-statut-social-travailleurs-independants-restent-toujours-mal-informes-quant-a-leurs-droits-sociaux\/#breadcrumb"},"inLanguage":"fr-FR","potentialAction":[{"@type":"ReadAction","target":["https:\/\/peoplesphere.be\/fr\/barometre-statut-social-travailleurs-independants-restent-toujours-mal-informes-quant-a-leurs-droits-sociaux\/"]}]},{"@type":"BreadcrumbList","@id":"https:\/\/peoplesphere.be\/fr\/barometre-statut-social-travailleurs-independants-restent-toujours-mal-informes-quant-a-leurs-droits-sociaux\/#breadcrumb","itemListElement":[{"@type":"ListItem","position":1,"name":"Accueil","item":"https:\/\/peoplesphere.be\/fr\/"},{"@type":"ListItem","position":2,"name":"Barom\u00e8tre du statut social des travailleurs ind\u00e9pendants: ils restent toujours aussi mal inform\u00e9s quant \u00e0 leurs droits sociaux."}]},{"@type":"WebSite","@id":"https:\/\/peoplesphere.be\/fr\/#website","url":"https:\/\/peoplesphere.be\/fr\/","name":"Peoplesphere","description":"The People Managers Magazine","publisher":{"@id":"https:\/\/peoplesphere.be\/fr\/#organization"},"potentialAction":[{"@type":"SearchAction","target":{"@type":"EntryPoint","urlTemplate":"https:\/\/peoplesphere.be\/fr\/?s={search_term_string}"},"query-input":"required name=search_term_string"}],"inLanguage":"fr-FR"},{"@type":"Organization","@id":"https:\/\/peoplesphere.be\/fr\/#organization","name":"Peoplesphere Company srl","url":"https:\/\/peoplesphere.be\/fr\/","logo":{"@type":"ImageObject","inLanguage":"fr-FR","@id":"https:\/\/peoplesphere.be\/fr\/#\/schema\/logo\/image\/","url":"https:\/\/peoplesphere.be\/fr\/wp-content\/uploads\/2023\/07\/peoplesphere-lgo-new-generik.jpg","contentUrl":"https:\/\/peoplesphere.be\/fr\/wp-content\/uploads\/2023\/07\/peoplesphere-lgo-new-generik.jpg","width":1031,"height":1479,"caption":"Peoplesphere Company srl"},"image":{"@id":"https:\/\/peoplesphere.be\/fr\/#\/schema\/logo\/image\/"},"sameAs":["https:\/\/www.facebook.com\/peoplesphere","https:\/\/twitter.com\/PeoplesphereMag","https:\/\/www.linkedin.com\/company\/7587361?trk","http:\/\/youtube.com\/peoplesphere"]},{"@type":"Person","@id":"https:\/\/peoplesphere.be\/fr\/#\/schema\/person\/7976225ff17988604334abb7b3536a7e","name":"Jean-Paul Erhard","image":{"@type":"ImageObject","inLanguage":"fr-FR","@id":"https:\/\/peoplesphere.be\/fr\/#\/schema\/person\/image\/","url":"https:\/\/secure.gravatar.com\/avatar\/f941e681460179738071629a51574930?s=96&d=mm&r=g","contentUrl":"https:\/\/secure.gravatar.com\/avatar\/f941e681460179738071629a51574930?s=96&d=mm&r=g","caption":"Jean-Paul Erhard"},"url":"https:\/\/peoplesphere.be\/fr\/author\/jpe\/"}]}},"_links":{"self":[{"href":"https:\/\/peoplesphere.be\/fr\/wp-json\/wp\/v2\/posts\/8097"}],"collection":[{"href":"https:\/\/peoplesphere.be\/fr\/wp-json\/wp\/v2\/posts"}],"about":[{"href":"https:\/\/peoplesphere.be\/fr\/wp-json\/wp\/v2\/types\/post"}],"author":[{"embeddable":true,"href":"https:\/\/peoplesphere.be\/fr\/wp-json\/wp\/v2\/users\/2"}],"replies":[{"embeddable":true,"href":"https:\/\/peoplesphere.be\/fr\/wp-json\/wp\/v2\/comments?post=8097"}],"version-history":[{"count":1,"href":"https:\/\/peoplesphere.be\/fr\/wp-json\/wp\/v2\/posts\/8097\/revisions"}],"predecessor-version":[{"id":8098,"href":"https:\/\/peoplesphere.be\/fr\/wp-json\/wp\/v2\/posts\/8097\/revisions\/8098"}],"wp:attachment":[{"href":"https:\/\/peoplesphere.be\/fr\/wp-json\/wp\/v2\/media?parent=8097"}],"wp:term":[{"taxonomy":"category","embeddable":true,"href":"https:\/\/peoplesphere.be\/fr\/wp-json\/wp\/v2\/categories?post=8097"},{"taxonomy":"post_tag","embeddable":true,"href":"https:\/\/peoplesphere.be\/fr\/wp-json\/wp\/v2\/tags?post=8097"}],"curies":[{"name":"wp","href":"https:\/\/api.w.org\/{rel}","templated":true}]}}