









{"id":8102,"date":"2019-07-25T05:07:22","date_gmt":"2019-07-25T03:07:22","guid":{"rendered":"http:\/\/www.peoplesphere.be\/fr\/?p=8102"},"modified":"2019-07-25T05:07:22","modified_gmt":"2019-07-25T03:07:22","slug":"solutions-de-mobilite-douce-rentreront-liste-produits-peuvent-etre-achetes-ecocheques","status":"publish","type":"post","link":"https:\/\/peoplesphere.be\/fr\/solutions-de-mobilite-douce-rentreront-liste-produits-peuvent-etre-achetes-ecocheques\/","title":{"rendered":"Les solutions de mobilit\u00e9 douce rentreront dans la liste des produits qui peuvent \u00eatre achet\u00e9s avec des \u00e9coch\u00e8ques."},"content":{"rendered":"<p>Suite \u00e0 l\u2019instauration d\u2019un budget mobilit\u00e9 au 1er mars 2019 par la loi du 17 mars 2019, le Conseil National du Travail a estim\u00e9 opportun de pr\u00e9ciser et de compl\u00e9ter la liste des produits et services pouvant \u00eatre acquis avec des \u00e9co-ch\u00e8ques, en particulier en vue d\u2019\u00e9tablir la meilleure coh\u00e9rence possible entre le budget mobilit\u00e9, qui contient une d\u00e9finition de la \u00ab\u00a0mobilit\u00e9 douce\u00a0\u00bb, et la convention collective de travail \u00a0d\u00e9finissant cette liste d&rsquo;achats possibles.<!--more--><\/p>\n<p>Cette nouvelle liste entrera en vigueur le 1er septembre 2019 et sera compl\u00e9t\u00e9e par les trottinettes, steps, monoroues et hoverboards, qu\u2019ils soient sans moteur ou pourvus d\u2019un moteur \u00e9lectrique.<\/p>\n<p>En outre, dans son avis n\u00b0 2.136 pr\u00e9cit\u00e9, le Conseil confirme la tenue d\u2019un nouveau cycle d\u2019\u00e9valuation en 2020 sur la base de propositions \u00e0 lui transmettre directement au plus tard le 30 juin 2020 ainsi que la n\u00e9cessit\u00e9 de d\u00e9finir le cadre l\u00e9gal et r\u00e9glementaire concernant le \u00ab\u00a0circuit court\u00a0\u00bb pour envisager son inclusion \u00e9ventuelle dans la liste.<\/p>\n<p>Par ailleurs, le Conseil rappelle qu\u2019il s\u2019est d\u00e9j\u00e0 prononc\u00e9 de nombreuses fois sur les \u00e9co-ch\u00e8ques \u00e9lectroniques en vue d\u2019un passage total et d\u00e9finitif vers ceux-ci. Sur la base d\u2019un monitoring r\u00e9gulier du syst\u00e8me et se basant sur l\u2019analyse actualis\u00e9e fin 2018 de l\u2019Agence de simplification administrative (ASA), la g\u00e9n\u00e9ralisation des \u00e9co-ch\u00e8ques \u00e9lectroniques pourrait engendrer une \u00e9conomie suppl\u00e9mentaire en charges administratives de quelque 13 millions d\u2019euros, outre les 28 millions d\u00e9j\u00e0 engrang\u00e9s depuis 2015.<\/p>\n<p>Rappelons enfin qu\u2019\u00e0 l\u2019initiative de VIA (Voucher Issuers Association, qui repr\u00e9sente les int\u00e9r\u00eats des entreprises \u00e9mettrices de titres pr\u00e9pay\u00e9s),une \u00e9tude de l\u2019Universit\u00e9 d\u2019Hasselt men\u00e9e encollaboration avec Indiville (<em>\u00ab L\u2019impact des \u00e9co-ch\u00e8ques sur le comportement d\u2019achat en Belgique \u00bb<\/em>, 19 f\u00e9vrier 2019) a d\u00e9montr\u00e9 l\u2019impact positif des \u00e9co-ch\u00e8ques sur le comportement d\u2019achat des b\u00e9n\u00e9ficiaires de ceux-ci car\ufffc\ufffc plus de la moiti\u00e9 des travailleurs qui re\u00e7oivent des \u00e9co-ch\u00e8ques sont plus attentifs aux int\u00e9r\u00eats<br \/>\n\ufffcenvironnementaux.<\/p>\n<p>De m\u00eame, une autre \u00e9tude r\u00e9cente de CO2Logic toujours commandit\u00e9e par Via<em> (\u00ab Evaluation de l\u2019impact climatique associ\u00e9 \u00e0 l\u2019utilisation d\u2019\u00e9co-ch\u00e8ques en Belgique \u00bb,<\/em> 26 avril 2019) vient de conclure que l\u2019\u00e9co-ch\u00e8que a aussi un impact climatique favorable en permettant une \u00e9conomie substantielle de CO2 estim\u00e9e \u00e0 229 797 tonnes de CO2 en 2018. Cela correspond \u00e0 11,6 millions de voyages en voiture Bruxelles-Ostende ou aux \u00e9missions annuelles de 22 573 Belges.<\/p>\n<p>Cette nouvelle initiative du Conseil, qui est prise alors que les \u00e9co-ch\u00e8ques \u00ab f\u00eatent \u00bb leurs dix ann\u00e9es d\u2019existence, est certes un \u00ab petit pas sur la terre \u00bb, mais elle intervient \u00e0 un moment clef o\u00f9 les enjeux climatiques, de d\u00e9veloppement durable et de mobilit\u00e9 n\u2019ont jamais \u00e9t\u00e9 aussi pr\u00e9gnants dans tous les d\u00e9bats au sein du monde politique et de la soci\u00e9t\u00e9 dans sa globalit\u00e9.<\/p>\n<p><em>Source : Conseil National du Travail &#8211; Le Conseil a conclu la convention collective de travail n\u00b098\/6 modifiant la convention collective de travail n\u00b0 98 du 20 f\u00e9vrier 2009 concernant les \u00e9co-ch\u00e8ques et l\u2019avis n\u00b0 2.136 corr\u00e9latif.<\/em><\/p>\n<p>\ufffc<\/p>\n","protected":false},"excerpt":{"rendered":"<p>Suite \u00e0 l\u2019instauration d\u2019un budget mobilit\u00e9 au 1er mars 2019 par la loi du 17 mars 2019, le Conseil National du Travail a estim\u00e9 opportun de pr\u00e9ciser et de compl\u00e9ter la liste des produits et services pouvant \u00eatre acquis avec [&hellip;]<\/p>\n","protected":false},"author":2,"featured_media":0,"comment_status":"closed","ping_status":"open","sticky":false,"template":"","format":"standard","meta":[],"categories":[65,10],"tags":[1132,823,355,2644],"yoast_head":"<!-- This site is optimized with the Yoast SEO plugin v21.0 - https:\/\/yoast.com\/wordpress\/plugins\/seo\/ -->\n<title>Les solutions de mobilit\u00e9 douce rentreront dans la liste des produits qui peuvent \u00eatre achet\u00e9s avec des \u00e9coch\u00e8ques. - Peoplesphere<\/title>\n<meta name=\"robots\" content=\"index, follow, max-snippet:-1, max-image-preview:large, max-video-preview:-1\" \/>\n<link rel=\"canonical\" href=\"https:\/\/peoplesphere.be\/fr\/solutions-de-mobilite-douce-rentreront-liste-produits-peuvent-etre-achetes-ecocheques\/\" \/>\n<meta property=\"og:locale\" content=\"fr_FR\" \/>\n<meta property=\"og:type\" content=\"article\" \/>\n<meta property=\"og:title\" content=\"Les solutions de mobilit\u00e9 douce rentreront dans la liste des produits qui peuvent \u00eatre achet\u00e9s avec des \u00e9coch\u00e8ques. - Peoplesphere\" \/>\n<meta property=\"og:description\" content=\"Suite \u00e0 l\u2019instauration d\u2019un budget mobilit\u00e9 au 1er mars 2019 par la loi du 17 mars 2019, le Conseil National du Travail a estim\u00e9 opportun de pr\u00e9ciser et de compl\u00e9ter la liste des produits et services pouvant \u00eatre acquis avec [&hellip;]\" \/>\n<meta property=\"og:url\" content=\"https:\/\/peoplesphere.be\/fr\/solutions-de-mobilite-douce-rentreront-liste-produits-peuvent-etre-achetes-ecocheques\/\" \/>\n<meta property=\"og:site_name\" content=\"Peoplesphere\" \/>\n<meta property=\"article:publisher\" content=\"https:\/\/www.facebook.com\/peoplesphere\" \/>\n<meta property=\"article:published_time\" content=\"2019-07-25T03:07:22+00:00\" \/>\n<meta property=\"og:image\" content=\"http:\/\/www.peoplesphere.be\/fr\/wp-content\/uploads\/2016\/07\/facebook-default-posting-1200x628px.jpg\" \/>\n<meta name=\"author\" content=\"Jean-Paul Erhard\" \/>\n<meta name=\"twitter:card\" content=\"summary_large_image\" \/>\n<meta name=\"twitter:creator\" content=\"@PeoplesphereMag\" \/>\n<meta name=\"twitter:site\" content=\"@PeoplesphereMag\" \/>\n<meta name=\"twitter:label1\" content=\"\u00c9crit par\" \/>\n\t<meta name=\"twitter:data1\" content=\"Jean-Paul Erhard\" \/>\n\t<meta name=\"twitter:label2\" content=\"Dur\u00e9e de lecture estim\u00e9e\" \/>\n\t<meta name=\"twitter:data2\" content=\"3 minutes\" \/>\n<script type=\"application\/ld+json\" class=\"yoast-schema-graph\">{\"@context\":\"https:\/\/schema.org\",\"@graph\":[{\"@type\":\"Article\",\"@id\":\"https:\/\/peoplesphere.be\/fr\/solutions-de-mobilite-douce-rentreront-liste-produits-peuvent-etre-achetes-ecocheques\/#article\",\"isPartOf\":{\"@id\":\"https:\/\/peoplesphere.be\/fr\/solutions-de-mobilite-douce-rentreront-liste-produits-peuvent-etre-achetes-ecocheques\/\"},\"author\":{\"name\":\"Jean-Paul Erhard\",\"@id\":\"https:\/\/peoplesphere.be\/fr\/#\/schema\/person\/7976225ff17988604334abb7b3536a7e\"},\"headline\":\"Les solutions de mobilit\u00e9 douce rentreront dans la liste des produits qui peuvent \u00eatre achet\u00e9s avec des \u00e9coch\u00e8ques.\",\"datePublished\":\"2019-07-25T03:07:22+00:00\",\"dateModified\":\"2019-07-25T03:07:22+00:00\",\"mainEntityOfPage\":{\"@id\":\"https:\/\/peoplesphere.be\/fr\/solutions-de-mobilite-douce-rentreront-liste-produits-peuvent-etre-achetes-ecocheques\/\"},\"wordCount\":548,\"publisher\":{\"@id\":\"https:\/\/peoplesphere.be\/fr\/#organization\"},\"keywords\":[\"CNT\",\"d\u00e9veloppement durable\",\"\u00e9coch\u00e8ques\",\"mobilit\u00e9 douce\"],\"articleSection\":[\"Actualit\u00e9s\",\"Digital\"],\"inLanguage\":\"fr-FR\"},{\"@type\":\"WebPage\",\"@id\":\"https:\/\/peoplesphere.be\/fr\/solutions-de-mobilite-douce-rentreront-liste-produits-peuvent-etre-achetes-ecocheques\/\",\"url\":\"https:\/\/peoplesphere.be\/fr\/solutions-de-mobilite-douce-rentreront-liste-produits-peuvent-etre-achetes-ecocheques\/\",\"name\":\"Les solutions de mobilit\u00e9 douce rentreront dans la liste des produits qui peuvent \u00eatre achet\u00e9s avec des \u00e9coch\u00e8ques. - Peoplesphere\",\"isPartOf\":{\"@id\":\"https:\/\/peoplesphere.be\/fr\/#website\"},\"datePublished\":\"2019-07-25T03:07:22+00:00\",\"dateModified\":\"2019-07-25T03:07:22+00:00\",\"breadcrumb\":{\"@id\":\"https:\/\/peoplesphere.be\/fr\/solutions-de-mobilite-douce-rentreront-liste-produits-peuvent-etre-achetes-ecocheques\/#breadcrumb\"},\"inLanguage\":\"fr-FR\",\"potentialAction\":[{\"@type\":\"ReadAction\",\"target\":[\"https:\/\/peoplesphere.be\/fr\/solutions-de-mobilite-douce-rentreront-liste-produits-peuvent-etre-achetes-ecocheques\/\"]}]},{\"@type\":\"BreadcrumbList\",\"@id\":\"https:\/\/peoplesphere.be\/fr\/solutions-de-mobilite-douce-rentreront-liste-produits-peuvent-etre-achetes-ecocheques\/#breadcrumb\",\"itemListElement\":[{\"@type\":\"ListItem\",\"position\":1,\"name\":\"Accueil\",\"item\":\"https:\/\/peoplesphere.be\/fr\/\"},{\"@type\":\"ListItem\",\"position\":2,\"name\":\"Les solutions de mobilit\u00e9 douce rentreront dans la liste des produits qui peuvent \u00eatre achet\u00e9s avec des \u00e9coch\u00e8ques.\"}]},{\"@type\":\"WebSite\",\"@id\":\"https:\/\/peoplesphere.be\/fr\/#website\",\"url\":\"https:\/\/peoplesphere.be\/fr\/\",\"name\":\"Peoplesphere\",\"description\":\"The People Managers Magazine\",\"publisher\":{\"@id\":\"https:\/\/peoplesphere.be\/fr\/#organization\"},\"potentialAction\":[{\"@type\":\"SearchAction\",\"target\":{\"@type\":\"EntryPoint\",\"urlTemplate\":\"https:\/\/peoplesphere.be\/fr\/?s={search_term_string}\"},\"query-input\":\"required name=search_term_string\"}],\"inLanguage\":\"fr-FR\"},{\"@type\":\"Organization\",\"@id\":\"https:\/\/peoplesphere.be\/fr\/#organization\",\"name\":\"Peoplesphere Company srl\",\"url\":\"https:\/\/peoplesphere.be\/fr\/\",\"logo\":{\"@type\":\"ImageObject\",\"inLanguage\":\"fr-FR\",\"@id\":\"https:\/\/peoplesphere.be\/fr\/#\/schema\/logo\/image\/\",\"url\":\"https:\/\/peoplesphere.be\/fr\/wp-content\/uploads\/2023\/07\/peoplesphere-lgo-new-generik.jpg\",\"contentUrl\":\"https:\/\/peoplesphere.be\/fr\/wp-content\/uploads\/2023\/07\/peoplesphere-lgo-new-generik.jpg\",\"width\":1031,\"height\":1479,\"caption\":\"Peoplesphere Company srl\"},\"image\":{\"@id\":\"https:\/\/peoplesphere.be\/fr\/#\/schema\/logo\/image\/\"},\"sameAs\":[\"https:\/\/www.facebook.com\/peoplesphere\",\"https:\/\/twitter.com\/PeoplesphereMag\",\"https:\/\/www.linkedin.com\/company\/7587361?trk\",\"http:\/\/youtube.com\/peoplesphere\"]},{\"@type\":\"Person\",\"@id\":\"https:\/\/peoplesphere.be\/fr\/#\/schema\/person\/7976225ff17988604334abb7b3536a7e\",\"name\":\"Jean-Paul Erhard\",\"image\":{\"@type\":\"ImageObject\",\"inLanguage\":\"fr-FR\",\"@id\":\"https:\/\/peoplesphere.be\/fr\/#\/schema\/person\/image\/\",\"url\":\"https:\/\/secure.gravatar.com\/avatar\/f941e681460179738071629a51574930?s=96&d=mm&r=g\",\"contentUrl\":\"https:\/\/secure.gravatar.com\/avatar\/f941e681460179738071629a51574930?s=96&d=mm&r=g\",\"caption\":\"Jean-Paul Erhard\"},\"url\":\"https:\/\/peoplesphere.be\/fr\/author\/jpe\/\"}]}<\/script>\n<!-- \/ Yoast SEO plugin. -->","yoast_head_json":{"title":"Les solutions de mobilit\u00e9 douce rentreront dans la liste des produits qui peuvent \u00eatre achet\u00e9s avec des \u00e9coch\u00e8ques. - Peoplesphere","robots":{"index":"index","follow":"follow","max-snippet":"max-snippet:-1","max-image-preview":"max-image-preview:large","max-video-preview":"max-video-preview:-1"},"canonical":"https:\/\/peoplesphere.be\/fr\/solutions-de-mobilite-douce-rentreront-liste-produits-peuvent-etre-achetes-ecocheques\/","og_locale":"fr_FR","og_type":"article","og_title":"Les solutions de mobilit\u00e9 douce rentreront dans la liste des produits qui peuvent \u00eatre achet\u00e9s avec des \u00e9coch\u00e8ques. - Peoplesphere","og_description":"Suite \u00e0 l\u2019instauration d\u2019un budget mobilit\u00e9 au 1er mars 2019 par la loi du 17 mars 2019, le Conseil National du Travail a estim\u00e9 opportun de pr\u00e9ciser et de compl\u00e9ter la liste des produits et services pouvant \u00eatre acquis avec [&hellip;]","og_url":"https:\/\/peoplesphere.be\/fr\/solutions-de-mobilite-douce-rentreront-liste-produits-peuvent-etre-achetes-ecocheques\/","og_site_name":"Peoplesphere","article_publisher":"https:\/\/www.facebook.com\/peoplesphere","article_published_time":"2019-07-25T03:07:22+00:00","og_image":[{"url":"http:\/\/www.peoplesphere.be\/fr\/wp-content\/uploads\/2016\/07\/facebook-default-posting-1200x628px.jpg"}],"author":"Jean-Paul Erhard","twitter_card":"summary_large_image","twitter_creator":"@PeoplesphereMag","twitter_site":"@PeoplesphereMag","twitter_misc":{"\u00c9crit par":"Jean-Paul Erhard","Dur\u00e9e de lecture estim\u00e9e":"3 minutes"},"schema":{"@context":"https:\/\/schema.org","@graph":[{"@type":"Article","@id":"https:\/\/peoplesphere.be\/fr\/solutions-de-mobilite-douce-rentreront-liste-produits-peuvent-etre-achetes-ecocheques\/#article","isPartOf":{"@id":"https:\/\/peoplesphere.be\/fr\/solutions-de-mobilite-douce-rentreront-liste-produits-peuvent-etre-achetes-ecocheques\/"},"author":{"name":"Jean-Paul Erhard","@id":"https:\/\/peoplesphere.be\/fr\/#\/schema\/person\/7976225ff17988604334abb7b3536a7e"},"headline":"Les solutions de mobilit\u00e9 douce rentreront dans la liste des produits qui peuvent \u00eatre achet\u00e9s avec des \u00e9coch\u00e8ques.","datePublished":"2019-07-25T03:07:22+00:00","dateModified":"2019-07-25T03:07:22+00:00","mainEntityOfPage":{"@id":"https:\/\/peoplesphere.be\/fr\/solutions-de-mobilite-douce-rentreront-liste-produits-peuvent-etre-achetes-ecocheques\/"},"wordCount":548,"publisher":{"@id":"https:\/\/peoplesphere.be\/fr\/#organization"},"keywords":["CNT","d\u00e9veloppement durable","\u00e9coch\u00e8ques","mobilit\u00e9 douce"],"articleSection":["Actualit\u00e9s","Digital"],"inLanguage":"fr-FR"},{"@type":"WebPage","@id":"https:\/\/peoplesphere.be\/fr\/solutions-de-mobilite-douce-rentreront-liste-produits-peuvent-etre-achetes-ecocheques\/","url":"https:\/\/peoplesphere.be\/fr\/solutions-de-mobilite-douce-rentreront-liste-produits-peuvent-etre-achetes-ecocheques\/","name":"Les solutions de mobilit\u00e9 douce rentreront dans la liste des produits qui peuvent \u00eatre achet\u00e9s avec des \u00e9coch\u00e8ques. - Peoplesphere","isPartOf":{"@id":"https:\/\/peoplesphere.be\/fr\/#website"},"datePublished":"2019-07-25T03:07:22+00:00","dateModified":"2019-07-25T03:07:22+00:00","breadcrumb":{"@id":"https:\/\/peoplesphere.be\/fr\/solutions-de-mobilite-douce-rentreront-liste-produits-peuvent-etre-achetes-ecocheques\/#breadcrumb"},"inLanguage":"fr-FR","potentialAction":[{"@type":"ReadAction","target":["https:\/\/peoplesphere.be\/fr\/solutions-de-mobilite-douce-rentreront-liste-produits-peuvent-etre-achetes-ecocheques\/"]}]},{"@type":"BreadcrumbList","@id":"https:\/\/peoplesphere.be\/fr\/solutions-de-mobilite-douce-rentreront-liste-produits-peuvent-etre-achetes-ecocheques\/#breadcrumb","itemListElement":[{"@type":"ListItem","position":1,"name":"Accueil","item":"https:\/\/peoplesphere.be\/fr\/"},{"@type":"ListItem","position":2,"name":"Les solutions de mobilit\u00e9 douce rentreront dans la liste des produits qui peuvent \u00eatre achet\u00e9s avec des \u00e9coch\u00e8ques."}]},{"@type":"WebSite","@id":"https:\/\/peoplesphere.be\/fr\/#website","url":"https:\/\/peoplesphere.be\/fr\/","name":"Peoplesphere","description":"The People Managers Magazine","publisher":{"@id":"https:\/\/peoplesphere.be\/fr\/#organization"},"potentialAction":[{"@type":"SearchAction","target":{"@type":"EntryPoint","urlTemplate":"https:\/\/peoplesphere.be\/fr\/?s={search_term_string}"},"query-input":"required name=search_term_string"}],"inLanguage":"fr-FR"},{"@type":"Organization","@id":"https:\/\/peoplesphere.be\/fr\/#organization","name":"Peoplesphere Company srl","url":"https:\/\/peoplesphere.be\/fr\/","logo":{"@type":"ImageObject","inLanguage":"fr-FR","@id":"https:\/\/peoplesphere.be\/fr\/#\/schema\/logo\/image\/","url":"https:\/\/peoplesphere.be\/fr\/wp-content\/uploads\/2023\/07\/peoplesphere-lgo-new-generik.jpg","contentUrl":"https:\/\/peoplesphere.be\/fr\/wp-content\/uploads\/2023\/07\/peoplesphere-lgo-new-generik.jpg","width":1031,"height":1479,"caption":"Peoplesphere Company srl"},"image":{"@id":"https:\/\/peoplesphere.be\/fr\/#\/schema\/logo\/image\/"},"sameAs":["https:\/\/www.facebook.com\/peoplesphere","https:\/\/twitter.com\/PeoplesphereMag","https:\/\/www.linkedin.com\/company\/7587361?trk","http:\/\/youtube.com\/peoplesphere"]},{"@type":"Person","@id":"https:\/\/peoplesphere.be\/fr\/#\/schema\/person\/7976225ff17988604334abb7b3536a7e","name":"Jean-Paul Erhard","image":{"@type":"ImageObject","inLanguage":"fr-FR","@id":"https:\/\/peoplesphere.be\/fr\/#\/schema\/person\/image\/","url":"https:\/\/secure.gravatar.com\/avatar\/f941e681460179738071629a51574930?s=96&d=mm&r=g","contentUrl":"https:\/\/secure.gravatar.com\/avatar\/f941e681460179738071629a51574930?s=96&d=mm&r=g","caption":"Jean-Paul Erhard"},"url":"https:\/\/peoplesphere.be\/fr\/author\/jpe\/"}]}},"_links":{"self":[{"href":"https:\/\/peoplesphere.be\/fr\/wp-json\/wp\/v2\/posts\/8102"}],"collection":[{"href":"https:\/\/peoplesphere.be\/fr\/wp-json\/wp\/v2\/posts"}],"about":[{"href":"https:\/\/peoplesphere.be\/fr\/wp-json\/wp\/v2\/types\/post"}],"author":[{"embeddable":true,"href":"https:\/\/peoplesphere.be\/fr\/wp-json\/wp\/v2\/users\/2"}],"replies":[{"embeddable":true,"href":"https:\/\/peoplesphere.be\/fr\/wp-json\/wp\/v2\/comments?post=8102"}],"version-history":[{"count":1,"href":"https:\/\/peoplesphere.be\/fr\/wp-json\/wp\/v2\/posts\/8102\/revisions"}],"predecessor-version":[{"id":8103,"href":"https:\/\/peoplesphere.be\/fr\/wp-json\/wp\/v2\/posts\/8102\/revisions\/8103"}],"wp:attachment":[{"href":"https:\/\/peoplesphere.be\/fr\/wp-json\/wp\/v2\/media?parent=8102"}],"wp:term":[{"taxonomy":"category","embeddable":true,"href":"https:\/\/peoplesphere.be\/fr\/wp-json\/wp\/v2\/categories?post=8102"},{"taxonomy":"post_tag","embeddable":true,"href":"https:\/\/peoplesphere.be\/fr\/wp-json\/wp\/v2\/tags?post=8102"}],"curies":[{"name":"wp","href":"https:\/\/api.w.org\/{rel}","templated":true}]}}