









{"id":8139,"date":"2019-08-06T16:39:56","date_gmt":"2019-08-06T14:39:56","guid":{"rendered":"http:\/\/www.peoplesphere.be\/fr\/?p=8139"},"modified":"2019-08-06T16:42:58","modified_gmt":"2019-08-06T14:42:58","slug":"flexibilite-travail-complexite-de-legislation-cout-employeurs-placent-belgique-queue-pilon-europeen","status":"publish","type":"post","link":"https:\/\/peoplesphere.be\/fr\/flexibilite-travail-complexite-de-legislation-cout-employeurs-placent-belgique-queue-pilon-europeen\/","title":{"rendered":"Flexibilit\u00e9 du travail: la complexit\u00e9 de la l\u00e9gislation et le co\u00fbt pour les employeurs placent la Belgique en queue du peloton europ\u00e9en."},"content":{"rendered":"<p>En 2004, 4,6% des Belges travaillaient la nuit. Ils ne sont plus que 3% actuellement, bien loin de la moyenne europ\u00e9enne qui se situe \u00e0 5,6%. Selon l\u2019institut flamand Steunpunt Werk, en r\u00e8gle g\u00e9n\u00e9rale, les travailleurs belges prestent moins le soir, la nuit et le week-end que les autres travailleurs europ\u00e9ens. Ainsi, seul un Belge sur 10 travaille \u00e0 un horaire fortement diff\u00e9rent du classique 9-17.<!--more--><\/p>\n<p>La RTBF extrait les principaux \u00e9l\u00e9ments de cette \u00e9tude men\u00e9e par l&rsquo;institut flamand : en ce qui concerne le travail de nuit, le chiffre est sensiblement plus important en Wallonie (3,2%) qu\u2019en Flandre (3%) et qu\u2019\u00e0 Bruxelles (2,8%). Il n\u2019y a que quatre pays parmi les 28 qui font moins que nous : la Croatie, la Lituanie, la Pologne et le Portugal. De l\u2019autre c\u00f4t\u00e9 de l\u2019\u00e9chelle, la Slovaquie (16,5%), l\u2019Italie (9,2%), Malte (9,1%) et la Slov\u00e9nie (9,1%) ont davantage recours au travail de nuit.<\/p>\n<p>Les chiffres de travail de soir\u00e9e affichent la m\u00eame tendance. La Belgique affiche un taux de 8,3%, loin de la moyenne europ\u00e9enne de 13,4% ou des champions europ\u00e9ens de l\u2019exercice comme la Gr\u00e8ce (30,1%) ou les Pays-Bas (29,2%).<\/p>\n<p>L\u2019\u00e9cart est moins important en ce qui concerne le travail pendant le week-end. La Belgique est dans la moyenne basse de l\u2019UE avec un taux de 17,8% concernant le travail le samedi, alors que les autres pays de l\u2019UE se situent autour des 22%. L\u00e0 encore, certains de nos voisins comme l\u2019Italie, la Gr\u00e8ce ou Malte d\u00e9passent les 30%. Nos voisins plus proches (Pays-Bas, Allemagne, France) sont tous au-dessus de notre taux, compris entre 22% et 27%.<\/p>\n<p>Le m\u00eame faible \u00e9cart se voit \u00e9galement sur le travail du dimanche. La Belgique (10,2%) se situe 2,5 points sous la moyenne europ\u00e9enne (12,7%). La encore, nos voisins allemands (11,8%), fran\u00e7ais (13,1%) et surtout n\u00e9erlandais (19,7%) se situent bien au-dessus des chiffres belges.<\/p>\n<p><em><strong>La l\u00e9gislation est-elle trop protectrice ?<\/strong><\/em><\/p>\n<p>Ces faibles taux de travail la nuit ou le week-end peuvent s\u2019expliquer par une l\u00e9gislation belge plut\u00f4t protectrice des travailleurs en la mati\u00e8re. Ainsi, le travail de nuit, apr\u00e8s 20h et avant 6h du matin ainsi que le dimanche est th\u00e9oriquement interdit. Bien s\u00fbr, certains secteurs sont parvenus gr\u00e2ce \u00e0 des accords paritaires entre employeurs et syndicats \u00e0 mettre en place un travail en dehors de ces horaires. Mais cela se fait apr\u00e8s une n\u00e9gociation qui implique donc plus de r\u00e9cup\u00e9rations ou des avantages qui rendent ce travail plus cher pour les employeurs\u2026 de quoi freiner les envies de pousser au travail de nuit ou le week-end.<\/p>\n<p>Pour la F\u00e9d\u00e9ration des Entreprises de Belgique (FEB), ce travail flexible devrait \u00eatre plus d\u00e9velopp\u00e9, \u00e0 la fois r\u00e9pondre aux besoins de notre \u00e9conomie tr\u00e8s exportatrice, mais aussi pour r\u00e9pondre \u00e0 une certaine<em> \u00ab\u00a0libert\u00e9 dans l\u2019organisation du travail pour mieux concilier vie professionnelle et vie familiale\u00a0\u00bb<\/em>. <em>\u00ab\u00a0Cela doit bien s\u00fbr s\u2019inscrire dans le respect d\u2019un certain nombre de limites absolues et sur une base volontaire dans le chef des travailleurs\u00a0\u00bb<\/em>, pr\u00e9cise encore la FEB.<\/p>\n<p>Du c\u00f4t\u00e9 de la CGSLB, on s\u2019\u00e9tonne des chiffres pla\u00e7ant la Belgique en queue de peloton europ\u00e9en. <em>\u00ab\u00a0On avait m\u00eame l\u2019impression inverse, en comparant les chiffres belges avec ceux de nos coll\u00e8gues europ\u00e9ens\u00a0\u00bb<\/em>, nous explique le porte-parole du syndicat lib\u00e9ral. Et la CGSLB de rejoindre, du moins sur le principe, l\u2019id\u00e9e d\u2019explorer de nouvelles pistes vers un travail d\u00e9cal\u00e9. <em>\u00ab\u00a0Nous n\u2019avons jamais dit \u00e0 non \u00e0 une certaine flexibilit\u00e9 car on le sait, certains travailleurs sont aussi demandeurs. Mais cela doit toujours faire partie d\u2019une n\u00e9gociation car le travail de nuit par exemple a des cons\u00e9quences sur le biorythme des gens et donc, il faut compenser le co\u00fbt social que cela repr\u00e9sente.\u00a0\u00bb<\/em><\/p>\n<p><em><strong>Handicap \u00e9conomique.<\/strong><\/em><\/p>\n<p>La FEB ne le dit pas clairement, mais elle le sous-entend, la difficult\u00e9 d\u2019instaurer un travail d\u00e9cal\u00e9 en Belgique p\u00e8se sur le chiffre d\u2019affaires des entreprises. <em>\u00ab\u00a0Notre pays est une \u00e9conomie exportatrice, les consommateurs font aujourd\u2019hui, en quelques clics, des achats qu\u2019ils souhaitent recevoir chez eux demain\u00a0\u00bb,<\/em> d\u00e9veloppe la FEB. Il y a donc une demande de consommateurs que les entreprises pour un travail le week-end ou la nuit.<\/p>\n<p>Le faible taux de travail la nuit ou le week-end cr\u00e9erait donc un manque \u00e0 gagner pour les entreprises belges. Mais elle est compens\u00e9e, r\u00e9pond la CGSLB, notamment vis-\u00e0-vis de nos voisins directs. Le travailleur belge est plus productif que le Fran\u00e7ais, le N\u00e9erlandais ou l\u2019Allemand, ce qui compenserait l\u2019absence de travail le week-end.<\/p>\n<p>Pour Comeos, le repr\u00e9sentant du secteur du commerce et de service, le manque \u00e0 gagner est \u00e9vident. <em>\u00ab\u00a0Quand on compare les r\u00e9sultats de cette \u00e9tude avec ceux des Pays-Bas, on ne peut que constater le handicap belge en mati\u00e8re de l\u00e9gislation belge permettant le travail de soir\u00e9e et le week-end\u00a0\u00bb<\/em>, d\u00e9plore Thierry Vermeire, directeur des Affaires sociales chez Comeos. \u00ab\u00a0<em>On sait que 50% des achats en ligne sont r\u00e9alis\u00e9s apr\u00e8s 18h, et en Belgique, la l\u00e9gislation de nuit commence \u00e0 20h, contre minuit aux Pays-Bas. Donc quand une entreprise belge a deux heures pour pr\u00e9parer une commande en Belgique, la n\u00e9erlandaise en a six, avant de devoir payer des primes de nuit ou des compensations. Et cela explique que de nombreux centres de livraison e-commerce se trouvent le long de nos fronti\u00e8res. Si d\u00e9j\u00e0, nous pouvions atteindre 21h ou 22h, nous y gagnerions beaucoup et notamment en emplois\u00a0\u00bb<\/em>, appuie Thierry Vermeire.<\/p>\n<p>Comeos ne parle donc pas du travail de nuit, mais plut\u00f4t de \u00ab\u00a0travail de soir\u00e9e\u00a0\u00bb, que l\u2019\u00e9tude divise aussi en deux statistiques diff\u00e9rentes. Les cons\u00e9quences m\u00e9dicales et psychologiques du travail de nuit sur le bien-\u00eatre du travailleur ont d\u00e9j\u00e0 \u00e9t\u00e9 prouv\u00e9es \u00e0 plusieurs reprises. On parle entre autres de troubles du sommeil et de troubles m\u00e9taboliques comme la prise de poids. En France, on consid\u00e8re que le nombre de travailleurs de nuit a doubl\u00e9 en vingt ans.<\/p>\n<p><em>Source: RTBF<\/em><\/p>\n","protected":false},"excerpt":{"rendered":"<p>En 2004, 4,6% des Belges travaillaient la nuit. Ils ne sont plus que 3% actuellement, bien loin de la moyenne europ\u00e9enne qui se situe \u00e0 5,6%. Selon l\u2019institut flamand Steunpunt Werk, en r\u00e8gle g\u00e9n\u00e9rale, les travailleurs belges prestent moins le [&hellip;]<\/p>\n","protected":false},"author":2,"featured_media":0,"comment_status":"closed","ping_status":"open","sticky":false,"template":"","format":"standard","meta":[],"categories":[65,10],"tags":[96,220,179,524],"yoast_head":"<!-- This site is optimized with the Yoast SEO plugin v21.0 - https:\/\/yoast.com\/wordpress\/plugins\/seo\/ -->\n<title>Flexibilit\u00e9 du travail: la complexit\u00e9 de la l\u00e9gislation et le co\u00fbt pour les employeurs placent la Belgique en queue du peloton europ\u00e9en. - Peoplesphere<\/title>\n<meta name=\"robots\" content=\"index, follow, max-snippet:-1, max-image-preview:large, max-video-preview:-1\" \/>\n<link rel=\"canonical\" href=\"https:\/\/peoplesphere.be\/fr\/flexibilite-travail-complexite-de-legislation-cout-employeurs-placent-belgique-queue-pilon-europeen\/\" \/>\n<meta property=\"og:locale\" content=\"fr_FR\" \/>\n<meta property=\"og:type\" content=\"article\" \/>\n<meta property=\"og:title\" content=\"Flexibilit\u00e9 du travail: la complexit\u00e9 de la l\u00e9gislation et le co\u00fbt pour les employeurs placent la Belgique en queue du peloton europ\u00e9en. - Peoplesphere\" \/>\n<meta property=\"og:description\" content=\"En 2004, 4,6% des Belges travaillaient la nuit. Ils ne sont plus que 3% actuellement, bien loin de la moyenne europ\u00e9enne qui se situe \u00e0 5,6%. Selon l\u2019institut flamand Steunpunt Werk, en r\u00e8gle g\u00e9n\u00e9rale, les travailleurs belges prestent moins le [&hellip;]\" \/>\n<meta property=\"og:url\" content=\"https:\/\/peoplesphere.be\/fr\/flexibilite-travail-complexite-de-legislation-cout-employeurs-placent-belgique-queue-pilon-europeen\/\" \/>\n<meta property=\"og:site_name\" content=\"Peoplesphere\" \/>\n<meta property=\"article:publisher\" content=\"https:\/\/www.facebook.com\/peoplesphere\" \/>\n<meta property=\"article:published_time\" content=\"2019-08-06T14:39:56+00:00\" \/>\n<meta property=\"article:modified_time\" content=\"2019-08-06T14:42:58+00:00\" \/>\n<meta property=\"og:image\" content=\"http:\/\/www.peoplesphere.be\/fr\/wp-content\/uploads\/2016\/07\/facebook-default-posting-1200x628px.jpg\" \/>\n<meta name=\"author\" content=\"Jean-Paul Erhard\" \/>\n<meta name=\"twitter:card\" content=\"summary_large_image\" \/>\n<meta name=\"twitter:creator\" content=\"@PeoplesphereMag\" \/>\n<meta name=\"twitter:site\" content=\"@PeoplesphereMag\" \/>\n<meta name=\"twitter:label1\" content=\"\u00c9crit par\" \/>\n\t<meta name=\"twitter:data1\" content=\"Jean-Paul Erhard\" \/>\n\t<meta name=\"twitter:label2\" content=\"Dur\u00e9e de lecture estim\u00e9e\" \/>\n\t<meta name=\"twitter:data2\" content=\"5 minutes\" \/>\n<script type=\"application\/ld+json\" class=\"yoast-schema-graph\">{\"@context\":\"https:\/\/schema.org\",\"@graph\":[{\"@type\":\"Article\",\"@id\":\"https:\/\/peoplesphere.be\/fr\/flexibilite-travail-complexite-de-legislation-cout-employeurs-placent-belgique-queue-pilon-europeen\/#article\",\"isPartOf\":{\"@id\":\"https:\/\/peoplesphere.be\/fr\/flexibilite-travail-complexite-de-legislation-cout-employeurs-placent-belgique-queue-pilon-europeen\/\"},\"author\":{\"name\":\"Jean-Paul Erhard\",\"@id\":\"https:\/\/peoplesphere.be\/fr\/#\/schema\/person\/7976225ff17988604334abb7b3536a7e\"},\"headline\":\"Flexibilit\u00e9 du travail: la complexit\u00e9 de la l\u00e9gislation et le co\u00fbt pour les employeurs placent la Belgique en queue du peloton europ\u00e9en.\",\"datePublished\":\"2019-08-06T14:39:56+00:00\",\"dateModified\":\"2019-08-06T14:42:58+00:00\",\"mainEntityOfPage\":{\"@id\":\"https:\/\/peoplesphere.be\/fr\/flexibilite-travail-complexite-de-legislation-cout-employeurs-placent-belgique-queue-pilon-europeen\/\"},\"wordCount\":1059,\"publisher\":{\"@id\":\"https:\/\/peoplesphere.be\/fr\/#organization\"},\"keywords\":[\"bien-\u00eatre\",\"flexibilit\u00e9\",\"productivit\u00e9\",\"travail de nuit\"],\"articleSection\":[\"Actualit\u00e9s\",\"Digital\"],\"inLanguage\":\"fr-FR\"},{\"@type\":\"WebPage\",\"@id\":\"https:\/\/peoplesphere.be\/fr\/flexibilite-travail-complexite-de-legislation-cout-employeurs-placent-belgique-queue-pilon-europeen\/\",\"url\":\"https:\/\/peoplesphere.be\/fr\/flexibilite-travail-complexite-de-legislation-cout-employeurs-placent-belgique-queue-pilon-europeen\/\",\"name\":\"Flexibilit\u00e9 du travail: la complexit\u00e9 de la l\u00e9gislation et le co\u00fbt pour les employeurs placent la Belgique en queue du peloton europ\u00e9en. - Peoplesphere\",\"isPartOf\":{\"@id\":\"https:\/\/peoplesphere.be\/fr\/#website\"},\"datePublished\":\"2019-08-06T14:39:56+00:00\",\"dateModified\":\"2019-08-06T14:42:58+00:00\",\"breadcrumb\":{\"@id\":\"https:\/\/peoplesphere.be\/fr\/flexibilite-travail-complexite-de-legislation-cout-employeurs-placent-belgique-queue-pilon-europeen\/#breadcrumb\"},\"inLanguage\":\"fr-FR\",\"potentialAction\":[{\"@type\":\"ReadAction\",\"target\":[\"https:\/\/peoplesphere.be\/fr\/flexibilite-travail-complexite-de-legislation-cout-employeurs-placent-belgique-queue-pilon-europeen\/\"]}]},{\"@type\":\"BreadcrumbList\",\"@id\":\"https:\/\/peoplesphere.be\/fr\/flexibilite-travail-complexite-de-legislation-cout-employeurs-placent-belgique-queue-pilon-europeen\/#breadcrumb\",\"itemListElement\":[{\"@type\":\"ListItem\",\"position\":1,\"name\":\"Accueil\",\"item\":\"https:\/\/peoplesphere.be\/fr\/\"},{\"@type\":\"ListItem\",\"position\":2,\"name\":\"Flexibilit\u00e9 du travail: la complexit\u00e9 de la l\u00e9gislation et le co\u00fbt pour les employeurs placent la Belgique en queue du peloton europ\u00e9en.\"}]},{\"@type\":\"WebSite\",\"@id\":\"https:\/\/peoplesphere.be\/fr\/#website\",\"url\":\"https:\/\/peoplesphere.be\/fr\/\",\"name\":\"Peoplesphere\",\"description\":\"The People Managers Magazine\",\"publisher\":{\"@id\":\"https:\/\/peoplesphere.be\/fr\/#organization\"},\"potentialAction\":[{\"@type\":\"SearchAction\",\"target\":{\"@type\":\"EntryPoint\",\"urlTemplate\":\"https:\/\/peoplesphere.be\/fr\/?s={search_term_string}\"},\"query-input\":\"required name=search_term_string\"}],\"inLanguage\":\"fr-FR\"},{\"@type\":\"Organization\",\"@id\":\"https:\/\/peoplesphere.be\/fr\/#organization\",\"name\":\"Peoplesphere Company srl\",\"url\":\"https:\/\/peoplesphere.be\/fr\/\",\"logo\":{\"@type\":\"ImageObject\",\"inLanguage\":\"fr-FR\",\"@id\":\"https:\/\/peoplesphere.be\/fr\/#\/schema\/logo\/image\/\",\"url\":\"https:\/\/peoplesphere.be\/fr\/wp-content\/uploads\/2023\/07\/peoplesphere-lgo-new-generik.jpg\",\"contentUrl\":\"https:\/\/peoplesphere.be\/fr\/wp-content\/uploads\/2023\/07\/peoplesphere-lgo-new-generik.jpg\",\"width\":1031,\"height\":1479,\"caption\":\"Peoplesphere Company srl\"},\"image\":{\"@id\":\"https:\/\/peoplesphere.be\/fr\/#\/schema\/logo\/image\/\"},\"sameAs\":[\"https:\/\/www.facebook.com\/peoplesphere\",\"https:\/\/twitter.com\/PeoplesphereMag\",\"https:\/\/www.linkedin.com\/company\/7587361?trk\",\"http:\/\/youtube.com\/peoplesphere\"]},{\"@type\":\"Person\",\"@id\":\"https:\/\/peoplesphere.be\/fr\/#\/schema\/person\/7976225ff17988604334abb7b3536a7e\",\"name\":\"Jean-Paul Erhard\",\"image\":{\"@type\":\"ImageObject\",\"inLanguage\":\"fr-FR\",\"@id\":\"https:\/\/peoplesphere.be\/fr\/#\/schema\/person\/image\/\",\"url\":\"https:\/\/secure.gravatar.com\/avatar\/f941e681460179738071629a51574930?s=96&d=mm&r=g\",\"contentUrl\":\"https:\/\/secure.gravatar.com\/avatar\/f941e681460179738071629a51574930?s=96&d=mm&r=g\",\"caption\":\"Jean-Paul Erhard\"},\"url\":\"https:\/\/peoplesphere.be\/fr\/author\/jpe\/\"}]}<\/script>\n<!-- \/ Yoast SEO plugin. -->","yoast_head_json":{"title":"Flexibilit\u00e9 du travail: la complexit\u00e9 de la l\u00e9gislation et le co\u00fbt pour les employeurs placent la Belgique en queue du peloton europ\u00e9en. - Peoplesphere","robots":{"index":"index","follow":"follow","max-snippet":"max-snippet:-1","max-image-preview":"max-image-preview:large","max-video-preview":"max-video-preview:-1"},"canonical":"https:\/\/peoplesphere.be\/fr\/flexibilite-travail-complexite-de-legislation-cout-employeurs-placent-belgique-queue-pilon-europeen\/","og_locale":"fr_FR","og_type":"article","og_title":"Flexibilit\u00e9 du travail: la complexit\u00e9 de la l\u00e9gislation et le co\u00fbt pour les employeurs placent la Belgique en queue du peloton europ\u00e9en. - Peoplesphere","og_description":"En 2004, 4,6% des Belges travaillaient la nuit. Ils ne sont plus que 3% actuellement, bien loin de la moyenne europ\u00e9enne qui se situe \u00e0 5,6%. Selon l\u2019institut flamand Steunpunt Werk, en r\u00e8gle g\u00e9n\u00e9rale, les travailleurs belges prestent moins le [&hellip;]","og_url":"https:\/\/peoplesphere.be\/fr\/flexibilite-travail-complexite-de-legislation-cout-employeurs-placent-belgique-queue-pilon-europeen\/","og_site_name":"Peoplesphere","article_publisher":"https:\/\/www.facebook.com\/peoplesphere","article_published_time":"2019-08-06T14:39:56+00:00","article_modified_time":"2019-08-06T14:42:58+00:00","og_image":[{"url":"http:\/\/www.peoplesphere.be\/fr\/wp-content\/uploads\/2016\/07\/facebook-default-posting-1200x628px.jpg"}],"author":"Jean-Paul Erhard","twitter_card":"summary_large_image","twitter_creator":"@PeoplesphereMag","twitter_site":"@PeoplesphereMag","twitter_misc":{"\u00c9crit par":"Jean-Paul Erhard","Dur\u00e9e de lecture estim\u00e9e":"5 minutes"},"schema":{"@context":"https:\/\/schema.org","@graph":[{"@type":"Article","@id":"https:\/\/peoplesphere.be\/fr\/flexibilite-travail-complexite-de-legislation-cout-employeurs-placent-belgique-queue-pilon-europeen\/#article","isPartOf":{"@id":"https:\/\/peoplesphere.be\/fr\/flexibilite-travail-complexite-de-legislation-cout-employeurs-placent-belgique-queue-pilon-europeen\/"},"author":{"name":"Jean-Paul Erhard","@id":"https:\/\/peoplesphere.be\/fr\/#\/schema\/person\/7976225ff17988604334abb7b3536a7e"},"headline":"Flexibilit\u00e9 du travail: la complexit\u00e9 de la l\u00e9gislation et le co\u00fbt pour les employeurs placent la Belgique en queue du peloton europ\u00e9en.","datePublished":"2019-08-06T14:39:56+00:00","dateModified":"2019-08-06T14:42:58+00:00","mainEntityOfPage":{"@id":"https:\/\/peoplesphere.be\/fr\/flexibilite-travail-complexite-de-legislation-cout-employeurs-placent-belgique-queue-pilon-europeen\/"},"wordCount":1059,"publisher":{"@id":"https:\/\/peoplesphere.be\/fr\/#organization"},"keywords":["bien-\u00eatre","flexibilit\u00e9","productivit\u00e9","travail de nuit"],"articleSection":["Actualit\u00e9s","Digital"],"inLanguage":"fr-FR"},{"@type":"WebPage","@id":"https:\/\/peoplesphere.be\/fr\/flexibilite-travail-complexite-de-legislation-cout-employeurs-placent-belgique-queue-pilon-europeen\/","url":"https:\/\/peoplesphere.be\/fr\/flexibilite-travail-complexite-de-legislation-cout-employeurs-placent-belgique-queue-pilon-europeen\/","name":"Flexibilit\u00e9 du travail: la complexit\u00e9 de la l\u00e9gislation et le co\u00fbt pour les employeurs placent la Belgique en queue du peloton europ\u00e9en. - Peoplesphere","isPartOf":{"@id":"https:\/\/peoplesphere.be\/fr\/#website"},"datePublished":"2019-08-06T14:39:56+00:00","dateModified":"2019-08-06T14:42:58+00:00","breadcrumb":{"@id":"https:\/\/peoplesphere.be\/fr\/flexibilite-travail-complexite-de-legislation-cout-employeurs-placent-belgique-queue-pilon-europeen\/#breadcrumb"},"inLanguage":"fr-FR","potentialAction":[{"@type":"ReadAction","target":["https:\/\/peoplesphere.be\/fr\/flexibilite-travail-complexite-de-legislation-cout-employeurs-placent-belgique-queue-pilon-europeen\/"]}]},{"@type":"BreadcrumbList","@id":"https:\/\/peoplesphere.be\/fr\/flexibilite-travail-complexite-de-legislation-cout-employeurs-placent-belgique-queue-pilon-europeen\/#breadcrumb","itemListElement":[{"@type":"ListItem","position":1,"name":"Accueil","item":"https:\/\/peoplesphere.be\/fr\/"},{"@type":"ListItem","position":2,"name":"Flexibilit\u00e9 du travail: la complexit\u00e9 de la l\u00e9gislation et le co\u00fbt pour les employeurs placent la Belgique en queue du peloton europ\u00e9en."}]},{"@type":"WebSite","@id":"https:\/\/peoplesphere.be\/fr\/#website","url":"https:\/\/peoplesphere.be\/fr\/","name":"Peoplesphere","description":"The People Managers Magazine","publisher":{"@id":"https:\/\/peoplesphere.be\/fr\/#organization"},"potentialAction":[{"@type":"SearchAction","target":{"@type":"EntryPoint","urlTemplate":"https:\/\/peoplesphere.be\/fr\/?s={search_term_string}"},"query-input":"required name=search_term_string"}],"inLanguage":"fr-FR"},{"@type":"Organization","@id":"https:\/\/peoplesphere.be\/fr\/#organization","name":"Peoplesphere Company srl","url":"https:\/\/peoplesphere.be\/fr\/","logo":{"@type":"ImageObject","inLanguage":"fr-FR","@id":"https:\/\/peoplesphere.be\/fr\/#\/schema\/logo\/image\/","url":"https:\/\/peoplesphere.be\/fr\/wp-content\/uploads\/2023\/07\/peoplesphere-lgo-new-generik.jpg","contentUrl":"https:\/\/peoplesphere.be\/fr\/wp-content\/uploads\/2023\/07\/peoplesphere-lgo-new-generik.jpg","width":1031,"height":1479,"caption":"Peoplesphere Company srl"},"image":{"@id":"https:\/\/peoplesphere.be\/fr\/#\/schema\/logo\/image\/"},"sameAs":["https:\/\/www.facebook.com\/peoplesphere","https:\/\/twitter.com\/PeoplesphereMag","https:\/\/www.linkedin.com\/company\/7587361?trk","http:\/\/youtube.com\/peoplesphere"]},{"@type":"Person","@id":"https:\/\/peoplesphere.be\/fr\/#\/schema\/person\/7976225ff17988604334abb7b3536a7e","name":"Jean-Paul Erhard","image":{"@type":"ImageObject","inLanguage":"fr-FR","@id":"https:\/\/peoplesphere.be\/fr\/#\/schema\/person\/image\/","url":"https:\/\/secure.gravatar.com\/avatar\/f941e681460179738071629a51574930?s=96&d=mm&r=g","contentUrl":"https:\/\/secure.gravatar.com\/avatar\/f941e681460179738071629a51574930?s=96&d=mm&r=g","caption":"Jean-Paul Erhard"},"url":"https:\/\/peoplesphere.be\/fr\/author\/jpe\/"}]}},"_links":{"self":[{"href":"https:\/\/peoplesphere.be\/fr\/wp-json\/wp\/v2\/posts\/8139"}],"collection":[{"href":"https:\/\/peoplesphere.be\/fr\/wp-json\/wp\/v2\/posts"}],"about":[{"href":"https:\/\/peoplesphere.be\/fr\/wp-json\/wp\/v2\/types\/post"}],"author":[{"embeddable":true,"href":"https:\/\/peoplesphere.be\/fr\/wp-json\/wp\/v2\/users\/2"}],"replies":[{"embeddable":true,"href":"https:\/\/peoplesphere.be\/fr\/wp-json\/wp\/v2\/comments?post=8139"}],"version-history":[{"count":2,"href":"https:\/\/peoplesphere.be\/fr\/wp-json\/wp\/v2\/posts\/8139\/revisions"}],"predecessor-version":[{"id":8141,"href":"https:\/\/peoplesphere.be\/fr\/wp-json\/wp\/v2\/posts\/8139\/revisions\/8141"}],"wp:attachment":[{"href":"https:\/\/peoplesphere.be\/fr\/wp-json\/wp\/v2\/media?parent=8139"}],"wp:term":[{"taxonomy":"category","embeddable":true,"href":"https:\/\/peoplesphere.be\/fr\/wp-json\/wp\/v2\/categories?post=8139"},{"taxonomy":"post_tag","embeddable":true,"href":"https:\/\/peoplesphere.be\/fr\/wp-json\/wp\/v2\/tags?post=8139"}],"curies":[{"name":"wp","href":"https:\/\/api.w.org\/{rel}","templated":true}]}}