









{"id":8151,"date":"2019-08-08T03:39:30","date_gmt":"2019-08-08T01:39:30","guid":{"rendered":"http:\/\/www.peoplesphere.be\/fr\/?p=8151"},"modified":"2019-08-08T03:39:30","modified_gmt":"2019-08-08T01:39:30","slug":"conference-secteur-public-wallonie-bruxelles-10-septembre-a-namur-a-peur-de-lintelligence-artificielle","status":"publish","type":"post","link":"https:\/\/peoplesphere.be\/fr\/conference-secteur-public-wallonie-bruxelles-10-septembre-a-namur-a-peur-de-lintelligence-artificielle\/","title":{"rendered":"Conf\u00e9rence pour le secteur public Wallonie Bruxelles le 10 septembre \u00e0 Namur: Qui a peur de l&rsquo;Intelligence Artificielle?"},"content":{"rendered":"<p>Le 10 septembre 2019, nous avons le plaisir de vous convier \u00e0 une conf\u00e9rence-\u00e9v\u00e9nement qui vous fera (re)d\u00e9couvrir le concept d&rsquo;intelligence artificielle et ses applications. L\u2019intelligence artificielle (IA) est la nouvelle \u00e9lectricit\u00e9. La transformation technologique ne va pas s\u2019arr\u00eater. Elle va m\u00eame encore s&rsquo;acc\u00e9l\u00e9rer puisque l\u2019IA est inscrite dans les feuilles de route de nos administrations. Mais que se cache-t-il derri\u00e8re ce concept d\u2019IA? Quelles sont les applications possibles et les grands enjeux, notamment RH ?<!--more--><\/p>\n<p>La conf\u00e9rence est d\u00e9di\u00e9e aux managers du secteur public. Parce qu\u2019ils seront au coeur de ce changement annonc\u00e9, cette conf\u00e9rence-\u00e9v\u00e9nement s\u2019adresse \u00e0 l\u2019ensemble des collaborateurs qui occupent une fonction d\u2019encadrement au sein des services publics wallons et francophones.<\/p>\n<p><em>En apprendre un maximum sur l\u2019IA en un minimum de temps, une demi-journ\u00e9e en l&rsquo;occurence :<\/em><\/p>\n<ul>\n<li>comprenez l\u2019IA, son histoire et son concept,<\/li>\n<li>concr\u00e9tisez ce qu\u2019elle peut apporter \u00e0 votre organisation\/d\u00e9partement, au travers de plusieurs cas pratiques<\/li>\n<li>d\u00e9couvrez les profils pour monter une \u00e9quipe projet IA<\/li>\n<li>cernez les enjeux rh, soci\u00e9taux, \u00e9thiques et juridiques derri\u00e8re cette transformation.<\/li>\n<\/ul>\n<p>Pour vous inscrire et prendre connaissance du programme d\u00e9taill\u00e9 rapidement :\u00a0<a href=\"https:\/\/www.eventbrite.fr\/myevent?eid=66993656831\">https:\/\/www.eventbrite.fr\/myevent?eid=66993656831<\/a><\/p>\n<p>Plusieurs partenaires se sont associ\u00e9s pour l\u2019organisation de cette initiative : l\u2019EAP (Ecole d\u2019administration publique), FormaForm, Peoplesphere &amp; Digital Wallonia.\u00a0Ensemble, ils ont en d\u00e9cid\u00e9 de mettre leurs forces et ressources en commun afin de proposer aux managers du secteur public de b\u00e9n\u00e9ficier d\u2019un contenu qui tienne compte \u00e0 la fois de leur r\u00e9alit\u00e9 quotidienne et des transformations en cours dans notre soci\u00e9t\u00e9 et le monde du travail.<\/p>\n","protected":false},"excerpt":{"rendered":"<p>Le 10 septembre 2019, nous avons le plaisir de vous convier \u00e0 une conf\u00e9rence-\u00e9v\u00e9nement qui vous fera (re)d\u00e9couvrir le concept d&rsquo;intelligence artificielle et ses applications. L\u2019intelligence artificielle (IA) est la nouvelle \u00e9lectricit\u00e9. La transformation technologique ne va pas s\u2019arr\u00eater. Elle [&hellip;]<\/p>\n","protected":false},"author":2,"featured_media":8152,"comment_status":"closed","ping_status":"open","sticky":false,"template":"","format":"standard","meta":[],"categories":[67,8],"tags":[48,1171,232,267,833,2659],"yoast_head":"<!-- This site is optimized with the Yoast SEO plugin v21.0 - https:\/\/yoast.com\/wordpress\/plugins\/seo\/ -->\n<title>Conf\u00e9rence pour le secteur public Wallonie Bruxelles le 10 septembre \u00e0 Namur: Qui a peur de l&#039;Intelligence Artificielle? - Peoplesphere<\/title>\n<meta name=\"robots\" content=\"index, follow, max-snippet:-1, max-image-preview:large, max-video-preview:-1\" \/>\n<link rel=\"canonical\" href=\"https:\/\/peoplesphere.be\/fr\/conference-secteur-public-wallonie-bruxelles-10-septembre-a-namur-a-peur-de-lintelligence-artificielle\/\" \/>\n<meta property=\"og:locale\" content=\"fr_FR\" \/>\n<meta property=\"og:type\" content=\"article\" \/>\n<meta property=\"og:title\" content=\"Conf\u00e9rence pour le secteur public Wallonie Bruxelles le 10 septembre \u00e0 Namur: Qui a peur de l&#039;Intelligence Artificielle? - Peoplesphere\" \/>\n<meta property=\"og:description\" content=\"Le 10 septembre 2019, nous avons le plaisir de vous convier \u00e0 une conf\u00e9rence-\u00e9v\u00e9nement qui vous fera (re)d\u00e9couvrir le concept d&rsquo;intelligence artificielle et ses applications. L\u2019intelligence artificielle (IA) est la nouvelle \u00e9lectricit\u00e9. La transformation technologique ne va pas s\u2019arr\u00eater. Elle [&hellip;]\" \/>\n<meta property=\"og:url\" content=\"https:\/\/peoplesphere.be\/fr\/conference-secteur-public-wallonie-bruxelles-10-septembre-a-namur-a-peur-de-lintelligence-artificielle\/\" \/>\n<meta property=\"og:site_name\" content=\"Peoplesphere\" \/>\n<meta property=\"article:publisher\" content=\"https:\/\/www.facebook.com\/peoplesphere\" \/>\n<meta property=\"article:published_time\" content=\"2019-08-08T01:39:30+00:00\" \/>\n<meta property=\"og:image\" content=\"https:\/\/peoplesphere.be\/fr\/wp-content\/uploads\/2019\/08\/5f9eb56b-fb7f-4195-b6a4-87794295cfa6.png\" \/>\n\t<meta property=\"og:image:width\" content=\"800\" \/>\n\t<meta property=\"og:image:height\" content=\"200\" \/>\n\t<meta property=\"og:image:type\" content=\"image\/png\" \/>\n<meta name=\"author\" content=\"Jean-Paul Erhard\" \/>\n<meta name=\"twitter:card\" content=\"summary_large_image\" \/>\n<meta name=\"twitter:creator\" content=\"@PeoplesphereMag\" \/>\n<meta name=\"twitter:site\" content=\"@PeoplesphereMag\" \/>\n<meta name=\"twitter:label1\" content=\"\u00c9crit par\" \/>\n\t<meta name=\"twitter:data1\" content=\"Jean-Paul Erhard\" \/>\n\t<meta name=\"twitter:label2\" content=\"Dur\u00e9e de lecture estim\u00e9e\" \/>\n\t<meta name=\"twitter:data2\" content=\"1 minute\" \/>\n<script type=\"application\/ld+json\" class=\"yoast-schema-graph\">{\"@context\":\"https:\/\/schema.org\",\"@graph\":[{\"@type\":\"Article\",\"@id\":\"https:\/\/peoplesphere.be\/fr\/conference-secteur-public-wallonie-bruxelles-10-septembre-a-namur-a-peur-de-lintelligence-artificielle\/#article\",\"isPartOf\":{\"@id\":\"https:\/\/peoplesphere.be\/fr\/conference-secteur-public-wallonie-bruxelles-10-septembre-a-namur-a-peur-de-lintelligence-artificielle\/\"},\"author\":{\"name\":\"Jean-Paul Erhard\",\"@id\":\"https:\/\/peoplesphere.be\/fr\/#\/schema\/person\/7976225ff17988604334abb7b3536a7e\"},\"headline\":\"Conf\u00e9rence pour le secteur public Wallonie Bruxelles le 10 septembre \u00e0 Namur: Qui a peur de l&rsquo;Intelligence Artificielle?\",\"datePublished\":\"2019-08-08T01:39:30+00:00\",\"dateModified\":\"2019-08-08T01:39:30+00:00\",\"mainEntityOfPage\":{\"@id\":\"https:\/\/peoplesphere.be\/fr\/conference-secteur-public-wallonie-bruxelles-10-septembre-a-namur-a-peur-de-lintelligence-artificielle\/\"},\"wordCount\":308,\"publisher\":{\"@id\":\"https:\/\/peoplesphere.be\/fr\/#organization\"},\"keywords\":[\"Formation\",\"intelligence artificielle\",\"people management\",\"secteur public\",\"transformation digitale\",\"Wallonie Bruxelles\"],\"articleSection\":[\"Calendrier\",\"Events\"],\"inLanguage\":\"fr-FR\"},{\"@type\":\"WebPage\",\"@id\":\"https:\/\/peoplesphere.be\/fr\/conference-secteur-public-wallonie-bruxelles-10-septembre-a-namur-a-peur-de-lintelligence-artificielle\/\",\"url\":\"https:\/\/peoplesphere.be\/fr\/conference-secteur-public-wallonie-bruxelles-10-septembre-a-namur-a-peur-de-lintelligence-artificielle\/\",\"name\":\"Conf\u00e9rence pour le secteur public Wallonie Bruxelles le 10 septembre \u00e0 Namur: Qui a peur de l'Intelligence Artificielle? - Peoplesphere\",\"isPartOf\":{\"@id\":\"https:\/\/peoplesphere.be\/fr\/#website\"},\"datePublished\":\"2019-08-08T01:39:30+00:00\",\"dateModified\":\"2019-08-08T01:39:30+00:00\",\"breadcrumb\":{\"@id\":\"https:\/\/peoplesphere.be\/fr\/conference-secteur-public-wallonie-bruxelles-10-septembre-a-namur-a-peur-de-lintelligence-artificielle\/#breadcrumb\"},\"inLanguage\":\"fr-FR\",\"potentialAction\":[{\"@type\":\"ReadAction\",\"target\":[\"https:\/\/peoplesphere.be\/fr\/conference-secteur-public-wallonie-bruxelles-10-septembre-a-namur-a-peur-de-lintelligence-artificielle\/\"]}]},{\"@type\":\"BreadcrumbList\",\"@id\":\"https:\/\/peoplesphere.be\/fr\/conference-secteur-public-wallonie-bruxelles-10-septembre-a-namur-a-peur-de-lintelligence-artificielle\/#breadcrumb\",\"itemListElement\":[{\"@type\":\"ListItem\",\"position\":1,\"name\":\"Accueil\",\"item\":\"https:\/\/peoplesphere.be\/fr\/\"},{\"@type\":\"ListItem\",\"position\":2,\"name\":\"Conf\u00e9rence pour le secteur public Wallonie Bruxelles le 10 septembre \u00e0 Namur: Qui a peur de l&rsquo;Intelligence Artificielle?\"}]},{\"@type\":\"WebSite\",\"@id\":\"https:\/\/peoplesphere.be\/fr\/#website\",\"url\":\"https:\/\/peoplesphere.be\/fr\/\",\"name\":\"Peoplesphere\",\"description\":\"The People Managers Magazine\",\"publisher\":{\"@id\":\"https:\/\/peoplesphere.be\/fr\/#organization\"},\"potentialAction\":[{\"@type\":\"SearchAction\",\"target\":{\"@type\":\"EntryPoint\",\"urlTemplate\":\"https:\/\/peoplesphere.be\/fr\/?s={search_term_string}\"},\"query-input\":\"required name=search_term_string\"}],\"inLanguage\":\"fr-FR\"},{\"@type\":\"Organization\",\"@id\":\"https:\/\/peoplesphere.be\/fr\/#organization\",\"name\":\"Peoplesphere Company srl\",\"url\":\"https:\/\/peoplesphere.be\/fr\/\",\"logo\":{\"@type\":\"ImageObject\",\"inLanguage\":\"fr-FR\",\"@id\":\"https:\/\/peoplesphere.be\/fr\/#\/schema\/logo\/image\/\",\"url\":\"https:\/\/peoplesphere.be\/fr\/wp-content\/uploads\/2023\/07\/peoplesphere-lgo-new-generik.jpg\",\"contentUrl\":\"https:\/\/peoplesphere.be\/fr\/wp-content\/uploads\/2023\/07\/peoplesphere-lgo-new-generik.jpg\",\"width\":1031,\"height\":1479,\"caption\":\"Peoplesphere Company srl\"},\"image\":{\"@id\":\"https:\/\/peoplesphere.be\/fr\/#\/schema\/logo\/image\/\"},\"sameAs\":[\"https:\/\/www.facebook.com\/peoplesphere\",\"https:\/\/twitter.com\/PeoplesphereMag\",\"https:\/\/www.linkedin.com\/company\/7587361?trk\",\"http:\/\/youtube.com\/peoplesphere\"]},{\"@type\":\"Person\",\"@id\":\"https:\/\/peoplesphere.be\/fr\/#\/schema\/person\/7976225ff17988604334abb7b3536a7e\",\"name\":\"Jean-Paul Erhard\",\"image\":{\"@type\":\"ImageObject\",\"inLanguage\":\"fr-FR\",\"@id\":\"https:\/\/peoplesphere.be\/fr\/#\/schema\/person\/image\/\",\"url\":\"https:\/\/secure.gravatar.com\/avatar\/f941e681460179738071629a51574930?s=96&d=mm&r=g\",\"contentUrl\":\"https:\/\/secure.gravatar.com\/avatar\/f941e681460179738071629a51574930?s=96&d=mm&r=g\",\"caption\":\"Jean-Paul Erhard\"},\"url\":\"https:\/\/peoplesphere.be\/fr\/author\/jpe\/\"}]}<\/script>\n<!-- \/ Yoast SEO plugin. -->","yoast_head_json":{"title":"Conf\u00e9rence pour le secteur public Wallonie Bruxelles le 10 septembre \u00e0 Namur: Qui a peur de l'Intelligence Artificielle? - Peoplesphere","robots":{"index":"index","follow":"follow","max-snippet":"max-snippet:-1","max-image-preview":"max-image-preview:large","max-video-preview":"max-video-preview:-1"},"canonical":"https:\/\/peoplesphere.be\/fr\/conference-secteur-public-wallonie-bruxelles-10-septembre-a-namur-a-peur-de-lintelligence-artificielle\/","og_locale":"fr_FR","og_type":"article","og_title":"Conf\u00e9rence pour le secteur public Wallonie Bruxelles le 10 septembre \u00e0 Namur: Qui a peur de l'Intelligence Artificielle? - Peoplesphere","og_description":"Le 10 septembre 2019, nous avons le plaisir de vous convier \u00e0 une conf\u00e9rence-\u00e9v\u00e9nement qui vous fera (re)d\u00e9couvrir le concept d&rsquo;intelligence artificielle et ses applications. L\u2019intelligence artificielle (IA) est la nouvelle \u00e9lectricit\u00e9. La transformation technologique ne va pas s\u2019arr\u00eater. Elle [&hellip;]","og_url":"https:\/\/peoplesphere.be\/fr\/conference-secteur-public-wallonie-bruxelles-10-septembre-a-namur-a-peur-de-lintelligence-artificielle\/","og_site_name":"Peoplesphere","article_publisher":"https:\/\/www.facebook.com\/peoplesphere","article_published_time":"2019-08-08T01:39:30+00:00","og_image":[{"width":800,"height":200,"url":"https:\/\/peoplesphere.be\/fr\/wp-content\/uploads\/2019\/08\/5f9eb56b-fb7f-4195-b6a4-87794295cfa6.png","type":"image\/png"}],"author":"Jean-Paul Erhard","twitter_card":"summary_large_image","twitter_creator":"@PeoplesphereMag","twitter_site":"@PeoplesphereMag","twitter_misc":{"\u00c9crit par":"Jean-Paul Erhard","Dur\u00e9e de lecture estim\u00e9e":"1 minute"},"schema":{"@context":"https:\/\/schema.org","@graph":[{"@type":"Article","@id":"https:\/\/peoplesphere.be\/fr\/conference-secteur-public-wallonie-bruxelles-10-septembre-a-namur-a-peur-de-lintelligence-artificielle\/#article","isPartOf":{"@id":"https:\/\/peoplesphere.be\/fr\/conference-secteur-public-wallonie-bruxelles-10-septembre-a-namur-a-peur-de-lintelligence-artificielle\/"},"author":{"name":"Jean-Paul Erhard","@id":"https:\/\/peoplesphere.be\/fr\/#\/schema\/person\/7976225ff17988604334abb7b3536a7e"},"headline":"Conf\u00e9rence pour le secteur public Wallonie Bruxelles le 10 septembre \u00e0 Namur: Qui a peur de l&rsquo;Intelligence Artificielle?","datePublished":"2019-08-08T01:39:30+00:00","dateModified":"2019-08-08T01:39:30+00:00","mainEntityOfPage":{"@id":"https:\/\/peoplesphere.be\/fr\/conference-secteur-public-wallonie-bruxelles-10-septembre-a-namur-a-peur-de-lintelligence-artificielle\/"},"wordCount":308,"publisher":{"@id":"https:\/\/peoplesphere.be\/fr\/#organization"},"keywords":["Formation","intelligence artificielle","people management","secteur public","transformation digitale","Wallonie Bruxelles"],"articleSection":["Calendrier","Events"],"inLanguage":"fr-FR"},{"@type":"WebPage","@id":"https:\/\/peoplesphere.be\/fr\/conference-secteur-public-wallonie-bruxelles-10-septembre-a-namur-a-peur-de-lintelligence-artificielle\/","url":"https:\/\/peoplesphere.be\/fr\/conference-secteur-public-wallonie-bruxelles-10-septembre-a-namur-a-peur-de-lintelligence-artificielle\/","name":"Conf\u00e9rence pour le secteur public Wallonie Bruxelles le 10 septembre \u00e0 Namur: Qui a peur de l'Intelligence Artificielle? - Peoplesphere","isPartOf":{"@id":"https:\/\/peoplesphere.be\/fr\/#website"},"datePublished":"2019-08-08T01:39:30+00:00","dateModified":"2019-08-08T01:39:30+00:00","breadcrumb":{"@id":"https:\/\/peoplesphere.be\/fr\/conference-secteur-public-wallonie-bruxelles-10-septembre-a-namur-a-peur-de-lintelligence-artificielle\/#breadcrumb"},"inLanguage":"fr-FR","potentialAction":[{"@type":"ReadAction","target":["https:\/\/peoplesphere.be\/fr\/conference-secteur-public-wallonie-bruxelles-10-septembre-a-namur-a-peur-de-lintelligence-artificielle\/"]}]},{"@type":"BreadcrumbList","@id":"https:\/\/peoplesphere.be\/fr\/conference-secteur-public-wallonie-bruxelles-10-septembre-a-namur-a-peur-de-lintelligence-artificielle\/#breadcrumb","itemListElement":[{"@type":"ListItem","position":1,"name":"Accueil","item":"https:\/\/peoplesphere.be\/fr\/"},{"@type":"ListItem","position":2,"name":"Conf\u00e9rence pour le secteur public Wallonie Bruxelles le 10 septembre \u00e0 Namur: Qui a peur de l&rsquo;Intelligence Artificielle?"}]},{"@type":"WebSite","@id":"https:\/\/peoplesphere.be\/fr\/#website","url":"https:\/\/peoplesphere.be\/fr\/","name":"Peoplesphere","description":"The People Managers Magazine","publisher":{"@id":"https:\/\/peoplesphere.be\/fr\/#organization"},"potentialAction":[{"@type":"SearchAction","target":{"@type":"EntryPoint","urlTemplate":"https:\/\/peoplesphere.be\/fr\/?s={search_term_string}"},"query-input":"required name=search_term_string"}],"inLanguage":"fr-FR"},{"@type":"Organization","@id":"https:\/\/peoplesphere.be\/fr\/#organization","name":"Peoplesphere Company srl","url":"https:\/\/peoplesphere.be\/fr\/","logo":{"@type":"ImageObject","inLanguage":"fr-FR","@id":"https:\/\/peoplesphere.be\/fr\/#\/schema\/logo\/image\/","url":"https:\/\/peoplesphere.be\/fr\/wp-content\/uploads\/2023\/07\/peoplesphere-lgo-new-generik.jpg","contentUrl":"https:\/\/peoplesphere.be\/fr\/wp-content\/uploads\/2023\/07\/peoplesphere-lgo-new-generik.jpg","width":1031,"height":1479,"caption":"Peoplesphere Company srl"},"image":{"@id":"https:\/\/peoplesphere.be\/fr\/#\/schema\/logo\/image\/"},"sameAs":["https:\/\/www.facebook.com\/peoplesphere","https:\/\/twitter.com\/PeoplesphereMag","https:\/\/www.linkedin.com\/company\/7587361?trk","http:\/\/youtube.com\/peoplesphere"]},{"@type":"Person","@id":"https:\/\/peoplesphere.be\/fr\/#\/schema\/person\/7976225ff17988604334abb7b3536a7e","name":"Jean-Paul Erhard","image":{"@type":"ImageObject","inLanguage":"fr-FR","@id":"https:\/\/peoplesphere.be\/fr\/#\/schema\/person\/image\/","url":"https:\/\/secure.gravatar.com\/avatar\/f941e681460179738071629a51574930?s=96&d=mm&r=g","contentUrl":"https:\/\/secure.gravatar.com\/avatar\/f941e681460179738071629a51574930?s=96&d=mm&r=g","caption":"Jean-Paul Erhard"},"url":"https:\/\/peoplesphere.be\/fr\/author\/jpe\/"}]}},"_links":{"self":[{"href":"https:\/\/peoplesphere.be\/fr\/wp-json\/wp\/v2\/posts\/8151"}],"collection":[{"href":"https:\/\/peoplesphere.be\/fr\/wp-json\/wp\/v2\/posts"}],"about":[{"href":"https:\/\/peoplesphere.be\/fr\/wp-json\/wp\/v2\/types\/post"}],"author":[{"embeddable":true,"href":"https:\/\/peoplesphere.be\/fr\/wp-json\/wp\/v2\/users\/2"}],"replies":[{"embeddable":true,"href":"https:\/\/peoplesphere.be\/fr\/wp-json\/wp\/v2\/comments?post=8151"}],"version-history":[{"count":1,"href":"https:\/\/peoplesphere.be\/fr\/wp-json\/wp\/v2\/posts\/8151\/revisions"}],"predecessor-version":[{"id":8153,"href":"https:\/\/peoplesphere.be\/fr\/wp-json\/wp\/v2\/posts\/8151\/revisions\/8153"}],"wp:featuredmedia":[{"embeddable":true,"href":"https:\/\/peoplesphere.be\/fr\/wp-json\/wp\/v2\/media\/8152"}],"wp:attachment":[{"href":"https:\/\/peoplesphere.be\/fr\/wp-json\/wp\/v2\/media?parent=8151"}],"wp:term":[{"taxonomy":"category","embeddable":true,"href":"https:\/\/peoplesphere.be\/fr\/wp-json\/wp\/v2\/categories?post=8151"},{"taxonomy":"post_tag","embeddable":true,"href":"https:\/\/peoplesphere.be\/fr\/wp-json\/wp\/v2\/tags?post=8151"}],"curies":[{"name":"wp","href":"https:\/\/api.w.org\/{rel}","templated":true}]}}