









{"id":8160,"date":"2019-08-13T08:37:04","date_gmt":"2019-08-13T06:37:04","guid":{"rendered":"http:\/\/www.peoplesphere.be\/fr\/?p=8160"},"modified":"2019-08-13T08:37:04","modified_gmt":"2019-08-13T06:37:04","slug":"mobilite-interne-semble-sinstaller-enfin-solution-privilegiee-atteindre-lemployabilite-durable","status":"publish","type":"post","link":"https:\/\/peoplesphere.be\/fr\/mobilite-interne-semble-sinstaller-enfin-solution-privilegiee-atteindre-lemployabilite-durable\/","title":{"rendered":"La mobilit\u00e9 interne semble s&rsquo;installer enfin comme une solution privil\u00e9gi\u00e9e pour atteindre l&#8217;employabilit\u00e9 durable."},"content":{"rendered":"<p>La moiti\u00e9 des employeurs s\u2019attendent \u00e0 ce que leurs travailleurs changent de fonction en interne dans les 5 ans. Ils pr\u00e9voient \u00e9galement de continuer d\u2019investir dans la multi-employabilit\u00e9 au cours des prochaines ann\u00e9es. Ils le font par l\u2019interm\u00e9diaire de plusieurs mesures de soutien et sensibilisent leurs travailleurs au changement d&#8217;emploi au sein de l&rsquo;entreprise au cours des 5 prochaines ann\u00e9es.<!--more--><\/p>\n<p>Cela ne signifie pas que tout le monde restera chez le m\u00eame employeur : la mobilit\u00e9 et l&#8217;employabilit\u00e9 peuvent aussi transcender les fronti\u00e8res de l&rsquo;entreprise. 1 employeur sur 3 reconna\u00eet ne pas encore y participer activement.<\/p>\n<p><em><strong>Les travailleurs sont multi-employables.<\/strong><\/em><\/p>\n<p>Plus de 60 % des employeurs occupent leurs travailleurs, tant ouvriers qu\u2019employ\u00e9s, pour diff\u00e9rentes t\u00e2ches. Plus de 50 % confirment que leurs travailleurs ont la possibilit\u00e9 d\u2019acc\u00e9der \u00e0 une autre fonction. Si l\u2019on regarde les trois derni\u00e8res ann\u00e9es, plus d\u2019un employeur sur trois confirme qu\u2019il y a eu beaucoup de mobilit\u00e9 fonctionnelle, 37 % pour les ouvriers et 41 % pour les employ\u00e9s, au cours des trois derni\u00e8res ann\u00e9es. Il ressort donc d\u2019une enqu\u00eate d\u2019Acerta aupr\u00e8s des employeurs qu\u2019ils observent bel et bien une dynamique en ce qui concerne l\u2019employabilit\u00e9 des travailleurs.<\/p>\n<p>Peter Tuybens, Director Acerta Consult : <em>\u00ab En 2017, les employeurs \u00e9taient plus prudents dans leur t\u00e9moignage \u00e0 ce sujet. Dans le cas des ouvriers, par exemple, 32 % ont t\u00e9moign\u00e9 d\u2019une mobilit\u00e9 fonctionnelle \u00e0 l\u2019\u00e9poque. Par rapport \u00e0 37 % en 2019, il y a clairement une \u00e9volution vers une plus grande dynamique fonctionnelle. \u00bb<\/em><\/p>\n<p><strong><em>La moiti\u00e9 des employeurs stimulent le changement de fonction en interne.<\/em><\/strong><\/p>\n<p>Lorsqu\u2019on leur demande de faire une pr\u00e9vision \u00e0 5 ans, les employeurs pensent que la mobilit\u00e9 de l\u2019emploi et donc \u00e9galement les actions en faveur de la mobilit\u00e9 de l\u2019emploi sont faites pour rester. La n\u00e9cessit\u00e9 d\u2019une formation suppl\u00e9mentaire, l\u2019\u00e9volution des t\u00e2ches et des fonctions, la mobilisation du personnel \u00e0 la suite de besoins internes modifi\u00e9s, m\u00eame un changement de fonction en interne parce que le travailleur est lass\u00e9 de sa fonction, cela fait partie du progr\u00e8s.<\/p>\n<p>Quelles mesures de soutien les employeurs utilisent-ils pour stimuler l\u2019employabilit\u00e9 durable de leur personnel ? Ils promeuvent l\u2019autonomie et la responsabilit\u00e9, publient les offres d\u2019emploi en interne, offrent aux travailleurs un aper\u00e7u de leurs comp\u00e9tences\/potentiel, un travail flexible, des entra\u00eenements\/formations en lien avec la fonction, \u00e9largissent la fonction&#8230; ce sont des incitants que plus de 50 % des employeurs disent appliquer. Peter Tuybens : <em>\u00ab 45 % d\u2019entre eux poussent m\u00eame leurs travailleurs \u00e0 aller de l\u2019avant en leur offrant une formation et des entra\u00eenements suppl\u00e9mentaires en vue d\u2019une nouvelle fonction \u00e0 venir. Ils fixent toutefois la limite lorsqu\u2019il s\u2019agit de possibilit\u00e9s de carri\u00e8re en dehors de leur propre organisation. Ce ne serait d\u2019ailleurs pas illogique qu\u2019un travailleur soit surpris si son employeur l\u2019en informait. Le travailleur le prendrait probablement avant tout comme une mani\u00e8re d\u00e9tourn\u00e9e de lui indiquer la porte de sortie. \u00bb<\/em><\/p>\n<p>Il ressort du Talent Pulse qu\u2019ils jugent les mesures de soutien offertes par les employeurs l\u00e9g\u00e8rement moins positivement, mais toujours de mani\u00e8re positive. Ils ont encore une liste de souhaits \u00e0 l\u2019adresse de leurs employeurs en mati\u00e8re d\u2019employabilit\u00e9 durable. Ainsi, 45 % d\u2019entre eux souhaiteraient voir s\u2019\u00e9toffer l\u2019offre de formations pour l\u2019employabilit\u00e9 \u00e0 long terme.<\/p>\n<p><strong><em>94 % des employeurs observent que leurs travailleurs prennent leur part de responsabilit\u00e9.<\/em><\/strong><\/p>\n<p>La multi-employabilit\u00e9 rel\u00e8ve-t-elle uniquement de l&#8217;employeur ? Non. Il ressort \u00e9galement du Talent Pulse d\u2019Acerta que ces derniers s\u2019approprient bel et bien (une partie de) la responsabilit\u00e9. Seulement 10 % estiment que l\u2019employabilit\u00e9 rel\u00e8ve exclusivement de l\u2019employeur.<\/p>\n<p><em>\u00ab\u00a0Les employeurs observent que leurs travailleurs essaient par eux-m\u00eames de maintenir et m\u00eame d\u2019accro\u00eetre leur employabilit\u00e9 par l\u2019interm\u00e9diaire de diff\u00e9rentes initiatives. Seulement 6 % des employeurs disent qu\u2019ils ne remarquent pas cela chez leurs travailleurs. Exprim\u00e9 positivement : 94% des employeurs observent un engagement actif de leurs travailleurs en faveur de leur propre employabilit\u00e9 durable.\u00a0\u00bb<\/em><\/p>\n<p>Autre point positif : la majorit\u00e9 des travailleurs (69 %) disent \u00eatre intrins\u00e8quement motiv\u00e9s par leurs actions en faveur de l\u2019employabilit\u00e9. La fameuse \u00e9p\u00e9e dans les reins n\u2019est donc m\u00eame pas n\u00e9cessaire.<\/p>\n<p><strong><em>1 employeur sur 3 pr\u00e9voit un d\u00e9part.<\/em><\/strong><\/p>\n<p>Ce n\u2019est cependant pas parce que des mesures sont prises par les deux parties (employeur et travailleur) que tout le monde restera effectivement employable de fa\u00e7on durable avec succ\u00e8s. 1 employeur sur 3 craint qu\u2019une part importante de ses travailleurs ne quittent tout de m\u00eame l\u2019entreprise. Peter Tuybens : <em>\u00ab En p\u00e9riode de p\u00e9nurie sur le march\u00e9 de l\u2019emploi, il peut \u00eatre difficile de remplacer ceux qui partent et c\u2019est justement \u00e0 cause de cette p\u00e9nurie sur le march\u00e9 de l\u2019emploi que les travailleurs font si facilement du job-hopping. Le fait que quelqu\u2019un parte pour exercer le m\u00eame travail ailleurs peut \u00e9videmment aussi signifier que ce travailleur n\u2019est par exemple pas ouvert \u00e0 une \u00e9volution. La meilleure fa\u00e7on de conna\u00eetre les attentes de vos collaborateurs est de miser syst\u00e9matiquement sur le dialogue. Cela vous permet de savoir exactement \u00e0 qui vous avez \u00e0 faire et ce qu\u2019ils veulent. \u00bb<\/em><\/p>\n<p><em>Source: Talent Pulse &#8211; les donn\u00e9es sont issues de l\u2019enqu\u00eate annuelle r\u00e9alis\u00e9e par ACERTA \u00e0 propos de la mobilit\u00e9 de l\u2019emploi. Cette enqu\u00eate a \u00e9t\u00e9 d\u00e9ploy\u00e9e pour la dixi\u00e8me fois en 2019, aupr\u00e8s de plus de 1200 travailleurs.<\/em><\/p>\n","protected":false},"excerpt":{"rendered":"<p>La moiti\u00e9 des employeurs s\u2019attendent \u00e0 ce que leurs travailleurs changent de fonction en interne dans les 5 ans. Ils pr\u00e9voient \u00e9galement de continuer d\u2019investir dans la multi-employabilit\u00e9 au cours des prochaines ann\u00e9es. Ils le font par l\u2019interm\u00e9diaire de plusieurs [&hellip;]<\/p>\n","protected":false},"author":2,"featured_media":0,"comment_status":"closed","ping_status":"open","sticky":false,"template":"","format":"standard","meta":[],"categories":[65,10],"tags":[271,323,48,1383,445,2115],"yoast_head":"<!-- This site is optimized with the Yoast SEO plugin v21.0 - https:\/\/yoast.com\/wordpress\/plugins\/seo\/ -->\n<title>La mobilit\u00e9 interne semble s&#039;installer enfin comme une solution privil\u00e9gi\u00e9e pour atteindre l&#039;employabilit\u00e9 durable. - Peoplesphere<\/title>\n<meta name=\"robots\" content=\"index, follow, max-snippet:-1, max-image-preview:large, max-video-preview:-1\" \/>\n<link rel=\"canonical\" href=\"https:\/\/peoplesphere.be\/fr\/mobilite-interne-semble-sinstaller-enfin-solution-privilegiee-atteindre-lemployabilite-durable\/\" \/>\n<meta property=\"og:locale\" content=\"fr_FR\" \/>\n<meta property=\"og:type\" content=\"article\" \/>\n<meta property=\"og:title\" content=\"La mobilit\u00e9 interne semble s&#039;installer enfin comme une solution privil\u00e9gi\u00e9e pour atteindre l&#039;employabilit\u00e9 durable. - Peoplesphere\" \/>\n<meta property=\"og:description\" content=\"La moiti\u00e9 des employeurs s\u2019attendent \u00e0 ce que leurs travailleurs changent de fonction en interne dans les 5 ans. Ils pr\u00e9voient \u00e9galement de continuer d\u2019investir dans la multi-employabilit\u00e9 au cours des prochaines ann\u00e9es. Ils le font par l\u2019interm\u00e9diaire de plusieurs [&hellip;]\" \/>\n<meta property=\"og:url\" content=\"https:\/\/peoplesphere.be\/fr\/mobilite-interne-semble-sinstaller-enfin-solution-privilegiee-atteindre-lemployabilite-durable\/\" \/>\n<meta property=\"og:site_name\" content=\"Peoplesphere\" \/>\n<meta property=\"article:publisher\" content=\"https:\/\/www.facebook.com\/peoplesphere\" \/>\n<meta property=\"article:published_time\" content=\"2019-08-13T06:37:04+00:00\" \/>\n<meta property=\"og:image\" content=\"http:\/\/www.peoplesphere.be\/fr\/wp-content\/uploads\/2016\/07\/facebook-default-posting-1200x628px.jpg\" \/>\n<meta name=\"author\" content=\"Jean-Paul Erhard\" \/>\n<meta name=\"twitter:card\" content=\"summary_large_image\" \/>\n<meta name=\"twitter:creator\" content=\"@PeoplesphereMag\" \/>\n<meta name=\"twitter:site\" content=\"@PeoplesphereMag\" \/>\n<meta name=\"twitter:label1\" content=\"\u00c9crit par\" \/>\n\t<meta name=\"twitter:data1\" content=\"Jean-Paul Erhard\" \/>\n\t<meta name=\"twitter:label2\" content=\"Dur\u00e9e de lecture estim\u00e9e\" \/>\n\t<meta name=\"twitter:data2\" content=\"5 minutes\" \/>\n<script type=\"application\/ld+json\" class=\"yoast-schema-graph\">{\"@context\":\"https:\/\/schema.org\",\"@graph\":[{\"@type\":\"Article\",\"@id\":\"https:\/\/peoplesphere.be\/fr\/mobilite-interne-semble-sinstaller-enfin-solution-privilegiee-atteindre-lemployabilite-durable\/#article\",\"isPartOf\":{\"@id\":\"https:\/\/peoplesphere.be\/fr\/mobilite-interne-semble-sinstaller-enfin-solution-privilegiee-atteindre-lemployabilite-durable\/\"},\"author\":{\"name\":\"Jean-Paul Erhard\",\"@id\":\"https:\/\/peoplesphere.be\/fr\/#\/schema\/person\/7976225ff17988604334abb7b3536a7e\"},\"headline\":\"La mobilit\u00e9 interne semble s&rsquo;installer enfin comme une solution privil\u00e9gi\u00e9e pour atteindre l&#8217;employabilit\u00e9 durable.\",\"datePublished\":\"2019-08-13T06:37:04+00:00\",\"dateModified\":\"2019-08-13T06:37:04+00:00\",\"mainEntityOfPage\":{\"@id\":\"https:\/\/peoplesphere.be\/fr\/mobilite-interne-semble-sinstaller-enfin-solution-privilegiee-atteindre-lemployabilite-durable\/\"},\"wordCount\":946,\"publisher\":{\"@id\":\"https:\/\/peoplesphere.be\/fr\/#organization\"},\"keywords\":[\"acerta\",\"employabilit\u00e9 durable\",\"Formation\",\"mobilit\u00e9 interne\",\"talent management\",\"Talent pulse\"],\"articleSection\":[\"Actualit\u00e9s\",\"Digital\"],\"inLanguage\":\"fr-FR\"},{\"@type\":\"WebPage\",\"@id\":\"https:\/\/peoplesphere.be\/fr\/mobilite-interne-semble-sinstaller-enfin-solution-privilegiee-atteindre-lemployabilite-durable\/\",\"url\":\"https:\/\/peoplesphere.be\/fr\/mobilite-interne-semble-sinstaller-enfin-solution-privilegiee-atteindre-lemployabilite-durable\/\",\"name\":\"La mobilit\u00e9 interne semble s'installer enfin comme une solution privil\u00e9gi\u00e9e pour atteindre l'employabilit\u00e9 durable. - Peoplesphere\",\"isPartOf\":{\"@id\":\"https:\/\/peoplesphere.be\/fr\/#website\"},\"datePublished\":\"2019-08-13T06:37:04+00:00\",\"dateModified\":\"2019-08-13T06:37:04+00:00\",\"breadcrumb\":{\"@id\":\"https:\/\/peoplesphere.be\/fr\/mobilite-interne-semble-sinstaller-enfin-solution-privilegiee-atteindre-lemployabilite-durable\/#breadcrumb\"},\"inLanguage\":\"fr-FR\",\"potentialAction\":[{\"@type\":\"ReadAction\",\"target\":[\"https:\/\/peoplesphere.be\/fr\/mobilite-interne-semble-sinstaller-enfin-solution-privilegiee-atteindre-lemployabilite-durable\/\"]}]},{\"@type\":\"BreadcrumbList\",\"@id\":\"https:\/\/peoplesphere.be\/fr\/mobilite-interne-semble-sinstaller-enfin-solution-privilegiee-atteindre-lemployabilite-durable\/#breadcrumb\",\"itemListElement\":[{\"@type\":\"ListItem\",\"position\":1,\"name\":\"Accueil\",\"item\":\"https:\/\/peoplesphere.be\/fr\/\"},{\"@type\":\"ListItem\",\"position\":2,\"name\":\"La mobilit\u00e9 interne semble s&rsquo;installer enfin comme une solution privil\u00e9gi\u00e9e pour atteindre l&#8217;employabilit\u00e9 durable.\"}]},{\"@type\":\"WebSite\",\"@id\":\"https:\/\/peoplesphere.be\/fr\/#website\",\"url\":\"https:\/\/peoplesphere.be\/fr\/\",\"name\":\"Peoplesphere\",\"description\":\"The People Managers Magazine\",\"publisher\":{\"@id\":\"https:\/\/peoplesphere.be\/fr\/#organization\"},\"potentialAction\":[{\"@type\":\"SearchAction\",\"target\":{\"@type\":\"EntryPoint\",\"urlTemplate\":\"https:\/\/peoplesphere.be\/fr\/?s={search_term_string}\"},\"query-input\":\"required name=search_term_string\"}],\"inLanguage\":\"fr-FR\"},{\"@type\":\"Organization\",\"@id\":\"https:\/\/peoplesphere.be\/fr\/#organization\",\"name\":\"Peoplesphere Company srl\",\"url\":\"https:\/\/peoplesphere.be\/fr\/\",\"logo\":{\"@type\":\"ImageObject\",\"inLanguage\":\"fr-FR\",\"@id\":\"https:\/\/peoplesphere.be\/fr\/#\/schema\/logo\/image\/\",\"url\":\"https:\/\/peoplesphere.be\/fr\/wp-content\/uploads\/2023\/07\/peoplesphere-lgo-new-generik.jpg\",\"contentUrl\":\"https:\/\/peoplesphere.be\/fr\/wp-content\/uploads\/2023\/07\/peoplesphere-lgo-new-generik.jpg\",\"width\":1031,\"height\":1479,\"caption\":\"Peoplesphere Company srl\"},\"image\":{\"@id\":\"https:\/\/peoplesphere.be\/fr\/#\/schema\/logo\/image\/\"},\"sameAs\":[\"https:\/\/www.facebook.com\/peoplesphere\",\"https:\/\/twitter.com\/PeoplesphereMag\",\"https:\/\/www.linkedin.com\/company\/7587361?trk\",\"http:\/\/youtube.com\/peoplesphere\"]},{\"@type\":\"Person\",\"@id\":\"https:\/\/peoplesphere.be\/fr\/#\/schema\/person\/7976225ff17988604334abb7b3536a7e\",\"name\":\"Jean-Paul Erhard\",\"image\":{\"@type\":\"ImageObject\",\"inLanguage\":\"fr-FR\",\"@id\":\"https:\/\/peoplesphere.be\/fr\/#\/schema\/person\/image\/\",\"url\":\"https:\/\/secure.gravatar.com\/avatar\/f941e681460179738071629a51574930?s=96&d=mm&r=g\",\"contentUrl\":\"https:\/\/secure.gravatar.com\/avatar\/f941e681460179738071629a51574930?s=96&d=mm&r=g\",\"caption\":\"Jean-Paul Erhard\"},\"url\":\"https:\/\/peoplesphere.be\/fr\/author\/jpe\/\"}]}<\/script>\n<!-- \/ Yoast SEO plugin. -->","yoast_head_json":{"title":"La mobilit\u00e9 interne semble s'installer enfin comme une solution privil\u00e9gi\u00e9e pour atteindre l'employabilit\u00e9 durable. - Peoplesphere","robots":{"index":"index","follow":"follow","max-snippet":"max-snippet:-1","max-image-preview":"max-image-preview:large","max-video-preview":"max-video-preview:-1"},"canonical":"https:\/\/peoplesphere.be\/fr\/mobilite-interne-semble-sinstaller-enfin-solution-privilegiee-atteindre-lemployabilite-durable\/","og_locale":"fr_FR","og_type":"article","og_title":"La mobilit\u00e9 interne semble s'installer enfin comme une solution privil\u00e9gi\u00e9e pour atteindre l'employabilit\u00e9 durable. - Peoplesphere","og_description":"La moiti\u00e9 des employeurs s\u2019attendent \u00e0 ce que leurs travailleurs changent de fonction en interne dans les 5 ans. Ils pr\u00e9voient \u00e9galement de continuer d\u2019investir dans la multi-employabilit\u00e9 au cours des prochaines ann\u00e9es. Ils le font par l\u2019interm\u00e9diaire de plusieurs [&hellip;]","og_url":"https:\/\/peoplesphere.be\/fr\/mobilite-interne-semble-sinstaller-enfin-solution-privilegiee-atteindre-lemployabilite-durable\/","og_site_name":"Peoplesphere","article_publisher":"https:\/\/www.facebook.com\/peoplesphere","article_published_time":"2019-08-13T06:37:04+00:00","og_image":[{"url":"http:\/\/www.peoplesphere.be\/fr\/wp-content\/uploads\/2016\/07\/facebook-default-posting-1200x628px.jpg"}],"author":"Jean-Paul Erhard","twitter_card":"summary_large_image","twitter_creator":"@PeoplesphereMag","twitter_site":"@PeoplesphereMag","twitter_misc":{"\u00c9crit par":"Jean-Paul Erhard","Dur\u00e9e de lecture estim\u00e9e":"5 minutes"},"schema":{"@context":"https:\/\/schema.org","@graph":[{"@type":"Article","@id":"https:\/\/peoplesphere.be\/fr\/mobilite-interne-semble-sinstaller-enfin-solution-privilegiee-atteindre-lemployabilite-durable\/#article","isPartOf":{"@id":"https:\/\/peoplesphere.be\/fr\/mobilite-interne-semble-sinstaller-enfin-solution-privilegiee-atteindre-lemployabilite-durable\/"},"author":{"name":"Jean-Paul Erhard","@id":"https:\/\/peoplesphere.be\/fr\/#\/schema\/person\/7976225ff17988604334abb7b3536a7e"},"headline":"La mobilit\u00e9 interne semble s&rsquo;installer enfin comme une solution privil\u00e9gi\u00e9e pour atteindre l&#8217;employabilit\u00e9 durable.","datePublished":"2019-08-13T06:37:04+00:00","dateModified":"2019-08-13T06:37:04+00:00","mainEntityOfPage":{"@id":"https:\/\/peoplesphere.be\/fr\/mobilite-interne-semble-sinstaller-enfin-solution-privilegiee-atteindre-lemployabilite-durable\/"},"wordCount":946,"publisher":{"@id":"https:\/\/peoplesphere.be\/fr\/#organization"},"keywords":["acerta","employabilit\u00e9 durable","Formation","mobilit\u00e9 interne","talent management","Talent pulse"],"articleSection":["Actualit\u00e9s","Digital"],"inLanguage":"fr-FR"},{"@type":"WebPage","@id":"https:\/\/peoplesphere.be\/fr\/mobilite-interne-semble-sinstaller-enfin-solution-privilegiee-atteindre-lemployabilite-durable\/","url":"https:\/\/peoplesphere.be\/fr\/mobilite-interne-semble-sinstaller-enfin-solution-privilegiee-atteindre-lemployabilite-durable\/","name":"La mobilit\u00e9 interne semble s'installer enfin comme une solution privil\u00e9gi\u00e9e pour atteindre l'employabilit\u00e9 durable. - Peoplesphere","isPartOf":{"@id":"https:\/\/peoplesphere.be\/fr\/#website"},"datePublished":"2019-08-13T06:37:04+00:00","dateModified":"2019-08-13T06:37:04+00:00","breadcrumb":{"@id":"https:\/\/peoplesphere.be\/fr\/mobilite-interne-semble-sinstaller-enfin-solution-privilegiee-atteindre-lemployabilite-durable\/#breadcrumb"},"inLanguage":"fr-FR","potentialAction":[{"@type":"ReadAction","target":["https:\/\/peoplesphere.be\/fr\/mobilite-interne-semble-sinstaller-enfin-solution-privilegiee-atteindre-lemployabilite-durable\/"]}]},{"@type":"BreadcrumbList","@id":"https:\/\/peoplesphere.be\/fr\/mobilite-interne-semble-sinstaller-enfin-solution-privilegiee-atteindre-lemployabilite-durable\/#breadcrumb","itemListElement":[{"@type":"ListItem","position":1,"name":"Accueil","item":"https:\/\/peoplesphere.be\/fr\/"},{"@type":"ListItem","position":2,"name":"La mobilit\u00e9 interne semble s&rsquo;installer enfin comme une solution privil\u00e9gi\u00e9e pour atteindre l&#8217;employabilit\u00e9 durable."}]},{"@type":"WebSite","@id":"https:\/\/peoplesphere.be\/fr\/#website","url":"https:\/\/peoplesphere.be\/fr\/","name":"Peoplesphere","description":"The People Managers Magazine","publisher":{"@id":"https:\/\/peoplesphere.be\/fr\/#organization"},"potentialAction":[{"@type":"SearchAction","target":{"@type":"EntryPoint","urlTemplate":"https:\/\/peoplesphere.be\/fr\/?s={search_term_string}"},"query-input":"required name=search_term_string"}],"inLanguage":"fr-FR"},{"@type":"Organization","@id":"https:\/\/peoplesphere.be\/fr\/#organization","name":"Peoplesphere Company srl","url":"https:\/\/peoplesphere.be\/fr\/","logo":{"@type":"ImageObject","inLanguage":"fr-FR","@id":"https:\/\/peoplesphere.be\/fr\/#\/schema\/logo\/image\/","url":"https:\/\/peoplesphere.be\/fr\/wp-content\/uploads\/2023\/07\/peoplesphere-lgo-new-generik.jpg","contentUrl":"https:\/\/peoplesphere.be\/fr\/wp-content\/uploads\/2023\/07\/peoplesphere-lgo-new-generik.jpg","width":1031,"height":1479,"caption":"Peoplesphere Company srl"},"image":{"@id":"https:\/\/peoplesphere.be\/fr\/#\/schema\/logo\/image\/"},"sameAs":["https:\/\/www.facebook.com\/peoplesphere","https:\/\/twitter.com\/PeoplesphereMag","https:\/\/www.linkedin.com\/company\/7587361?trk","http:\/\/youtube.com\/peoplesphere"]},{"@type":"Person","@id":"https:\/\/peoplesphere.be\/fr\/#\/schema\/person\/7976225ff17988604334abb7b3536a7e","name":"Jean-Paul Erhard","image":{"@type":"ImageObject","inLanguage":"fr-FR","@id":"https:\/\/peoplesphere.be\/fr\/#\/schema\/person\/image\/","url":"https:\/\/secure.gravatar.com\/avatar\/f941e681460179738071629a51574930?s=96&d=mm&r=g","contentUrl":"https:\/\/secure.gravatar.com\/avatar\/f941e681460179738071629a51574930?s=96&d=mm&r=g","caption":"Jean-Paul Erhard"},"url":"https:\/\/peoplesphere.be\/fr\/author\/jpe\/"}]}},"_links":{"self":[{"href":"https:\/\/peoplesphere.be\/fr\/wp-json\/wp\/v2\/posts\/8160"}],"collection":[{"href":"https:\/\/peoplesphere.be\/fr\/wp-json\/wp\/v2\/posts"}],"about":[{"href":"https:\/\/peoplesphere.be\/fr\/wp-json\/wp\/v2\/types\/post"}],"author":[{"embeddable":true,"href":"https:\/\/peoplesphere.be\/fr\/wp-json\/wp\/v2\/users\/2"}],"replies":[{"embeddable":true,"href":"https:\/\/peoplesphere.be\/fr\/wp-json\/wp\/v2\/comments?post=8160"}],"version-history":[{"count":1,"href":"https:\/\/peoplesphere.be\/fr\/wp-json\/wp\/v2\/posts\/8160\/revisions"}],"predecessor-version":[{"id":8161,"href":"https:\/\/peoplesphere.be\/fr\/wp-json\/wp\/v2\/posts\/8160\/revisions\/8161"}],"wp:attachment":[{"href":"https:\/\/peoplesphere.be\/fr\/wp-json\/wp\/v2\/media?parent=8160"}],"wp:term":[{"taxonomy":"category","embeddable":true,"href":"https:\/\/peoplesphere.be\/fr\/wp-json\/wp\/v2\/categories?post=8160"},{"taxonomy":"post_tag","embeddable":true,"href":"https:\/\/peoplesphere.be\/fr\/wp-json\/wp\/v2\/tags?post=8160"}],"curies":[{"name":"wp","href":"https:\/\/api.w.org\/{rel}","templated":true}]}}