









{"id":8211,"date":"2019-08-28T22:10:29","date_gmt":"2019-08-28T20:10:29","guid":{"rendered":"https:\/\/peoplesphere.be\/fr\/?p=8211"},"modified":"2019-08-28T22:10:56","modified_gmt":"2019-08-28T20:10:56","slug":"participez-a-journee-payroll-professional-2019-8-octobre-a-hulpe","status":"publish","type":"post","link":"https:\/\/peoplesphere.be\/fr\/participez-a-journee-payroll-professional-2019-8-octobre-a-hulpe\/","title":{"rendered":"Participez \u00e0 la Journ\u00e9e du Payroll Professional 2019 le 8 octobre \u00e0 La Hulpe."},"content":{"rendered":"<p>SD Worx vous invite le mardi 8 octobre au Dolce Hulpe \u00e0 La Hulpe \u00e0 l&rsquo;occasion de ajourn\u00e9e du Payroll Professional 2019 \u00e0 La Hulpe. Vous pourrez \u00e0 nouveau choisir 3 workshops cette ann\u00e9e parmi 5 th\u00e8mes tr\u00e8s actuels et instructifs, allant du droit social aux RH en passant par le payroll. Une journ\u00e9e \u00e0 ne pas manquer qui vous permettra de progresser dans votre travail et de partager votre exp\u00e9rience avec plus de 150 coll\u00e8gues actifs dans le payroll.<!--more--><\/p>\n<p>Que pouvez-vous attendre de cette \u00e9dition ?<br \/>\n&#8211; Keynote speaker : Sodexo a lanc\u00e9 le programme \u00ab\u00c9quilibre vie professionnelle \/ vie priv\u00e9e\u00bb. Guy Callebaut, Vice-Pr\u00e9sident Directeur des Ressources Humaines chez Sodexo, nous emm\u00e8ne dans cette histoire int\u00e9ressante.<br \/>\n&#8211; Le SD Worx Business Market : voulez-vous savoir comment eBlox fonctionne ou comment Ella, notre assistante RH en ligne, peut vous aider? Vous souhaitez en savoir plus sur Flex Income Plan de SD Worx ? Adressez-vous \u00e0 nos sp\u00e9cialistes lors du SD Worx Business Market.<br \/>\n&#8211; Concours Payroll Professional de l&rsquo;ann\u00e9e : Voulez-vous \u00eatre le roi absolu ou la reine du paysage salarial pendant 1 an? Alors participez \u00e0 notre concours.<br \/>\n&#8211; Musique : Toute la journ\u00e9e est orn\u00e9e d&rsquo;intermezzos musicaux.<br \/>\n&#8211; Surprise : vous recevrez bien s\u00fbr un cadeau \u00e0 la fin de la journ\u00e9e.<\/p>\n<p>Agencement : Lors de l\u2019\u00e9dition 2018 au Dolce La Hulpe, les s\u00e9ances pl\u00e9ni\u00e8res \u00e9taient assez \u00e9loign\u00e9es des salles de formation. Cela n\u2019est plus le cas cette ann\u00e9e, car toutes les sessions se d\u00e9rouleront dans la m\u00eame aile de l\u2019\u00e9tablissement.<\/p>\n<p>Inscription: <a href=\"https:\/\/events.sdworx.com\/journeedupayrollprofessional\">https:\/\/events.sdworx.com\/journeedupayrollprofessional<\/a><\/p>\n<p>R\u00e9duction de 150 euros gr\u00e2ce \u00e0 votre code individuel<br \/>\nLa participation s&rsquo;\u00e9l\u00e8ve \u00e0 150 euros par personne.<br \/>\nVous recevrez un bon cadeau du m\u00eame montant, avec lequel vous b\u00e9n\u00e9ficierez d\u2019une r\u00e9duction* de 150 euros sur une formation de votre choix chez SD Worx Learning.<\/p>\n","protected":false},"excerpt":{"rendered":"<p>SD Worx vous invite le mardi 8 octobre au Dolce Hulpe \u00e0 La Hulpe \u00e0 l&rsquo;occasion de ajourn\u00e9e du Payroll Professional 2019 \u00e0 La Hulpe. Vous pourrez \u00e0 nouveau choisir 3 workshops cette ann\u00e9e parmi 5 th\u00e8mes tr\u00e8s actuels et [&hellip;]<\/p>\n","protected":false},"author":2,"featured_media":0,"comment_status":"closed","ping_status":"open","sticky":false,"template":"","format":"standard","meta":[],"categories":[67,8],"tags":[48,408,671],"yoast_head":"<!-- This site is optimized with the Yoast SEO plugin v21.0 - https:\/\/yoast.com\/wordpress\/plugins\/seo\/ -->\n<title>Participez \u00e0 la Journ\u00e9e du Payroll Professional 2019 le 8 octobre \u00e0 La Hulpe. - Peoplesphere<\/title>\n<meta name=\"robots\" content=\"index, follow, max-snippet:-1, max-image-preview:large, max-video-preview:-1\" \/>\n<link rel=\"canonical\" href=\"https:\/\/peoplesphere.be\/fr\/participez-a-journee-payroll-professional-2019-8-octobre-a-hulpe\/\" \/>\n<meta property=\"og:locale\" content=\"fr_FR\" \/>\n<meta property=\"og:type\" content=\"article\" \/>\n<meta property=\"og:title\" content=\"Participez \u00e0 la Journ\u00e9e du Payroll Professional 2019 le 8 octobre \u00e0 La Hulpe. - Peoplesphere\" \/>\n<meta property=\"og:description\" content=\"SD Worx vous invite le mardi 8 octobre au Dolce Hulpe \u00e0 La Hulpe \u00e0 l&rsquo;occasion de ajourn\u00e9e du Payroll Professional 2019 \u00e0 La Hulpe. Vous pourrez \u00e0 nouveau choisir 3 workshops cette ann\u00e9e parmi 5 th\u00e8mes tr\u00e8s actuels et [&hellip;]\" \/>\n<meta property=\"og:url\" content=\"https:\/\/peoplesphere.be\/fr\/participez-a-journee-payroll-professional-2019-8-octobre-a-hulpe\/\" \/>\n<meta property=\"og:site_name\" content=\"Peoplesphere\" \/>\n<meta property=\"article:publisher\" content=\"https:\/\/www.facebook.com\/peoplesphere\" \/>\n<meta property=\"article:published_time\" content=\"2019-08-28T20:10:29+00:00\" \/>\n<meta property=\"article:modified_time\" content=\"2019-08-28T20:10:56+00:00\" \/>\n<meta property=\"og:image\" content=\"http:\/\/www.peoplesphere.be\/fr\/wp-content\/uploads\/2016\/07\/facebook-default-posting-1200x628px.jpg\" \/>\n<meta name=\"author\" content=\"Jean-Paul Erhard\" \/>\n<meta name=\"twitter:card\" content=\"summary_large_image\" \/>\n<meta name=\"twitter:creator\" content=\"@PeoplesphereMag\" \/>\n<meta name=\"twitter:site\" content=\"@PeoplesphereMag\" \/>\n<meta name=\"twitter:label1\" content=\"\u00c9crit par\" \/>\n\t<meta name=\"twitter:data1\" content=\"Jean-Paul Erhard\" \/>\n\t<meta name=\"twitter:label2\" content=\"Dur\u00e9e de lecture estim\u00e9e\" \/>\n\t<meta name=\"twitter:data2\" content=\"2 minutes\" \/>\n<script type=\"application\/ld+json\" class=\"yoast-schema-graph\">{\"@context\":\"https:\/\/schema.org\",\"@graph\":[{\"@type\":\"Article\",\"@id\":\"https:\/\/peoplesphere.be\/fr\/participez-a-journee-payroll-professional-2019-8-octobre-a-hulpe\/#article\",\"isPartOf\":{\"@id\":\"https:\/\/peoplesphere.be\/fr\/participez-a-journee-payroll-professional-2019-8-octobre-a-hulpe\/\"},\"author\":{\"name\":\"Jean-Paul Erhard\",\"@id\":\"https:\/\/peoplesphere.be\/fr\/#\/schema\/person\/7976225ff17988604334abb7b3536a7e\"},\"headline\":\"Participez \u00e0 la Journ\u00e9e du Payroll Professional 2019 le 8 octobre \u00e0 La Hulpe.\",\"datePublished\":\"2019-08-28T20:10:29+00:00\",\"dateModified\":\"2019-08-28T20:10:56+00:00\",\"mainEntityOfPage\":{\"@id\":\"https:\/\/peoplesphere.be\/fr\/participez-a-journee-payroll-professional-2019-8-octobre-a-hulpe\/\"},\"wordCount\":321,\"publisher\":{\"@id\":\"https:\/\/peoplesphere.be\/fr\/#organization\"},\"keywords\":[\"Formation\",\"payroll\",\"SD Worx\"],\"articleSection\":[\"Calendrier\",\"Events\"],\"inLanguage\":\"fr-FR\"},{\"@type\":\"WebPage\",\"@id\":\"https:\/\/peoplesphere.be\/fr\/participez-a-journee-payroll-professional-2019-8-octobre-a-hulpe\/\",\"url\":\"https:\/\/peoplesphere.be\/fr\/participez-a-journee-payroll-professional-2019-8-octobre-a-hulpe\/\",\"name\":\"Participez \u00e0 la Journ\u00e9e du Payroll Professional 2019 le 8 octobre \u00e0 La Hulpe. - Peoplesphere\",\"isPartOf\":{\"@id\":\"https:\/\/peoplesphere.be\/fr\/#website\"},\"datePublished\":\"2019-08-28T20:10:29+00:00\",\"dateModified\":\"2019-08-28T20:10:56+00:00\",\"breadcrumb\":{\"@id\":\"https:\/\/peoplesphere.be\/fr\/participez-a-journee-payroll-professional-2019-8-octobre-a-hulpe\/#breadcrumb\"},\"inLanguage\":\"fr-FR\",\"potentialAction\":[{\"@type\":\"ReadAction\",\"target\":[\"https:\/\/peoplesphere.be\/fr\/participez-a-journee-payroll-professional-2019-8-octobre-a-hulpe\/\"]}]},{\"@type\":\"BreadcrumbList\",\"@id\":\"https:\/\/peoplesphere.be\/fr\/participez-a-journee-payroll-professional-2019-8-octobre-a-hulpe\/#breadcrumb\",\"itemListElement\":[{\"@type\":\"ListItem\",\"position\":1,\"name\":\"Accueil\",\"item\":\"https:\/\/peoplesphere.be\/fr\/\"},{\"@type\":\"ListItem\",\"position\":2,\"name\":\"Participez \u00e0 la Journ\u00e9e du Payroll Professional 2019 le 8 octobre \u00e0 La Hulpe.\"}]},{\"@type\":\"WebSite\",\"@id\":\"https:\/\/peoplesphere.be\/fr\/#website\",\"url\":\"https:\/\/peoplesphere.be\/fr\/\",\"name\":\"Peoplesphere\",\"description\":\"The People Managers Magazine\",\"publisher\":{\"@id\":\"https:\/\/peoplesphere.be\/fr\/#organization\"},\"potentialAction\":[{\"@type\":\"SearchAction\",\"target\":{\"@type\":\"EntryPoint\",\"urlTemplate\":\"https:\/\/peoplesphere.be\/fr\/?s={search_term_string}\"},\"query-input\":\"required name=search_term_string\"}],\"inLanguage\":\"fr-FR\"},{\"@type\":\"Organization\",\"@id\":\"https:\/\/peoplesphere.be\/fr\/#organization\",\"name\":\"Peoplesphere Company srl\",\"url\":\"https:\/\/peoplesphere.be\/fr\/\",\"logo\":{\"@type\":\"ImageObject\",\"inLanguage\":\"fr-FR\",\"@id\":\"https:\/\/peoplesphere.be\/fr\/#\/schema\/logo\/image\/\",\"url\":\"https:\/\/peoplesphere.be\/fr\/wp-content\/uploads\/2023\/07\/peoplesphere-lgo-new-generik.jpg\",\"contentUrl\":\"https:\/\/peoplesphere.be\/fr\/wp-content\/uploads\/2023\/07\/peoplesphere-lgo-new-generik.jpg\",\"width\":1031,\"height\":1479,\"caption\":\"Peoplesphere Company srl\"},\"image\":{\"@id\":\"https:\/\/peoplesphere.be\/fr\/#\/schema\/logo\/image\/\"},\"sameAs\":[\"https:\/\/www.facebook.com\/peoplesphere\",\"https:\/\/twitter.com\/PeoplesphereMag\",\"https:\/\/www.linkedin.com\/company\/7587361?trk\",\"http:\/\/youtube.com\/peoplesphere\"]},{\"@type\":\"Person\",\"@id\":\"https:\/\/peoplesphere.be\/fr\/#\/schema\/person\/7976225ff17988604334abb7b3536a7e\",\"name\":\"Jean-Paul Erhard\",\"image\":{\"@type\":\"ImageObject\",\"inLanguage\":\"fr-FR\",\"@id\":\"https:\/\/peoplesphere.be\/fr\/#\/schema\/person\/image\/\",\"url\":\"https:\/\/secure.gravatar.com\/avatar\/f941e681460179738071629a51574930?s=96&d=mm&r=g\",\"contentUrl\":\"https:\/\/secure.gravatar.com\/avatar\/f941e681460179738071629a51574930?s=96&d=mm&r=g\",\"caption\":\"Jean-Paul Erhard\"},\"url\":\"https:\/\/peoplesphere.be\/fr\/author\/jpe\/\"}]}<\/script>\n<!-- \/ Yoast SEO plugin. -->","yoast_head_json":{"title":"Participez \u00e0 la Journ\u00e9e du Payroll Professional 2019 le 8 octobre \u00e0 La Hulpe. - Peoplesphere","robots":{"index":"index","follow":"follow","max-snippet":"max-snippet:-1","max-image-preview":"max-image-preview:large","max-video-preview":"max-video-preview:-1"},"canonical":"https:\/\/peoplesphere.be\/fr\/participez-a-journee-payroll-professional-2019-8-octobre-a-hulpe\/","og_locale":"fr_FR","og_type":"article","og_title":"Participez \u00e0 la Journ\u00e9e du Payroll Professional 2019 le 8 octobre \u00e0 La Hulpe. - Peoplesphere","og_description":"SD Worx vous invite le mardi 8 octobre au Dolce Hulpe \u00e0 La Hulpe \u00e0 l&rsquo;occasion de ajourn\u00e9e du Payroll Professional 2019 \u00e0 La Hulpe. Vous pourrez \u00e0 nouveau choisir 3 workshops cette ann\u00e9e parmi 5 th\u00e8mes tr\u00e8s actuels et [&hellip;]","og_url":"https:\/\/peoplesphere.be\/fr\/participez-a-journee-payroll-professional-2019-8-octobre-a-hulpe\/","og_site_name":"Peoplesphere","article_publisher":"https:\/\/www.facebook.com\/peoplesphere","article_published_time":"2019-08-28T20:10:29+00:00","article_modified_time":"2019-08-28T20:10:56+00:00","og_image":[{"url":"http:\/\/www.peoplesphere.be\/fr\/wp-content\/uploads\/2016\/07\/facebook-default-posting-1200x628px.jpg"}],"author":"Jean-Paul Erhard","twitter_card":"summary_large_image","twitter_creator":"@PeoplesphereMag","twitter_site":"@PeoplesphereMag","twitter_misc":{"\u00c9crit par":"Jean-Paul Erhard","Dur\u00e9e de lecture estim\u00e9e":"2 minutes"},"schema":{"@context":"https:\/\/schema.org","@graph":[{"@type":"Article","@id":"https:\/\/peoplesphere.be\/fr\/participez-a-journee-payroll-professional-2019-8-octobre-a-hulpe\/#article","isPartOf":{"@id":"https:\/\/peoplesphere.be\/fr\/participez-a-journee-payroll-professional-2019-8-octobre-a-hulpe\/"},"author":{"name":"Jean-Paul Erhard","@id":"https:\/\/peoplesphere.be\/fr\/#\/schema\/person\/7976225ff17988604334abb7b3536a7e"},"headline":"Participez \u00e0 la Journ\u00e9e du Payroll Professional 2019 le 8 octobre \u00e0 La Hulpe.","datePublished":"2019-08-28T20:10:29+00:00","dateModified":"2019-08-28T20:10:56+00:00","mainEntityOfPage":{"@id":"https:\/\/peoplesphere.be\/fr\/participez-a-journee-payroll-professional-2019-8-octobre-a-hulpe\/"},"wordCount":321,"publisher":{"@id":"https:\/\/peoplesphere.be\/fr\/#organization"},"keywords":["Formation","payroll","SD Worx"],"articleSection":["Calendrier","Events"],"inLanguage":"fr-FR"},{"@type":"WebPage","@id":"https:\/\/peoplesphere.be\/fr\/participez-a-journee-payroll-professional-2019-8-octobre-a-hulpe\/","url":"https:\/\/peoplesphere.be\/fr\/participez-a-journee-payroll-professional-2019-8-octobre-a-hulpe\/","name":"Participez \u00e0 la Journ\u00e9e du Payroll Professional 2019 le 8 octobre \u00e0 La Hulpe. - Peoplesphere","isPartOf":{"@id":"https:\/\/peoplesphere.be\/fr\/#website"},"datePublished":"2019-08-28T20:10:29+00:00","dateModified":"2019-08-28T20:10:56+00:00","breadcrumb":{"@id":"https:\/\/peoplesphere.be\/fr\/participez-a-journee-payroll-professional-2019-8-octobre-a-hulpe\/#breadcrumb"},"inLanguage":"fr-FR","potentialAction":[{"@type":"ReadAction","target":["https:\/\/peoplesphere.be\/fr\/participez-a-journee-payroll-professional-2019-8-octobre-a-hulpe\/"]}]},{"@type":"BreadcrumbList","@id":"https:\/\/peoplesphere.be\/fr\/participez-a-journee-payroll-professional-2019-8-octobre-a-hulpe\/#breadcrumb","itemListElement":[{"@type":"ListItem","position":1,"name":"Accueil","item":"https:\/\/peoplesphere.be\/fr\/"},{"@type":"ListItem","position":2,"name":"Participez \u00e0 la Journ\u00e9e du Payroll Professional 2019 le 8 octobre \u00e0 La Hulpe."}]},{"@type":"WebSite","@id":"https:\/\/peoplesphere.be\/fr\/#website","url":"https:\/\/peoplesphere.be\/fr\/","name":"Peoplesphere","description":"The People Managers Magazine","publisher":{"@id":"https:\/\/peoplesphere.be\/fr\/#organization"},"potentialAction":[{"@type":"SearchAction","target":{"@type":"EntryPoint","urlTemplate":"https:\/\/peoplesphere.be\/fr\/?s={search_term_string}"},"query-input":"required name=search_term_string"}],"inLanguage":"fr-FR"},{"@type":"Organization","@id":"https:\/\/peoplesphere.be\/fr\/#organization","name":"Peoplesphere Company srl","url":"https:\/\/peoplesphere.be\/fr\/","logo":{"@type":"ImageObject","inLanguage":"fr-FR","@id":"https:\/\/peoplesphere.be\/fr\/#\/schema\/logo\/image\/","url":"https:\/\/peoplesphere.be\/fr\/wp-content\/uploads\/2023\/07\/peoplesphere-lgo-new-generik.jpg","contentUrl":"https:\/\/peoplesphere.be\/fr\/wp-content\/uploads\/2023\/07\/peoplesphere-lgo-new-generik.jpg","width":1031,"height":1479,"caption":"Peoplesphere Company srl"},"image":{"@id":"https:\/\/peoplesphere.be\/fr\/#\/schema\/logo\/image\/"},"sameAs":["https:\/\/www.facebook.com\/peoplesphere","https:\/\/twitter.com\/PeoplesphereMag","https:\/\/www.linkedin.com\/company\/7587361?trk","http:\/\/youtube.com\/peoplesphere"]},{"@type":"Person","@id":"https:\/\/peoplesphere.be\/fr\/#\/schema\/person\/7976225ff17988604334abb7b3536a7e","name":"Jean-Paul Erhard","image":{"@type":"ImageObject","inLanguage":"fr-FR","@id":"https:\/\/peoplesphere.be\/fr\/#\/schema\/person\/image\/","url":"https:\/\/secure.gravatar.com\/avatar\/f941e681460179738071629a51574930?s=96&d=mm&r=g","contentUrl":"https:\/\/secure.gravatar.com\/avatar\/f941e681460179738071629a51574930?s=96&d=mm&r=g","caption":"Jean-Paul Erhard"},"url":"https:\/\/peoplesphere.be\/fr\/author\/jpe\/"}]}},"_links":{"self":[{"href":"https:\/\/peoplesphere.be\/fr\/wp-json\/wp\/v2\/posts\/8211"}],"collection":[{"href":"https:\/\/peoplesphere.be\/fr\/wp-json\/wp\/v2\/posts"}],"about":[{"href":"https:\/\/peoplesphere.be\/fr\/wp-json\/wp\/v2\/types\/post"}],"author":[{"embeddable":true,"href":"https:\/\/peoplesphere.be\/fr\/wp-json\/wp\/v2\/users\/2"}],"replies":[{"embeddable":true,"href":"https:\/\/peoplesphere.be\/fr\/wp-json\/wp\/v2\/comments?post=8211"}],"version-history":[{"count":1,"href":"https:\/\/peoplesphere.be\/fr\/wp-json\/wp\/v2\/posts\/8211\/revisions"}],"predecessor-version":[{"id":8212,"href":"https:\/\/peoplesphere.be\/fr\/wp-json\/wp\/v2\/posts\/8211\/revisions\/8212"}],"wp:attachment":[{"href":"https:\/\/peoplesphere.be\/fr\/wp-json\/wp\/v2\/media?parent=8211"}],"wp:term":[{"taxonomy":"category","embeddable":true,"href":"https:\/\/peoplesphere.be\/fr\/wp-json\/wp\/v2\/categories?post=8211"},{"taxonomy":"post_tag","embeddable":true,"href":"https:\/\/peoplesphere.be\/fr\/wp-json\/wp\/v2\/tags?post=8211"}],"curies":[{"name":"wp","href":"https:\/\/api.w.org\/{rel}","templated":true}]}}