









{"id":8254,"date":"2019-09-06T05:05:07","date_gmt":"2019-09-06T03:05:07","guid":{"rendered":"https:\/\/peoplesphere.be\/fr\/?p=8254"},"modified":"2019-09-06T05:05:07","modified_gmt":"2019-09-06T03:05:07","slug":"laugmentation-inquietante-nombre-de-faillites-belgique-renforce-craintes-de-recession","status":"publish","type":"post","link":"https:\/\/peoplesphere.be\/fr\/laugmentation-inquietante-nombre-de-faillites-belgique-renforce-craintes-de-recession\/","title":{"rendered":"L&rsquo;augmentation inqui\u00e9tante du nombre de faillites en Belgique renforce les craintes de r\u00e9cession."},"content":{"rendered":"<p>Atradius s&rsquo;attend \u00e0 ce que le nombre de faillites en Belgique augmente de 4% cette ann\u00e9e, selon une nouvelle \u00e9tude de l&rsquo;assureur cr\u00e9dit. Plus t\u00f4t cette ann\u00e9e, Atradius avait estim\u00e9 l&rsquo;augmentation des faillites dans notre pays \u00e0 2%. En raison des tensions \u00e9conomiques internationales, le nombre de faillites dans notre pays risque d&rsquo;augmenter deux fois plus vite que pr\u00e9vu, un signe inqui\u00e9tant.<!--more--><\/p>\n<p><em>\u00ab\u00a0Nous constatons que les incertitudes mondiales p\u00e8sent sur l&rsquo;\u00e9conomie belge. En plus de l&rsquo;\u00e9conomie en effervescence en Allemagne, les tensions commerciales entre les Etats-Unis et la Chine et les risques d&rsquo;un no-deal pour le brexit affectent clairement les entreprises belges \u00ab\u00a0,<\/em> d\u00e9clare Christophe Cherry, Managing Director Belgique et Luxembourg chez Atradius.<\/p>\n<p>Un nouveau rapport d&rsquo;Atradius montre que le nombre de faillites a augment\u00e9 depuis l&rsquo;ann\u00e9e derni\u00e8re, non seulement en Belgique, mais aussi chez ses principaux partenaires commerciaux, l&rsquo;Allemagne, la France, les Pays-Bas, le Royaume-Uni et les \u00c9tats-Unis. Comme la Belgique, nos cinq principaux partenaires commerciaux ne se portent pas aux mieux, avec une augmentation moyenne de 5 % du nombre de faillites, soit le double de la moyenne mondiale de 2,7 %. Outre la courbe inverse des taux d&rsquo;int\u00e9r\u00eat et l&rsquo;\u00e9conomie allemande en effervescence, l&rsquo;augmentation du nombre de faillites attendues dans le monde semble \u00eatre un indicateur suppl\u00e9mentaire qui puisse justifier les craintes de r\u00e9cession mondiale.<\/p>\n<p>L&rsquo;Allemagne, principal partenaire commercial de la Belgique, et son \u00e9conomie subissent d&rsquo;\u00e9normes pressions. Apr\u00e8s dix ans de baisse du nombre de faillites en Allemagne, la plus grande \u00e9conomie de la zone euro s&rsquo;attend \u00e0 une augmentation pour la premi\u00e8re fois cette ann\u00e9e.<\/p>\n<p><em>\u00ab\u00a0Bien que l&rsquo;on ne s&rsquo;attende qu&rsquo;\u00e0 une augmentation de 1% des faillites en Allemagne, cela reste un changement frappant puisque la derni\u00e8re augmentation enregistr\u00e9e en Allemagne date de la crise financi\u00e8re en 2008 et 2009 \u00ab\u00a0<\/em>, note Christophe Cherry, Managing Director Belgique et Luxembourg d&rsquo;Atradius. <em>\u00ab\u00a0Cela aura, bien s\u00fbr, un impact sur les nombreuses entreprises belges qui commercent avec l&rsquo;Allemagne.\u00a0\u00bb<\/em><\/p>\n<p>Outre l&rsquo;Allemagne, le Royaume-Uni est \u00e9galement soumis \u00e0 de fortes pressions. Le quatri\u00e8me partenaire commercial de notre pays est le plus important d&rsquo;Europe, avec une augmentation des faillites d&rsquo;une ann\u00e9e \u00e0 l&rsquo;autre de pas moins de 8,9% au premier semestre 2019. Au total, le nombre de faillites au Royaume-Uni, avec une incertitude croissante concernant le Brexit, devrait m\u00eame atteindre 10% : le pourcentage le plus \u00e9lev\u00e9 en Europe.<\/p>\n<p><strong><em>Quelques exceptions&#8230;<\/em><\/strong><\/p>\n<p>Malgr\u00e9 l&rsquo;augmentation mondiale du nombre de dossiers de faillites, il y a aussi quelques pays dans le monde qui se porteront bien en 2019. Les chiffres d&rsquo;Atradius montrent que le Grand Nord, en particulier, reste relativement stable. Si la Finlande et la Norv\u00e8ge devraient enregistrer moins de faillites cette ann\u00e9e qu&rsquo;en 2018, le Danemark et la Su\u00e8de restent stables, bien que ces pays sortent tout juste d&rsquo;un creux avec un nombre plus \u00e9lev\u00e9 de faillites en 2018 qu&rsquo;en 2017.<\/p>\n<p>Les pays du PIGS (Portugal, Italie, Gr\u00e8ce et Espagne) obtiennent g\u00e9n\u00e9ralement de meilleurs r\u00e9sultats que la Belgique et ses voisins. L\u00e0 o\u00f9 le Portugal a de moins en moins de faillites depuis 2016, l&rsquo;Espagne, apr\u00e8s une baisse en 2017 et 2018, selon les pr\u00e9visions cette ann\u00e9e, une p\u00e9riode avec moins de faillites \u00e0 venir. Depuis la fin des troubles politiques dans le pays, la Gr\u00e8ce va aussi beaucoup mieux. On s&rsquo;attend \u00e0 ce que le pays soit de moins en moins confront\u00e9s \u00e0 des faillites au cours des deux prochaines ann\u00e9es.<\/p>\n<p>Christophe Cherry ne voit qu&rsquo;une seule exception pour les pays du PIGS : \u00ab\u00a0<em>Le pays du PIGS qui n&rsquo;est pas inclus ici est l&rsquo;Italie. On s&rsquo;attend \u00e0 ce que le nombre de faillites augmente \u00e0 nouveau cette ann\u00e9e pour la premi\u00e8re fois depuis 2014. L&rsquo;agitation politique qui y r\u00e8gne va faire rena\u00eetre les incertitudes que connaissent les entreprises.\u00a0\u00bb<\/em><\/p>\n<p><em>Source: Atradius<\/em><\/p>\n","protected":false},"excerpt":{"rendered":"<p>Atradius s&rsquo;attend \u00e0 ce que le nombre de faillites en Belgique augmente de 4% cette ann\u00e9e, selon une nouvelle \u00e9tude de l&rsquo;assureur cr\u00e9dit. Plus t\u00f4t cette ann\u00e9e, Atradius avait estim\u00e9 l&rsquo;augmentation des faillites dans notre pays \u00e0 2%. En raison [&hellip;]<\/p>\n","protected":false},"author":2,"featured_media":0,"comment_status":"closed","ping_status":"open","sticky":false,"template":"","format":"standard","meta":[],"categories":[65,10],"tags":[2562,11,2561,2684],"yoast_head":"<!-- This site is optimized with the Yoast SEO plugin v21.0 - https:\/\/yoast.com\/wordpress\/plugins\/seo\/ -->\n<title>L&#039;augmentation inqui\u00e9tante du nombre de faillites en Belgique renforce les craintes de r\u00e9cession. - Peoplesphere<\/title>\n<meta name=\"robots\" content=\"index, follow, max-snippet:-1, max-image-preview:large, max-video-preview:-1\" \/>\n<link rel=\"canonical\" href=\"https:\/\/peoplesphere.be\/fr\/laugmentation-inquietante-nombre-de-faillites-belgique-renforce-craintes-de-recession\/\" \/>\n<meta property=\"og:locale\" content=\"fr_FR\" \/>\n<meta property=\"og:type\" content=\"article\" \/>\n<meta property=\"og:title\" content=\"L&#039;augmentation inqui\u00e9tante du nombre de faillites en Belgique renforce les craintes de r\u00e9cession. - Peoplesphere\" \/>\n<meta property=\"og:description\" content=\"Atradius s&rsquo;attend \u00e0 ce que le nombre de faillites en Belgique augmente de 4% cette ann\u00e9e, selon une nouvelle \u00e9tude de l&rsquo;assureur cr\u00e9dit. Plus t\u00f4t cette ann\u00e9e, Atradius avait estim\u00e9 l&rsquo;augmentation des faillites dans notre pays \u00e0 2%. En raison [&hellip;]\" \/>\n<meta property=\"og:url\" content=\"https:\/\/peoplesphere.be\/fr\/laugmentation-inquietante-nombre-de-faillites-belgique-renforce-craintes-de-recession\/\" \/>\n<meta property=\"og:site_name\" content=\"Peoplesphere\" \/>\n<meta property=\"article:publisher\" content=\"https:\/\/www.facebook.com\/peoplesphere\" \/>\n<meta property=\"article:published_time\" content=\"2019-09-06T03:05:07+00:00\" \/>\n<meta property=\"og:image\" content=\"http:\/\/www.peoplesphere.be\/fr\/wp-content\/uploads\/2016\/07\/facebook-default-posting-1200x628px.jpg\" \/>\n<meta name=\"author\" content=\"Jean-Paul Erhard\" \/>\n<meta name=\"twitter:card\" content=\"summary_large_image\" \/>\n<meta name=\"twitter:creator\" content=\"@PeoplesphereMag\" \/>\n<meta name=\"twitter:site\" content=\"@PeoplesphereMag\" \/>\n<meta name=\"twitter:label1\" content=\"\u00c9crit par\" \/>\n\t<meta name=\"twitter:data1\" content=\"Jean-Paul Erhard\" \/>\n\t<meta name=\"twitter:label2\" content=\"Dur\u00e9e de lecture estim\u00e9e\" \/>\n\t<meta name=\"twitter:data2\" content=\"3 minutes\" \/>\n<script type=\"application\/ld+json\" class=\"yoast-schema-graph\">{\"@context\":\"https:\/\/schema.org\",\"@graph\":[{\"@type\":\"Article\",\"@id\":\"https:\/\/peoplesphere.be\/fr\/laugmentation-inquietante-nombre-de-faillites-belgique-renforce-craintes-de-recession\/#article\",\"isPartOf\":{\"@id\":\"https:\/\/peoplesphere.be\/fr\/laugmentation-inquietante-nombre-de-faillites-belgique-renforce-craintes-de-recession\/\"},\"author\":{\"name\":\"Jean-Paul Erhard\",\"@id\":\"https:\/\/peoplesphere.be\/fr\/#\/schema\/person\/7976225ff17988604334abb7b3536a7e\"},\"headline\":\"L&rsquo;augmentation inqui\u00e9tante du nombre de faillites en Belgique renforce les craintes de r\u00e9cession.\",\"datePublished\":\"2019-09-06T03:05:07+00:00\",\"dateModified\":\"2019-09-06T03:05:07+00:00\",\"mainEntityOfPage\":{\"@id\":\"https:\/\/peoplesphere.be\/fr\/laugmentation-inquietante-nombre-de-faillites-belgique-renforce-craintes-de-recession\/\"},\"wordCount\":647,\"publisher\":{\"@id\":\"https:\/\/peoplesphere.be\/fr\/#organization\"},\"keywords\":[\"Atradius\",\"emploi\",\"faillites\",\"r\u00e9cession \u00e9conomique\"],\"articleSection\":[\"Actualit\u00e9s\",\"Digital\"],\"inLanguage\":\"fr-FR\"},{\"@type\":\"WebPage\",\"@id\":\"https:\/\/peoplesphere.be\/fr\/laugmentation-inquietante-nombre-de-faillites-belgique-renforce-craintes-de-recession\/\",\"url\":\"https:\/\/peoplesphere.be\/fr\/laugmentation-inquietante-nombre-de-faillites-belgique-renforce-craintes-de-recession\/\",\"name\":\"L'augmentation inqui\u00e9tante du nombre de faillites en Belgique renforce les craintes de r\u00e9cession. - Peoplesphere\",\"isPartOf\":{\"@id\":\"https:\/\/peoplesphere.be\/fr\/#website\"},\"datePublished\":\"2019-09-06T03:05:07+00:00\",\"dateModified\":\"2019-09-06T03:05:07+00:00\",\"breadcrumb\":{\"@id\":\"https:\/\/peoplesphere.be\/fr\/laugmentation-inquietante-nombre-de-faillites-belgique-renforce-craintes-de-recession\/#breadcrumb\"},\"inLanguage\":\"fr-FR\",\"potentialAction\":[{\"@type\":\"ReadAction\",\"target\":[\"https:\/\/peoplesphere.be\/fr\/laugmentation-inquietante-nombre-de-faillites-belgique-renforce-craintes-de-recession\/\"]}]},{\"@type\":\"BreadcrumbList\",\"@id\":\"https:\/\/peoplesphere.be\/fr\/laugmentation-inquietante-nombre-de-faillites-belgique-renforce-craintes-de-recession\/#breadcrumb\",\"itemListElement\":[{\"@type\":\"ListItem\",\"position\":1,\"name\":\"Accueil\",\"item\":\"https:\/\/peoplesphere.be\/fr\/\"},{\"@type\":\"ListItem\",\"position\":2,\"name\":\"L&rsquo;augmentation inqui\u00e9tante du nombre de faillites en Belgique renforce les craintes de r\u00e9cession.\"}]},{\"@type\":\"WebSite\",\"@id\":\"https:\/\/peoplesphere.be\/fr\/#website\",\"url\":\"https:\/\/peoplesphere.be\/fr\/\",\"name\":\"Peoplesphere\",\"description\":\"The People Managers Magazine\",\"publisher\":{\"@id\":\"https:\/\/peoplesphere.be\/fr\/#organization\"},\"potentialAction\":[{\"@type\":\"SearchAction\",\"target\":{\"@type\":\"EntryPoint\",\"urlTemplate\":\"https:\/\/peoplesphere.be\/fr\/?s={search_term_string}\"},\"query-input\":\"required name=search_term_string\"}],\"inLanguage\":\"fr-FR\"},{\"@type\":\"Organization\",\"@id\":\"https:\/\/peoplesphere.be\/fr\/#organization\",\"name\":\"Peoplesphere Company srl\",\"url\":\"https:\/\/peoplesphere.be\/fr\/\",\"logo\":{\"@type\":\"ImageObject\",\"inLanguage\":\"fr-FR\",\"@id\":\"https:\/\/peoplesphere.be\/fr\/#\/schema\/logo\/image\/\",\"url\":\"https:\/\/peoplesphere.be\/fr\/wp-content\/uploads\/2023\/07\/peoplesphere-lgo-new-generik.jpg\",\"contentUrl\":\"https:\/\/peoplesphere.be\/fr\/wp-content\/uploads\/2023\/07\/peoplesphere-lgo-new-generik.jpg\",\"width\":1031,\"height\":1479,\"caption\":\"Peoplesphere Company srl\"},\"image\":{\"@id\":\"https:\/\/peoplesphere.be\/fr\/#\/schema\/logo\/image\/\"},\"sameAs\":[\"https:\/\/www.facebook.com\/peoplesphere\",\"https:\/\/twitter.com\/PeoplesphereMag\",\"https:\/\/www.linkedin.com\/company\/7587361?trk\",\"http:\/\/youtube.com\/peoplesphere\"]},{\"@type\":\"Person\",\"@id\":\"https:\/\/peoplesphere.be\/fr\/#\/schema\/person\/7976225ff17988604334abb7b3536a7e\",\"name\":\"Jean-Paul Erhard\",\"image\":{\"@type\":\"ImageObject\",\"inLanguage\":\"fr-FR\",\"@id\":\"https:\/\/peoplesphere.be\/fr\/#\/schema\/person\/image\/\",\"url\":\"https:\/\/secure.gravatar.com\/avatar\/f941e681460179738071629a51574930?s=96&d=mm&r=g\",\"contentUrl\":\"https:\/\/secure.gravatar.com\/avatar\/f941e681460179738071629a51574930?s=96&d=mm&r=g\",\"caption\":\"Jean-Paul Erhard\"},\"url\":\"https:\/\/peoplesphere.be\/fr\/author\/jpe\/\"}]}<\/script>\n<!-- \/ Yoast SEO plugin. -->","yoast_head_json":{"title":"L'augmentation inqui\u00e9tante du nombre de faillites en Belgique renforce les craintes de r\u00e9cession. - Peoplesphere","robots":{"index":"index","follow":"follow","max-snippet":"max-snippet:-1","max-image-preview":"max-image-preview:large","max-video-preview":"max-video-preview:-1"},"canonical":"https:\/\/peoplesphere.be\/fr\/laugmentation-inquietante-nombre-de-faillites-belgique-renforce-craintes-de-recession\/","og_locale":"fr_FR","og_type":"article","og_title":"L'augmentation inqui\u00e9tante du nombre de faillites en Belgique renforce les craintes de r\u00e9cession. - Peoplesphere","og_description":"Atradius s&rsquo;attend \u00e0 ce que le nombre de faillites en Belgique augmente de 4% cette ann\u00e9e, selon une nouvelle \u00e9tude de l&rsquo;assureur cr\u00e9dit. Plus t\u00f4t cette ann\u00e9e, Atradius avait estim\u00e9 l&rsquo;augmentation des faillites dans notre pays \u00e0 2%. En raison [&hellip;]","og_url":"https:\/\/peoplesphere.be\/fr\/laugmentation-inquietante-nombre-de-faillites-belgique-renforce-craintes-de-recession\/","og_site_name":"Peoplesphere","article_publisher":"https:\/\/www.facebook.com\/peoplesphere","article_published_time":"2019-09-06T03:05:07+00:00","og_image":[{"url":"http:\/\/www.peoplesphere.be\/fr\/wp-content\/uploads\/2016\/07\/facebook-default-posting-1200x628px.jpg"}],"author":"Jean-Paul Erhard","twitter_card":"summary_large_image","twitter_creator":"@PeoplesphereMag","twitter_site":"@PeoplesphereMag","twitter_misc":{"\u00c9crit par":"Jean-Paul Erhard","Dur\u00e9e de lecture estim\u00e9e":"3 minutes"},"schema":{"@context":"https:\/\/schema.org","@graph":[{"@type":"Article","@id":"https:\/\/peoplesphere.be\/fr\/laugmentation-inquietante-nombre-de-faillites-belgique-renforce-craintes-de-recession\/#article","isPartOf":{"@id":"https:\/\/peoplesphere.be\/fr\/laugmentation-inquietante-nombre-de-faillites-belgique-renforce-craintes-de-recession\/"},"author":{"name":"Jean-Paul Erhard","@id":"https:\/\/peoplesphere.be\/fr\/#\/schema\/person\/7976225ff17988604334abb7b3536a7e"},"headline":"L&rsquo;augmentation inqui\u00e9tante du nombre de faillites en Belgique renforce les craintes de r\u00e9cession.","datePublished":"2019-09-06T03:05:07+00:00","dateModified":"2019-09-06T03:05:07+00:00","mainEntityOfPage":{"@id":"https:\/\/peoplesphere.be\/fr\/laugmentation-inquietante-nombre-de-faillites-belgique-renforce-craintes-de-recession\/"},"wordCount":647,"publisher":{"@id":"https:\/\/peoplesphere.be\/fr\/#organization"},"keywords":["Atradius","emploi","faillites","r\u00e9cession \u00e9conomique"],"articleSection":["Actualit\u00e9s","Digital"],"inLanguage":"fr-FR"},{"@type":"WebPage","@id":"https:\/\/peoplesphere.be\/fr\/laugmentation-inquietante-nombre-de-faillites-belgique-renforce-craintes-de-recession\/","url":"https:\/\/peoplesphere.be\/fr\/laugmentation-inquietante-nombre-de-faillites-belgique-renforce-craintes-de-recession\/","name":"L'augmentation inqui\u00e9tante du nombre de faillites en Belgique renforce les craintes de r\u00e9cession. - Peoplesphere","isPartOf":{"@id":"https:\/\/peoplesphere.be\/fr\/#website"},"datePublished":"2019-09-06T03:05:07+00:00","dateModified":"2019-09-06T03:05:07+00:00","breadcrumb":{"@id":"https:\/\/peoplesphere.be\/fr\/laugmentation-inquietante-nombre-de-faillites-belgique-renforce-craintes-de-recession\/#breadcrumb"},"inLanguage":"fr-FR","potentialAction":[{"@type":"ReadAction","target":["https:\/\/peoplesphere.be\/fr\/laugmentation-inquietante-nombre-de-faillites-belgique-renforce-craintes-de-recession\/"]}]},{"@type":"BreadcrumbList","@id":"https:\/\/peoplesphere.be\/fr\/laugmentation-inquietante-nombre-de-faillites-belgique-renforce-craintes-de-recession\/#breadcrumb","itemListElement":[{"@type":"ListItem","position":1,"name":"Accueil","item":"https:\/\/peoplesphere.be\/fr\/"},{"@type":"ListItem","position":2,"name":"L&rsquo;augmentation inqui\u00e9tante du nombre de faillites en Belgique renforce les craintes de r\u00e9cession."}]},{"@type":"WebSite","@id":"https:\/\/peoplesphere.be\/fr\/#website","url":"https:\/\/peoplesphere.be\/fr\/","name":"Peoplesphere","description":"The People Managers Magazine","publisher":{"@id":"https:\/\/peoplesphere.be\/fr\/#organization"},"potentialAction":[{"@type":"SearchAction","target":{"@type":"EntryPoint","urlTemplate":"https:\/\/peoplesphere.be\/fr\/?s={search_term_string}"},"query-input":"required name=search_term_string"}],"inLanguage":"fr-FR"},{"@type":"Organization","@id":"https:\/\/peoplesphere.be\/fr\/#organization","name":"Peoplesphere Company srl","url":"https:\/\/peoplesphere.be\/fr\/","logo":{"@type":"ImageObject","inLanguage":"fr-FR","@id":"https:\/\/peoplesphere.be\/fr\/#\/schema\/logo\/image\/","url":"https:\/\/peoplesphere.be\/fr\/wp-content\/uploads\/2023\/07\/peoplesphere-lgo-new-generik.jpg","contentUrl":"https:\/\/peoplesphere.be\/fr\/wp-content\/uploads\/2023\/07\/peoplesphere-lgo-new-generik.jpg","width":1031,"height":1479,"caption":"Peoplesphere Company srl"},"image":{"@id":"https:\/\/peoplesphere.be\/fr\/#\/schema\/logo\/image\/"},"sameAs":["https:\/\/www.facebook.com\/peoplesphere","https:\/\/twitter.com\/PeoplesphereMag","https:\/\/www.linkedin.com\/company\/7587361?trk","http:\/\/youtube.com\/peoplesphere"]},{"@type":"Person","@id":"https:\/\/peoplesphere.be\/fr\/#\/schema\/person\/7976225ff17988604334abb7b3536a7e","name":"Jean-Paul Erhard","image":{"@type":"ImageObject","inLanguage":"fr-FR","@id":"https:\/\/peoplesphere.be\/fr\/#\/schema\/person\/image\/","url":"https:\/\/secure.gravatar.com\/avatar\/f941e681460179738071629a51574930?s=96&d=mm&r=g","contentUrl":"https:\/\/secure.gravatar.com\/avatar\/f941e681460179738071629a51574930?s=96&d=mm&r=g","caption":"Jean-Paul Erhard"},"url":"https:\/\/peoplesphere.be\/fr\/author\/jpe\/"}]}},"_links":{"self":[{"href":"https:\/\/peoplesphere.be\/fr\/wp-json\/wp\/v2\/posts\/8254"}],"collection":[{"href":"https:\/\/peoplesphere.be\/fr\/wp-json\/wp\/v2\/posts"}],"about":[{"href":"https:\/\/peoplesphere.be\/fr\/wp-json\/wp\/v2\/types\/post"}],"author":[{"embeddable":true,"href":"https:\/\/peoplesphere.be\/fr\/wp-json\/wp\/v2\/users\/2"}],"replies":[{"embeddable":true,"href":"https:\/\/peoplesphere.be\/fr\/wp-json\/wp\/v2\/comments?post=8254"}],"version-history":[{"count":1,"href":"https:\/\/peoplesphere.be\/fr\/wp-json\/wp\/v2\/posts\/8254\/revisions"}],"predecessor-version":[{"id":8255,"href":"https:\/\/peoplesphere.be\/fr\/wp-json\/wp\/v2\/posts\/8254\/revisions\/8255"}],"wp:attachment":[{"href":"https:\/\/peoplesphere.be\/fr\/wp-json\/wp\/v2\/media?parent=8254"}],"wp:term":[{"taxonomy":"category","embeddable":true,"href":"https:\/\/peoplesphere.be\/fr\/wp-json\/wp\/v2\/categories?post=8254"},{"taxonomy":"post_tag","embeddable":true,"href":"https:\/\/peoplesphere.be\/fr\/wp-json\/wp\/v2\/tags?post=8254"}],"curies":[{"name":"wp","href":"https:\/\/api.w.org\/{rel}","templated":true}]}}