









{"id":8316,"date":"2019-09-24T21:06:56","date_gmt":"2019-09-24T19:06:56","guid":{"rendered":"https:\/\/peoplesphere.be\/fr\/?p=8316"},"modified":"2019-09-24T21:06:56","modified_gmt":"2019-09-24T19:06:56","slug":"personne-4-peine-a-gerer-stress-travail-cadres-surexposes-non-cadres-bien-armes","status":"publish","type":"post","link":"https:\/\/peoplesphere.be\/fr\/personne-4-peine-a-gerer-stress-travail-cadres-surexposes-non-cadres-bien-armes\/","title":{"rendered":"Une personne sur 4 peine \u00e0 g\u00e9rer le stress au travail: les cadres sont surexpos\u00e9s, les non-cadres sont les moins bien arm\u00e9s&#8230;"},"content":{"rendered":"<p>Pendant la p\u00e9riode charg\u00e9e qu\u2019est l\u2019automne, le stress li\u00e9 au travail envahit \u00e0 nouveau certains coll\u00e8gues. Mensura a enqu\u00eat\u00e9 sur la perception du stress au travail en 2019. La plus grande \u00e9tude jamais r\u00e9alis\u00e9e en Belgique sur le stress au travail montre que ce sont les cadres qui le subissent le plus souvent. Cependant, ce sont surtout les non-cadres qui \u00e9prouvent plus de difficult\u00e9s \u00e0 y faire face.<!--more--><\/p>\n<p>Sur une p\u00e9riode de pr\u00e8s de trois ans, Mensura, le Service Externe de Pr\u00e9vention et de Protection au Travail, a men\u00e9 une enqu\u00eate en ligne aupr\u00e8s de plus de 28.000 travailleurs pour \u00e9valuer leur exp\u00e9rience face au stress au travail. 23% des personnes interrog\u00e9es occupaient des postes de direction au moment de l&rsquo;enqu\u00eate.<\/p>\n<p>Selon cette enqu\u00eate, le stress li\u00e9 au travail est plus important chez les cadres que chez les non-cadres. Environ 60% des cadres se disent de mod\u00e9r\u00e9ment \u00e0 tr\u00e8s stress\u00e9s. Pour les non-cadres \u2013 autant les ouvriers que les employ\u00e9s \u2013 ce chiffre est l\u00e9g\u00e8rement inf\u00e9rieur \u00e0 50%.<br \/>\nCependant, lorsqu&rsquo;il s&rsquo;agit de g\u00e9rer le stress li\u00e9 au travail, la tendance contraire semble se produire. M\u00eame si les cadres \u00e9prouvent plus de stress, ils semblent \u00eatre en meilleure mesure d&rsquo;y faire face. Environ 4 dirigeants sur 5 (81%) affirment \u00eatre habituellement en mesure de g\u00e9rer leur stress de fa\u00e7on saine. C&rsquo;est moins le cas pour les non-cadres : pr\u00e8s d\u20191 sur 4 (24%) indique \u00eatre parfois, ou jamais, en mesure de g\u00e9rer le stress li\u00e9 au travail de fa\u00e7on saine.<\/p>\n<p><strong><em>Un plus grand contr\u00f4le forme une barri\u00e8re contre le stress.<\/em><\/strong><\/p>\n<p>Alexandra Bouisseau, expert en stress chez Mensura :<em> \u00ab Le nombre de travailleurs qui subissent un stress important semble \u00eatre \u00e9lev\u00e9, avec une moyenne de 55%. Cela n\u2019est pas forc\u00e9ment alarmant : en effet, le stress n&rsquo;est pas n\u00e9cessairement n\u00e9gatif. Mais si vous \u00e9prouvez des difficult\u00e9s \u00e0 contr\u00f4ler celui-ci, , le stress peut alors entra\u00eener des effets n\u00e9gatifs, mineurs ou majeurs. Pensez \u00e0 la surcharge de travail, \u00e0 l&rsquo;inconfort physique, ou m\u00eame au burn-out. \u00bb<\/em><br \/>\n<em>\u00ab Le fait que les cadres indiquent \u00eatre en meilleure mesure de g\u00e9rer le stress li\u00e9 au travail est principalement d\u00fb au contr\u00f4le dont ils disposent. Les cadres ont plus de cartes en main pour faire face au stress, comme l&rsquo;autonomie par exemple. Le fait d&rsquo;avoir son mot \u00e0 dire sur qui fait quoi, quand et de quelle mani\u00e8re est une barri\u00e8re importante contre le stress. \u00bb<\/em><\/p>\n<p><em><strong>Les causes principales du stress<\/strong><\/em><\/p>\n<p>L\u2019enqu\u00eate s\u2019est \u00e9galement pench\u00e9e sur les facteurs de stress (qu\u2019est-ce qui vous procure du stress?) et sur les facteurs de r\u00e9duction du stress (qu\u2019est-ce qui freine votre stress ?). Selon les travailleurs belges, les principaux facteurs de stress sont les suivants :<\/p>\n<ul>\n<li>Une charge mentale due au contenu du travail ou, en d\u2019autres termes, le besoin de concentration.<\/li>\n<li>La pression professionnelle et la charge \u00e9motionnelle due au travail (les \u00e9motions caus\u00e9es par la nature du travail et les contacts professionnels) arrivent en deuxi\u00e8me position.<\/li>\n<li>La complexit\u00e9 du travail.<\/li>\n<li>L\u2019ambiance sur le lieu de travail.<\/li>\n<\/ul>\n<p><em><strong>Communiquer et fixer des accords clairs.<\/strong><\/em><\/p>\n<p>Une exposition excessive et longue \u00e0 un stress important nuit \u00e0 la sant\u00e9 mentale et physique, et peut \u00e0 terme devenir une cause de probl\u00e8mes. C&rsquo;est pourquoi il est important pour une entreprise de prendre des mesures pour soulager ou \u00e9liminer le stress excessif ou persistant.<br \/>\nVoici les plus importantes selon les r\u00e9pondants :<\/p>\n<ul>\n<li>des proc\u00e9dures et une m\u00e9thode de travail claires.<\/li>\n<li>une libert\u00e9 et une autonomie (mesur\u00e9es) en ce qui concerne l\u2019organisation du travail et les d\u00e9cisions \u00e0 prendre.<\/li>\n<li>le soutien et l\u2019appr\u00e9ciation d\u2019un responsable.<\/li>\n<\/ul>\n<p>Alexandra Bouisseau : \u00ab<em> Accorder de l\u2019autonomie n\u2019est pas \u00e9vident, voire m\u00eame impossible, dans le cadre de certaines fonctions. De nombreux postes d\u2019ouvriers offrent peu de marge de man\u0153uvre dans ce domaine et ce groupe indique toutefois clairement \u00e9prouver du stress. Dans ces cas, il est conseill\u00e9 de porter une attention particuli\u00e8re aux autres facteurs de r\u00e9duction du stress. \u00bb<\/em><br \/>\nEn termes de soutien et d\u2019appr\u00e9ciation, le r\u00f4le crucial de coach et d\u2019oreille attentive ne rel\u00e8ve pas automatiquement de l\u2019\u00e9vidence pour tous les responsables.<\/p>\n<p><strong><em>Les organisations doivent faciliter une gestion efficace du stress<\/em><\/strong><\/p>\n<p><em>\u00ab\u00a0L\u2019essentiel est de fournir aux responsables et aux collaborateurs les outils n\u00e9cessaires pour qu\u2019ils puissent \u00e9galement correctement mettre en pratique tout ce qui est attendu d\u2019eux \u00bb,<\/em> estime Bart Vriesacker. \u00ab<em> Il est d\u00e8s lors judicieux d\u2019investir dans des formations en leadership ax\u00e9es sur le coaching et la sensibilisation des collaborateurs. \u00bb<\/em><br \/>\nEn parall\u00e8le, il est important que les travailleurs qui ne mentionnent pas directement leurs probl\u00e8mes de stress \u00e0 leur sup\u00e9rieur soient d\u00e9tect\u00e9s \u00e0 temps. <em>\u00ab Reconna\u00eetre les signes de stress excessif ou d&rsquo;\u00e9puisement professionnel, c\u2019est aussi une comp\u00e9tence qui ne vient pas de nulle part. A quoi sert une culture de la porte ouverte si un manager n&rsquo;a jamais appris \u00e0 g\u00e9rer une conversation sur des sujets sensibles ? Parler, cela fonctionne, mais nous devons faciliter cette pratique en tant qu&rsquo;organisation.\u00a0\u00bb<\/em><\/p>\n<p><em>Source: Mensura<\/em><\/p>\n","protected":false},"excerpt":{"rendered":"<p>Pendant la p\u00e9riode charg\u00e9e qu\u2019est l\u2019automne, le stress li\u00e9 au travail envahit \u00e0 nouveau certains coll\u00e8gues. Mensura a enqu\u00eat\u00e9 sur la perception du stress au travail en 2019. La plus grande \u00e9tude jamais r\u00e9alis\u00e9e en Belgique sur le stress au [&hellip;]<\/p>\n","protected":false},"author":2,"featured_media":0,"comment_status":"closed","ping_status":"open","sticky":false,"template":"","format":"standard","meta":[],"categories":[65,10],"tags":[96,1163,17,18],"yoast_head":"<!-- This site is optimized with the Yoast SEO plugin v21.0 - https:\/\/yoast.com\/wordpress\/plugins\/seo\/ -->\n<title>Une personne sur 4 peine \u00e0 g\u00e9rer le stress au travail: les cadres sont surexpos\u00e9s, les non-cadres sont les moins bien arm\u00e9s... - Peoplesphere<\/title>\n<meta name=\"robots\" content=\"index, follow, max-snippet:-1, max-image-preview:large, max-video-preview:-1\" \/>\n<link rel=\"canonical\" href=\"https:\/\/peoplesphere.be\/fr\/personne-4-peine-a-gerer-stress-travail-cadres-surexposes-non-cadres-bien-armes\/\" \/>\n<meta property=\"og:locale\" content=\"fr_FR\" \/>\n<meta property=\"og:type\" content=\"article\" \/>\n<meta property=\"og:title\" content=\"Une personne sur 4 peine \u00e0 g\u00e9rer le stress au travail: les cadres sont surexpos\u00e9s, les non-cadres sont les moins bien arm\u00e9s... - Peoplesphere\" \/>\n<meta property=\"og:description\" content=\"Pendant la p\u00e9riode charg\u00e9e qu\u2019est l\u2019automne, le stress li\u00e9 au travail envahit \u00e0 nouveau certains coll\u00e8gues. Mensura a enqu\u00eat\u00e9 sur la perception du stress au travail en 2019. La plus grande \u00e9tude jamais r\u00e9alis\u00e9e en Belgique sur le stress au [&hellip;]\" \/>\n<meta property=\"og:url\" content=\"https:\/\/peoplesphere.be\/fr\/personne-4-peine-a-gerer-stress-travail-cadres-surexposes-non-cadres-bien-armes\/\" \/>\n<meta property=\"og:site_name\" content=\"Peoplesphere\" \/>\n<meta property=\"article:publisher\" content=\"https:\/\/www.facebook.com\/peoplesphere\" \/>\n<meta property=\"article:published_time\" content=\"2019-09-24T19:06:56+00:00\" \/>\n<meta property=\"og:image\" content=\"http:\/\/www.peoplesphere.be\/fr\/wp-content\/uploads\/2016\/07\/facebook-default-posting-1200x628px.jpg\" \/>\n<meta name=\"author\" content=\"Jean-Paul Erhard\" \/>\n<meta name=\"twitter:card\" content=\"summary_large_image\" \/>\n<meta name=\"twitter:creator\" content=\"@PeoplesphereMag\" \/>\n<meta name=\"twitter:site\" content=\"@PeoplesphereMag\" \/>\n<meta name=\"twitter:label1\" content=\"\u00c9crit par\" \/>\n\t<meta name=\"twitter:data1\" content=\"Jean-Paul Erhard\" \/>\n\t<meta name=\"twitter:label2\" content=\"Dur\u00e9e de lecture estim\u00e9e\" \/>\n\t<meta name=\"twitter:data2\" content=\"4 minutes\" \/>\n<script type=\"application\/ld+json\" class=\"yoast-schema-graph\">{\"@context\":\"https:\/\/schema.org\",\"@graph\":[{\"@type\":\"Article\",\"@id\":\"https:\/\/peoplesphere.be\/fr\/personne-4-peine-a-gerer-stress-travail-cadres-surexposes-non-cadres-bien-armes\/#article\",\"isPartOf\":{\"@id\":\"https:\/\/peoplesphere.be\/fr\/personne-4-peine-a-gerer-stress-travail-cadres-surexposes-non-cadres-bien-armes\/\"},\"author\":{\"name\":\"Jean-Paul Erhard\",\"@id\":\"https:\/\/peoplesphere.be\/fr\/#\/schema\/person\/7976225ff17988604334abb7b3536a7e\"},\"headline\":\"Une personne sur 4 peine \u00e0 g\u00e9rer le stress au travail: les cadres sont surexpos\u00e9s, les non-cadres sont les moins bien arm\u00e9s&#8230;\",\"datePublished\":\"2019-09-24T19:06:56+00:00\",\"dateModified\":\"2019-09-24T19:06:56+00:00\",\"mainEntityOfPage\":{\"@id\":\"https:\/\/peoplesphere.be\/fr\/personne-4-peine-a-gerer-stress-travail-cadres-surexposes-non-cadres-bien-armes\/\"},\"wordCount\":895,\"publisher\":{\"@id\":\"https:\/\/peoplesphere.be\/fr\/#organization\"},\"keywords\":[\"bien-\u00eatre\",\"mensura\",\"Sant\u00e9\",\"Stress\"],\"articleSection\":[\"Actualit\u00e9s\",\"Digital\"],\"inLanguage\":\"fr-FR\"},{\"@type\":\"WebPage\",\"@id\":\"https:\/\/peoplesphere.be\/fr\/personne-4-peine-a-gerer-stress-travail-cadres-surexposes-non-cadres-bien-armes\/\",\"url\":\"https:\/\/peoplesphere.be\/fr\/personne-4-peine-a-gerer-stress-travail-cadres-surexposes-non-cadres-bien-armes\/\",\"name\":\"Une personne sur 4 peine \u00e0 g\u00e9rer le stress au travail: les cadres sont surexpos\u00e9s, les non-cadres sont les moins bien arm\u00e9s... - Peoplesphere\",\"isPartOf\":{\"@id\":\"https:\/\/peoplesphere.be\/fr\/#website\"},\"datePublished\":\"2019-09-24T19:06:56+00:00\",\"dateModified\":\"2019-09-24T19:06:56+00:00\",\"breadcrumb\":{\"@id\":\"https:\/\/peoplesphere.be\/fr\/personne-4-peine-a-gerer-stress-travail-cadres-surexposes-non-cadres-bien-armes\/#breadcrumb\"},\"inLanguage\":\"fr-FR\",\"potentialAction\":[{\"@type\":\"ReadAction\",\"target\":[\"https:\/\/peoplesphere.be\/fr\/personne-4-peine-a-gerer-stress-travail-cadres-surexposes-non-cadres-bien-armes\/\"]}]},{\"@type\":\"BreadcrumbList\",\"@id\":\"https:\/\/peoplesphere.be\/fr\/personne-4-peine-a-gerer-stress-travail-cadres-surexposes-non-cadres-bien-armes\/#breadcrumb\",\"itemListElement\":[{\"@type\":\"ListItem\",\"position\":1,\"name\":\"Accueil\",\"item\":\"https:\/\/peoplesphere.be\/fr\/\"},{\"@type\":\"ListItem\",\"position\":2,\"name\":\"Une personne sur 4 peine \u00e0 g\u00e9rer le stress au travail: les cadres sont surexpos\u00e9s, les non-cadres sont les moins bien arm\u00e9s&#8230;\"}]},{\"@type\":\"WebSite\",\"@id\":\"https:\/\/peoplesphere.be\/fr\/#website\",\"url\":\"https:\/\/peoplesphere.be\/fr\/\",\"name\":\"Peoplesphere\",\"description\":\"The People Managers Magazine\",\"publisher\":{\"@id\":\"https:\/\/peoplesphere.be\/fr\/#organization\"},\"potentialAction\":[{\"@type\":\"SearchAction\",\"target\":{\"@type\":\"EntryPoint\",\"urlTemplate\":\"https:\/\/peoplesphere.be\/fr\/?s={search_term_string}\"},\"query-input\":\"required name=search_term_string\"}],\"inLanguage\":\"fr-FR\"},{\"@type\":\"Organization\",\"@id\":\"https:\/\/peoplesphere.be\/fr\/#organization\",\"name\":\"Peoplesphere Company srl\",\"url\":\"https:\/\/peoplesphere.be\/fr\/\",\"logo\":{\"@type\":\"ImageObject\",\"inLanguage\":\"fr-FR\",\"@id\":\"https:\/\/peoplesphere.be\/fr\/#\/schema\/logo\/image\/\",\"url\":\"https:\/\/peoplesphere.be\/fr\/wp-content\/uploads\/2023\/07\/peoplesphere-lgo-new-generik.jpg\",\"contentUrl\":\"https:\/\/peoplesphere.be\/fr\/wp-content\/uploads\/2023\/07\/peoplesphere-lgo-new-generik.jpg\",\"width\":1031,\"height\":1479,\"caption\":\"Peoplesphere Company srl\"},\"image\":{\"@id\":\"https:\/\/peoplesphere.be\/fr\/#\/schema\/logo\/image\/\"},\"sameAs\":[\"https:\/\/www.facebook.com\/peoplesphere\",\"https:\/\/twitter.com\/PeoplesphereMag\",\"https:\/\/www.linkedin.com\/company\/7587361?trk\",\"http:\/\/youtube.com\/peoplesphere\"]},{\"@type\":\"Person\",\"@id\":\"https:\/\/peoplesphere.be\/fr\/#\/schema\/person\/7976225ff17988604334abb7b3536a7e\",\"name\":\"Jean-Paul Erhard\",\"image\":{\"@type\":\"ImageObject\",\"inLanguage\":\"fr-FR\",\"@id\":\"https:\/\/peoplesphere.be\/fr\/#\/schema\/person\/image\/\",\"url\":\"https:\/\/secure.gravatar.com\/avatar\/f941e681460179738071629a51574930?s=96&d=mm&r=g\",\"contentUrl\":\"https:\/\/secure.gravatar.com\/avatar\/f941e681460179738071629a51574930?s=96&d=mm&r=g\",\"caption\":\"Jean-Paul Erhard\"},\"url\":\"https:\/\/peoplesphere.be\/fr\/author\/jpe\/\"}]}<\/script>\n<!-- \/ Yoast SEO plugin. -->","yoast_head_json":{"title":"Une personne sur 4 peine \u00e0 g\u00e9rer le stress au travail: les cadres sont surexpos\u00e9s, les non-cadres sont les moins bien arm\u00e9s... - Peoplesphere","robots":{"index":"index","follow":"follow","max-snippet":"max-snippet:-1","max-image-preview":"max-image-preview:large","max-video-preview":"max-video-preview:-1"},"canonical":"https:\/\/peoplesphere.be\/fr\/personne-4-peine-a-gerer-stress-travail-cadres-surexposes-non-cadres-bien-armes\/","og_locale":"fr_FR","og_type":"article","og_title":"Une personne sur 4 peine \u00e0 g\u00e9rer le stress au travail: les cadres sont surexpos\u00e9s, les non-cadres sont les moins bien arm\u00e9s... - Peoplesphere","og_description":"Pendant la p\u00e9riode charg\u00e9e qu\u2019est l\u2019automne, le stress li\u00e9 au travail envahit \u00e0 nouveau certains coll\u00e8gues. Mensura a enqu\u00eat\u00e9 sur la perception du stress au travail en 2019. La plus grande \u00e9tude jamais r\u00e9alis\u00e9e en Belgique sur le stress au [&hellip;]","og_url":"https:\/\/peoplesphere.be\/fr\/personne-4-peine-a-gerer-stress-travail-cadres-surexposes-non-cadres-bien-armes\/","og_site_name":"Peoplesphere","article_publisher":"https:\/\/www.facebook.com\/peoplesphere","article_published_time":"2019-09-24T19:06:56+00:00","og_image":[{"url":"http:\/\/www.peoplesphere.be\/fr\/wp-content\/uploads\/2016\/07\/facebook-default-posting-1200x628px.jpg"}],"author":"Jean-Paul Erhard","twitter_card":"summary_large_image","twitter_creator":"@PeoplesphereMag","twitter_site":"@PeoplesphereMag","twitter_misc":{"\u00c9crit par":"Jean-Paul Erhard","Dur\u00e9e de lecture estim\u00e9e":"4 minutes"},"schema":{"@context":"https:\/\/schema.org","@graph":[{"@type":"Article","@id":"https:\/\/peoplesphere.be\/fr\/personne-4-peine-a-gerer-stress-travail-cadres-surexposes-non-cadres-bien-armes\/#article","isPartOf":{"@id":"https:\/\/peoplesphere.be\/fr\/personne-4-peine-a-gerer-stress-travail-cadres-surexposes-non-cadres-bien-armes\/"},"author":{"name":"Jean-Paul Erhard","@id":"https:\/\/peoplesphere.be\/fr\/#\/schema\/person\/7976225ff17988604334abb7b3536a7e"},"headline":"Une personne sur 4 peine \u00e0 g\u00e9rer le stress au travail: les cadres sont surexpos\u00e9s, les non-cadres sont les moins bien arm\u00e9s&#8230;","datePublished":"2019-09-24T19:06:56+00:00","dateModified":"2019-09-24T19:06:56+00:00","mainEntityOfPage":{"@id":"https:\/\/peoplesphere.be\/fr\/personne-4-peine-a-gerer-stress-travail-cadres-surexposes-non-cadres-bien-armes\/"},"wordCount":895,"publisher":{"@id":"https:\/\/peoplesphere.be\/fr\/#organization"},"keywords":["bien-\u00eatre","mensura","Sant\u00e9","Stress"],"articleSection":["Actualit\u00e9s","Digital"],"inLanguage":"fr-FR"},{"@type":"WebPage","@id":"https:\/\/peoplesphere.be\/fr\/personne-4-peine-a-gerer-stress-travail-cadres-surexposes-non-cadres-bien-armes\/","url":"https:\/\/peoplesphere.be\/fr\/personne-4-peine-a-gerer-stress-travail-cadres-surexposes-non-cadres-bien-armes\/","name":"Une personne sur 4 peine \u00e0 g\u00e9rer le stress au travail: les cadres sont surexpos\u00e9s, les non-cadres sont les moins bien arm\u00e9s... - Peoplesphere","isPartOf":{"@id":"https:\/\/peoplesphere.be\/fr\/#website"},"datePublished":"2019-09-24T19:06:56+00:00","dateModified":"2019-09-24T19:06:56+00:00","breadcrumb":{"@id":"https:\/\/peoplesphere.be\/fr\/personne-4-peine-a-gerer-stress-travail-cadres-surexposes-non-cadres-bien-armes\/#breadcrumb"},"inLanguage":"fr-FR","potentialAction":[{"@type":"ReadAction","target":["https:\/\/peoplesphere.be\/fr\/personne-4-peine-a-gerer-stress-travail-cadres-surexposes-non-cadres-bien-armes\/"]}]},{"@type":"BreadcrumbList","@id":"https:\/\/peoplesphere.be\/fr\/personne-4-peine-a-gerer-stress-travail-cadres-surexposes-non-cadres-bien-armes\/#breadcrumb","itemListElement":[{"@type":"ListItem","position":1,"name":"Accueil","item":"https:\/\/peoplesphere.be\/fr\/"},{"@type":"ListItem","position":2,"name":"Une personne sur 4 peine \u00e0 g\u00e9rer le stress au travail: les cadres sont surexpos\u00e9s, les non-cadres sont les moins bien arm\u00e9s&#8230;"}]},{"@type":"WebSite","@id":"https:\/\/peoplesphere.be\/fr\/#website","url":"https:\/\/peoplesphere.be\/fr\/","name":"Peoplesphere","description":"The People Managers Magazine","publisher":{"@id":"https:\/\/peoplesphere.be\/fr\/#organization"},"potentialAction":[{"@type":"SearchAction","target":{"@type":"EntryPoint","urlTemplate":"https:\/\/peoplesphere.be\/fr\/?s={search_term_string}"},"query-input":"required name=search_term_string"}],"inLanguage":"fr-FR"},{"@type":"Organization","@id":"https:\/\/peoplesphere.be\/fr\/#organization","name":"Peoplesphere Company srl","url":"https:\/\/peoplesphere.be\/fr\/","logo":{"@type":"ImageObject","inLanguage":"fr-FR","@id":"https:\/\/peoplesphere.be\/fr\/#\/schema\/logo\/image\/","url":"https:\/\/peoplesphere.be\/fr\/wp-content\/uploads\/2023\/07\/peoplesphere-lgo-new-generik.jpg","contentUrl":"https:\/\/peoplesphere.be\/fr\/wp-content\/uploads\/2023\/07\/peoplesphere-lgo-new-generik.jpg","width":1031,"height":1479,"caption":"Peoplesphere Company srl"},"image":{"@id":"https:\/\/peoplesphere.be\/fr\/#\/schema\/logo\/image\/"},"sameAs":["https:\/\/www.facebook.com\/peoplesphere","https:\/\/twitter.com\/PeoplesphereMag","https:\/\/www.linkedin.com\/company\/7587361?trk","http:\/\/youtube.com\/peoplesphere"]},{"@type":"Person","@id":"https:\/\/peoplesphere.be\/fr\/#\/schema\/person\/7976225ff17988604334abb7b3536a7e","name":"Jean-Paul Erhard","image":{"@type":"ImageObject","inLanguage":"fr-FR","@id":"https:\/\/peoplesphere.be\/fr\/#\/schema\/person\/image\/","url":"https:\/\/secure.gravatar.com\/avatar\/f941e681460179738071629a51574930?s=96&d=mm&r=g","contentUrl":"https:\/\/secure.gravatar.com\/avatar\/f941e681460179738071629a51574930?s=96&d=mm&r=g","caption":"Jean-Paul Erhard"},"url":"https:\/\/peoplesphere.be\/fr\/author\/jpe\/"}]}},"_links":{"self":[{"href":"https:\/\/peoplesphere.be\/fr\/wp-json\/wp\/v2\/posts\/8316"}],"collection":[{"href":"https:\/\/peoplesphere.be\/fr\/wp-json\/wp\/v2\/posts"}],"about":[{"href":"https:\/\/peoplesphere.be\/fr\/wp-json\/wp\/v2\/types\/post"}],"author":[{"embeddable":true,"href":"https:\/\/peoplesphere.be\/fr\/wp-json\/wp\/v2\/users\/2"}],"replies":[{"embeddable":true,"href":"https:\/\/peoplesphere.be\/fr\/wp-json\/wp\/v2\/comments?post=8316"}],"version-history":[{"count":1,"href":"https:\/\/peoplesphere.be\/fr\/wp-json\/wp\/v2\/posts\/8316\/revisions"}],"predecessor-version":[{"id":8317,"href":"https:\/\/peoplesphere.be\/fr\/wp-json\/wp\/v2\/posts\/8316\/revisions\/8317"}],"wp:attachment":[{"href":"https:\/\/peoplesphere.be\/fr\/wp-json\/wp\/v2\/media?parent=8316"}],"wp:term":[{"taxonomy":"category","embeddable":true,"href":"https:\/\/peoplesphere.be\/fr\/wp-json\/wp\/v2\/categories?post=8316"},{"taxonomy":"post_tag","embeddable":true,"href":"https:\/\/peoplesphere.be\/fr\/wp-json\/wp\/v2\/tags?post=8316"}],"curies":[{"name":"wp","href":"https:\/\/api.w.org\/{rel}","templated":true}]}}