









{"id":8326,"date":"2019-09-25T16:40:48","date_gmt":"2019-09-25T14:40:48","guid":{"rendered":"https:\/\/peoplesphere.be\/fr\/?p=8326"},"modified":"2019-09-25T16:40:48","modified_gmt":"2019-09-25T14:40:48","slug":"ports-belges-generent-de-plus-plus-demplois-valeur-ajoutee-se-degrade","status":"publish","type":"post","link":"https:\/\/peoplesphere.be\/fr\/ports-belges-generent-de-plus-plus-demplois-valeur-ajoutee-se-degrade\/","title":{"rendered":"Les ports belges g\u00e9n\u00e8rent de plus en plus d&#8217;emplois mais leur valeur ajout\u00e9e se d\u00e9grade."},"content":{"rendered":"<p>Pour la troisi\u00e8me ann\u00e9e cons\u00e9cutive, \u00a0l&rsquo;estimation r\u00e9alis\u00e9e par laBNB montre que l&#8217;emploi dans les ports belges a augment\u00e9 de 1,2 % en 2018, en\u00a0raison d&rsquo;une forte hausse des branches d\u2019activit\u00e9 propres et essentielles aux ports. Chaque port, except\u00e9 celui de Bruxelles, a cr\u00e9\u00e9 des emplois suppl\u00e9mentaires. Cependant, la valeur ajout\u00e9e a diminu\u00e9 de 2,7 % par rapport \u00e0 l&rsquo;ann\u00e9e record 2017. Cette baisse a \u00e9t\u00e9 particuli\u00e8rement visible dans les secteurs non maritimes.<!--more--><\/p>\n<p>La valeur ajout\u00e9e dans l&rsquo;ensemble des ports belges a recul\u00e9 de 2,7 % en 2018 par rapport \u00e0 l&rsquo;ann\u00e9e record qu\u2019avait \u00e9t\u00e9 2017. La baisse a \u00e9t\u00e9 particuli\u00e8rement manifeste dans le cluster non maritime des ports de Li\u00e8ge et d&rsquo;Anvers. Dans ces deux ports, le secteur de l\u2019\u00e9nergie a \u00e9t\u00e9 affect\u00e9 par la diminution de la disponibilit\u00e9 des centrales nucl\u00e9aires. Les raffineries du port d\u2019Anvers ont d\u00fb faire face \u00e0 des marges de raffinage plus faibles. Le cluster non maritime du port int\u00e9rieur de Bruxelles a \u00e9galement accus\u00e9 une baisse de la valeur ajout\u00e9e particuli\u00e8rement visible dans la branche des \u00ab autres services logistiques \u00bb. En revanche, une plus grande valeur ajout\u00e9e a \u00e9t\u00e9 r\u00e9alis\u00e9e dans les ports de Gand et d&rsquo;Ostende. L&rsquo;augmentation dans le port de Gand est due aux secteurs du commerce et de l\u2019automobile. Le port d&rsquo;Ostende a enregistr\u00e9 une croissance extr\u00eamement forte dans le secteur du dragage et dans l\u2019industrie de la m\u00e9tallurgie. \u00c0 Zeebrugge, la valeur ajout\u00e9e est rest\u00e9e pratiquement inchang\u00e9e.<\/p>\n<p>L&#8217;emploi dans les ports belges a augment\u00e9 de 1,2 % en 2018, une hausse principalement due aux emplois suppl\u00e9mentaires dans le cluster maritime, et plus sp\u00e9cifiquement dans le secteur de la manutention. Tous les ports, \u00e0 l&rsquo;exception de celui de Bruxelles, ont cr\u00e9\u00e9 des emplois suppl\u00e9mentaires. Dans le port d\u2019Anvers, le nombre d&#8217;emplois dans le secteur de l&rsquo;industrie chimique et dans la branche des \u00ab autres services logistiques \u00bb s\u2019est \u00e9galement accru. L&#8217;emploi dans le secteur de l&rsquo;automobile est en hausse dans le port de Gand. Dans le port de Zeebrugge, c&rsquo;\u00e9tait le cas dans les secteurs des \u00ab agents maritimes et exp\u00e9diteurs \u00bb et du transport routier. Dans le port de Li\u00e8ge, l\u2019emploi a progress\u00e9 dans l&rsquo;industrie m\u00e9tallurgique. Ce dernier secteur, ainsi que les \u00ab autres services logistiques \u00bb, ont cr\u00e9\u00e9 des emplois suppl\u00e9mentaires dans le port d&rsquo;Ostende.<\/p>\n<p><em><strong>\u00c9volution du trafic<\/strong><\/em><\/p>\n<p>Le trafic de marchandises a augment\u00e9 en 2018 dans tous les ports belges avec un taux de croissance de +4,8 %. Le port d&rsquo;Anvers a enregistr\u00e9 un record de marchandises transbord\u00e9es pour la sixi\u00e8me ann\u00e9e cons\u00e9cutive, gr\u00e2ce au transbordement de conteneurs et de vracs liquides (produits p\u00e9troliers et produits chimiques). La reprise du transbordement dans le port de Zeebrugge est due \u00e0 une nette expansion du gaz naturel liquide transbord\u00e9, tandis que le RoRo a continu\u00e9 de grimper dans ce port. Dans le port d&rsquo;Ostende, le vrac solide &#8211; le plus important type de marchandises &#8211; a fourni le meilleur r\u00e9sultat des cinq derni\u00e8res ann\u00e9es. Le port de Bruxelles a affich\u00e9 un record historique gr\u00e2ce au modal shift des terres d\u2019excavation des chantiers le long de la voie d\u2019eau du transport routier vers le transport fluvial et au nombre accru de conteneurs manutentionn\u00e9s. La croissance du transbordement dans les ports de Gand et de Li\u00e8ge a \u00e9t\u00e9 plut\u00f4t limit\u00e9e.<\/p>\n<p><em>Source : Banque Nationale de Belgique &#8211; les chiffres relatifs \u00e0 l&rsquo;ann\u00e9e 2018 sont des estimations obtenues \u00e0 l&rsquo;aide d&rsquo;outils statistiques, dans l\u2019attente des chiffres d\u00e9finitifs qui seront publi\u00e9s au printemps de 2020 dans le rapport annuel sur l\u2019importance \u00e9conomique des ports belges.<\/em><\/p>\n","protected":false},"excerpt":{"rendered":"<p>Pour la troisi\u00e8me ann\u00e9e cons\u00e9cutive, \u00a0l&rsquo;estimation r\u00e9alis\u00e9e par laBNB montre que l&#8217;emploi dans les ports belges a augment\u00e9 de 1,2 % en 2018, en\u00a0raison d&rsquo;une forte hausse des branches d\u2019activit\u00e9 propres et essentielles aux ports. Chaque port, except\u00e9 celui de [&hellip;]<\/p>\n","protected":false},"author":2,"featured_media":0,"comment_status":"closed","ping_status":"open","sticky":false,"template":"","format":"standard","meta":[],"categories":[65,10],"tags":[2709,325,1188,2710,1604],"yoast_head":"<!-- This site is optimized with the Yoast SEO plugin v21.0 - https:\/\/yoast.com\/wordpress\/plugins\/seo\/ -->\n<title>Les ports belges g\u00e9n\u00e8rent de plus en plus d&#039;emplois mais leur valeur ajout\u00e9e se d\u00e9grade. - Peoplesphere<\/title>\n<meta name=\"robots\" content=\"index, follow, max-snippet:-1, max-image-preview:large, max-video-preview:-1\" \/>\n<link rel=\"canonical\" href=\"https:\/\/peoplesphere.be\/fr\/ports-belges-generent-de-plus-plus-demplois-valeur-ajoutee-se-degrade\/\" \/>\n<meta property=\"og:locale\" content=\"fr_FR\" \/>\n<meta property=\"og:type\" content=\"article\" \/>\n<meta property=\"og:title\" content=\"Les ports belges g\u00e9n\u00e8rent de plus en plus d&#039;emplois mais leur valeur ajout\u00e9e se d\u00e9grade. - Peoplesphere\" \/>\n<meta property=\"og:description\" content=\"Pour la troisi\u00e8me ann\u00e9e cons\u00e9cutive, \u00a0l&rsquo;estimation r\u00e9alis\u00e9e par laBNB montre que l&#8217;emploi dans les ports belges a augment\u00e9 de 1,2 % en 2018, en\u00a0raison d&rsquo;une forte hausse des branches d\u2019activit\u00e9 propres et essentielles aux ports. Chaque port, except\u00e9 celui de [&hellip;]\" \/>\n<meta property=\"og:url\" content=\"https:\/\/peoplesphere.be\/fr\/ports-belges-generent-de-plus-plus-demplois-valeur-ajoutee-se-degrade\/\" \/>\n<meta property=\"og:site_name\" content=\"Peoplesphere\" \/>\n<meta property=\"article:publisher\" content=\"https:\/\/www.facebook.com\/peoplesphere\" \/>\n<meta property=\"article:published_time\" content=\"2019-09-25T14:40:48+00:00\" \/>\n<meta property=\"og:image\" content=\"http:\/\/www.peoplesphere.be\/fr\/wp-content\/uploads\/2016\/07\/facebook-default-posting-1200x628px.jpg\" \/>\n<meta name=\"author\" content=\"Jean-Paul Erhard\" \/>\n<meta name=\"twitter:card\" content=\"summary_large_image\" \/>\n<meta name=\"twitter:creator\" content=\"@PeoplesphereMag\" \/>\n<meta name=\"twitter:site\" content=\"@PeoplesphereMag\" \/>\n<meta name=\"twitter:label1\" content=\"\u00c9crit par\" \/>\n\t<meta name=\"twitter:data1\" content=\"Jean-Paul Erhard\" \/>\n\t<meta name=\"twitter:label2\" content=\"Dur\u00e9e de lecture estim\u00e9e\" \/>\n\t<meta name=\"twitter:data2\" content=\"3 minutes\" \/>\n<script type=\"application\/ld+json\" class=\"yoast-schema-graph\">{\"@context\":\"https:\/\/schema.org\",\"@graph\":[{\"@type\":\"Article\",\"@id\":\"https:\/\/peoplesphere.be\/fr\/ports-belges-generent-de-plus-plus-demplois-valeur-ajoutee-se-degrade\/#article\",\"isPartOf\":{\"@id\":\"https:\/\/peoplesphere.be\/fr\/ports-belges-generent-de-plus-plus-demplois-valeur-ajoutee-se-degrade\/\"},\"author\":{\"name\":\"Jean-Paul Erhard\",\"@id\":\"https:\/\/peoplesphere.be\/fr\/#\/schema\/person\/7976225ff17988604334abb7b3536a7e\"},\"headline\":\"Les ports belges g\u00e9n\u00e8rent de plus en plus d&#8217;emplois mais leur valeur ajout\u00e9e se d\u00e9grade.\",\"datePublished\":\"2019-09-25T14:40:48+00:00\",\"dateModified\":\"2019-09-25T14:40:48+00:00\",\"mainEntityOfPage\":{\"@id\":\"https:\/\/peoplesphere.be\/fr\/ports-belges-generent-de-plus-plus-demplois-valeur-ajoutee-se-degrade\/\"},\"wordCount\":630,\"publisher\":{\"@id\":\"https:\/\/peoplesphere.be\/fr\/#organization\"},\"keywords\":[\"activit\u00e9 \u00e9conomique\",\"cr\u00e9ation d'emplois\",\"multimodalit\u00e9\",\"ports\",\"transports\"],\"articleSection\":[\"Actualit\u00e9s\",\"Digital\"],\"inLanguage\":\"fr-FR\"},{\"@type\":\"WebPage\",\"@id\":\"https:\/\/peoplesphere.be\/fr\/ports-belges-generent-de-plus-plus-demplois-valeur-ajoutee-se-degrade\/\",\"url\":\"https:\/\/peoplesphere.be\/fr\/ports-belges-generent-de-plus-plus-demplois-valeur-ajoutee-se-degrade\/\",\"name\":\"Les ports belges g\u00e9n\u00e8rent de plus en plus d'emplois mais leur valeur ajout\u00e9e se d\u00e9grade. - Peoplesphere\",\"isPartOf\":{\"@id\":\"https:\/\/peoplesphere.be\/fr\/#website\"},\"datePublished\":\"2019-09-25T14:40:48+00:00\",\"dateModified\":\"2019-09-25T14:40:48+00:00\",\"breadcrumb\":{\"@id\":\"https:\/\/peoplesphere.be\/fr\/ports-belges-generent-de-plus-plus-demplois-valeur-ajoutee-se-degrade\/#breadcrumb\"},\"inLanguage\":\"fr-FR\",\"potentialAction\":[{\"@type\":\"ReadAction\",\"target\":[\"https:\/\/peoplesphere.be\/fr\/ports-belges-generent-de-plus-plus-demplois-valeur-ajoutee-se-degrade\/\"]}]},{\"@type\":\"BreadcrumbList\",\"@id\":\"https:\/\/peoplesphere.be\/fr\/ports-belges-generent-de-plus-plus-demplois-valeur-ajoutee-se-degrade\/#breadcrumb\",\"itemListElement\":[{\"@type\":\"ListItem\",\"position\":1,\"name\":\"Accueil\",\"item\":\"https:\/\/peoplesphere.be\/fr\/\"},{\"@type\":\"ListItem\",\"position\":2,\"name\":\"Les ports belges g\u00e9n\u00e8rent de plus en plus d&#8217;emplois mais leur valeur ajout\u00e9e se d\u00e9grade.\"}]},{\"@type\":\"WebSite\",\"@id\":\"https:\/\/peoplesphere.be\/fr\/#website\",\"url\":\"https:\/\/peoplesphere.be\/fr\/\",\"name\":\"Peoplesphere\",\"description\":\"The People Managers Magazine\",\"publisher\":{\"@id\":\"https:\/\/peoplesphere.be\/fr\/#organization\"},\"potentialAction\":[{\"@type\":\"SearchAction\",\"target\":{\"@type\":\"EntryPoint\",\"urlTemplate\":\"https:\/\/peoplesphere.be\/fr\/?s={search_term_string}\"},\"query-input\":\"required name=search_term_string\"}],\"inLanguage\":\"fr-FR\"},{\"@type\":\"Organization\",\"@id\":\"https:\/\/peoplesphere.be\/fr\/#organization\",\"name\":\"Peoplesphere Company srl\",\"url\":\"https:\/\/peoplesphere.be\/fr\/\",\"logo\":{\"@type\":\"ImageObject\",\"inLanguage\":\"fr-FR\",\"@id\":\"https:\/\/peoplesphere.be\/fr\/#\/schema\/logo\/image\/\",\"url\":\"https:\/\/peoplesphere.be\/fr\/wp-content\/uploads\/2023\/07\/peoplesphere-lgo-new-generik.jpg\",\"contentUrl\":\"https:\/\/peoplesphere.be\/fr\/wp-content\/uploads\/2023\/07\/peoplesphere-lgo-new-generik.jpg\",\"width\":1031,\"height\":1479,\"caption\":\"Peoplesphere Company srl\"},\"image\":{\"@id\":\"https:\/\/peoplesphere.be\/fr\/#\/schema\/logo\/image\/\"},\"sameAs\":[\"https:\/\/www.facebook.com\/peoplesphere\",\"https:\/\/twitter.com\/PeoplesphereMag\",\"https:\/\/www.linkedin.com\/company\/7587361?trk\",\"http:\/\/youtube.com\/peoplesphere\"]},{\"@type\":\"Person\",\"@id\":\"https:\/\/peoplesphere.be\/fr\/#\/schema\/person\/7976225ff17988604334abb7b3536a7e\",\"name\":\"Jean-Paul Erhard\",\"image\":{\"@type\":\"ImageObject\",\"inLanguage\":\"fr-FR\",\"@id\":\"https:\/\/peoplesphere.be\/fr\/#\/schema\/person\/image\/\",\"url\":\"https:\/\/secure.gravatar.com\/avatar\/f941e681460179738071629a51574930?s=96&d=mm&r=g\",\"contentUrl\":\"https:\/\/secure.gravatar.com\/avatar\/f941e681460179738071629a51574930?s=96&d=mm&r=g\",\"caption\":\"Jean-Paul Erhard\"},\"url\":\"https:\/\/peoplesphere.be\/fr\/author\/jpe\/\"}]}<\/script>\n<!-- \/ Yoast SEO plugin. -->","yoast_head_json":{"title":"Les ports belges g\u00e9n\u00e8rent de plus en plus d'emplois mais leur valeur ajout\u00e9e se d\u00e9grade. - Peoplesphere","robots":{"index":"index","follow":"follow","max-snippet":"max-snippet:-1","max-image-preview":"max-image-preview:large","max-video-preview":"max-video-preview:-1"},"canonical":"https:\/\/peoplesphere.be\/fr\/ports-belges-generent-de-plus-plus-demplois-valeur-ajoutee-se-degrade\/","og_locale":"fr_FR","og_type":"article","og_title":"Les ports belges g\u00e9n\u00e8rent de plus en plus d'emplois mais leur valeur ajout\u00e9e se d\u00e9grade. - Peoplesphere","og_description":"Pour la troisi\u00e8me ann\u00e9e cons\u00e9cutive, \u00a0l&rsquo;estimation r\u00e9alis\u00e9e par laBNB montre que l&#8217;emploi dans les ports belges a augment\u00e9 de 1,2 % en 2018, en\u00a0raison d&rsquo;une forte hausse des branches d\u2019activit\u00e9 propres et essentielles aux ports. Chaque port, except\u00e9 celui de [&hellip;]","og_url":"https:\/\/peoplesphere.be\/fr\/ports-belges-generent-de-plus-plus-demplois-valeur-ajoutee-se-degrade\/","og_site_name":"Peoplesphere","article_publisher":"https:\/\/www.facebook.com\/peoplesphere","article_published_time":"2019-09-25T14:40:48+00:00","og_image":[{"url":"http:\/\/www.peoplesphere.be\/fr\/wp-content\/uploads\/2016\/07\/facebook-default-posting-1200x628px.jpg"}],"author":"Jean-Paul Erhard","twitter_card":"summary_large_image","twitter_creator":"@PeoplesphereMag","twitter_site":"@PeoplesphereMag","twitter_misc":{"\u00c9crit par":"Jean-Paul Erhard","Dur\u00e9e de lecture estim\u00e9e":"3 minutes"},"schema":{"@context":"https:\/\/schema.org","@graph":[{"@type":"Article","@id":"https:\/\/peoplesphere.be\/fr\/ports-belges-generent-de-plus-plus-demplois-valeur-ajoutee-se-degrade\/#article","isPartOf":{"@id":"https:\/\/peoplesphere.be\/fr\/ports-belges-generent-de-plus-plus-demplois-valeur-ajoutee-se-degrade\/"},"author":{"name":"Jean-Paul Erhard","@id":"https:\/\/peoplesphere.be\/fr\/#\/schema\/person\/7976225ff17988604334abb7b3536a7e"},"headline":"Les ports belges g\u00e9n\u00e8rent de plus en plus d&#8217;emplois mais leur valeur ajout\u00e9e se d\u00e9grade.","datePublished":"2019-09-25T14:40:48+00:00","dateModified":"2019-09-25T14:40:48+00:00","mainEntityOfPage":{"@id":"https:\/\/peoplesphere.be\/fr\/ports-belges-generent-de-plus-plus-demplois-valeur-ajoutee-se-degrade\/"},"wordCount":630,"publisher":{"@id":"https:\/\/peoplesphere.be\/fr\/#organization"},"keywords":["activit\u00e9 \u00e9conomique","cr\u00e9ation d'emplois","multimodalit\u00e9","ports","transports"],"articleSection":["Actualit\u00e9s","Digital"],"inLanguage":"fr-FR"},{"@type":"WebPage","@id":"https:\/\/peoplesphere.be\/fr\/ports-belges-generent-de-plus-plus-demplois-valeur-ajoutee-se-degrade\/","url":"https:\/\/peoplesphere.be\/fr\/ports-belges-generent-de-plus-plus-demplois-valeur-ajoutee-se-degrade\/","name":"Les ports belges g\u00e9n\u00e8rent de plus en plus d'emplois mais leur valeur ajout\u00e9e se d\u00e9grade. - Peoplesphere","isPartOf":{"@id":"https:\/\/peoplesphere.be\/fr\/#website"},"datePublished":"2019-09-25T14:40:48+00:00","dateModified":"2019-09-25T14:40:48+00:00","breadcrumb":{"@id":"https:\/\/peoplesphere.be\/fr\/ports-belges-generent-de-plus-plus-demplois-valeur-ajoutee-se-degrade\/#breadcrumb"},"inLanguage":"fr-FR","potentialAction":[{"@type":"ReadAction","target":["https:\/\/peoplesphere.be\/fr\/ports-belges-generent-de-plus-plus-demplois-valeur-ajoutee-se-degrade\/"]}]},{"@type":"BreadcrumbList","@id":"https:\/\/peoplesphere.be\/fr\/ports-belges-generent-de-plus-plus-demplois-valeur-ajoutee-se-degrade\/#breadcrumb","itemListElement":[{"@type":"ListItem","position":1,"name":"Accueil","item":"https:\/\/peoplesphere.be\/fr\/"},{"@type":"ListItem","position":2,"name":"Les ports belges g\u00e9n\u00e8rent de plus en plus d&#8217;emplois mais leur valeur ajout\u00e9e se d\u00e9grade."}]},{"@type":"WebSite","@id":"https:\/\/peoplesphere.be\/fr\/#website","url":"https:\/\/peoplesphere.be\/fr\/","name":"Peoplesphere","description":"The People Managers Magazine","publisher":{"@id":"https:\/\/peoplesphere.be\/fr\/#organization"},"potentialAction":[{"@type":"SearchAction","target":{"@type":"EntryPoint","urlTemplate":"https:\/\/peoplesphere.be\/fr\/?s={search_term_string}"},"query-input":"required name=search_term_string"}],"inLanguage":"fr-FR"},{"@type":"Organization","@id":"https:\/\/peoplesphere.be\/fr\/#organization","name":"Peoplesphere Company srl","url":"https:\/\/peoplesphere.be\/fr\/","logo":{"@type":"ImageObject","inLanguage":"fr-FR","@id":"https:\/\/peoplesphere.be\/fr\/#\/schema\/logo\/image\/","url":"https:\/\/peoplesphere.be\/fr\/wp-content\/uploads\/2023\/07\/peoplesphere-lgo-new-generik.jpg","contentUrl":"https:\/\/peoplesphere.be\/fr\/wp-content\/uploads\/2023\/07\/peoplesphere-lgo-new-generik.jpg","width":1031,"height":1479,"caption":"Peoplesphere Company srl"},"image":{"@id":"https:\/\/peoplesphere.be\/fr\/#\/schema\/logo\/image\/"},"sameAs":["https:\/\/www.facebook.com\/peoplesphere","https:\/\/twitter.com\/PeoplesphereMag","https:\/\/www.linkedin.com\/company\/7587361?trk","http:\/\/youtube.com\/peoplesphere"]},{"@type":"Person","@id":"https:\/\/peoplesphere.be\/fr\/#\/schema\/person\/7976225ff17988604334abb7b3536a7e","name":"Jean-Paul Erhard","image":{"@type":"ImageObject","inLanguage":"fr-FR","@id":"https:\/\/peoplesphere.be\/fr\/#\/schema\/person\/image\/","url":"https:\/\/secure.gravatar.com\/avatar\/f941e681460179738071629a51574930?s=96&d=mm&r=g","contentUrl":"https:\/\/secure.gravatar.com\/avatar\/f941e681460179738071629a51574930?s=96&d=mm&r=g","caption":"Jean-Paul Erhard"},"url":"https:\/\/peoplesphere.be\/fr\/author\/jpe\/"}]}},"_links":{"self":[{"href":"https:\/\/peoplesphere.be\/fr\/wp-json\/wp\/v2\/posts\/8326"}],"collection":[{"href":"https:\/\/peoplesphere.be\/fr\/wp-json\/wp\/v2\/posts"}],"about":[{"href":"https:\/\/peoplesphere.be\/fr\/wp-json\/wp\/v2\/types\/post"}],"author":[{"embeddable":true,"href":"https:\/\/peoplesphere.be\/fr\/wp-json\/wp\/v2\/users\/2"}],"replies":[{"embeddable":true,"href":"https:\/\/peoplesphere.be\/fr\/wp-json\/wp\/v2\/comments?post=8326"}],"version-history":[{"count":1,"href":"https:\/\/peoplesphere.be\/fr\/wp-json\/wp\/v2\/posts\/8326\/revisions"}],"predecessor-version":[{"id":8327,"href":"https:\/\/peoplesphere.be\/fr\/wp-json\/wp\/v2\/posts\/8326\/revisions\/8327"}],"wp:attachment":[{"href":"https:\/\/peoplesphere.be\/fr\/wp-json\/wp\/v2\/media?parent=8326"}],"wp:term":[{"taxonomy":"category","embeddable":true,"href":"https:\/\/peoplesphere.be\/fr\/wp-json\/wp\/v2\/categories?post=8326"},{"taxonomy":"post_tag","embeddable":true,"href":"https:\/\/peoplesphere.be\/fr\/wp-json\/wp\/v2\/tags?post=8326"}],"curies":[{"name":"wp","href":"https:\/\/api.w.org\/{rel}","templated":true}]}}