









{"id":8330,"date":"2019-09-26T15:18:38","date_gmt":"2019-09-26T13:18:38","guid":{"rendered":"https:\/\/peoplesphere.be\/fr\/?p=8330"},"modified":"2019-09-26T15:18:38","modified_gmt":"2019-09-26T13:18:38","slug":"recrutement-massif-mariage-damour-de-raison-entre-club-med-forem","status":"publish","type":"post","link":"https:\/\/peoplesphere.be\/fr\/recrutement-massif-mariage-damour-de-raison-entre-club-med-forem\/","title":{"rendered":"Recrutement massif: un mariage d&rsquo;amour et de raison entre le Club Med et le Forem."},"content":{"rendered":"<p>Association surprenante? Oui et non, compte tenu de la disparit\u00e9 des cultures d&rsquo;entreprise et, en m\u00eame temps, de la p\u00e9nurie de talents sur le march\u00e9 du travail. Le Club Med collabore \u00e0 nouveau avec le Forem pour mener \u00e0 bien sa campagne belge de recrutement de saisonniers, pour cette saison hiver 2019-2020. Les profils recherch\u00e9s sont multiples et pourraient vous surprendre.<!--more--><\/p>\n<p>Au-del\u00e0 des postes \u201cclassiques\u201d de r\u00e9ceptionniste, charg\u00e9 de client\u00e8le, employ\u00e9 de restaurant\u2026 le Club Med recherche \u00e9galement des plombiers, des techniciens de maintenance ou m\u00eame des p\u00e2tissiers et des bouchers ! Partant du succ\u00e8s rencontr\u00e9 lors de l\u2019\u00e9dition pr\u00e9c\u00e9dente des Jobdays Club Med organis\u00e9s par le Forem, la soci\u00e9t\u00e9 a d\u00e9cid\u00e9 de renouveler l\u2019exp\u00e9rience avec le Service public de l\u2019emploi et de la formation wallon pour ses recrutements.<\/p>\n<p>Ainsi, ce sont deux Jobdays qui sont organis\u00e9s par le Forem pour les besoins en recrutement du Club Med. Le premier aura lieu \u00e0 Li\u00e8ge le 2 octobre, le second se tiendra \u00e0 Mons le 17 octobre. Ces deux journ\u00e9es de recrutement doivent couvrir les besoins pour 18 villages fran\u00e7ais, situ\u00e9s principalement dans les Alpes.<br \/>\nEn tout, ce sont 2.000 postes qui sont recherch\u00e9s par le Club Med pour la saison d\u2019hiver 2019-2020.<\/p>\n<p>Les profils recherch\u00e9s par le Club Med sont multiples :<br \/>\n+ de 1 450 postes dans les m\u00e9tiers de l\u2019h\u00f4tellerie-restauration &amp; du luxe<br \/>\n+ de 300 postes dans les m\u00e9tiers des sports &amp; loisirs<br \/>\n+ de 250 postes dans les m\u00e9tiers supports &amp; vente<\/p>\n<p>Les candidats qui rencontreront les recruteurs du Club Med, lors du Jobday, pourront se positionner sur des postes vari\u00e9s. Le voyagiste cherche des r\u00e9ceptionnistes, des ma\u00eetres de chalet, des charg\u00e9s de client\u00e8le, des employ\u00e9s de lingerie et blanchisserie, des employ\u00e9s d\u2019entretien, des barmans, mais aussi des bouchers, des boulangers et p\u00e2tissiers, des chefs de rang et des employ\u00e9s de restaurant, des techniciens de maintenance, des plombiers, etc.<\/p>\n<p>Une exp\u00e9rience professionnelle concluante en club de vacances constitue un atout reconnu sur un C.V. et ce, quel que soit le m\u00e9tier : le travail en \u00e9quipe, la capacit\u00e9 d\u2019adaptation \u00e0 un milieu multiculturel, la bonne connaissance de langues \u00e9trang\u00e8res, l\u2019enthousiasme et le dynamisme souvent demand\u00e9s dans ce milieu professionnel restent des qualit\u00e9s recherch\u00e9es par les employeurs.<br \/>\n<em><br \/>\nSource : Forem<\/em><\/p>\n","protected":false},"excerpt":{"rendered":"<p>Association surprenante? Oui et non, compte tenu de la disparit\u00e9 des cultures d&rsquo;entreprise et, en m\u00eame temps, de la p\u00e9nurie de talents sur le march\u00e9 du travail. Le Club Med collabore \u00e0 nouveau avec le Forem pour mener \u00e0 bien [&hellip;]<\/p>\n","protected":false},"author":2,"featured_media":0,"comment_status":"closed","ping_status":"open","sticky":false,"template":"","format":"standard","meta":[],"categories":[65,10],"tags":[2711,331,196,72],"yoast_head":"<!-- This site is optimized with the Yoast SEO plugin v21.0 - https:\/\/yoast.com\/wordpress\/plugins\/seo\/ -->\n<title>Recrutement massif: un mariage d&#039;amour et de raison entre le Club Med et le Forem. - Peoplesphere<\/title>\n<meta name=\"robots\" content=\"index, follow, max-snippet:-1, max-image-preview:large, max-video-preview:-1\" \/>\n<link rel=\"canonical\" href=\"https:\/\/peoplesphere.be\/fr\/recrutement-massif-mariage-damour-de-raison-entre-club-med-forem\/\" \/>\n<meta property=\"og:locale\" content=\"fr_FR\" \/>\n<meta property=\"og:type\" content=\"article\" \/>\n<meta property=\"og:title\" content=\"Recrutement massif: un mariage d&#039;amour et de raison entre le Club Med et le Forem. - Peoplesphere\" \/>\n<meta property=\"og:description\" content=\"Association surprenante? Oui et non, compte tenu de la disparit\u00e9 des cultures d&rsquo;entreprise et, en m\u00eame temps, de la p\u00e9nurie de talents sur le march\u00e9 du travail. Le Club Med collabore \u00e0 nouveau avec le Forem pour mener \u00e0 bien [&hellip;]\" \/>\n<meta property=\"og:url\" content=\"https:\/\/peoplesphere.be\/fr\/recrutement-massif-mariage-damour-de-raison-entre-club-med-forem\/\" \/>\n<meta property=\"og:site_name\" content=\"Peoplesphere\" \/>\n<meta property=\"article:publisher\" content=\"https:\/\/www.facebook.com\/peoplesphere\" \/>\n<meta property=\"article:published_time\" content=\"2019-09-26T13:18:38+00:00\" \/>\n<meta property=\"og:image\" content=\"http:\/\/www.peoplesphere.be\/fr\/wp-content\/uploads\/2016\/07\/facebook-default-posting-1200x628px.jpg\" \/>\n<meta name=\"author\" content=\"Jean-Paul Erhard\" \/>\n<meta name=\"twitter:card\" content=\"summary_large_image\" \/>\n<meta name=\"twitter:creator\" content=\"@PeoplesphereMag\" \/>\n<meta name=\"twitter:site\" content=\"@PeoplesphereMag\" \/>\n<meta name=\"twitter:label1\" content=\"\u00c9crit par\" \/>\n\t<meta name=\"twitter:data1\" content=\"Jean-Paul Erhard\" \/>\n\t<meta name=\"twitter:label2\" content=\"Dur\u00e9e de lecture estim\u00e9e\" \/>\n\t<meta name=\"twitter:data2\" content=\"2 minutes\" \/>\n<script type=\"application\/ld+json\" class=\"yoast-schema-graph\">{\"@context\":\"https:\/\/schema.org\",\"@graph\":[{\"@type\":\"Article\",\"@id\":\"https:\/\/peoplesphere.be\/fr\/recrutement-massif-mariage-damour-de-raison-entre-club-med-forem\/#article\",\"isPartOf\":{\"@id\":\"https:\/\/peoplesphere.be\/fr\/recrutement-massif-mariage-damour-de-raison-entre-club-med-forem\/\"},\"author\":{\"name\":\"Jean-Paul Erhard\",\"@id\":\"https:\/\/peoplesphere.be\/fr\/#\/schema\/person\/7976225ff17988604334abb7b3536a7e\"},\"headline\":\"Recrutement massif: un mariage d&rsquo;amour et de raison entre le Club Med et le Forem.\",\"datePublished\":\"2019-09-26T13:18:38+00:00\",\"dateModified\":\"2019-09-26T13:18:38+00:00\",\"mainEntityOfPage\":{\"@id\":\"https:\/\/peoplesphere.be\/fr\/recrutement-massif-mariage-damour-de-raison-entre-club-med-forem\/\"},\"wordCount\":417,\"publisher\":{\"@id\":\"https:\/\/peoplesphere.be\/fr\/#organization\"},\"keywords\":[\"CLub Med\",\"forem\",\"m\u00e9tiers en p\u00e9nurie\",\"recrutement\"],\"articleSection\":[\"Actualit\u00e9s\",\"Digital\"],\"inLanguage\":\"fr-FR\"},{\"@type\":\"WebPage\",\"@id\":\"https:\/\/peoplesphere.be\/fr\/recrutement-massif-mariage-damour-de-raison-entre-club-med-forem\/\",\"url\":\"https:\/\/peoplesphere.be\/fr\/recrutement-massif-mariage-damour-de-raison-entre-club-med-forem\/\",\"name\":\"Recrutement massif: un mariage d'amour et de raison entre le Club Med et le Forem. - Peoplesphere\",\"isPartOf\":{\"@id\":\"https:\/\/peoplesphere.be\/fr\/#website\"},\"datePublished\":\"2019-09-26T13:18:38+00:00\",\"dateModified\":\"2019-09-26T13:18:38+00:00\",\"breadcrumb\":{\"@id\":\"https:\/\/peoplesphere.be\/fr\/recrutement-massif-mariage-damour-de-raison-entre-club-med-forem\/#breadcrumb\"},\"inLanguage\":\"fr-FR\",\"potentialAction\":[{\"@type\":\"ReadAction\",\"target\":[\"https:\/\/peoplesphere.be\/fr\/recrutement-massif-mariage-damour-de-raison-entre-club-med-forem\/\"]}]},{\"@type\":\"BreadcrumbList\",\"@id\":\"https:\/\/peoplesphere.be\/fr\/recrutement-massif-mariage-damour-de-raison-entre-club-med-forem\/#breadcrumb\",\"itemListElement\":[{\"@type\":\"ListItem\",\"position\":1,\"name\":\"Accueil\",\"item\":\"https:\/\/peoplesphere.be\/fr\/\"},{\"@type\":\"ListItem\",\"position\":2,\"name\":\"Recrutement massif: un mariage d&rsquo;amour et de raison entre le Club Med et le Forem.\"}]},{\"@type\":\"WebSite\",\"@id\":\"https:\/\/peoplesphere.be\/fr\/#website\",\"url\":\"https:\/\/peoplesphere.be\/fr\/\",\"name\":\"Peoplesphere\",\"description\":\"The People Managers Magazine\",\"publisher\":{\"@id\":\"https:\/\/peoplesphere.be\/fr\/#organization\"},\"potentialAction\":[{\"@type\":\"SearchAction\",\"target\":{\"@type\":\"EntryPoint\",\"urlTemplate\":\"https:\/\/peoplesphere.be\/fr\/?s={search_term_string}\"},\"query-input\":\"required name=search_term_string\"}],\"inLanguage\":\"fr-FR\"},{\"@type\":\"Organization\",\"@id\":\"https:\/\/peoplesphere.be\/fr\/#organization\",\"name\":\"Peoplesphere Company srl\",\"url\":\"https:\/\/peoplesphere.be\/fr\/\",\"logo\":{\"@type\":\"ImageObject\",\"inLanguage\":\"fr-FR\",\"@id\":\"https:\/\/peoplesphere.be\/fr\/#\/schema\/logo\/image\/\",\"url\":\"https:\/\/peoplesphere.be\/fr\/wp-content\/uploads\/2023\/07\/peoplesphere-lgo-new-generik.jpg\",\"contentUrl\":\"https:\/\/peoplesphere.be\/fr\/wp-content\/uploads\/2023\/07\/peoplesphere-lgo-new-generik.jpg\",\"width\":1031,\"height\":1479,\"caption\":\"Peoplesphere Company srl\"},\"image\":{\"@id\":\"https:\/\/peoplesphere.be\/fr\/#\/schema\/logo\/image\/\"},\"sameAs\":[\"https:\/\/www.facebook.com\/peoplesphere\",\"https:\/\/twitter.com\/PeoplesphereMag\",\"https:\/\/www.linkedin.com\/company\/7587361?trk\",\"http:\/\/youtube.com\/peoplesphere\"]},{\"@type\":\"Person\",\"@id\":\"https:\/\/peoplesphere.be\/fr\/#\/schema\/person\/7976225ff17988604334abb7b3536a7e\",\"name\":\"Jean-Paul Erhard\",\"image\":{\"@type\":\"ImageObject\",\"inLanguage\":\"fr-FR\",\"@id\":\"https:\/\/peoplesphere.be\/fr\/#\/schema\/person\/image\/\",\"url\":\"https:\/\/secure.gravatar.com\/avatar\/f941e681460179738071629a51574930?s=96&d=mm&r=g\",\"contentUrl\":\"https:\/\/secure.gravatar.com\/avatar\/f941e681460179738071629a51574930?s=96&d=mm&r=g\",\"caption\":\"Jean-Paul Erhard\"},\"url\":\"https:\/\/peoplesphere.be\/fr\/author\/jpe\/\"}]}<\/script>\n<!-- \/ Yoast SEO plugin. -->","yoast_head_json":{"title":"Recrutement massif: un mariage d'amour et de raison entre le Club Med et le Forem. - Peoplesphere","robots":{"index":"index","follow":"follow","max-snippet":"max-snippet:-1","max-image-preview":"max-image-preview:large","max-video-preview":"max-video-preview:-1"},"canonical":"https:\/\/peoplesphere.be\/fr\/recrutement-massif-mariage-damour-de-raison-entre-club-med-forem\/","og_locale":"fr_FR","og_type":"article","og_title":"Recrutement massif: un mariage d'amour et de raison entre le Club Med et le Forem. - Peoplesphere","og_description":"Association surprenante? Oui et non, compte tenu de la disparit\u00e9 des cultures d&rsquo;entreprise et, en m\u00eame temps, de la p\u00e9nurie de talents sur le march\u00e9 du travail. Le Club Med collabore \u00e0 nouveau avec le Forem pour mener \u00e0 bien [&hellip;]","og_url":"https:\/\/peoplesphere.be\/fr\/recrutement-massif-mariage-damour-de-raison-entre-club-med-forem\/","og_site_name":"Peoplesphere","article_publisher":"https:\/\/www.facebook.com\/peoplesphere","article_published_time":"2019-09-26T13:18:38+00:00","og_image":[{"url":"http:\/\/www.peoplesphere.be\/fr\/wp-content\/uploads\/2016\/07\/facebook-default-posting-1200x628px.jpg"}],"author":"Jean-Paul Erhard","twitter_card":"summary_large_image","twitter_creator":"@PeoplesphereMag","twitter_site":"@PeoplesphereMag","twitter_misc":{"\u00c9crit par":"Jean-Paul Erhard","Dur\u00e9e de lecture estim\u00e9e":"2 minutes"},"schema":{"@context":"https:\/\/schema.org","@graph":[{"@type":"Article","@id":"https:\/\/peoplesphere.be\/fr\/recrutement-massif-mariage-damour-de-raison-entre-club-med-forem\/#article","isPartOf":{"@id":"https:\/\/peoplesphere.be\/fr\/recrutement-massif-mariage-damour-de-raison-entre-club-med-forem\/"},"author":{"name":"Jean-Paul Erhard","@id":"https:\/\/peoplesphere.be\/fr\/#\/schema\/person\/7976225ff17988604334abb7b3536a7e"},"headline":"Recrutement massif: un mariage d&rsquo;amour et de raison entre le Club Med et le Forem.","datePublished":"2019-09-26T13:18:38+00:00","dateModified":"2019-09-26T13:18:38+00:00","mainEntityOfPage":{"@id":"https:\/\/peoplesphere.be\/fr\/recrutement-massif-mariage-damour-de-raison-entre-club-med-forem\/"},"wordCount":417,"publisher":{"@id":"https:\/\/peoplesphere.be\/fr\/#organization"},"keywords":["CLub Med","forem","m\u00e9tiers en p\u00e9nurie","recrutement"],"articleSection":["Actualit\u00e9s","Digital"],"inLanguage":"fr-FR"},{"@type":"WebPage","@id":"https:\/\/peoplesphere.be\/fr\/recrutement-massif-mariage-damour-de-raison-entre-club-med-forem\/","url":"https:\/\/peoplesphere.be\/fr\/recrutement-massif-mariage-damour-de-raison-entre-club-med-forem\/","name":"Recrutement massif: un mariage d'amour et de raison entre le Club Med et le Forem. - Peoplesphere","isPartOf":{"@id":"https:\/\/peoplesphere.be\/fr\/#website"},"datePublished":"2019-09-26T13:18:38+00:00","dateModified":"2019-09-26T13:18:38+00:00","breadcrumb":{"@id":"https:\/\/peoplesphere.be\/fr\/recrutement-massif-mariage-damour-de-raison-entre-club-med-forem\/#breadcrumb"},"inLanguage":"fr-FR","potentialAction":[{"@type":"ReadAction","target":["https:\/\/peoplesphere.be\/fr\/recrutement-massif-mariage-damour-de-raison-entre-club-med-forem\/"]}]},{"@type":"BreadcrumbList","@id":"https:\/\/peoplesphere.be\/fr\/recrutement-massif-mariage-damour-de-raison-entre-club-med-forem\/#breadcrumb","itemListElement":[{"@type":"ListItem","position":1,"name":"Accueil","item":"https:\/\/peoplesphere.be\/fr\/"},{"@type":"ListItem","position":2,"name":"Recrutement massif: un mariage d&rsquo;amour et de raison entre le Club Med et le Forem."}]},{"@type":"WebSite","@id":"https:\/\/peoplesphere.be\/fr\/#website","url":"https:\/\/peoplesphere.be\/fr\/","name":"Peoplesphere","description":"The People Managers Magazine","publisher":{"@id":"https:\/\/peoplesphere.be\/fr\/#organization"},"potentialAction":[{"@type":"SearchAction","target":{"@type":"EntryPoint","urlTemplate":"https:\/\/peoplesphere.be\/fr\/?s={search_term_string}"},"query-input":"required name=search_term_string"}],"inLanguage":"fr-FR"},{"@type":"Organization","@id":"https:\/\/peoplesphere.be\/fr\/#organization","name":"Peoplesphere Company srl","url":"https:\/\/peoplesphere.be\/fr\/","logo":{"@type":"ImageObject","inLanguage":"fr-FR","@id":"https:\/\/peoplesphere.be\/fr\/#\/schema\/logo\/image\/","url":"https:\/\/peoplesphere.be\/fr\/wp-content\/uploads\/2023\/07\/peoplesphere-lgo-new-generik.jpg","contentUrl":"https:\/\/peoplesphere.be\/fr\/wp-content\/uploads\/2023\/07\/peoplesphere-lgo-new-generik.jpg","width":1031,"height":1479,"caption":"Peoplesphere Company srl"},"image":{"@id":"https:\/\/peoplesphere.be\/fr\/#\/schema\/logo\/image\/"},"sameAs":["https:\/\/www.facebook.com\/peoplesphere","https:\/\/twitter.com\/PeoplesphereMag","https:\/\/www.linkedin.com\/company\/7587361?trk","http:\/\/youtube.com\/peoplesphere"]},{"@type":"Person","@id":"https:\/\/peoplesphere.be\/fr\/#\/schema\/person\/7976225ff17988604334abb7b3536a7e","name":"Jean-Paul Erhard","image":{"@type":"ImageObject","inLanguage":"fr-FR","@id":"https:\/\/peoplesphere.be\/fr\/#\/schema\/person\/image\/","url":"https:\/\/secure.gravatar.com\/avatar\/f941e681460179738071629a51574930?s=96&d=mm&r=g","contentUrl":"https:\/\/secure.gravatar.com\/avatar\/f941e681460179738071629a51574930?s=96&d=mm&r=g","caption":"Jean-Paul Erhard"},"url":"https:\/\/peoplesphere.be\/fr\/author\/jpe\/"}]}},"_links":{"self":[{"href":"https:\/\/peoplesphere.be\/fr\/wp-json\/wp\/v2\/posts\/8330"}],"collection":[{"href":"https:\/\/peoplesphere.be\/fr\/wp-json\/wp\/v2\/posts"}],"about":[{"href":"https:\/\/peoplesphere.be\/fr\/wp-json\/wp\/v2\/types\/post"}],"author":[{"embeddable":true,"href":"https:\/\/peoplesphere.be\/fr\/wp-json\/wp\/v2\/users\/2"}],"replies":[{"embeddable":true,"href":"https:\/\/peoplesphere.be\/fr\/wp-json\/wp\/v2\/comments?post=8330"}],"version-history":[{"count":1,"href":"https:\/\/peoplesphere.be\/fr\/wp-json\/wp\/v2\/posts\/8330\/revisions"}],"predecessor-version":[{"id":8331,"href":"https:\/\/peoplesphere.be\/fr\/wp-json\/wp\/v2\/posts\/8330\/revisions\/8331"}],"wp:attachment":[{"href":"https:\/\/peoplesphere.be\/fr\/wp-json\/wp\/v2\/media?parent=8330"}],"wp:term":[{"taxonomy":"category","embeddable":true,"href":"https:\/\/peoplesphere.be\/fr\/wp-json\/wp\/v2\/categories?post=8330"},{"taxonomy":"post_tag","embeddable":true,"href":"https:\/\/peoplesphere.be\/fr\/wp-json\/wp\/v2\/tags?post=8330"}],"curies":[{"name":"wp","href":"https:\/\/api.w.org\/{rel}","templated":true}]}}