









{"id":8336,"date":"2019-09-30T09:06:45","date_gmt":"2019-09-30T07:06:45","guid":{"rendered":"https:\/\/peoplesphere.be\/fr\/?p=8336"},"modified":"2019-09-30T09:10:50","modified_gmt":"2019-09-30T07:10:50","slug":"bien-preparer-plan-de-formation-2020","status":"publish","type":"post","link":"https:\/\/peoplesphere.be\/fr\/bien-preparer-plan-de-formation-2020\/","title":{"rendered":"Bien pr\u00e9parer son plan de formation en 2020."},"content":{"rendered":"<p>Le monde de l&rsquo;entreprise \u00e9volue tr\u00e8s rapidement. De ce fait, pour rester comp\u00e9titive, une organisation doit \u00eatre en mesure de s\u2019adapter en permanence, gr\u00e2ce notamment \u00e0 la formation en continu de ses employ\u00e9s. D\u2019ailleurs, eux-m\u00eames sont en demande de formation car on leur fait comprendre qu\u2019ils doivent \u00eatre de plus en plus performants sur des t\u00e2ches lesquelles ils n&rsquo;ont parfois pas acquis les comp\u00e9tences n\u00e9cessaires. Et si l\u2019ann\u00e9e 2020 marquait un tournant pour l\u2019exp\u00e9rience d\u2019apprentissage de vos collaborateurs ? Cette fin d\u2019ann\u00e9e est d\u00e9cisive pour choisir les contenus qui accompagneront les plans de carri\u00e8re de vos employ\u00e9s l\u2019an prochain. <!--more--><\/p>\n<p>On ne vous apprend rien en disant qu\u2019une organisation apprenante est une organisation qui, forte des nouvelles comp\u00e9tences, est actrice sur son march\u00e9 et le fait constamment progresser. Dans cette course \u00e0 la performance, il devient alors primordial de mettre \u00e0 disposition des employ\u00e9s un espace de formation d\u00e9di\u00e9. De cette fa\u00e7on, ils ne subiront plus le changement mais en seront les principaux acteurs.<\/p>\n<p><strong><em>Le choix de l\u2019outil technologique<\/em><\/strong><\/p>\n<p>Pour tenir ses promesses, un espace de formation se co-construit pas \u00e0 pas d\u2019une part avec les futurs utilisateurs de l\u2019outil et de l\u2019autre, avec le prestataire qui vous fournira la solution technologique. Passons en revue quelques crit\u00e8res de base qui vous aideront \u00e0 lancer votre projet en interne.<\/p>\n<p><em>Tout d\u2019abord, c\u2019est essentiel, vous devez placer l\u2019utilisateur final au coeur de votre \u00e9cosyst\u00e8me d\u2019apprentissage.<\/em> Ainsi, le premier crit\u00e8re est de vous assurer que l\u2019outil s\u00e9lectionn\u00e9 est bien adapt\u00e9 aux priorit\u00e9s (actuelles et futures) de vos utilisateurs, mais surtout que les fonctionnalit\u00e9s soient capables de r\u00e9pondre \u00e0 tous les besoins et sp\u00e9cificit\u00e9s propres \u00e0 chaque m\u00e9tier. On parle ici de fonctionnalit\u00e9s devant \u00eatre assez flexibles, agiles et \u00e9volutives pour r\u00e9pondre aux challenges de votre entreprise et au d\u00e9veloppement des comp\u00e9tences de vos employ\u00e9s. Ce qui est de rigueur aujourd\u2019hui ne le sera peut-\u00eatre plus demain\u2026 Projetez-vous assez loin pour ne pas devoir changer d\u2019outil tous les ans.<\/p>\n<p><em>Autre \u00e9l\u00e9ment : o\u00f9 en est votre culture d\u2019entreprise \u00e0 ce sujet ?<\/em> Est-elle arm\u00e9e et pr\u00eate \u00e0 accueillir des changements de grande ampleur ? Le choix de l\u2019outil est d\u2019autant plus d\u00e9terminant quand on sait que cela doit constituer une valeur ajout\u00e9e pour votre organisation et les acteurs qui la composent, et non une contrainte lourde \u00e0 porter. Votre conduite du changement est un levier d\u00e9terminant dans l\u2019adoption rapide de l\u2019outil par ses utilisateurs.<\/p>\n<p>La petite astuce ? Cr\u00e9ez une grille de notation avec tous les crit\u00e8res \u00e0 remplir. Votre choix se portera sur celui qui r\u00e9pond le plus \u00e0 vos enjeux et aux besoins de vos apprenants.<\/p>\n<p><em><strong>Une solution compl\u00e8te et tout-en-un : les Learning eXperience Platforms.<\/strong><\/em><\/p>\n<p>De nombreuses solutions li\u00e9es \u00e0 la formation et \u00e0 la gestion des comp\u00e9tences existent sur le march\u00e9 aujourd\u2019hui. Toutes r\u00e9pondent \u00e0 des aspirations ou des visions diff\u00e9rentes.<\/p>\n<p>Pour vous faire gagner du temps, certaines d\u2019entre elles vous proposent de r\u00e9unir tous vos contenus de formation et tous les acteurs d\u2019un plan de formation en un seul endroit : la Learning eXperience Platform (LXP)<\/p>\n<p>Parmi les plus reconnues dans ce domaine : myskillcamp. \u00c0 son niveau, myskillcamp se veut \u00e9galement \u00eatre un acteur apportant sa part de changement et vous propose un outil de formation tout en un pouvant vous accompagner dans ces d\u00e9fis qui s\u2019annoncent pour l\u2019ann\u00e9e \u00e0 venir<\/p>\n<p>Parmi ses nombreuses fonctionnalit\u00e9s, \u00e9pinglons :<br \/>\n&#8211; un outil auteur int\u00e9gr\u00e9 pour cr\u00e9er des contenus<br \/>\n&#8211; des contenus sur \u00e9tag\u00e8res et une biblioth\u00e8que de 150.000 formations<br \/>\n&#8211; les meilleurs outils du moment gr\u00e2ce \u00e0 un marketplace d\u2019applications ouvert et \u00e9volutif<br \/>\n&#8211; un environnement de formation complet avec des interfaces d\u00e9di\u00e9es \u00e0 chacun (apprenant, formateur, cr\u00e9ateur de contenu, administrateurs\u2026) et un catalogue unifi\u00e9 rassemblant contenus et formats accessibles depuis une simple recherche.<\/p>\n<p>Pour marquer ce tournant avant l\u2019arriv\u00e9e de 2020, myskillcamp vous propose de d\u00e9couvrir en exclusivit\u00e9 tout le potentiel de sa plateforme en ligne et d&rsquo;acc\u00e9der \u00e0 une mine d\u2019or de contenus pour engager vos collaborateurs toute l\u2019ann\u00e9e.<\/p>\n<p>A vous de choisir les contenus les plus adapt\u00e9s \u00e0 vos besoins et \u00e0 ceux de vos apprenants. Offrez \u00e0 vos collaborateurs des contenus riches, facilement et rapidement accessibles pour qu&rsquo;ils puissent prendre les commandes de leur d\u00e9veloppement personnel et professionnel.<\/p>\n<p>Une offre exclusive vous permettant d\u2019acc\u00e9der \u00e0 plus de 1.000 ebooks\/audiobooks de Bookboon et plus de 14.00 formations LinkedIn Learning. De quoi satisfaire le plus grand nombre parmi les langues, les soft skills, le management, le leadership ou encore la bureautique, sous diff\u00e9rents formats comme la vid\u00e9o, l\u2019ebook ou l\u2019audio.<br \/>\nPour b\u00e9n\u00e9ficier de cette offre, contactez-nous via <a href=\"mailto:info@Peoplesphere.be\">info@Peoplesphere.be<\/a><\/p>\n","protected":false},"excerpt":{"rendered":"<p>Le monde de l&rsquo;entreprise \u00e9volue tr\u00e8s rapidement. De ce fait, pour rester comp\u00e9titive, une organisation doit \u00eatre en mesure de s\u2019adapter en permanence, gr\u00e2ce notamment \u00e0 la formation en continu de ses employ\u00e9s. D\u2019ailleurs, eux-m\u00eames sont en demande de formation [&hellip;]<\/p>\n","protected":false},"author":2,"featured_media":8323,"comment_status":"closed","ping_status":"open","sticky":false,"template":"","format":"standard","meta":[],"categories":[65,10],"tags":[47,1411,48,2712,2390],"yoast_head":"<!-- This site is optimized with the Yoast SEO plugin v21.0 - https:\/\/yoast.com\/wordpress\/plugins\/seo\/ -->\n<title>Bien pr\u00e9parer son plan de formation en 2020. - Peoplesphere<\/title>\n<meta name=\"robots\" content=\"index, follow, max-snippet:-1, max-image-preview:large, max-video-preview:-1\" \/>\n<link rel=\"canonical\" href=\"https:\/\/peoplesphere.be\/fr\/bien-preparer-plan-de-formation-2020\/\" \/>\n<meta property=\"og:locale\" content=\"fr_FR\" \/>\n<meta property=\"og:type\" content=\"article\" \/>\n<meta property=\"og:title\" content=\"Bien pr\u00e9parer son plan de formation en 2020. - Peoplesphere\" \/>\n<meta property=\"og:description\" content=\"Le monde de l&rsquo;entreprise \u00e9volue tr\u00e8s rapidement. De ce fait, pour rester comp\u00e9titive, une organisation doit \u00eatre en mesure de s\u2019adapter en permanence, gr\u00e2ce notamment \u00e0 la formation en continu de ses employ\u00e9s. D\u2019ailleurs, eux-m\u00eames sont en demande de formation [&hellip;]\" \/>\n<meta property=\"og:url\" content=\"https:\/\/peoplesphere.be\/fr\/bien-preparer-plan-de-formation-2020\/\" \/>\n<meta property=\"og:site_name\" content=\"Peoplesphere\" \/>\n<meta property=\"article:publisher\" content=\"https:\/\/www.facebook.com\/peoplesphere\" \/>\n<meta property=\"article:published_time\" content=\"2019-09-30T07:06:45+00:00\" \/>\n<meta property=\"article:modified_time\" content=\"2019-09-30T07:10:50+00:00\" \/>\n<meta property=\"og:image\" content=\"https:\/\/peoplesphere.be\/fr\/wp-content\/uploads\/2019\/09\/banner-offre-poc-sept19-1.png\" \/>\n\t<meta property=\"og:image:width\" content=\"900\" \/>\n\t<meta property=\"og:image:height\" content=\"269\" \/>\n\t<meta property=\"og:image:type\" content=\"image\/png\" \/>\n<meta name=\"author\" content=\"Jean-Paul Erhard\" \/>\n<meta name=\"twitter:card\" content=\"summary_large_image\" \/>\n<meta name=\"twitter:creator\" content=\"@PeoplesphereMag\" \/>\n<meta name=\"twitter:site\" content=\"@PeoplesphereMag\" \/>\n<meta name=\"twitter:label1\" content=\"\u00c9crit par\" \/>\n\t<meta name=\"twitter:data1\" content=\"Jean-Paul Erhard\" \/>\n\t<meta name=\"twitter:label2\" content=\"Dur\u00e9e de lecture estim\u00e9e\" \/>\n\t<meta name=\"twitter:data2\" content=\"4 minutes\" \/>\n<script type=\"application\/ld+json\" class=\"yoast-schema-graph\">{\"@context\":\"https:\/\/schema.org\",\"@graph\":[{\"@type\":\"Article\",\"@id\":\"https:\/\/peoplesphere.be\/fr\/bien-preparer-plan-de-formation-2020\/#article\",\"isPartOf\":{\"@id\":\"https:\/\/peoplesphere.be\/fr\/bien-preparer-plan-de-formation-2020\/\"},\"author\":{\"name\":\"Jean-Paul Erhard\",\"@id\":\"https:\/\/peoplesphere.be\/fr\/#\/schema\/person\/7976225ff17988604334abb7b3536a7e\"},\"headline\":\"Bien pr\u00e9parer son plan de formation en 2020.\",\"datePublished\":\"2019-09-30T07:06:45+00:00\",\"dateModified\":\"2019-09-30T07:10:50+00:00\",\"mainEntityOfPage\":{\"@id\":\"https:\/\/peoplesphere.be\/fr\/bien-preparer-plan-de-formation-2020\/\"},\"wordCount\":840,\"publisher\":{\"@id\":\"https:\/\/peoplesphere.be\/fr\/#organization\"},\"keywords\":[\"Apprentissage\",\"d\u00e9veloppement des comp\u00e9tences\",\"Formation\",\"learning experience platform\",\"MySkillCamp\"],\"articleSection\":[\"Actualit\u00e9s\",\"Digital\"],\"inLanguage\":\"fr-FR\"},{\"@type\":\"WebPage\",\"@id\":\"https:\/\/peoplesphere.be\/fr\/bien-preparer-plan-de-formation-2020\/\",\"url\":\"https:\/\/peoplesphere.be\/fr\/bien-preparer-plan-de-formation-2020\/\",\"name\":\"Bien pr\u00e9parer son plan de formation en 2020. - Peoplesphere\",\"isPartOf\":{\"@id\":\"https:\/\/peoplesphere.be\/fr\/#website\"},\"datePublished\":\"2019-09-30T07:06:45+00:00\",\"dateModified\":\"2019-09-30T07:10:50+00:00\",\"breadcrumb\":{\"@id\":\"https:\/\/peoplesphere.be\/fr\/bien-preparer-plan-de-formation-2020\/#breadcrumb\"},\"inLanguage\":\"fr-FR\",\"potentialAction\":[{\"@type\":\"ReadAction\",\"target\":[\"https:\/\/peoplesphere.be\/fr\/bien-preparer-plan-de-formation-2020\/\"]}]},{\"@type\":\"BreadcrumbList\",\"@id\":\"https:\/\/peoplesphere.be\/fr\/bien-preparer-plan-de-formation-2020\/#breadcrumb\",\"itemListElement\":[{\"@type\":\"ListItem\",\"position\":1,\"name\":\"Accueil\",\"item\":\"https:\/\/peoplesphere.be\/fr\/\"},{\"@type\":\"ListItem\",\"position\":2,\"name\":\"Bien pr\u00e9parer son plan de formation en 2020.\"}]},{\"@type\":\"WebSite\",\"@id\":\"https:\/\/peoplesphere.be\/fr\/#website\",\"url\":\"https:\/\/peoplesphere.be\/fr\/\",\"name\":\"Peoplesphere\",\"description\":\"The People Managers Magazine\",\"publisher\":{\"@id\":\"https:\/\/peoplesphere.be\/fr\/#organization\"},\"potentialAction\":[{\"@type\":\"SearchAction\",\"target\":{\"@type\":\"EntryPoint\",\"urlTemplate\":\"https:\/\/peoplesphere.be\/fr\/?s={search_term_string}\"},\"query-input\":\"required name=search_term_string\"}],\"inLanguage\":\"fr-FR\"},{\"@type\":\"Organization\",\"@id\":\"https:\/\/peoplesphere.be\/fr\/#organization\",\"name\":\"Peoplesphere Company srl\",\"url\":\"https:\/\/peoplesphere.be\/fr\/\",\"logo\":{\"@type\":\"ImageObject\",\"inLanguage\":\"fr-FR\",\"@id\":\"https:\/\/peoplesphere.be\/fr\/#\/schema\/logo\/image\/\",\"url\":\"https:\/\/peoplesphere.be\/fr\/wp-content\/uploads\/2023\/07\/peoplesphere-lgo-new-generik.jpg\",\"contentUrl\":\"https:\/\/peoplesphere.be\/fr\/wp-content\/uploads\/2023\/07\/peoplesphere-lgo-new-generik.jpg\",\"width\":1031,\"height\":1479,\"caption\":\"Peoplesphere Company srl\"},\"image\":{\"@id\":\"https:\/\/peoplesphere.be\/fr\/#\/schema\/logo\/image\/\"},\"sameAs\":[\"https:\/\/www.facebook.com\/peoplesphere\",\"https:\/\/twitter.com\/PeoplesphereMag\",\"https:\/\/www.linkedin.com\/company\/7587361?trk\",\"http:\/\/youtube.com\/peoplesphere\"]},{\"@type\":\"Person\",\"@id\":\"https:\/\/peoplesphere.be\/fr\/#\/schema\/person\/7976225ff17988604334abb7b3536a7e\",\"name\":\"Jean-Paul Erhard\",\"image\":{\"@type\":\"ImageObject\",\"inLanguage\":\"fr-FR\",\"@id\":\"https:\/\/peoplesphere.be\/fr\/#\/schema\/person\/image\/\",\"url\":\"https:\/\/secure.gravatar.com\/avatar\/f941e681460179738071629a51574930?s=96&d=mm&r=g\",\"contentUrl\":\"https:\/\/secure.gravatar.com\/avatar\/f941e681460179738071629a51574930?s=96&d=mm&r=g\",\"caption\":\"Jean-Paul Erhard\"},\"url\":\"https:\/\/peoplesphere.be\/fr\/author\/jpe\/\"}]}<\/script>\n<!-- \/ Yoast SEO plugin. -->","yoast_head_json":{"title":"Bien pr\u00e9parer son plan de formation en 2020. - Peoplesphere","robots":{"index":"index","follow":"follow","max-snippet":"max-snippet:-1","max-image-preview":"max-image-preview:large","max-video-preview":"max-video-preview:-1"},"canonical":"https:\/\/peoplesphere.be\/fr\/bien-preparer-plan-de-formation-2020\/","og_locale":"fr_FR","og_type":"article","og_title":"Bien pr\u00e9parer son plan de formation en 2020. - Peoplesphere","og_description":"Le monde de l&rsquo;entreprise \u00e9volue tr\u00e8s rapidement. De ce fait, pour rester comp\u00e9titive, une organisation doit \u00eatre en mesure de s\u2019adapter en permanence, gr\u00e2ce notamment \u00e0 la formation en continu de ses employ\u00e9s. D\u2019ailleurs, eux-m\u00eames sont en demande de formation [&hellip;]","og_url":"https:\/\/peoplesphere.be\/fr\/bien-preparer-plan-de-formation-2020\/","og_site_name":"Peoplesphere","article_publisher":"https:\/\/www.facebook.com\/peoplesphere","article_published_time":"2019-09-30T07:06:45+00:00","article_modified_time":"2019-09-30T07:10:50+00:00","og_image":[{"width":900,"height":269,"url":"https:\/\/peoplesphere.be\/fr\/wp-content\/uploads\/2019\/09\/banner-offre-poc-sept19-1.png","type":"image\/png"}],"author":"Jean-Paul Erhard","twitter_card":"summary_large_image","twitter_creator":"@PeoplesphereMag","twitter_site":"@PeoplesphereMag","twitter_misc":{"\u00c9crit par":"Jean-Paul Erhard","Dur\u00e9e de lecture estim\u00e9e":"4 minutes"},"schema":{"@context":"https:\/\/schema.org","@graph":[{"@type":"Article","@id":"https:\/\/peoplesphere.be\/fr\/bien-preparer-plan-de-formation-2020\/#article","isPartOf":{"@id":"https:\/\/peoplesphere.be\/fr\/bien-preparer-plan-de-formation-2020\/"},"author":{"name":"Jean-Paul Erhard","@id":"https:\/\/peoplesphere.be\/fr\/#\/schema\/person\/7976225ff17988604334abb7b3536a7e"},"headline":"Bien pr\u00e9parer son plan de formation en 2020.","datePublished":"2019-09-30T07:06:45+00:00","dateModified":"2019-09-30T07:10:50+00:00","mainEntityOfPage":{"@id":"https:\/\/peoplesphere.be\/fr\/bien-preparer-plan-de-formation-2020\/"},"wordCount":840,"publisher":{"@id":"https:\/\/peoplesphere.be\/fr\/#organization"},"keywords":["Apprentissage","d\u00e9veloppement des comp\u00e9tences","Formation","learning experience platform","MySkillCamp"],"articleSection":["Actualit\u00e9s","Digital"],"inLanguage":"fr-FR"},{"@type":"WebPage","@id":"https:\/\/peoplesphere.be\/fr\/bien-preparer-plan-de-formation-2020\/","url":"https:\/\/peoplesphere.be\/fr\/bien-preparer-plan-de-formation-2020\/","name":"Bien pr\u00e9parer son plan de formation en 2020. - Peoplesphere","isPartOf":{"@id":"https:\/\/peoplesphere.be\/fr\/#website"},"datePublished":"2019-09-30T07:06:45+00:00","dateModified":"2019-09-30T07:10:50+00:00","breadcrumb":{"@id":"https:\/\/peoplesphere.be\/fr\/bien-preparer-plan-de-formation-2020\/#breadcrumb"},"inLanguage":"fr-FR","potentialAction":[{"@type":"ReadAction","target":["https:\/\/peoplesphere.be\/fr\/bien-preparer-plan-de-formation-2020\/"]}]},{"@type":"BreadcrumbList","@id":"https:\/\/peoplesphere.be\/fr\/bien-preparer-plan-de-formation-2020\/#breadcrumb","itemListElement":[{"@type":"ListItem","position":1,"name":"Accueil","item":"https:\/\/peoplesphere.be\/fr\/"},{"@type":"ListItem","position":2,"name":"Bien pr\u00e9parer son plan de formation en 2020."}]},{"@type":"WebSite","@id":"https:\/\/peoplesphere.be\/fr\/#website","url":"https:\/\/peoplesphere.be\/fr\/","name":"Peoplesphere","description":"The People Managers Magazine","publisher":{"@id":"https:\/\/peoplesphere.be\/fr\/#organization"},"potentialAction":[{"@type":"SearchAction","target":{"@type":"EntryPoint","urlTemplate":"https:\/\/peoplesphere.be\/fr\/?s={search_term_string}"},"query-input":"required name=search_term_string"}],"inLanguage":"fr-FR"},{"@type":"Organization","@id":"https:\/\/peoplesphere.be\/fr\/#organization","name":"Peoplesphere Company srl","url":"https:\/\/peoplesphere.be\/fr\/","logo":{"@type":"ImageObject","inLanguage":"fr-FR","@id":"https:\/\/peoplesphere.be\/fr\/#\/schema\/logo\/image\/","url":"https:\/\/peoplesphere.be\/fr\/wp-content\/uploads\/2023\/07\/peoplesphere-lgo-new-generik.jpg","contentUrl":"https:\/\/peoplesphere.be\/fr\/wp-content\/uploads\/2023\/07\/peoplesphere-lgo-new-generik.jpg","width":1031,"height":1479,"caption":"Peoplesphere Company srl"},"image":{"@id":"https:\/\/peoplesphere.be\/fr\/#\/schema\/logo\/image\/"},"sameAs":["https:\/\/www.facebook.com\/peoplesphere","https:\/\/twitter.com\/PeoplesphereMag","https:\/\/www.linkedin.com\/company\/7587361?trk","http:\/\/youtube.com\/peoplesphere"]},{"@type":"Person","@id":"https:\/\/peoplesphere.be\/fr\/#\/schema\/person\/7976225ff17988604334abb7b3536a7e","name":"Jean-Paul Erhard","image":{"@type":"ImageObject","inLanguage":"fr-FR","@id":"https:\/\/peoplesphere.be\/fr\/#\/schema\/person\/image\/","url":"https:\/\/secure.gravatar.com\/avatar\/f941e681460179738071629a51574930?s=96&d=mm&r=g","contentUrl":"https:\/\/secure.gravatar.com\/avatar\/f941e681460179738071629a51574930?s=96&d=mm&r=g","caption":"Jean-Paul Erhard"},"url":"https:\/\/peoplesphere.be\/fr\/author\/jpe\/"}]}},"_links":{"self":[{"href":"https:\/\/peoplesphere.be\/fr\/wp-json\/wp\/v2\/posts\/8336"}],"collection":[{"href":"https:\/\/peoplesphere.be\/fr\/wp-json\/wp\/v2\/posts"}],"about":[{"href":"https:\/\/peoplesphere.be\/fr\/wp-json\/wp\/v2\/types\/post"}],"author":[{"embeddable":true,"href":"https:\/\/peoplesphere.be\/fr\/wp-json\/wp\/v2\/users\/2"}],"replies":[{"embeddable":true,"href":"https:\/\/peoplesphere.be\/fr\/wp-json\/wp\/v2\/comments?post=8336"}],"version-history":[{"count":5,"href":"https:\/\/peoplesphere.be\/fr\/wp-json\/wp\/v2\/posts\/8336\/revisions"}],"predecessor-version":[{"id":8341,"href":"https:\/\/peoplesphere.be\/fr\/wp-json\/wp\/v2\/posts\/8336\/revisions\/8341"}],"wp:featuredmedia":[{"embeddable":true,"href":"https:\/\/peoplesphere.be\/fr\/wp-json\/wp\/v2\/media\/8323"}],"wp:attachment":[{"href":"https:\/\/peoplesphere.be\/fr\/wp-json\/wp\/v2\/media?parent=8336"}],"wp:term":[{"taxonomy":"category","embeddable":true,"href":"https:\/\/peoplesphere.be\/fr\/wp-json\/wp\/v2\/categories?post=8336"},{"taxonomy":"post_tag","embeddable":true,"href":"https:\/\/peoplesphere.be\/fr\/wp-json\/wp\/v2\/tags?post=8336"}],"curies":[{"name":"wp","href":"https:\/\/api.w.org\/{rel}","templated":true}]}}