









{"id":8389,"date":"2019-10-09T05:34:36","date_gmt":"2019-10-09T03:34:36","guid":{"rendered":"https:\/\/peoplesphere.be\/fr\/?p=8389"},"modified":"2019-10-09T05:35:17","modified_gmt":"2019-10-09T03:35:17","slug":"kinepolis-elue-entreprise-de-lannee-2019-cote-neerlandophone-pays","status":"publish","type":"post","link":"https:\/\/peoplesphere.be\/fr\/kinepolis-elue-entreprise-de-lannee-2019-cote-neerlandophone-pays\/","title":{"rendered":"Kinepolis est \u00e9lue entreprise de l&rsquo;ann\u00e9e 2019 du c\u00f4t\u00e9 n\u00e9erlandophone du pays."},"content":{"rendered":"<p>Kinepolis a \u00e9t\u00e9 sacr\u00e9 \u2018Onderneming van het Jaar\u00ae\u2019 2019. Le CEO du groupe, Eddy Duquenne, a re\u00e7u le prestigieux troph\u00e9e des mains de Sa Majest\u00e9 le Roi. Cette ann\u00e9e est une \u00e9dition anniversaire de cet \u00e9v\u00e9nement organis\u00e9 pour la 25e fois cons\u00e9cutive par EY en collaboration avec De Tijd et BNP Paribas Fortis.<!--more--><\/p>\n<p>Un jury professionnel, constitu\u00e9 de repr\u00e9sentants de la cr\u00e8me des entreprises belges et du monde acad\u00e9mique, a accord\u00e9 sa pr\u00e9f\u00e9rence \u00e0 Kinepolis plut\u00f4t qu\u2019aux autres finalistes (Actief, Aertssen et Torfs). Kinepolis succ\u00e8de ainsi \u00e0 Ardo, laur\u00e9at l\u2019an dernier.<\/p>\n<p>Lors de la c\u00e9r\u00e9monie officielle, qui s\u2019est tenue dans l\u2019Auditorium 2000 au Heysel, le \u2018Prijs van de Vlaamse Regering voor de Scale-up van het Jaar\u2019 2019 a \u00e9galement \u00e9t\u00e9 d\u00e9cern\u00e9. Ce prix est attribu\u00e9 \u00e0 des entreprises flamandes en croissance qui ont r\u00e9alis\u00e9 un beau parcours durant l\u2019ann\u00e9e \u00e9coul\u00e9e. Le troph\u00e9e a \u00e9t\u00e9 remis cette ann\u00e9e \u00e0 l\u2019entreprise louvaniste Guardsquare, fond\u00e9e par Heidi Rakels et Roel Caers. Cette scale-up, leader mondial dans le d\u00e9veloppement d\u2019une technologie de protection pour les applications mobiles, l\u2019a emport\u00e9 sur Intracto, Lansweeper et Silverfin. Guardsquare a re\u00e7u le troph\u00e9e des mains de Jan Jambon, Ministre-Pr\u00e9sident du Gouvernement Flamand. 14e vainqueur de cet illustre titre, Guardsquare marche sur les traces de l\u2019entreprise gantoise Ontoforce, laur\u00e9at en 2018.<\/p>\n<p>EY organise la remise du prix \u2018Onderneming van het Jaar\u00ae\u2019 depuis 1995. Depuis 25 ans, ce troph\u00e9e couronne les entreprises belges qui se distinguent par une approche innovante, une vision ambitieuse et internationale, une strat\u00e9gie avis\u00e9e, une situation financi\u00e8re saine, un travail d\u2019\u00e9quipe engag\u00e9, une bonne administration, une ambition et pers\u00e9v\u00e9rance dans la croissance.<br \/>\nLors de cette \u00e9dition anniversaire sp\u00e9ciale du prix \u2018Onderneming van het Jaar\u00ae\u2019, c\u2019est Sa Majest\u00e9 le Roi qui a remis le troph\u00e9e \u00e0 Eddy Duquenne, CEO de Kinepolis. Un r\u00f4le de premier plan avait aussi \u00e9t\u00e9 r\u00e9serv\u00e9 aux 24 vainqueurs pr\u00e9c\u00e9dents pendant la c\u00e9r\u00e9monie de remise de prix.<br \/>\n<em>\u00ab Ce 25e anniversaire du prix \u2018Onderneming van het Jaar\u00ae\u2019 est un jour important dans le monde des entreprises flamandes. Nous sommes fiers de pr\u00e9senter, aux c\u00f4t\u00e9s de nos fid\u00e8les partenaires De Tijd et BNP Paribas Fortis, le livre anniversaire \u2018OR. 25 ans d\u2019entrepreneuriat inspirant en Flandre\u2019, d\u00e9di\u00e9 \u00e0 tous les vainqueurs de ces vingt-cinq ann\u00e9es \u00bb<\/em>, se r\u00e9jouit Rudi Braes, Vice-Pr\u00e9sident d\u2019EY EMEIA.<\/p>\n<p>Kinepolis, qui s\u2019est d\u00e9velopp\u00e9 d\u2019une entreprise familiale en un\u00a0leader absolu sur le plan international gr\u00e2ce \u00e0 sa strat\u00e9gie d\u2019expansion active, incarne\u00a0parfaitement l\u2019ensemble des qualit\u00e9s que doit avoir une entreprise pour \u00eatre couronn\u00e9e\u00a0\u2018Onderneming van het Jaar\u00ae\u2019 \u00bb, explique Patrick Rottiers, CEO d\u2019EY Belgique.\u00a0Mich\u00e8le Sioen, qui pr\u00e9sidait le jury compos\u00e9 de neuf membres, revient sur cette exp\u00e9rience :\u00a0<em>\u00ab Outre la strat\u00e9gie d\u2019expansion impressionnante, qui a r\u00e9cemment atteint son apog\u00e9e avec le\u00a0d\u00e9ploiement aux \u00c9tats-Unis, Kinepolis frappe surtout par la responsabilisation de ses\u00a0collaborateurs et la cr\u00e9ation d\u2019une valeur ajout\u00e9e suppl\u00e9mentaire pour l\u2019exp\u00e9rience client. Le tout\u00a0en veillant \u00e0 respecter l\u2019environnement, notamment gr\u00e2ce \u00e0 l\u2019introduction de techniques\u00a0permettant de r\u00e9aliser des \u00e9conomies d\u2019\u00e9nergie, la r\u00e9alisation de r\u00e9novations durables et\u00a0l\u2019incorporation des derni\u00e8res technologies du cin\u00e9ma, pour ne citer que quelques-uns des\u00a0nombreux efforts fournis. Kinepolis m\u00e9rite donc amplement de sortir vainqueur de la 25e \u00e9dition\u00a0du prix \u2018Onderneming van het Jaar\u00ae\u2019. \u00bb<\/em><\/p>\n<p><strong><em>Guardsquare est \u00e9lue \u2018Scale-up van het Jaar\u2019<\/em><\/strong><\/p>\n<p>Lors de la c\u00e9r\u00e9monie qui s\u2019est tenue dans le cadre de l\u2019attribution du prix \u2018Onderneming van het\u00a0Jaar\u00ae\u2019 2019, le \u2018Prijs van de Vlaamse Regering voor de Scale-up van het Jaar\u2019 2019 a \u00e9galement\u00a0\u00e9t\u00e9 d\u00e9cern\u00e9. L\u2019entreprise louvaniste Guardsquare, fond\u00e9e par Heidi Rakels et Roel Caers, a \u00e9t\u00e9\u00a0nomm\u00e9e vainqueur par le jury et succ\u00e8de ainsi \u00e0 Ontoforce, laur\u00e9at en 2018.<br \/>\nLe troph\u00e9e \u2018Scale-up van het Jaar\u2019 est un prix prestigieux d\u00e9cern\u00e9 par le gouvernement flamand\u00a0pour r\u00e9compenser les efforts des entreprises en croissance rapide et en plein d\u00e9veloppement,\u00a0et les motiver \u00e0 poursuivre sur cette lanc\u00e9e. Le jury r\u00e9compense en effet le candidat qu\u2019il croit\u00a0capable de remporter un jour le prix d\u2019\u2018Onderneming van het Jaar\u00ae\u2019.<br \/>\n<em>\u00ab Avec son produit novateur et de qualit\u00e9, Guardsquare est le vainqueur \u00e0 juste titre du \u2018Prijs van\u00a0de Vlaamse Regering voor de Scale-up van het Jaar\u2019. La technologie de Guardsquare est<\/em>\u00a0<em>largement applicable et b\u00e9n\u00e9ficie en outre d\u2019une large reconnaissance de la part des utilisateurs\u00a0initiaux du produit. Le portefeuille de clients de Guardsquare ne couvre pas seulement la\u00a0Belgique, il est aussi tr\u00e8s \u00e9toff\u00e9 au niveau international. La scale-up de Louvain peut donc se\u00a0targuer d\u2019\u00eatre le leader du march\u00e9 international. \u00c0 une \u00e9poque o\u00f9 la protection des donn\u00e9es sur\u00a0les applications num\u00e9riques se veut toujours plus importante, le jury est en outre convaincu que\u00a0l\u2019entreprise dispose encore d\u2019un grand potentiel de croissance \u00bb<\/em>, ajoute Hans Crijns, Professeur\u00a0de la Vlerick Business School et pr\u00e9sident du jury, pour expliquer le choix de Guardsquare.<\/p>\n<p><em>\u00ab Le \u2018Prijs van de Vlaamse Regering voor de Scale-up van het Jaar\u2019 vise \u00e0 r\u00e9compenser des\u00a0entreprises flamandes prometteuses \u00e0 la croissance rapide et \u00e0 les mettre en avant.\u00a0Guardsquare montre que les entreprises flamandes peuvent \u00eatre des chefs de file, m\u00eame sur le\u00a0plan international. L\u2019entreprise louvaniste avait en effet d\u00e8s le d\u00e9part une vocation internationale.\u00a0Si elle continue \u00e0 se d\u00e9velopper \u00e0 ce rythme, elle sera peut-\u00eatre favorite \u00e0 l\u2019avenir pour remporter\u00a0le titre d\u2019\u2019Onderneming van het Jaar\u00ae\u2019 \u00bb<\/em>, d\u2019apr\u00e8s Stefan Olivier, partner et Growth Markets Leader\u00a0d\u2019EY Belgique.<\/p>\n","protected":false},"excerpt":{"rendered":"<p>Kinepolis a \u00e9t\u00e9 sacr\u00e9 \u2018Onderneming van het Jaar\u00ae\u2019 2019. Le CEO du groupe, Eddy Duquenne, a re\u00e7u le prestigieux troph\u00e9e des mains de Sa Majest\u00e9 le Roi. Cette ann\u00e9e est une \u00e9dition anniversaire de cet \u00e9v\u00e9nement organis\u00e9 pour la 25e [&hellip;]<\/p>\n","protected":false},"author":2,"featured_media":8390,"comment_status":"closed","ping_status":"open","sticky":false,"template":"","format":"standard","meta":[],"categories":[65,10],"tags":[2722,1284,2725,2724],"yoast_head":"<!-- This site is optimized with the Yoast SEO plugin v21.0 - https:\/\/yoast.com\/wordpress\/plugins\/seo\/ -->\n<title>Kinepolis est \u00e9lue entreprise de l&#039;ann\u00e9e 2019 du c\u00f4t\u00e9 n\u00e9erlandophone du pays. - Peoplesphere<\/title>\n<meta name=\"robots\" content=\"index, follow, max-snippet:-1, max-image-preview:large, max-video-preview:-1\" \/>\n<link rel=\"canonical\" href=\"https:\/\/peoplesphere.be\/fr\/kinepolis-elue-entreprise-de-lannee-2019-cote-neerlandophone-pays\/\" \/>\n<meta property=\"og:locale\" content=\"fr_FR\" \/>\n<meta property=\"og:type\" content=\"article\" \/>\n<meta property=\"og:title\" content=\"Kinepolis est \u00e9lue entreprise de l&#039;ann\u00e9e 2019 du c\u00f4t\u00e9 n\u00e9erlandophone du pays. - Peoplesphere\" \/>\n<meta property=\"og:description\" content=\"Kinepolis a \u00e9t\u00e9 sacr\u00e9 \u2018Onderneming van het Jaar\u00ae\u2019 2019. Le CEO du groupe, Eddy Duquenne, a re\u00e7u le prestigieux troph\u00e9e des mains de Sa Majest\u00e9 le Roi. Cette ann\u00e9e est une \u00e9dition anniversaire de cet \u00e9v\u00e9nement organis\u00e9 pour la 25e [&hellip;]\" \/>\n<meta property=\"og:url\" content=\"https:\/\/peoplesphere.be\/fr\/kinepolis-elue-entreprise-de-lannee-2019-cote-neerlandophone-pays\/\" \/>\n<meta property=\"og:site_name\" content=\"Peoplesphere\" \/>\n<meta property=\"article:publisher\" content=\"https:\/\/www.facebook.com\/peoplesphere\" \/>\n<meta property=\"article:published_time\" content=\"2019-10-09T03:34:36+00:00\" \/>\n<meta property=\"article:modified_time\" content=\"2019-10-09T03:35:17+00:00\" \/>\n<meta property=\"og:image\" content=\"https:\/\/peoplesphere.be\/fr\/wp-content\/uploads\/2019\/10\/auto.jpeg\" \/>\n\t<meta property=\"og:image:width\" content=\"1200\" \/>\n\t<meta property=\"og:image:height\" content=\"799\" \/>\n\t<meta property=\"og:image:type\" content=\"image\/jpeg\" \/>\n<meta name=\"author\" content=\"Jean-Paul Erhard\" \/>\n<meta name=\"twitter:card\" content=\"summary_large_image\" \/>\n<meta name=\"twitter:creator\" content=\"@PeoplesphereMag\" \/>\n<meta name=\"twitter:site\" content=\"@PeoplesphereMag\" \/>\n<meta name=\"twitter:label1\" content=\"\u00c9crit par\" \/>\n\t<meta name=\"twitter:data1\" content=\"Jean-Paul Erhard\" \/>\n\t<meta name=\"twitter:label2\" content=\"Dur\u00e9e de lecture estim\u00e9e\" \/>\n\t<meta name=\"twitter:data2\" content=\"5 minutes\" \/>\n<script type=\"application\/ld+json\" class=\"yoast-schema-graph\">{\"@context\":\"https:\/\/schema.org\",\"@graph\":[{\"@type\":\"Article\",\"@id\":\"https:\/\/peoplesphere.be\/fr\/kinepolis-elue-entreprise-de-lannee-2019-cote-neerlandophone-pays\/#article\",\"isPartOf\":{\"@id\":\"https:\/\/peoplesphere.be\/fr\/kinepolis-elue-entreprise-de-lannee-2019-cote-neerlandophone-pays\/\"},\"author\":{\"name\":\"Jean-Paul Erhard\",\"@id\":\"https:\/\/peoplesphere.be\/fr\/#\/schema\/person\/7976225ff17988604334abb7b3536a7e\"},\"headline\":\"Kinepolis est \u00e9lue entreprise de l&rsquo;ann\u00e9e 2019 du c\u00f4t\u00e9 n\u00e9erlandophone du pays.\",\"datePublished\":\"2019-10-09T03:34:36+00:00\",\"dateModified\":\"2019-10-09T03:35:17+00:00\",\"mainEntityOfPage\":{\"@id\":\"https:\/\/peoplesphere.be\/fr\/kinepolis-elue-entreprise-de-lannee-2019-cote-neerlandophone-pays\/\"},\"wordCount\":994,\"publisher\":{\"@id\":\"https:\/\/peoplesphere.be\/fr\/#organization\"},\"keywords\":[\"entreprise de l'ann\u00e9e\",\"EY\",\"Guardsquare\",\"Kinepolis\"],\"articleSection\":[\"Actualit\u00e9s\",\"Digital\"],\"inLanguage\":\"fr-FR\"},{\"@type\":\"WebPage\",\"@id\":\"https:\/\/peoplesphere.be\/fr\/kinepolis-elue-entreprise-de-lannee-2019-cote-neerlandophone-pays\/\",\"url\":\"https:\/\/peoplesphere.be\/fr\/kinepolis-elue-entreprise-de-lannee-2019-cote-neerlandophone-pays\/\",\"name\":\"Kinepolis est \u00e9lue entreprise de l'ann\u00e9e 2019 du c\u00f4t\u00e9 n\u00e9erlandophone du pays. - Peoplesphere\",\"isPartOf\":{\"@id\":\"https:\/\/peoplesphere.be\/fr\/#website\"},\"datePublished\":\"2019-10-09T03:34:36+00:00\",\"dateModified\":\"2019-10-09T03:35:17+00:00\",\"breadcrumb\":{\"@id\":\"https:\/\/peoplesphere.be\/fr\/kinepolis-elue-entreprise-de-lannee-2019-cote-neerlandophone-pays\/#breadcrumb\"},\"inLanguage\":\"fr-FR\",\"potentialAction\":[{\"@type\":\"ReadAction\",\"target\":[\"https:\/\/peoplesphere.be\/fr\/kinepolis-elue-entreprise-de-lannee-2019-cote-neerlandophone-pays\/\"]}]},{\"@type\":\"BreadcrumbList\",\"@id\":\"https:\/\/peoplesphere.be\/fr\/kinepolis-elue-entreprise-de-lannee-2019-cote-neerlandophone-pays\/#breadcrumb\",\"itemListElement\":[{\"@type\":\"ListItem\",\"position\":1,\"name\":\"Accueil\",\"item\":\"https:\/\/peoplesphere.be\/fr\/\"},{\"@type\":\"ListItem\",\"position\":2,\"name\":\"Kinepolis est \u00e9lue entreprise de l&rsquo;ann\u00e9e 2019 du c\u00f4t\u00e9 n\u00e9erlandophone du pays.\"}]},{\"@type\":\"WebSite\",\"@id\":\"https:\/\/peoplesphere.be\/fr\/#website\",\"url\":\"https:\/\/peoplesphere.be\/fr\/\",\"name\":\"Peoplesphere\",\"description\":\"The People Managers Magazine\",\"publisher\":{\"@id\":\"https:\/\/peoplesphere.be\/fr\/#organization\"},\"potentialAction\":[{\"@type\":\"SearchAction\",\"target\":{\"@type\":\"EntryPoint\",\"urlTemplate\":\"https:\/\/peoplesphere.be\/fr\/?s={search_term_string}\"},\"query-input\":\"required name=search_term_string\"}],\"inLanguage\":\"fr-FR\"},{\"@type\":\"Organization\",\"@id\":\"https:\/\/peoplesphere.be\/fr\/#organization\",\"name\":\"Peoplesphere Company srl\",\"url\":\"https:\/\/peoplesphere.be\/fr\/\",\"logo\":{\"@type\":\"ImageObject\",\"inLanguage\":\"fr-FR\",\"@id\":\"https:\/\/peoplesphere.be\/fr\/#\/schema\/logo\/image\/\",\"url\":\"https:\/\/peoplesphere.be\/fr\/wp-content\/uploads\/2023\/07\/peoplesphere-lgo-new-generik.jpg\",\"contentUrl\":\"https:\/\/peoplesphere.be\/fr\/wp-content\/uploads\/2023\/07\/peoplesphere-lgo-new-generik.jpg\",\"width\":1031,\"height\":1479,\"caption\":\"Peoplesphere Company srl\"},\"image\":{\"@id\":\"https:\/\/peoplesphere.be\/fr\/#\/schema\/logo\/image\/\"},\"sameAs\":[\"https:\/\/www.facebook.com\/peoplesphere\",\"https:\/\/twitter.com\/PeoplesphereMag\",\"https:\/\/www.linkedin.com\/company\/7587361?trk\",\"http:\/\/youtube.com\/peoplesphere\"]},{\"@type\":\"Person\",\"@id\":\"https:\/\/peoplesphere.be\/fr\/#\/schema\/person\/7976225ff17988604334abb7b3536a7e\",\"name\":\"Jean-Paul Erhard\",\"image\":{\"@type\":\"ImageObject\",\"inLanguage\":\"fr-FR\",\"@id\":\"https:\/\/peoplesphere.be\/fr\/#\/schema\/person\/image\/\",\"url\":\"https:\/\/secure.gravatar.com\/avatar\/f941e681460179738071629a51574930?s=96&d=mm&r=g\",\"contentUrl\":\"https:\/\/secure.gravatar.com\/avatar\/f941e681460179738071629a51574930?s=96&d=mm&r=g\",\"caption\":\"Jean-Paul Erhard\"},\"url\":\"https:\/\/peoplesphere.be\/fr\/author\/jpe\/\"}]}<\/script>\n<!-- \/ Yoast SEO plugin. -->","yoast_head_json":{"title":"Kinepolis est \u00e9lue entreprise de l'ann\u00e9e 2019 du c\u00f4t\u00e9 n\u00e9erlandophone du pays. - Peoplesphere","robots":{"index":"index","follow":"follow","max-snippet":"max-snippet:-1","max-image-preview":"max-image-preview:large","max-video-preview":"max-video-preview:-1"},"canonical":"https:\/\/peoplesphere.be\/fr\/kinepolis-elue-entreprise-de-lannee-2019-cote-neerlandophone-pays\/","og_locale":"fr_FR","og_type":"article","og_title":"Kinepolis est \u00e9lue entreprise de l'ann\u00e9e 2019 du c\u00f4t\u00e9 n\u00e9erlandophone du pays. - Peoplesphere","og_description":"Kinepolis a \u00e9t\u00e9 sacr\u00e9 \u2018Onderneming van het Jaar\u00ae\u2019 2019. Le CEO du groupe, Eddy Duquenne, a re\u00e7u le prestigieux troph\u00e9e des mains de Sa Majest\u00e9 le Roi. Cette ann\u00e9e est une \u00e9dition anniversaire de cet \u00e9v\u00e9nement organis\u00e9 pour la 25e [&hellip;]","og_url":"https:\/\/peoplesphere.be\/fr\/kinepolis-elue-entreprise-de-lannee-2019-cote-neerlandophone-pays\/","og_site_name":"Peoplesphere","article_publisher":"https:\/\/www.facebook.com\/peoplesphere","article_published_time":"2019-10-09T03:34:36+00:00","article_modified_time":"2019-10-09T03:35:17+00:00","og_image":[{"width":1200,"height":799,"url":"https:\/\/peoplesphere.be\/fr\/wp-content\/uploads\/2019\/10\/auto.jpeg","type":"image\/jpeg"}],"author":"Jean-Paul Erhard","twitter_card":"summary_large_image","twitter_creator":"@PeoplesphereMag","twitter_site":"@PeoplesphereMag","twitter_misc":{"\u00c9crit par":"Jean-Paul Erhard","Dur\u00e9e de lecture estim\u00e9e":"5 minutes"},"schema":{"@context":"https:\/\/schema.org","@graph":[{"@type":"Article","@id":"https:\/\/peoplesphere.be\/fr\/kinepolis-elue-entreprise-de-lannee-2019-cote-neerlandophone-pays\/#article","isPartOf":{"@id":"https:\/\/peoplesphere.be\/fr\/kinepolis-elue-entreprise-de-lannee-2019-cote-neerlandophone-pays\/"},"author":{"name":"Jean-Paul Erhard","@id":"https:\/\/peoplesphere.be\/fr\/#\/schema\/person\/7976225ff17988604334abb7b3536a7e"},"headline":"Kinepolis est \u00e9lue entreprise de l&rsquo;ann\u00e9e 2019 du c\u00f4t\u00e9 n\u00e9erlandophone du pays.","datePublished":"2019-10-09T03:34:36+00:00","dateModified":"2019-10-09T03:35:17+00:00","mainEntityOfPage":{"@id":"https:\/\/peoplesphere.be\/fr\/kinepolis-elue-entreprise-de-lannee-2019-cote-neerlandophone-pays\/"},"wordCount":994,"publisher":{"@id":"https:\/\/peoplesphere.be\/fr\/#organization"},"keywords":["entreprise de l'ann\u00e9e","EY","Guardsquare","Kinepolis"],"articleSection":["Actualit\u00e9s","Digital"],"inLanguage":"fr-FR"},{"@type":"WebPage","@id":"https:\/\/peoplesphere.be\/fr\/kinepolis-elue-entreprise-de-lannee-2019-cote-neerlandophone-pays\/","url":"https:\/\/peoplesphere.be\/fr\/kinepolis-elue-entreprise-de-lannee-2019-cote-neerlandophone-pays\/","name":"Kinepolis est \u00e9lue entreprise de l'ann\u00e9e 2019 du c\u00f4t\u00e9 n\u00e9erlandophone du pays. - Peoplesphere","isPartOf":{"@id":"https:\/\/peoplesphere.be\/fr\/#website"},"datePublished":"2019-10-09T03:34:36+00:00","dateModified":"2019-10-09T03:35:17+00:00","breadcrumb":{"@id":"https:\/\/peoplesphere.be\/fr\/kinepolis-elue-entreprise-de-lannee-2019-cote-neerlandophone-pays\/#breadcrumb"},"inLanguage":"fr-FR","potentialAction":[{"@type":"ReadAction","target":["https:\/\/peoplesphere.be\/fr\/kinepolis-elue-entreprise-de-lannee-2019-cote-neerlandophone-pays\/"]}]},{"@type":"BreadcrumbList","@id":"https:\/\/peoplesphere.be\/fr\/kinepolis-elue-entreprise-de-lannee-2019-cote-neerlandophone-pays\/#breadcrumb","itemListElement":[{"@type":"ListItem","position":1,"name":"Accueil","item":"https:\/\/peoplesphere.be\/fr\/"},{"@type":"ListItem","position":2,"name":"Kinepolis est \u00e9lue entreprise de l&rsquo;ann\u00e9e 2019 du c\u00f4t\u00e9 n\u00e9erlandophone du pays."}]},{"@type":"WebSite","@id":"https:\/\/peoplesphere.be\/fr\/#website","url":"https:\/\/peoplesphere.be\/fr\/","name":"Peoplesphere","description":"The People Managers Magazine","publisher":{"@id":"https:\/\/peoplesphere.be\/fr\/#organization"},"potentialAction":[{"@type":"SearchAction","target":{"@type":"EntryPoint","urlTemplate":"https:\/\/peoplesphere.be\/fr\/?s={search_term_string}"},"query-input":"required name=search_term_string"}],"inLanguage":"fr-FR"},{"@type":"Organization","@id":"https:\/\/peoplesphere.be\/fr\/#organization","name":"Peoplesphere Company srl","url":"https:\/\/peoplesphere.be\/fr\/","logo":{"@type":"ImageObject","inLanguage":"fr-FR","@id":"https:\/\/peoplesphere.be\/fr\/#\/schema\/logo\/image\/","url":"https:\/\/peoplesphere.be\/fr\/wp-content\/uploads\/2023\/07\/peoplesphere-lgo-new-generik.jpg","contentUrl":"https:\/\/peoplesphere.be\/fr\/wp-content\/uploads\/2023\/07\/peoplesphere-lgo-new-generik.jpg","width":1031,"height":1479,"caption":"Peoplesphere Company srl"},"image":{"@id":"https:\/\/peoplesphere.be\/fr\/#\/schema\/logo\/image\/"},"sameAs":["https:\/\/www.facebook.com\/peoplesphere","https:\/\/twitter.com\/PeoplesphereMag","https:\/\/www.linkedin.com\/company\/7587361?trk","http:\/\/youtube.com\/peoplesphere"]},{"@type":"Person","@id":"https:\/\/peoplesphere.be\/fr\/#\/schema\/person\/7976225ff17988604334abb7b3536a7e","name":"Jean-Paul Erhard","image":{"@type":"ImageObject","inLanguage":"fr-FR","@id":"https:\/\/peoplesphere.be\/fr\/#\/schema\/person\/image\/","url":"https:\/\/secure.gravatar.com\/avatar\/f941e681460179738071629a51574930?s=96&d=mm&r=g","contentUrl":"https:\/\/secure.gravatar.com\/avatar\/f941e681460179738071629a51574930?s=96&d=mm&r=g","caption":"Jean-Paul Erhard"},"url":"https:\/\/peoplesphere.be\/fr\/author\/jpe\/"}]}},"_links":{"self":[{"href":"https:\/\/peoplesphere.be\/fr\/wp-json\/wp\/v2\/posts\/8389"}],"collection":[{"href":"https:\/\/peoplesphere.be\/fr\/wp-json\/wp\/v2\/posts"}],"about":[{"href":"https:\/\/peoplesphere.be\/fr\/wp-json\/wp\/v2\/types\/post"}],"author":[{"embeddable":true,"href":"https:\/\/peoplesphere.be\/fr\/wp-json\/wp\/v2\/users\/2"}],"replies":[{"embeddable":true,"href":"https:\/\/peoplesphere.be\/fr\/wp-json\/wp\/v2\/comments?post=8389"}],"version-history":[{"count":2,"href":"https:\/\/peoplesphere.be\/fr\/wp-json\/wp\/v2\/posts\/8389\/revisions"}],"predecessor-version":[{"id":8392,"href":"https:\/\/peoplesphere.be\/fr\/wp-json\/wp\/v2\/posts\/8389\/revisions\/8392"}],"wp:featuredmedia":[{"embeddable":true,"href":"https:\/\/peoplesphere.be\/fr\/wp-json\/wp\/v2\/media\/8390"}],"wp:attachment":[{"href":"https:\/\/peoplesphere.be\/fr\/wp-json\/wp\/v2\/media?parent=8389"}],"wp:term":[{"taxonomy":"category","embeddable":true,"href":"https:\/\/peoplesphere.be\/fr\/wp-json\/wp\/v2\/categories?post=8389"},{"taxonomy":"post_tag","embeddable":true,"href":"https:\/\/peoplesphere.be\/fr\/wp-json\/wp\/v2\/tags?post=8389"}],"curies":[{"name":"wp","href":"https:\/\/api.w.org\/{rel}","templated":true}]}}