









{"id":8455,"date":"2019-10-22T15:52:10","date_gmt":"2019-10-22T13:52:10","guid":{"rendered":"https:\/\/peoplesphere.be\/fr\/?p=8455"},"modified":"2019-10-22T15:52:10","modified_gmt":"2019-10-22T13:52:10","slug":"laugmentation-chomage-economique-se-confirme-semble-indiquer-marche-de-lemploi-a-bout-de-souffle","status":"publish","type":"post","link":"https:\/\/peoplesphere.be\/fr\/laugmentation-chomage-economique-se-confirme-semble-indiquer-marche-de-lemploi-a-bout-de-souffle\/","title":{"rendered":"L&rsquo;augmentation du ch\u00f4mage \u00e9conomique se confirme et semble indiquer que notre march\u00e9 de l&#8217;emploi est \u00e0 bout de souffle."},"content":{"rendered":"<p>Le ch\u00f4mage \u00e9conomique augmente pour le troisi\u00e8me trimestre d\u2019affil\u00e9e.\u00a0Le ch\u00f4mage \u00e9conomique temporaire parmi les ouvriers s\u2019\u00e9levait \u00e0 0,65 % au troisi\u00e8me trimestre de 2019. Il \u00a0d\u00e9passe ainsi d\u00e9j\u00e0 le pourcentage du T3 2018 et est m\u00eame un peu plus \u00e9lev\u00e9 qu\u2019en 2016. La Flandre pr\u00e9sente traditionnellement un pourcentage de ch\u00f4mage \u00e9conomique plus \u00e9lev\u00e9 que la Wallonie et le T3 2019 ne fait pas exception : 0,75 % contre 0,69 %. Dans la R\u00e9gion de Bruxelles-Capitale, les chiffres du ch\u00f4mage \u00e9conomique indiquent une p\u00e9nurie structurelle sur le march\u00e9 de l\u2019emploi.<!--more--><\/p>\n<p>Le ch\u00f4mage temporaire pour manque de travail, aussi abr\u00e9g\u00e9 en ch\u00f4mage \u00e9conomique (CE), s\u2019\u00e9levait \u00e0 0,65 % durant le troisi\u00e8me trimestre de 2019. Les ouvriers sont mis au ch\u00f4mage \u00e9conomique pour 0,65 % de leur nombre de jours ouvrables. Le pourcentage de ch\u00f4mage \u00e9conomique est \u00e9galement plus \u00e9lev\u00e9 pour le troisi\u00e8me trimestre que pour la m\u00eame p\u00e9riode de l\u2019an pass\u00e9, lors de laquelle Acerta constatait un taux de CE \u00e9quivalant \u00e0 0,50 %. Cette augmentation n\u2019est pas tr\u00e8s surprenante: en 2017 et 2018, le ch\u00f4mage \u00e9conomique avait en effet atteint un niveau historiquement bas, ce qui signifiait aussi qu\u2019il y avait encore peu de marge de man\u0153uvre sur le march\u00e9 de l\u2019emploi. Il existe deux mani\u00e8res d\u2019en retrouver un peu plus sur ce march\u00e9 du travail : soit une diminution de la demande d\u2019emploi, soit une augmentation de la r\u00e9serve de postes \u00e0 pourvoir. Sur la base de ces chiffres, nous revenons au niveau de ch\u00f4mage \u00e9conomique de 2016 pour les trois trimestres \u00e9coul\u00e9s.<\/p>\n<p>Amandine Boseret, juriste chez Acerta d\u00e9clare : <em>\u00ab\u2009Le ch\u00f4mage \u00e9conomique temporaire fonctionne comme un amortisseur qui absorbe les chocs de la croissance \u00e9conomique. Toutefois, le CE n\u2019est pas un airbag. Si le manque de travail devient structurel, le probl\u00e8me ne sera pas r\u00e9solu en mettant les ouvriers en inactivit\u00e9 temporaire. Dans ce cas, les entreprises proc\u00e8deront \u00e0 des licenciements, ce qui entra\u00eenera une augmentation des chiffres du ch\u00f4mage. Il importe d\u00e8s lors de continuer \u00e0 surveiller les chiffres.\u2009\u00bb<\/em><\/p>\n<p><strong><em>Une cons\u00e9quence du retard de la croissance \u00e9conomique belge<\/em><\/strong><\/p>\n<p>Une diminution de l\u2019activit\u00e9 \u00e9conomique entra\u00eene dans un premier temps une augmentation du CE et c\u2019est exactement le sc\u00e9nario qui s\u2019est d\u00e9roul\u00e9 au premier trimestre de 2019. Les deuxi\u00e8me et troisi\u00e8me trimestres de 2019 ont confirm\u00e9 l\u2019augmentation du ch\u00f4mage \u00e9conomique. Le CE au T3 reste toutefois syst\u00e9matiquement inf\u00e9rieur \u00e0 celui des trimestres pr\u00e9c\u00e9dents, il s\u2019agit d\u2019un effet saisonnier &#8211; le troisi\u00e8me trimestre comprend les mois de vacances traditionnels de juillet et ao\u00fbt &#8211; qui se r\u00e9p\u00e8te chaque ann\u00e9e.<\/p>\n<p>Amandine Boseret explique : <em>\u00ab\u2009Le ch\u00f4mage \u00e9conomique en tant que syst\u00e8me compense les tensions dues aux fluctuations \u00e9conomiques. Ce syst\u00e8me \u00e9vite aux employeurs de devoir engager ou licencier des collaborateurs au rythme de l\u2019\u00e9conomie. Un pourcentage \u201csain\u201d de ch\u00f4mage \u00e9conomique constitue un filet de s\u00e9curit\u00e9 au niveau des heures de travail, une marge au cas o\u00f9 l\u2019\u00e9conomie reprend. Cependant, cette reprise \u00e9conomique ne se produit pas. Pour les trimestres pr\u00e9c\u00e9dents, la Banque Nationale a d\u00e9j\u00e0 annonc\u00e9 des chiffres de croissance limit\u00e9s et elle a \u00e9galement fait \u00e9tat d\u2019une croissance tr\u00e8s limit\u00e9e pour le troisi\u00e8me trimestre : le PIB n\u2019augmenterait que de 0,2 % sur une base trimestrielle. Un filet de s\u00e9curit\u00e9 d\u2019accord, mais un CE syst\u00e9matiquement en hausse peut \u00eatre une mauvaise nouvelle. Aujourd\u2019hui, la sonnette d\u2019alarme du ch\u00f4mage \u00e9conomique est tir\u00e9e et il faut y \u00eatre attentif.\u2009\u00bb<\/em><\/p>\n<p><strong><em>\u00c9quilibre d\u00e9licat entre CE, lieux de travail et croissance \u00e9conomique<\/em><\/strong><\/p>\n<p>L\u2019augmentation des pourcentages de ch\u00f4mage \u00e9conomique doit toutefois \u00eatre quelque peu relativis\u00e9e. Tout d\u2019abord, 0,65 % correspond \u00e0 un pourcentage relativement moyen. De plus, il est essentiel de comparer les chiffres du CE \u00e0 ceux de l\u2019emploi. Certains secteurs ou certaines entreprises constatent donc peut-\u00eatre une diminution de la demande d\u2019emploi tandis que d\u2019autres voient des opportunit\u00e9s et d\u00e9cident d\u2019engager du personnel suppl\u00e9mentaire.<\/p>\n<p><em>\u00ab\u00a0En cas de pourcentage de CE trop bas, les employeurs h\u00e9sitent \u00e0 accepter plus de missions, car ils n\u2019ont pas (la certitude d\u2019avoir) les bonnes personnes pour effectuer le travail. N\u00e9anmoins, un nombre suffisant de missions suppl\u00e9mentaires convaincra plut\u00f4t les employeurs \u00e0 engager du personnel suppl\u00e9mentaire, chose qu\u2019ils feront plus rapidement si le pourcentage de CE est d\u00e9j\u00e0 faible. En agissant pr\u00e9cis\u00e9ment de la sorte, ils feront \u00e0 nouveau augmenter la marge de CE. Tout \u00e9volue ainsi selon une dynamique interconnect\u00e9e. Le CE, les lieux de travail et l\u2019\u00e9conomie partagent un \u00e9quilibre d\u00e9licat. Il est surtout important de garder un \u0153il sur les relations mutuelles.\u00a0\u00bb<\/em><\/p>\n<p><strong><em>\u00c0 Bruxelles, le march\u00e9 de l\u2019emploi est \u00e0 bout de souffle : 0,04 % de CE<\/em><\/strong><\/p>\n<p>Dans la R\u00e9gion de Bruxelles-Capitale, les chiffres du ch\u00f4mage \u00e9conomique continuent \u00e0 indiquer une p\u00e9nurie structurelle sur le march\u00e9 de l\u2019emploi. Un chiffre de 0,04 % de CE pour le troisi\u00e8me trimestre de 2019, soit un pourcentage encore plus faible, voire insignifiant.<\/p>\n<p>Amandine Boseret ajoute : <em>\u00ab\u2009Dans la R\u00e9gion de Bruxelles-Capitale, une grande part de l\u2019emploi correspond \u00e0 du travail de support, surtout pour les entreprises des services. Il s\u2019agit d\u2019un travail qui est de toute fa\u00e7on toujours n\u00e9cessaire et n\u2019est pas sujet \u00e0 une diminution de la demande de production par exemple. De plus, le secteur des services se porte toujours bien du point de vue \u00e9conomique. Un pourcentage de CE si bas que celui que nous constatons \u00e0 nouveau \u00e0 Bruxelles pour le troisi\u00e8me trimestre t\u00e9moigne surtout d\u2019une trop forte tension sur le march\u00e9 de l\u2019emploi.\u2009\u00bb<\/em><\/p>\n<p>La Flandre pr\u00e9sente traditionnellement un pourcentage de ch\u00f4mage \u00e9conomique plus \u00e9lev\u00e9 que la Wallonie et le T3 2019 ne fait pas exception : 0,75 % contre 0,69 %.<\/p>\n<p>Nous devons surtout retenir qu\u2019en g\u00e9n\u00e9ral, le ch\u00f4mage \u00e9conomique au troisi\u00e8me trimestre de 2019 augmente par rapport \u00e0 la m\u00eame p\u00e9riode de 2018, un ph\u00e9nom\u00e8ne d\u00e9j\u00e0 observ\u00e9 pour les trimestres pr\u00e9c\u00e9dents. La tendance de la premi\u00e8re moiti\u00e9 de l\u2019ann\u00e9e 2019 se confirme.<\/p>\n<p><em>Source: Acerta &#8211; Les donn\u00e9es recueillies sont bas\u00e9es sur les donn\u00e9es r\u00e9elles d\u2019ouvriers en service aupr\u00e8s de 32\u2009000 employeurs issus du secteur priv\u00e9, auquel appartiennent aussi bien des PME que des grandes entreprises.<\/em><\/p>\n","protected":false},"excerpt":{"rendered":"<p>Le ch\u00f4mage \u00e9conomique augmente pour le troisi\u00e8me trimestre d\u2019affil\u00e9e.\u00a0Le ch\u00f4mage \u00e9conomique temporaire parmi les ouvriers s\u2019\u00e9levait \u00e0 0,65 % au troisi\u00e8me trimestre de 2019. Il \u00a0d\u00e9passe ainsi d\u00e9j\u00e0 le pourcentage du T3 2018 et est m\u00eame un peu plus \u00e9lev\u00e9 [&hellip;]<\/p>\n","protected":false},"author":2,"featured_media":0,"comment_status":"closed","ping_status":"open","sticky":false,"template":"","format":"standard","meta":[],"categories":[65,10],"tags":[271,502,702,264,487],"yoast_head":"<!-- This site is optimized with the Yoast SEO plugin v21.0 - https:\/\/yoast.com\/wordpress\/plugins\/seo\/ -->\n<title>L&#039;augmentation du ch\u00f4mage \u00e9conomique se confirme et semble indiquer que notre march\u00e9 de l&#039;emploi est \u00e0 bout de souffle. - Peoplesphere<\/title>\n<meta name=\"robots\" content=\"index, follow, max-snippet:-1, max-image-preview:large, max-video-preview:-1\" \/>\n<link rel=\"canonical\" href=\"https:\/\/peoplesphere.be\/fr\/laugmentation-chomage-economique-se-confirme-semble-indiquer-marche-de-lemploi-a-bout-de-souffle\/\" \/>\n<meta property=\"og:locale\" content=\"fr_FR\" \/>\n<meta property=\"og:type\" content=\"article\" \/>\n<meta property=\"og:title\" content=\"L&#039;augmentation du ch\u00f4mage \u00e9conomique se confirme et semble indiquer que notre march\u00e9 de l&#039;emploi est \u00e0 bout de souffle. - Peoplesphere\" \/>\n<meta property=\"og:description\" content=\"Le ch\u00f4mage \u00e9conomique augmente pour le troisi\u00e8me trimestre d\u2019affil\u00e9e.\u00a0Le ch\u00f4mage \u00e9conomique temporaire parmi les ouvriers s\u2019\u00e9levait \u00e0 0,65 % au troisi\u00e8me trimestre de 2019. Il \u00a0d\u00e9passe ainsi d\u00e9j\u00e0 le pourcentage du T3 2018 et est m\u00eame un peu plus \u00e9lev\u00e9 [&hellip;]\" \/>\n<meta property=\"og:url\" content=\"https:\/\/peoplesphere.be\/fr\/laugmentation-chomage-economique-se-confirme-semble-indiquer-marche-de-lemploi-a-bout-de-souffle\/\" \/>\n<meta property=\"og:site_name\" content=\"Peoplesphere\" \/>\n<meta property=\"article:publisher\" content=\"https:\/\/www.facebook.com\/peoplesphere\" \/>\n<meta property=\"article:published_time\" content=\"2019-10-22T13:52:10+00:00\" \/>\n<meta property=\"og:image\" content=\"http:\/\/www.peoplesphere.be\/fr\/wp-content\/uploads\/2016\/07\/facebook-default-posting-1200x628px.jpg\" \/>\n<meta name=\"author\" content=\"Jean-Paul Erhard\" \/>\n<meta name=\"twitter:card\" content=\"summary_large_image\" \/>\n<meta name=\"twitter:creator\" content=\"@PeoplesphereMag\" \/>\n<meta name=\"twitter:site\" content=\"@PeoplesphereMag\" \/>\n<meta name=\"twitter:label1\" content=\"\u00c9crit par\" \/>\n\t<meta name=\"twitter:data1\" content=\"Jean-Paul Erhard\" \/>\n\t<meta name=\"twitter:label2\" content=\"Dur\u00e9e de lecture estim\u00e9e\" \/>\n\t<meta name=\"twitter:data2\" content=\"5 minutes\" \/>\n<script type=\"application\/ld+json\" class=\"yoast-schema-graph\">{\"@context\":\"https:\/\/schema.org\",\"@graph\":[{\"@type\":\"Article\",\"@id\":\"https:\/\/peoplesphere.be\/fr\/laugmentation-chomage-economique-se-confirme-semble-indiquer-marche-de-lemploi-a-bout-de-souffle\/#article\",\"isPartOf\":{\"@id\":\"https:\/\/peoplesphere.be\/fr\/laugmentation-chomage-economique-se-confirme-semble-indiquer-marche-de-lemploi-a-bout-de-souffle\/\"},\"author\":{\"name\":\"Jean-Paul Erhard\",\"@id\":\"https:\/\/peoplesphere.be\/fr\/#\/schema\/person\/7976225ff17988604334abb7b3536a7e\"},\"headline\":\"L&rsquo;augmentation du ch\u00f4mage \u00e9conomique se confirme et semble indiquer que notre march\u00e9 de l&#8217;emploi est \u00e0 bout de souffle.\",\"datePublished\":\"2019-10-22T13:52:10+00:00\",\"dateModified\":\"2019-10-22T13:52:10+00:00\",\"mainEntityOfPage\":{\"@id\":\"https:\/\/peoplesphere.be\/fr\/laugmentation-chomage-economique-se-confirme-semble-indiquer-marche-de-lemploi-a-bout-de-souffle\/\"},\"wordCount\":1104,\"publisher\":{\"@id\":\"https:\/\/peoplesphere.be\/fr\/#organization\"},\"keywords\":[\"acerta\",\"ch\u00f4mage \u00e9conomique\",\"march\u00e9 de l'emploi\",\"p\u00e9nuries\",\"reprise \u00e9conomique\"],\"articleSection\":[\"Actualit\u00e9s\",\"Digital\"],\"inLanguage\":\"fr-FR\"},{\"@type\":\"WebPage\",\"@id\":\"https:\/\/peoplesphere.be\/fr\/laugmentation-chomage-economique-se-confirme-semble-indiquer-marche-de-lemploi-a-bout-de-souffle\/\",\"url\":\"https:\/\/peoplesphere.be\/fr\/laugmentation-chomage-economique-se-confirme-semble-indiquer-marche-de-lemploi-a-bout-de-souffle\/\",\"name\":\"L'augmentation du ch\u00f4mage \u00e9conomique se confirme et semble indiquer que notre march\u00e9 de l'emploi est \u00e0 bout de souffle. - Peoplesphere\",\"isPartOf\":{\"@id\":\"https:\/\/peoplesphere.be\/fr\/#website\"},\"datePublished\":\"2019-10-22T13:52:10+00:00\",\"dateModified\":\"2019-10-22T13:52:10+00:00\",\"breadcrumb\":{\"@id\":\"https:\/\/peoplesphere.be\/fr\/laugmentation-chomage-economique-se-confirme-semble-indiquer-marche-de-lemploi-a-bout-de-souffle\/#breadcrumb\"},\"inLanguage\":\"fr-FR\",\"potentialAction\":[{\"@type\":\"ReadAction\",\"target\":[\"https:\/\/peoplesphere.be\/fr\/laugmentation-chomage-economique-se-confirme-semble-indiquer-marche-de-lemploi-a-bout-de-souffle\/\"]}]},{\"@type\":\"BreadcrumbList\",\"@id\":\"https:\/\/peoplesphere.be\/fr\/laugmentation-chomage-economique-se-confirme-semble-indiquer-marche-de-lemploi-a-bout-de-souffle\/#breadcrumb\",\"itemListElement\":[{\"@type\":\"ListItem\",\"position\":1,\"name\":\"Accueil\",\"item\":\"https:\/\/peoplesphere.be\/fr\/\"},{\"@type\":\"ListItem\",\"position\":2,\"name\":\"L&rsquo;augmentation du ch\u00f4mage \u00e9conomique se confirme et semble indiquer que notre march\u00e9 de l&#8217;emploi est \u00e0 bout de souffle.\"}]},{\"@type\":\"WebSite\",\"@id\":\"https:\/\/peoplesphere.be\/fr\/#website\",\"url\":\"https:\/\/peoplesphere.be\/fr\/\",\"name\":\"Peoplesphere\",\"description\":\"The People Managers Magazine\",\"publisher\":{\"@id\":\"https:\/\/peoplesphere.be\/fr\/#organization\"},\"potentialAction\":[{\"@type\":\"SearchAction\",\"target\":{\"@type\":\"EntryPoint\",\"urlTemplate\":\"https:\/\/peoplesphere.be\/fr\/?s={search_term_string}\"},\"query-input\":\"required name=search_term_string\"}],\"inLanguage\":\"fr-FR\"},{\"@type\":\"Organization\",\"@id\":\"https:\/\/peoplesphere.be\/fr\/#organization\",\"name\":\"Peoplesphere Company srl\",\"url\":\"https:\/\/peoplesphere.be\/fr\/\",\"logo\":{\"@type\":\"ImageObject\",\"inLanguage\":\"fr-FR\",\"@id\":\"https:\/\/peoplesphere.be\/fr\/#\/schema\/logo\/image\/\",\"url\":\"https:\/\/peoplesphere.be\/fr\/wp-content\/uploads\/2023\/07\/peoplesphere-lgo-new-generik.jpg\",\"contentUrl\":\"https:\/\/peoplesphere.be\/fr\/wp-content\/uploads\/2023\/07\/peoplesphere-lgo-new-generik.jpg\",\"width\":1031,\"height\":1479,\"caption\":\"Peoplesphere Company srl\"},\"image\":{\"@id\":\"https:\/\/peoplesphere.be\/fr\/#\/schema\/logo\/image\/\"},\"sameAs\":[\"https:\/\/www.facebook.com\/peoplesphere\",\"https:\/\/twitter.com\/PeoplesphereMag\",\"https:\/\/www.linkedin.com\/company\/7587361?trk\",\"http:\/\/youtube.com\/peoplesphere\"]},{\"@type\":\"Person\",\"@id\":\"https:\/\/peoplesphere.be\/fr\/#\/schema\/person\/7976225ff17988604334abb7b3536a7e\",\"name\":\"Jean-Paul Erhard\",\"image\":{\"@type\":\"ImageObject\",\"inLanguage\":\"fr-FR\",\"@id\":\"https:\/\/peoplesphere.be\/fr\/#\/schema\/person\/image\/\",\"url\":\"https:\/\/secure.gravatar.com\/avatar\/f941e681460179738071629a51574930?s=96&d=mm&r=g\",\"contentUrl\":\"https:\/\/secure.gravatar.com\/avatar\/f941e681460179738071629a51574930?s=96&d=mm&r=g\",\"caption\":\"Jean-Paul Erhard\"},\"url\":\"https:\/\/peoplesphere.be\/fr\/author\/jpe\/\"}]}<\/script>\n<!-- \/ Yoast SEO plugin. -->","yoast_head_json":{"title":"L'augmentation du ch\u00f4mage \u00e9conomique se confirme et semble indiquer que notre march\u00e9 de l'emploi est \u00e0 bout de souffle. - Peoplesphere","robots":{"index":"index","follow":"follow","max-snippet":"max-snippet:-1","max-image-preview":"max-image-preview:large","max-video-preview":"max-video-preview:-1"},"canonical":"https:\/\/peoplesphere.be\/fr\/laugmentation-chomage-economique-se-confirme-semble-indiquer-marche-de-lemploi-a-bout-de-souffle\/","og_locale":"fr_FR","og_type":"article","og_title":"L'augmentation du ch\u00f4mage \u00e9conomique se confirme et semble indiquer que notre march\u00e9 de l'emploi est \u00e0 bout de souffle. - Peoplesphere","og_description":"Le ch\u00f4mage \u00e9conomique augmente pour le troisi\u00e8me trimestre d\u2019affil\u00e9e.\u00a0Le ch\u00f4mage \u00e9conomique temporaire parmi les ouvriers s\u2019\u00e9levait \u00e0 0,65 % au troisi\u00e8me trimestre de 2019. Il \u00a0d\u00e9passe ainsi d\u00e9j\u00e0 le pourcentage du T3 2018 et est m\u00eame un peu plus \u00e9lev\u00e9 [&hellip;]","og_url":"https:\/\/peoplesphere.be\/fr\/laugmentation-chomage-economique-se-confirme-semble-indiquer-marche-de-lemploi-a-bout-de-souffle\/","og_site_name":"Peoplesphere","article_publisher":"https:\/\/www.facebook.com\/peoplesphere","article_published_time":"2019-10-22T13:52:10+00:00","og_image":[{"url":"http:\/\/www.peoplesphere.be\/fr\/wp-content\/uploads\/2016\/07\/facebook-default-posting-1200x628px.jpg"}],"author":"Jean-Paul Erhard","twitter_card":"summary_large_image","twitter_creator":"@PeoplesphereMag","twitter_site":"@PeoplesphereMag","twitter_misc":{"\u00c9crit par":"Jean-Paul Erhard","Dur\u00e9e de lecture estim\u00e9e":"5 minutes"},"schema":{"@context":"https:\/\/schema.org","@graph":[{"@type":"Article","@id":"https:\/\/peoplesphere.be\/fr\/laugmentation-chomage-economique-se-confirme-semble-indiquer-marche-de-lemploi-a-bout-de-souffle\/#article","isPartOf":{"@id":"https:\/\/peoplesphere.be\/fr\/laugmentation-chomage-economique-se-confirme-semble-indiquer-marche-de-lemploi-a-bout-de-souffle\/"},"author":{"name":"Jean-Paul Erhard","@id":"https:\/\/peoplesphere.be\/fr\/#\/schema\/person\/7976225ff17988604334abb7b3536a7e"},"headline":"L&rsquo;augmentation du ch\u00f4mage \u00e9conomique se confirme et semble indiquer que notre march\u00e9 de l&#8217;emploi est \u00e0 bout de souffle.","datePublished":"2019-10-22T13:52:10+00:00","dateModified":"2019-10-22T13:52:10+00:00","mainEntityOfPage":{"@id":"https:\/\/peoplesphere.be\/fr\/laugmentation-chomage-economique-se-confirme-semble-indiquer-marche-de-lemploi-a-bout-de-souffle\/"},"wordCount":1104,"publisher":{"@id":"https:\/\/peoplesphere.be\/fr\/#organization"},"keywords":["acerta","ch\u00f4mage \u00e9conomique","march\u00e9 de l'emploi","p\u00e9nuries","reprise \u00e9conomique"],"articleSection":["Actualit\u00e9s","Digital"],"inLanguage":"fr-FR"},{"@type":"WebPage","@id":"https:\/\/peoplesphere.be\/fr\/laugmentation-chomage-economique-se-confirme-semble-indiquer-marche-de-lemploi-a-bout-de-souffle\/","url":"https:\/\/peoplesphere.be\/fr\/laugmentation-chomage-economique-se-confirme-semble-indiquer-marche-de-lemploi-a-bout-de-souffle\/","name":"L'augmentation du ch\u00f4mage \u00e9conomique se confirme et semble indiquer que notre march\u00e9 de l'emploi est \u00e0 bout de souffle. - Peoplesphere","isPartOf":{"@id":"https:\/\/peoplesphere.be\/fr\/#website"},"datePublished":"2019-10-22T13:52:10+00:00","dateModified":"2019-10-22T13:52:10+00:00","breadcrumb":{"@id":"https:\/\/peoplesphere.be\/fr\/laugmentation-chomage-economique-se-confirme-semble-indiquer-marche-de-lemploi-a-bout-de-souffle\/#breadcrumb"},"inLanguage":"fr-FR","potentialAction":[{"@type":"ReadAction","target":["https:\/\/peoplesphere.be\/fr\/laugmentation-chomage-economique-se-confirme-semble-indiquer-marche-de-lemploi-a-bout-de-souffle\/"]}]},{"@type":"BreadcrumbList","@id":"https:\/\/peoplesphere.be\/fr\/laugmentation-chomage-economique-se-confirme-semble-indiquer-marche-de-lemploi-a-bout-de-souffle\/#breadcrumb","itemListElement":[{"@type":"ListItem","position":1,"name":"Accueil","item":"https:\/\/peoplesphere.be\/fr\/"},{"@type":"ListItem","position":2,"name":"L&rsquo;augmentation du ch\u00f4mage \u00e9conomique se confirme et semble indiquer que notre march\u00e9 de l&#8217;emploi est \u00e0 bout de souffle."}]},{"@type":"WebSite","@id":"https:\/\/peoplesphere.be\/fr\/#website","url":"https:\/\/peoplesphere.be\/fr\/","name":"Peoplesphere","description":"The People Managers Magazine","publisher":{"@id":"https:\/\/peoplesphere.be\/fr\/#organization"},"potentialAction":[{"@type":"SearchAction","target":{"@type":"EntryPoint","urlTemplate":"https:\/\/peoplesphere.be\/fr\/?s={search_term_string}"},"query-input":"required name=search_term_string"}],"inLanguage":"fr-FR"},{"@type":"Organization","@id":"https:\/\/peoplesphere.be\/fr\/#organization","name":"Peoplesphere Company srl","url":"https:\/\/peoplesphere.be\/fr\/","logo":{"@type":"ImageObject","inLanguage":"fr-FR","@id":"https:\/\/peoplesphere.be\/fr\/#\/schema\/logo\/image\/","url":"https:\/\/peoplesphere.be\/fr\/wp-content\/uploads\/2023\/07\/peoplesphere-lgo-new-generik.jpg","contentUrl":"https:\/\/peoplesphere.be\/fr\/wp-content\/uploads\/2023\/07\/peoplesphere-lgo-new-generik.jpg","width":1031,"height":1479,"caption":"Peoplesphere Company srl"},"image":{"@id":"https:\/\/peoplesphere.be\/fr\/#\/schema\/logo\/image\/"},"sameAs":["https:\/\/www.facebook.com\/peoplesphere","https:\/\/twitter.com\/PeoplesphereMag","https:\/\/www.linkedin.com\/company\/7587361?trk","http:\/\/youtube.com\/peoplesphere"]},{"@type":"Person","@id":"https:\/\/peoplesphere.be\/fr\/#\/schema\/person\/7976225ff17988604334abb7b3536a7e","name":"Jean-Paul Erhard","image":{"@type":"ImageObject","inLanguage":"fr-FR","@id":"https:\/\/peoplesphere.be\/fr\/#\/schema\/person\/image\/","url":"https:\/\/secure.gravatar.com\/avatar\/f941e681460179738071629a51574930?s=96&d=mm&r=g","contentUrl":"https:\/\/secure.gravatar.com\/avatar\/f941e681460179738071629a51574930?s=96&d=mm&r=g","caption":"Jean-Paul Erhard"},"url":"https:\/\/peoplesphere.be\/fr\/author\/jpe\/"}]}},"_links":{"self":[{"href":"https:\/\/peoplesphere.be\/fr\/wp-json\/wp\/v2\/posts\/8455"}],"collection":[{"href":"https:\/\/peoplesphere.be\/fr\/wp-json\/wp\/v2\/posts"}],"about":[{"href":"https:\/\/peoplesphere.be\/fr\/wp-json\/wp\/v2\/types\/post"}],"author":[{"embeddable":true,"href":"https:\/\/peoplesphere.be\/fr\/wp-json\/wp\/v2\/users\/2"}],"replies":[{"embeddable":true,"href":"https:\/\/peoplesphere.be\/fr\/wp-json\/wp\/v2\/comments?post=8455"}],"version-history":[{"count":1,"href":"https:\/\/peoplesphere.be\/fr\/wp-json\/wp\/v2\/posts\/8455\/revisions"}],"predecessor-version":[{"id":8456,"href":"https:\/\/peoplesphere.be\/fr\/wp-json\/wp\/v2\/posts\/8455\/revisions\/8456"}],"wp:attachment":[{"href":"https:\/\/peoplesphere.be\/fr\/wp-json\/wp\/v2\/media?parent=8455"}],"wp:term":[{"taxonomy":"category","embeddable":true,"href":"https:\/\/peoplesphere.be\/fr\/wp-json\/wp\/v2\/categories?post=8455"},{"taxonomy":"post_tag","embeddable":true,"href":"https:\/\/peoplesphere.be\/fr\/wp-json\/wp\/v2\/tags?post=8455"}],"curies":[{"name":"wp","href":"https:\/\/api.w.org\/{rel}","templated":true}]}}