









{"id":8482,"date":"2019-10-24T14:50:13","date_gmt":"2019-10-24T12:50:13","guid":{"rendered":"https:\/\/peoplesphere.be\/fr\/?p=8482"},"modified":"2019-10-24T14:50:13","modified_gmt":"2019-10-24T12:50:13","slug":"400-emplois-vacants-autour-de-brussels-airport-raison-suffisante-organiser-salon-de-lemploi-25-novembre-prochain","status":"publish","type":"post","link":"https:\/\/peoplesphere.be\/fr\/400-emplois-vacants-autour-de-brussels-airport-raison-suffisante-organiser-salon-de-lemploi-25-novembre-prochain\/","title":{"rendered":"400 emplois vacants autour de Brussels Airport, une raison suffisante pour organiser un salon de l&#8217;emploi le 25 novembre prochain."},"content":{"rendered":"<p>Avec pr\u00e8s de 24 000 travailleurs, 317 entreprises, 18 secteurs et une moyenne de 400 postes vacants, Brussels Airport est un solide moteur de l\u2019\u00e9conomie belge. Le nombre de postes vacants et d\u2019entreprises pr\u00e9sentes sont en augmentation. D\u00e8s lors, l\u2019activit\u00e9 \u00e9conomique suit \u00e9galement cette tendance. Ce march\u00e9 de l\u2019emploi unique offre aux demandeurs d\u2019emploi de tout le pays des opportunit\u00e9s d\u2019emploi suppl\u00e9mentaires.<!--more--><\/p>\n<p>Selon une \u00e9tude de HIVA KU Leuven men\u00e9e cette ann\u00e9e, Brussels Airport offre davantage d\u2019emplois \u00e0 temps plein, les travailleurs y sont actifs plus longtemps et le site est celui qui compte le plus d\u2019employ\u00e9s dans le pays.<\/p>\n<p>Aviato, le centre de l&#8217;emploi de Brussels Airport, a f\u00eat\u00e9 son premier anniversaire et a d\u00e9cid\u00e9 d\u2019organiser \u00e0 cette occasion le plus grand salon d\u00e9di\u00e9 aux emplois a\u00e9roportuaires.<br \/>\nEn moyenne, 400 emplois sont vacants au sein de notre a\u00e9roport national, l\u2019un des plus grands p\u00f4les \u00e9conomiques du pays. Les demandeurs d\u2019emploi, \u00e9tudiants, talents, ainsi que toutes les personnes \u00e0 la recherche d\u2019un nouveau d\u00e9fi sont bienvenus le 25 novembre 2019, de 13h \u00e0 18h \u00e0 la Kruitfabriek, Steenkaai 44D \u00e0 Vilvoorde. Les participants y feront connaissance avec des employeurs de Brussels Airport et pourront \u00e9galement participer \u00e0 des ateliers interactifs et des speeddates. La participation est gratuite. De plus amples informations sont disponibles sur aviato.be\/salondelemploi<\/p>\n<p><strong><em>Les profils les plus recherch\u00e9s \u00e0 Brussels Airport<\/em><\/strong><\/p>\n<p><em>\u00ab\u00a0En ce qui concerne les profils, notre a\u00e9roport national recherche non seulement du personnel de bord, mais aussi des personnes d\u00e9sireuses de travailler dans les secteurs de l\u2019horeca, de la s\u00e9curit\u00e9, de la vente, de la logistique, de la technique a\u00e9roportuaire, etc. Durant ce salon de l\u2019emploi, nous esp\u00e9rons que de nombreux demandeurs d\u2019emploi trouveront chaussure \u00e0 leur pied avec nos postes vacants \u00e0 et autour de Brussels Airport\u00a0\u00bb<\/em>, explique Simon De Maeseneer, General Manager d\u2019Aviato.<\/p>\n<p>Durant ce salon, les postes vacants de BRUcargo seront particuli\u00e8rement mis \u00e0 l\u2019honneur. Avec ses plus de 5000 travailleurs, l\u2019a\u00e9roport de fret de Brussels Airport continue de se d\u00e9velopper. Geert Keirens, directeur de l\u2019organisation de coordination d\u2019Air Cargo Belgium, explique cette croissance : <em>\u00ab\u00a0L\u2019accent plac\u00e9 sur les produits pharmaceutiques, le commerce \u00e9lectronique, les animaux vivants et les denr\u00e9es p\u00e9rissables ainsi que la num\u00e9risation de nos compagnies et de nos processus nous am\u00e8nent \u00e0 rechercher beaucoup de nouveaux collaborateurs pouvant participer au succ\u00e8s futur de nos compagnies a\u00e9riennes de fret. La palette d\u2019emplois propos\u00e9e au sein de BRUcargo est donc tr\u00e8s diversifi\u00e9e : vous pouvez y travailler en tant que prestataire logistique, agent de manutention, agent douanier, transporteur, etc.\u00a0\u00bb.<\/em><\/p>\n<p><strong><em>Une formule interactive et novatrice<\/em><\/strong><\/p>\n<p>La superficie du salon de l\u2019emploi d\u2019Aviato a \u00e9t\u00e9 \u00e9tendue. Son concept est d\u00e9sormais plus tendance et interactif et ce, pour r\u00e9pondre \u00e0 la demande croissante en talents \u00e0 Brussels Airport et pour offrir aux entreprises une plate-forme sur laquelle elles pourront entrer en contact avec les talents. Lors de ce salon de l&#8217;emploi, les demandeurs d\u2019emploi plongeront dans l\u2019ambiance unique de Brussels Airport et feront connaissance avec les profils les plus recherch\u00e9s par les employeurs. Les visiteurs auront \u00e9galement l\u2019occasion de participer \u00e0 divers ateliers sur la mani\u00e8re de postuler en ligne, sur les comp\u00e9tences non techniques, sur l\u2019am\u00e9lioration num\u00e9rique de leur CV, etc. De plus, des speeddates leur permettront peut-\u00eatre de d\u00e9crocher un nouvel emploi.<\/p>\n<p>Pour cette initiative, Aviato peut compter sur le soutien de ses partenaires VDAB, Actiris, la Province du Brabant flamand, BECI, VOKA, SFTL et Brussels Airport Company ainsi que sur d\u2019autres acteurs du secteur comme Brussels Formation, le Forem, SFAL, Air Cargo Belgium et Toekomstforum Halle-Vilvoorde.<\/p>\n","protected":false},"excerpt":{"rendered":"<p>Avec pr\u00e8s de 24 000 travailleurs, 317 entreprises, 18 secteurs et une moyenne de 400 postes vacants, Brussels Airport est un solide moteur de l\u2019\u00e9conomie belge. Le nombre de postes vacants et d\u2019entreprises pr\u00e9sentes sont en augmentation. D\u00e8s lors, l\u2019activit\u00e9 [&hellip;]<\/p>\n","protected":false},"author":2,"featured_media":8483,"comment_status":"closed","ping_status":"open","sticky":false,"template":"","format":"standard","meta":[],"categories":[65,10],"tags":[226,2757,2170,11,2756,72,1287],"yoast_head":"<!-- This site is optimized with the Yoast SEO plugin v21.0 - https:\/\/yoast.com\/wordpress\/plugins\/seo\/ -->\n<title>400 emplois vacants autour de Brussels Airport, une raison suffisante pour organiser un salon de l&#039;emploi le 25 novembre prochain. - Peoplesphere<\/title>\n<meta name=\"robots\" content=\"index, follow, max-snippet:-1, max-image-preview:large, max-video-preview:-1\" \/>\n<link rel=\"canonical\" href=\"https:\/\/peoplesphere.be\/fr\/400-emplois-vacants-autour-de-brussels-airport-raison-suffisante-organiser-salon-de-lemploi-25-novembre-prochain\/\" \/>\n<meta property=\"og:locale\" content=\"fr_FR\" \/>\n<meta property=\"og:type\" content=\"article\" \/>\n<meta property=\"og:title\" content=\"400 emplois vacants autour de Brussels Airport, une raison suffisante pour organiser un salon de l&#039;emploi le 25 novembre prochain. - Peoplesphere\" \/>\n<meta property=\"og:description\" content=\"Avec pr\u00e8s de 24 000 travailleurs, 317 entreprises, 18 secteurs et une moyenne de 400 postes vacants, Brussels Airport est un solide moteur de l\u2019\u00e9conomie belge. Le nombre de postes vacants et d\u2019entreprises pr\u00e9sentes sont en augmentation. D\u00e8s lors, l\u2019activit\u00e9 [&hellip;]\" \/>\n<meta property=\"og:url\" content=\"https:\/\/peoplesphere.be\/fr\/400-emplois-vacants-autour-de-brussels-airport-raison-suffisante-organiser-salon-de-lemploi-25-novembre-prochain\/\" \/>\n<meta property=\"og:site_name\" content=\"Peoplesphere\" \/>\n<meta property=\"article:publisher\" content=\"https:\/\/www.facebook.com\/peoplesphere\" \/>\n<meta property=\"article:published_time\" content=\"2019-10-24T12:50:13+00:00\" \/>\n<meta property=\"og:image\" content=\"https:\/\/peoplesphere.be\/fr\/wp-content\/uploads\/2019\/10\/d008d5c7-0e68-4e74-8858-1b73d0548a0c.jpg\" \/>\n\t<meta property=\"og:image:width\" content=\"1200\" \/>\n\t<meta property=\"og:image:height\" content=\"553\" \/>\n\t<meta property=\"og:image:type\" content=\"image\/jpeg\" \/>\n<meta name=\"author\" content=\"Jean-Paul Erhard\" \/>\n<meta name=\"twitter:card\" content=\"summary_large_image\" \/>\n<meta name=\"twitter:creator\" content=\"@PeoplesphereMag\" \/>\n<meta name=\"twitter:site\" content=\"@PeoplesphereMag\" \/>\n<meta name=\"twitter:label1\" content=\"\u00c9crit par\" \/>\n\t<meta name=\"twitter:data1\" content=\"Jean-Paul Erhard\" \/>\n\t<meta name=\"twitter:label2\" content=\"Dur\u00e9e de lecture estim\u00e9e\" \/>\n\t<meta name=\"twitter:data2\" content=\"3 minutes\" \/>\n<script type=\"application\/ld+json\" class=\"yoast-schema-graph\">{\"@context\":\"https:\/\/schema.org\",\"@graph\":[{\"@type\":\"Article\",\"@id\":\"https:\/\/peoplesphere.be\/fr\/400-emplois-vacants-autour-de-brussels-airport-raison-suffisante-organiser-salon-de-lemploi-25-novembre-prochain\/#article\",\"isPartOf\":{\"@id\":\"https:\/\/peoplesphere.be\/fr\/400-emplois-vacants-autour-de-brussels-airport-raison-suffisante-organiser-salon-de-lemploi-25-novembre-prochain\/\"},\"author\":{\"name\":\"Jean-Paul Erhard\",\"@id\":\"https:\/\/peoplesphere.be\/fr\/#\/schema\/person\/7976225ff17988604334abb7b3536a7e\"},\"headline\":\"400 emplois vacants autour de Brussels Airport, une raison suffisante pour organiser un salon de l&#8217;emploi le 25 novembre prochain.\",\"datePublished\":\"2019-10-24T12:50:13+00:00\",\"dateModified\":\"2019-10-24T12:50:13+00:00\",\"mainEntityOfPage\":{\"@id\":\"https:\/\/peoplesphere.be\/fr\/400-emplois-vacants-autour-de-brussels-airport-raison-suffisante-organiser-salon-de-lemploi-25-novembre-prochain\/\"},\"wordCount\":649,\"publisher\":{\"@id\":\"https:\/\/peoplesphere.be\/fr\/#organization\"},\"keywords\":[\"actiris\",\"Avait\",\"Brussels Airport\",\"emploi\",\"jobs fair\",\"recrutement\",\"vdab\"],\"articleSection\":[\"Actualit\u00e9s\",\"Digital\"],\"inLanguage\":\"fr-FR\"},{\"@type\":\"WebPage\",\"@id\":\"https:\/\/peoplesphere.be\/fr\/400-emplois-vacants-autour-de-brussels-airport-raison-suffisante-organiser-salon-de-lemploi-25-novembre-prochain\/\",\"url\":\"https:\/\/peoplesphere.be\/fr\/400-emplois-vacants-autour-de-brussels-airport-raison-suffisante-organiser-salon-de-lemploi-25-novembre-prochain\/\",\"name\":\"400 emplois vacants autour de Brussels Airport, une raison suffisante pour organiser un salon de l'emploi le 25 novembre prochain. - Peoplesphere\",\"isPartOf\":{\"@id\":\"https:\/\/peoplesphere.be\/fr\/#website\"},\"datePublished\":\"2019-10-24T12:50:13+00:00\",\"dateModified\":\"2019-10-24T12:50:13+00:00\",\"breadcrumb\":{\"@id\":\"https:\/\/peoplesphere.be\/fr\/400-emplois-vacants-autour-de-brussels-airport-raison-suffisante-organiser-salon-de-lemploi-25-novembre-prochain\/#breadcrumb\"},\"inLanguage\":\"fr-FR\",\"potentialAction\":[{\"@type\":\"ReadAction\",\"target\":[\"https:\/\/peoplesphere.be\/fr\/400-emplois-vacants-autour-de-brussels-airport-raison-suffisante-organiser-salon-de-lemploi-25-novembre-prochain\/\"]}]},{\"@type\":\"BreadcrumbList\",\"@id\":\"https:\/\/peoplesphere.be\/fr\/400-emplois-vacants-autour-de-brussels-airport-raison-suffisante-organiser-salon-de-lemploi-25-novembre-prochain\/#breadcrumb\",\"itemListElement\":[{\"@type\":\"ListItem\",\"position\":1,\"name\":\"Accueil\",\"item\":\"https:\/\/peoplesphere.be\/fr\/\"},{\"@type\":\"ListItem\",\"position\":2,\"name\":\"400 emplois vacants autour de Brussels Airport, une raison suffisante pour organiser un salon de l&#8217;emploi le 25 novembre prochain.\"}]},{\"@type\":\"WebSite\",\"@id\":\"https:\/\/peoplesphere.be\/fr\/#website\",\"url\":\"https:\/\/peoplesphere.be\/fr\/\",\"name\":\"Peoplesphere\",\"description\":\"The People Managers Magazine\",\"publisher\":{\"@id\":\"https:\/\/peoplesphere.be\/fr\/#organization\"},\"potentialAction\":[{\"@type\":\"SearchAction\",\"target\":{\"@type\":\"EntryPoint\",\"urlTemplate\":\"https:\/\/peoplesphere.be\/fr\/?s={search_term_string}\"},\"query-input\":\"required name=search_term_string\"}],\"inLanguage\":\"fr-FR\"},{\"@type\":\"Organization\",\"@id\":\"https:\/\/peoplesphere.be\/fr\/#organization\",\"name\":\"Peoplesphere Company srl\",\"url\":\"https:\/\/peoplesphere.be\/fr\/\",\"logo\":{\"@type\":\"ImageObject\",\"inLanguage\":\"fr-FR\",\"@id\":\"https:\/\/peoplesphere.be\/fr\/#\/schema\/logo\/image\/\",\"url\":\"https:\/\/peoplesphere.be\/fr\/wp-content\/uploads\/2023\/07\/peoplesphere-lgo-new-generik.jpg\",\"contentUrl\":\"https:\/\/peoplesphere.be\/fr\/wp-content\/uploads\/2023\/07\/peoplesphere-lgo-new-generik.jpg\",\"width\":1031,\"height\":1479,\"caption\":\"Peoplesphere Company srl\"},\"image\":{\"@id\":\"https:\/\/peoplesphere.be\/fr\/#\/schema\/logo\/image\/\"},\"sameAs\":[\"https:\/\/www.facebook.com\/peoplesphere\",\"https:\/\/twitter.com\/PeoplesphereMag\",\"https:\/\/www.linkedin.com\/company\/7587361?trk\",\"http:\/\/youtube.com\/peoplesphere\"]},{\"@type\":\"Person\",\"@id\":\"https:\/\/peoplesphere.be\/fr\/#\/schema\/person\/7976225ff17988604334abb7b3536a7e\",\"name\":\"Jean-Paul Erhard\",\"image\":{\"@type\":\"ImageObject\",\"inLanguage\":\"fr-FR\",\"@id\":\"https:\/\/peoplesphere.be\/fr\/#\/schema\/person\/image\/\",\"url\":\"https:\/\/secure.gravatar.com\/avatar\/f941e681460179738071629a51574930?s=96&d=mm&r=g\",\"contentUrl\":\"https:\/\/secure.gravatar.com\/avatar\/f941e681460179738071629a51574930?s=96&d=mm&r=g\",\"caption\":\"Jean-Paul Erhard\"},\"url\":\"https:\/\/peoplesphere.be\/fr\/author\/jpe\/\"}]}<\/script>\n<!-- \/ Yoast SEO plugin. -->","yoast_head_json":{"title":"400 emplois vacants autour de Brussels Airport, une raison suffisante pour organiser un salon de l'emploi le 25 novembre prochain. - Peoplesphere","robots":{"index":"index","follow":"follow","max-snippet":"max-snippet:-1","max-image-preview":"max-image-preview:large","max-video-preview":"max-video-preview:-1"},"canonical":"https:\/\/peoplesphere.be\/fr\/400-emplois-vacants-autour-de-brussels-airport-raison-suffisante-organiser-salon-de-lemploi-25-novembre-prochain\/","og_locale":"fr_FR","og_type":"article","og_title":"400 emplois vacants autour de Brussels Airport, une raison suffisante pour organiser un salon de l'emploi le 25 novembre prochain. - Peoplesphere","og_description":"Avec pr\u00e8s de 24 000 travailleurs, 317 entreprises, 18 secteurs et une moyenne de 400 postes vacants, Brussels Airport est un solide moteur de l\u2019\u00e9conomie belge. Le nombre de postes vacants et d\u2019entreprises pr\u00e9sentes sont en augmentation. D\u00e8s lors, l\u2019activit\u00e9 [&hellip;]","og_url":"https:\/\/peoplesphere.be\/fr\/400-emplois-vacants-autour-de-brussels-airport-raison-suffisante-organiser-salon-de-lemploi-25-novembre-prochain\/","og_site_name":"Peoplesphere","article_publisher":"https:\/\/www.facebook.com\/peoplesphere","article_published_time":"2019-10-24T12:50:13+00:00","og_image":[{"width":1200,"height":553,"url":"https:\/\/peoplesphere.be\/fr\/wp-content\/uploads\/2019\/10\/d008d5c7-0e68-4e74-8858-1b73d0548a0c.jpg","type":"image\/jpeg"}],"author":"Jean-Paul Erhard","twitter_card":"summary_large_image","twitter_creator":"@PeoplesphereMag","twitter_site":"@PeoplesphereMag","twitter_misc":{"\u00c9crit par":"Jean-Paul Erhard","Dur\u00e9e de lecture estim\u00e9e":"3 minutes"},"schema":{"@context":"https:\/\/schema.org","@graph":[{"@type":"Article","@id":"https:\/\/peoplesphere.be\/fr\/400-emplois-vacants-autour-de-brussels-airport-raison-suffisante-organiser-salon-de-lemploi-25-novembre-prochain\/#article","isPartOf":{"@id":"https:\/\/peoplesphere.be\/fr\/400-emplois-vacants-autour-de-brussels-airport-raison-suffisante-organiser-salon-de-lemploi-25-novembre-prochain\/"},"author":{"name":"Jean-Paul Erhard","@id":"https:\/\/peoplesphere.be\/fr\/#\/schema\/person\/7976225ff17988604334abb7b3536a7e"},"headline":"400 emplois vacants autour de Brussels Airport, une raison suffisante pour organiser un salon de l&#8217;emploi le 25 novembre prochain.","datePublished":"2019-10-24T12:50:13+00:00","dateModified":"2019-10-24T12:50:13+00:00","mainEntityOfPage":{"@id":"https:\/\/peoplesphere.be\/fr\/400-emplois-vacants-autour-de-brussels-airport-raison-suffisante-organiser-salon-de-lemploi-25-novembre-prochain\/"},"wordCount":649,"publisher":{"@id":"https:\/\/peoplesphere.be\/fr\/#organization"},"keywords":["actiris","Avait","Brussels Airport","emploi","jobs fair","recrutement","vdab"],"articleSection":["Actualit\u00e9s","Digital"],"inLanguage":"fr-FR"},{"@type":"WebPage","@id":"https:\/\/peoplesphere.be\/fr\/400-emplois-vacants-autour-de-brussels-airport-raison-suffisante-organiser-salon-de-lemploi-25-novembre-prochain\/","url":"https:\/\/peoplesphere.be\/fr\/400-emplois-vacants-autour-de-brussels-airport-raison-suffisante-organiser-salon-de-lemploi-25-novembre-prochain\/","name":"400 emplois vacants autour de Brussels Airport, une raison suffisante pour organiser un salon de l'emploi le 25 novembre prochain. - Peoplesphere","isPartOf":{"@id":"https:\/\/peoplesphere.be\/fr\/#website"},"datePublished":"2019-10-24T12:50:13+00:00","dateModified":"2019-10-24T12:50:13+00:00","breadcrumb":{"@id":"https:\/\/peoplesphere.be\/fr\/400-emplois-vacants-autour-de-brussels-airport-raison-suffisante-organiser-salon-de-lemploi-25-novembre-prochain\/#breadcrumb"},"inLanguage":"fr-FR","potentialAction":[{"@type":"ReadAction","target":["https:\/\/peoplesphere.be\/fr\/400-emplois-vacants-autour-de-brussels-airport-raison-suffisante-organiser-salon-de-lemploi-25-novembre-prochain\/"]}]},{"@type":"BreadcrumbList","@id":"https:\/\/peoplesphere.be\/fr\/400-emplois-vacants-autour-de-brussels-airport-raison-suffisante-organiser-salon-de-lemploi-25-novembre-prochain\/#breadcrumb","itemListElement":[{"@type":"ListItem","position":1,"name":"Accueil","item":"https:\/\/peoplesphere.be\/fr\/"},{"@type":"ListItem","position":2,"name":"400 emplois vacants autour de Brussels Airport, une raison suffisante pour organiser un salon de l&#8217;emploi le 25 novembre prochain."}]},{"@type":"WebSite","@id":"https:\/\/peoplesphere.be\/fr\/#website","url":"https:\/\/peoplesphere.be\/fr\/","name":"Peoplesphere","description":"The People Managers Magazine","publisher":{"@id":"https:\/\/peoplesphere.be\/fr\/#organization"},"potentialAction":[{"@type":"SearchAction","target":{"@type":"EntryPoint","urlTemplate":"https:\/\/peoplesphere.be\/fr\/?s={search_term_string}"},"query-input":"required name=search_term_string"}],"inLanguage":"fr-FR"},{"@type":"Organization","@id":"https:\/\/peoplesphere.be\/fr\/#organization","name":"Peoplesphere Company srl","url":"https:\/\/peoplesphere.be\/fr\/","logo":{"@type":"ImageObject","inLanguage":"fr-FR","@id":"https:\/\/peoplesphere.be\/fr\/#\/schema\/logo\/image\/","url":"https:\/\/peoplesphere.be\/fr\/wp-content\/uploads\/2023\/07\/peoplesphere-lgo-new-generik.jpg","contentUrl":"https:\/\/peoplesphere.be\/fr\/wp-content\/uploads\/2023\/07\/peoplesphere-lgo-new-generik.jpg","width":1031,"height":1479,"caption":"Peoplesphere Company srl"},"image":{"@id":"https:\/\/peoplesphere.be\/fr\/#\/schema\/logo\/image\/"},"sameAs":["https:\/\/www.facebook.com\/peoplesphere","https:\/\/twitter.com\/PeoplesphereMag","https:\/\/www.linkedin.com\/company\/7587361?trk","http:\/\/youtube.com\/peoplesphere"]},{"@type":"Person","@id":"https:\/\/peoplesphere.be\/fr\/#\/schema\/person\/7976225ff17988604334abb7b3536a7e","name":"Jean-Paul Erhard","image":{"@type":"ImageObject","inLanguage":"fr-FR","@id":"https:\/\/peoplesphere.be\/fr\/#\/schema\/person\/image\/","url":"https:\/\/secure.gravatar.com\/avatar\/f941e681460179738071629a51574930?s=96&d=mm&r=g","contentUrl":"https:\/\/secure.gravatar.com\/avatar\/f941e681460179738071629a51574930?s=96&d=mm&r=g","caption":"Jean-Paul Erhard"},"url":"https:\/\/peoplesphere.be\/fr\/author\/jpe\/"}]}},"_links":{"self":[{"href":"https:\/\/peoplesphere.be\/fr\/wp-json\/wp\/v2\/posts\/8482"}],"collection":[{"href":"https:\/\/peoplesphere.be\/fr\/wp-json\/wp\/v2\/posts"}],"about":[{"href":"https:\/\/peoplesphere.be\/fr\/wp-json\/wp\/v2\/types\/post"}],"author":[{"embeddable":true,"href":"https:\/\/peoplesphere.be\/fr\/wp-json\/wp\/v2\/users\/2"}],"replies":[{"embeddable":true,"href":"https:\/\/peoplesphere.be\/fr\/wp-json\/wp\/v2\/comments?post=8482"}],"version-history":[{"count":1,"href":"https:\/\/peoplesphere.be\/fr\/wp-json\/wp\/v2\/posts\/8482\/revisions"}],"predecessor-version":[{"id":8484,"href":"https:\/\/peoplesphere.be\/fr\/wp-json\/wp\/v2\/posts\/8482\/revisions\/8484"}],"wp:featuredmedia":[{"embeddable":true,"href":"https:\/\/peoplesphere.be\/fr\/wp-json\/wp\/v2\/media\/8483"}],"wp:attachment":[{"href":"https:\/\/peoplesphere.be\/fr\/wp-json\/wp\/v2\/media?parent=8482"}],"wp:term":[{"taxonomy":"category","embeddable":true,"href":"https:\/\/peoplesphere.be\/fr\/wp-json\/wp\/v2\/categories?post=8482"},{"taxonomy":"post_tag","embeddable":true,"href":"https:\/\/peoplesphere.be\/fr\/wp-json\/wp\/v2\/tags?post=8482"}],"curies":[{"name":"wp","href":"https:\/\/api.w.org\/{rel}","templated":true}]}}