









{"id":8533,"date":"2019-11-06T12:46:41","date_gmt":"2019-11-06T10:46:41","guid":{"rendered":"https:\/\/peoplesphere.be\/fr\/?p=8533"},"modified":"2019-11-06T13:10:44","modified_gmt":"2019-11-06T11:10:44","slug":"learning-experience-day-21-novembre-a-bruxelles-motiver-engager-millennials-nouveaux-apprenants-daujourdhui","status":"publish","type":"post","link":"https:\/\/peoplesphere.be\/fr\/learning-experience-day-21-novembre-a-bruxelles-motiver-engager-millennials-nouveaux-apprenants-daujourdhui\/","title":{"rendered":"Learning Exp\u00e9rience Day le 21 novembre \u00e0 Bruxelles: comment motiver et engager les millennials, les nouveaux apprenants d&rsquo;aujourd&rsquo;hui?"},"content":{"rendered":"<p>La LXDay est un \u00e9v\u00e9nement signature organis\u00e9 par <a href=\"https:\/\/myskillcamp.com\/fr\/\">myskillcamp<\/a>. Cette 3\u00e8me \u00e9dition est aussi une journ\u00e9e destin\u00e9e \u00e0 faire le plein de bonnes pratiques et de bonnes id\u00e9es pour booster l&rsquo;exp\u00e9rience apprenante. Rejoignez-nous \u00e0 Bruxelles le 21 novembre prochain pour booster l&rsquo;exp\u00e9rience de vos apprenants! \u00a0La th\u00e9matique de ce LXDay#3 : comment motiver et engager les millennials dans un projet de formation?<!--more--><\/p>\n<p>De plus en plus exigeante, cette nouvelle g\u00e9n\u00e9ration, n\u00e9e entre les ann\u00e9es 80 et 2000, a d\u00e9cid\u00e9 de prendre en main sa carri\u00e8re professionnelle. Ces apprenants ont notamment besoin :<\/p>\n<ul>\n<li>d&rsquo;\u00eatre en phase avec les valeurs et la vision de l&#8217;employeur<\/li>\n<li>de responsabilit\u00e9, de reconnaissance et de valorisation<\/li>\n<li>de challenge et d&rsquo;un \u00e9quilibre vie personnelle &#8211; professionnelle<\/li>\n<li>d&rsquo;un cadre de travail flexible et des outils adapt\u00e9s \u00e0 leur \u00e9panouissement<\/li>\n<\/ul>\n<p>Votre organisation y est-elle correctement pr\u00e9par\u00e9e ? Quelles actions mettre en place pour capter leur attention ? En quoi la formation peut-elle \u00eatre un vecteur d&rsquo;engagement ?\u00a0Venez \u00e0 la rencontre d&rsquo;experts et d\u00e9couvrez les leviers qui vous aideront \u00e0 engager durablement cette nouvelle g\u00e9n\u00e9ration !<\/p>\n<p><strong><em>Informations pratiques ?<\/em><\/strong><br \/>\nDate : 21 Novembre 2019<br \/>\nHoraire : 08:30 \u00e0 18:00<br \/>\nLieu : Factory Forty<br \/>\nAdresse : Rue des Anciens Etangs 40, 1190 Bruxelles, Belgique<\/p>\n<p>Inscription obligatoire via : <a href=\"https:\/\/myskillcamp.com\/fr\/lxday\/lxday-novembre\">https:\/\/myskillcamp.com\/fr\/lxday\/lxday-novembre<\/a><\/p>\n","protected":false},"excerpt":{"rendered":"<p>La LXDay est un \u00e9v\u00e9nement signature organis\u00e9 par myskillcamp. Cette 3\u00e8me \u00e9dition est aussi une journ\u00e9e destin\u00e9e \u00e0 faire le plein de bonnes pratiques et de bonnes id\u00e9es pour booster l&rsquo;exp\u00e9rience apprenante. Rejoignez-nous \u00e0 Bruxelles le 21 novembre prochain pour [&hellip;]<\/p>\n","protected":false},"author":2,"featured_media":8534,"comment_status":"closed","ping_status":"open","sticky":false,"template":"","format":"standard","meta":[],"categories":[65,67,10,8],"tags":[116,48,51,2770,2771,362,2390],"yoast_head":"<!-- This site is optimized with the Yoast SEO plugin v21.0 - https:\/\/yoast.com\/wordpress\/plugins\/seo\/ -->\n<title>Learning Exp\u00e9rience Day le 21 novembre \u00e0 Bruxelles: comment motiver et engager les millennials, les nouveaux apprenants d&#039;aujourd&#039;hui? - Peoplesphere<\/title>\n<meta name=\"robots\" content=\"index, follow, max-snippet:-1, max-image-preview:large, max-video-preview:-1\" \/>\n<link rel=\"canonical\" href=\"https:\/\/peoplesphere.be\/fr\/learning-experience-day-21-novembre-a-bruxelles-motiver-engager-millennials-nouveaux-apprenants-daujourdhui\/\" \/>\n<meta property=\"og:locale\" content=\"fr_FR\" \/>\n<meta property=\"og:type\" content=\"article\" \/>\n<meta property=\"og:title\" content=\"Learning Exp\u00e9rience Day le 21 novembre \u00e0 Bruxelles: comment motiver et engager les millennials, les nouveaux apprenants d&#039;aujourd&#039;hui? - Peoplesphere\" \/>\n<meta property=\"og:description\" content=\"La LXDay est un \u00e9v\u00e9nement signature organis\u00e9 par myskillcamp. Cette 3\u00e8me \u00e9dition est aussi une journ\u00e9e destin\u00e9e \u00e0 faire le plein de bonnes pratiques et de bonnes id\u00e9es pour booster l&rsquo;exp\u00e9rience apprenante. Rejoignez-nous \u00e0 Bruxelles le 21 novembre prochain pour [&hellip;]\" \/>\n<meta property=\"og:url\" content=\"https:\/\/peoplesphere.be\/fr\/learning-experience-day-21-novembre-a-bruxelles-motiver-engager-millennials-nouveaux-apprenants-daujourdhui\/\" \/>\n<meta property=\"og:site_name\" content=\"Peoplesphere\" \/>\n<meta property=\"article:publisher\" content=\"https:\/\/www.facebook.com\/peoplesphere\" \/>\n<meta property=\"article:published_time\" content=\"2019-11-06T10:46:41+00:00\" \/>\n<meta property=\"article:modified_time\" content=\"2019-11-06T11:10:44+00:00\" \/>\n<meta property=\"og:image\" content=\"https:\/\/peoplesphere.be\/fr\/wp-content\/uploads\/2019\/11\/Publication-LXDay-10.jpg\" \/>\n\t<meta property=\"og:image:width\" content=\"1200\" \/>\n\t<meta property=\"og:image:height\" content=\"717\" \/>\n\t<meta property=\"og:image:type\" content=\"image\/jpeg\" \/>\n<meta name=\"author\" content=\"Jean-Paul Erhard\" \/>\n<meta name=\"twitter:card\" content=\"summary_large_image\" \/>\n<meta name=\"twitter:creator\" content=\"@PeoplesphereMag\" \/>\n<meta name=\"twitter:site\" content=\"@PeoplesphereMag\" \/>\n<meta name=\"twitter:label1\" content=\"\u00c9crit par\" \/>\n\t<meta name=\"twitter:data1\" content=\"Jean-Paul Erhard\" \/>\n\t<meta name=\"twitter:label2\" content=\"Dur\u00e9e de lecture estim\u00e9e\" \/>\n\t<meta name=\"twitter:data2\" content=\"1 minute\" \/>\n<script type=\"application\/ld+json\" class=\"yoast-schema-graph\">{\"@context\":\"https:\/\/schema.org\",\"@graph\":[{\"@type\":\"Article\",\"@id\":\"https:\/\/peoplesphere.be\/fr\/learning-experience-day-21-novembre-a-bruxelles-motiver-engager-millennials-nouveaux-apprenants-daujourdhui\/#article\",\"isPartOf\":{\"@id\":\"https:\/\/peoplesphere.be\/fr\/learning-experience-day-21-novembre-a-bruxelles-motiver-engager-millennials-nouveaux-apprenants-daujourdhui\/\"},\"author\":{\"name\":\"Jean-Paul Erhard\",\"@id\":\"https:\/\/peoplesphere.be\/fr\/#\/schema\/person\/7976225ff17988604334abb7b3536a7e\"},\"headline\":\"Learning Exp\u00e9rience Day le 21 novembre \u00e0 Bruxelles: comment motiver et engager les millennials, les nouveaux apprenants d&rsquo;aujourd&rsquo;hui?\",\"datePublished\":\"2019-11-06T10:46:41+00:00\",\"dateModified\":\"2019-11-06T11:10:44+00:00\",\"mainEntityOfPage\":{\"@id\":\"https:\/\/peoplesphere.be\/fr\/learning-experience-day-21-novembre-a-bruxelles-motiver-engager-millennials-nouveaux-apprenants-daujourdhui\/\"},\"wordCount\":224,\"publisher\":{\"@id\":\"https:\/\/peoplesphere.be\/fr\/#organization\"},\"keywords\":[\"comp\u00e9tences\",\"Formation\",\"Learning\",\"Learning Experience Day\",\"LXDay\",\"millenials\",\"MySkillCamp\"],\"articleSection\":[\"Actualit\u00e9s\",\"Calendrier\",\"Digital\",\"Events\"],\"inLanguage\":\"fr-FR\"},{\"@type\":\"WebPage\",\"@id\":\"https:\/\/peoplesphere.be\/fr\/learning-experience-day-21-novembre-a-bruxelles-motiver-engager-millennials-nouveaux-apprenants-daujourdhui\/\",\"url\":\"https:\/\/peoplesphere.be\/fr\/learning-experience-day-21-novembre-a-bruxelles-motiver-engager-millennials-nouveaux-apprenants-daujourdhui\/\",\"name\":\"Learning Exp\u00e9rience Day le 21 novembre \u00e0 Bruxelles: comment motiver et engager les millennials, les nouveaux apprenants d'aujourd'hui? - Peoplesphere\",\"isPartOf\":{\"@id\":\"https:\/\/peoplesphere.be\/fr\/#website\"},\"datePublished\":\"2019-11-06T10:46:41+00:00\",\"dateModified\":\"2019-11-06T11:10:44+00:00\",\"breadcrumb\":{\"@id\":\"https:\/\/peoplesphere.be\/fr\/learning-experience-day-21-novembre-a-bruxelles-motiver-engager-millennials-nouveaux-apprenants-daujourdhui\/#breadcrumb\"},\"inLanguage\":\"fr-FR\",\"potentialAction\":[{\"@type\":\"ReadAction\",\"target\":[\"https:\/\/peoplesphere.be\/fr\/learning-experience-day-21-novembre-a-bruxelles-motiver-engager-millennials-nouveaux-apprenants-daujourdhui\/\"]}]},{\"@type\":\"BreadcrumbList\",\"@id\":\"https:\/\/peoplesphere.be\/fr\/learning-experience-day-21-novembre-a-bruxelles-motiver-engager-millennials-nouveaux-apprenants-daujourdhui\/#breadcrumb\",\"itemListElement\":[{\"@type\":\"ListItem\",\"position\":1,\"name\":\"Accueil\",\"item\":\"https:\/\/peoplesphere.be\/fr\/\"},{\"@type\":\"ListItem\",\"position\":2,\"name\":\"Learning Exp\u00e9rience Day le 21 novembre \u00e0 Bruxelles: comment motiver et engager les millennials, les nouveaux apprenants d&rsquo;aujourd&rsquo;hui?\"}]},{\"@type\":\"WebSite\",\"@id\":\"https:\/\/peoplesphere.be\/fr\/#website\",\"url\":\"https:\/\/peoplesphere.be\/fr\/\",\"name\":\"Peoplesphere\",\"description\":\"The People Managers Magazine\",\"publisher\":{\"@id\":\"https:\/\/peoplesphere.be\/fr\/#organization\"},\"potentialAction\":[{\"@type\":\"SearchAction\",\"target\":{\"@type\":\"EntryPoint\",\"urlTemplate\":\"https:\/\/peoplesphere.be\/fr\/?s={search_term_string}\"},\"query-input\":\"required name=search_term_string\"}],\"inLanguage\":\"fr-FR\"},{\"@type\":\"Organization\",\"@id\":\"https:\/\/peoplesphere.be\/fr\/#organization\",\"name\":\"Peoplesphere Company srl\",\"url\":\"https:\/\/peoplesphere.be\/fr\/\",\"logo\":{\"@type\":\"ImageObject\",\"inLanguage\":\"fr-FR\",\"@id\":\"https:\/\/peoplesphere.be\/fr\/#\/schema\/logo\/image\/\",\"url\":\"https:\/\/peoplesphere.be\/fr\/wp-content\/uploads\/2023\/07\/peoplesphere-lgo-new-generik.jpg\",\"contentUrl\":\"https:\/\/peoplesphere.be\/fr\/wp-content\/uploads\/2023\/07\/peoplesphere-lgo-new-generik.jpg\",\"width\":1031,\"height\":1479,\"caption\":\"Peoplesphere Company srl\"},\"image\":{\"@id\":\"https:\/\/peoplesphere.be\/fr\/#\/schema\/logo\/image\/\"},\"sameAs\":[\"https:\/\/www.facebook.com\/peoplesphere\",\"https:\/\/twitter.com\/PeoplesphereMag\",\"https:\/\/www.linkedin.com\/company\/7587361?trk\",\"http:\/\/youtube.com\/peoplesphere\"]},{\"@type\":\"Person\",\"@id\":\"https:\/\/peoplesphere.be\/fr\/#\/schema\/person\/7976225ff17988604334abb7b3536a7e\",\"name\":\"Jean-Paul Erhard\",\"image\":{\"@type\":\"ImageObject\",\"inLanguage\":\"fr-FR\",\"@id\":\"https:\/\/peoplesphere.be\/fr\/#\/schema\/person\/image\/\",\"url\":\"https:\/\/secure.gravatar.com\/avatar\/f941e681460179738071629a51574930?s=96&d=mm&r=g\",\"contentUrl\":\"https:\/\/secure.gravatar.com\/avatar\/f941e681460179738071629a51574930?s=96&d=mm&r=g\",\"caption\":\"Jean-Paul Erhard\"},\"url\":\"https:\/\/peoplesphere.be\/fr\/author\/jpe\/\"}]}<\/script>\n<!-- \/ Yoast SEO plugin. -->","yoast_head_json":{"title":"Learning Exp\u00e9rience Day le 21 novembre \u00e0 Bruxelles: comment motiver et engager les millennials, les nouveaux apprenants d'aujourd'hui? - Peoplesphere","robots":{"index":"index","follow":"follow","max-snippet":"max-snippet:-1","max-image-preview":"max-image-preview:large","max-video-preview":"max-video-preview:-1"},"canonical":"https:\/\/peoplesphere.be\/fr\/learning-experience-day-21-novembre-a-bruxelles-motiver-engager-millennials-nouveaux-apprenants-daujourdhui\/","og_locale":"fr_FR","og_type":"article","og_title":"Learning Exp\u00e9rience Day le 21 novembre \u00e0 Bruxelles: comment motiver et engager les millennials, les nouveaux apprenants d'aujourd'hui? - Peoplesphere","og_description":"La LXDay est un \u00e9v\u00e9nement signature organis\u00e9 par myskillcamp. Cette 3\u00e8me \u00e9dition est aussi une journ\u00e9e destin\u00e9e \u00e0 faire le plein de bonnes pratiques et de bonnes id\u00e9es pour booster l&rsquo;exp\u00e9rience apprenante. Rejoignez-nous \u00e0 Bruxelles le 21 novembre prochain pour [&hellip;]","og_url":"https:\/\/peoplesphere.be\/fr\/learning-experience-day-21-novembre-a-bruxelles-motiver-engager-millennials-nouveaux-apprenants-daujourdhui\/","og_site_name":"Peoplesphere","article_publisher":"https:\/\/www.facebook.com\/peoplesphere","article_published_time":"2019-11-06T10:46:41+00:00","article_modified_time":"2019-11-06T11:10:44+00:00","og_image":[{"width":1200,"height":717,"url":"https:\/\/peoplesphere.be\/fr\/wp-content\/uploads\/2019\/11\/Publication-LXDay-10.jpg","type":"image\/jpeg"}],"author":"Jean-Paul Erhard","twitter_card":"summary_large_image","twitter_creator":"@PeoplesphereMag","twitter_site":"@PeoplesphereMag","twitter_misc":{"\u00c9crit par":"Jean-Paul Erhard","Dur\u00e9e de lecture estim\u00e9e":"1 minute"},"schema":{"@context":"https:\/\/schema.org","@graph":[{"@type":"Article","@id":"https:\/\/peoplesphere.be\/fr\/learning-experience-day-21-novembre-a-bruxelles-motiver-engager-millennials-nouveaux-apprenants-daujourdhui\/#article","isPartOf":{"@id":"https:\/\/peoplesphere.be\/fr\/learning-experience-day-21-novembre-a-bruxelles-motiver-engager-millennials-nouveaux-apprenants-daujourdhui\/"},"author":{"name":"Jean-Paul Erhard","@id":"https:\/\/peoplesphere.be\/fr\/#\/schema\/person\/7976225ff17988604334abb7b3536a7e"},"headline":"Learning Exp\u00e9rience Day le 21 novembre \u00e0 Bruxelles: comment motiver et engager les millennials, les nouveaux apprenants d&rsquo;aujourd&rsquo;hui?","datePublished":"2019-11-06T10:46:41+00:00","dateModified":"2019-11-06T11:10:44+00:00","mainEntityOfPage":{"@id":"https:\/\/peoplesphere.be\/fr\/learning-experience-day-21-novembre-a-bruxelles-motiver-engager-millennials-nouveaux-apprenants-daujourdhui\/"},"wordCount":224,"publisher":{"@id":"https:\/\/peoplesphere.be\/fr\/#organization"},"keywords":["comp\u00e9tences","Formation","Learning","Learning Experience Day","LXDay","millenials","MySkillCamp"],"articleSection":["Actualit\u00e9s","Calendrier","Digital","Events"],"inLanguage":"fr-FR"},{"@type":"WebPage","@id":"https:\/\/peoplesphere.be\/fr\/learning-experience-day-21-novembre-a-bruxelles-motiver-engager-millennials-nouveaux-apprenants-daujourdhui\/","url":"https:\/\/peoplesphere.be\/fr\/learning-experience-day-21-novembre-a-bruxelles-motiver-engager-millennials-nouveaux-apprenants-daujourdhui\/","name":"Learning Exp\u00e9rience Day le 21 novembre \u00e0 Bruxelles: comment motiver et engager les millennials, les nouveaux apprenants d'aujourd'hui? - Peoplesphere","isPartOf":{"@id":"https:\/\/peoplesphere.be\/fr\/#website"},"datePublished":"2019-11-06T10:46:41+00:00","dateModified":"2019-11-06T11:10:44+00:00","breadcrumb":{"@id":"https:\/\/peoplesphere.be\/fr\/learning-experience-day-21-novembre-a-bruxelles-motiver-engager-millennials-nouveaux-apprenants-daujourdhui\/#breadcrumb"},"inLanguage":"fr-FR","potentialAction":[{"@type":"ReadAction","target":["https:\/\/peoplesphere.be\/fr\/learning-experience-day-21-novembre-a-bruxelles-motiver-engager-millennials-nouveaux-apprenants-daujourdhui\/"]}]},{"@type":"BreadcrumbList","@id":"https:\/\/peoplesphere.be\/fr\/learning-experience-day-21-novembre-a-bruxelles-motiver-engager-millennials-nouveaux-apprenants-daujourdhui\/#breadcrumb","itemListElement":[{"@type":"ListItem","position":1,"name":"Accueil","item":"https:\/\/peoplesphere.be\/fr\/"},{"@type":"ListItem","position":2,"name":"Learning Exp\u00e9rience Day le 21 novembre \u00e0 Bruxelles: comment motiver et engager les millennials, les nouveaux apprenants d&rsquo;aujourd&rsquo;hui?"}]},{"@type":"WebSite","@id":"https:\/\/peoplesphere.be\/fr\/#website","url":"https:\/\/peoplesphere.be\/fr\/","name":"Peoplesphere","description":"The People Managers Magazine","publisher":{"@id":"https:\/\/peoplesphere.be\/fr\/#organization"},"potentialAction":[{"@type":"SearchAction","target":{"@type":"EntryPoint","urlTemplate":"https:\/\/peoplesphere.be\/fr\/?s={search_term_string}"},"query-input":"required name=search_term_string"}],"inLanguage":"fr-FR"},{"@type":"Organization","@id":"https:\/\/peoplesphere.be\/fr\/#organization","name":"Peoplesphere Company srl","url":"https:\/\/peoplesphere.be\/fr\/","logo":{"@type":"ImageObject","inLanguage":"fr-FR","@id":"https:\/\/peoplesphere.be\/fr\/#\/schema\/logo\/image\/","url":"https:\/\/peoplesphere.be\/fr\/wp-content\/uploads\/2023\/07\/peoplesphere-lgo-new-generik.jpg","contentUrl":"https:\/\/peoplesphere.be\/fr\/wp-content\/uploads\/2023\/07\/peoplesphere-lgo-new-generik.jpg","width":1031,"height":1479,"caption":"Peoplesphere Company srl"},"image":{"@id":"https:\/\/peoplesphere.be\/fr\/#\/schema\/logo\/image\/"},"sameAs":["https:\/\/www.facebook.com\/peoplesphere","https:\/\/twitter.com\/PeoplesphereMag","https:\/\/www.linkedin.com\/company\/7587361?trk","http:\/\/youtube.com\/peoplesphere"]},{"@type":"Person","@id":"https:\/\/peoplesphere.be\/fr\/#\/schema\/person\/7976225ff17988604334abb7b3536a7e","name":"Jean-Paul Erhard","image":{"@type":"ImageObject","inLanguage":"fr-FR","@id":"https:\/\/peoplesphere.be\/fr\/#\/schema\/person\/image\/","url":"https:\/\/secure.gravatar.com\/avatar\/f941e681460179738071629a51574930?s=96&d=mm&r=g","contentUrl":"https:\/\/secure.gravatar.com\/avatar\/f941e681460179738071629a51574930?s=96&d=mm&r=g","caption":"Jean-Paul Erhard"},"url":"https:\/\/peoplesphere.be\/fr\/author\/jpe\/"}]}},"_links":{"self":[{"href":"https:\/\/peoplesphere.be\/fr\/wp-json\/wp\/v2\/posts\/8533"}],"collection":[{"href":"https:\/\/peoplesphere.be\/fr\/wp-json\/wp\/v2\/posts"}],"about":[{"href":"https:\/\/peoplesphere.be\/fr\/wp-json\/wp\/v2\/types\/post"}],"author":[{"embeddable":true,"href":"https:\/\/peoplesphere.be\/fr\/wp-json\/wp\/v2\/users\/2"}],"replies":[{"embeddable":true,"href":"https:\/\/peoplesphere.be\/fr\/wp-json\/wp\/v2\/comments?post=8533"}],"version-history":[{"count":3,"href":"https:\/\/peoplesphere.be\/fr\/wp-json\/wp\/v2\/posts\/8533\/revisions"}],"predecessor-version":[{"id":8537,"href":"https:\/\/peoplesphere.be\/fr\/wp-json\/wp\/v2\/posts\/8533\/revisions\/8537"}],"wp:featuredmedia":[{"embeddable":true,"href":"https:\/\/peoplesphere.be\/fr\/wp-json\/wp\/v2\/media\/8534"}],"wp:attachment":[{"href":"https:\/\/peoplesphere.be\/fr\/wp-json\/wp\/v2\/media?parent=8533"}],"wp:term":[{"taxonomy":"category","embeddable":true,"href":"https:\/\/peoplesphere.be\/fr\/wp-json\/wp\/v2\/categories?post=8533"},{"taxonomy":"post_tag","embeddable":true,"href":"https:\/\/peoplesphere.be\/fr\/wp-json\/wp\/v2\/tags?post=8533"}],"curies":[{"name":"wp","href":"https:\/\/api.w.org\/{rel}","templated":true}]}}